{"id":30163,"date":"2020-11-27T11:30:52","date_gmt":"2020-11-27T10:30:52","guid":{"rendered":"https:\/\/www.bodegasprotos.com\/?p=30163"},"modified":"2020-11-26T17:14:17","modified_gmt":"2020-11-26T16:14:17","slug":"los-oktoberfest-del-vino","status":"publish","type":"post","link":"https:\/\/www.bodegasprotos.com\/es\/blog\/los-oktoberfest-del-vino\/","title":{"rendered":"Los Oktoberfest del vino"},"content":{"rendered":"<p>\u00bfQui\u00e9n no conoce esta popular fiesta alemana?<\/p>\n<p>Sus or\u00edgenes se remontan a 1810 con la boda real de Ludovico I y Teresa de Sachsen-Hildurghausen y se celebra de forma anual entre finales de septiembre y principios de octubre en Munich.<\/p>\n<p>Pero \u00bfsabes que durante las primeras 8 celebraciones del Oktoberfest no fueron con cerveza sino con vino?<\/p>\n<p>En realidad, aunque hoy se conoce como la fiesta de la cerveza es habitual poder degustar tambi\u00e9n vino.<\/p>\n<p>De hecho, seg\u00fan <a href=\"https:\/\/www.oktoberfest.net\/numeros-del-oktoberfest\/\">sus datos oficiales<\/a> se consumieron casi 95.000 litros en su \u00faltima edici\u00f3n.<\/p>\n<p>Eso s\u00ed, en el mundo hay otras fiestas mucho m\u00e1s centradas en el mundo vin\u00edcola, donde la diversi\u00f3n est\u00e1 asegurada y centradas totalmente en nuestra pasi\u00f3n: el vino.<\/p>\n<p><strong>Subt\u00edtulo: Fiestas del vino por el mundo<\/strong><\/p>\n<ul>\n<li>En las ant\u00edpodas de Espa\u00f1a, en Nueva Zelanda, est\u00e1 <a href=\"https:\/\/marlboroughwinefestival.com\/\">Marlborough Wine &amp; Food Festival<\/a>.<\/li>\n<\/ul>\n<p>Se celebra anualmente en Brancott, el vi\u00f1edo m\u00e1s antiguo de la regi\u00f3n.<\/p>\n<p>Participan m\u00e1s de 50 bodegas cuyos vinos se maridan con platos nacionales, amenizado todo con m\u00fasica y bandas de jazz.<\/p>\n<ul>\n<li>Si viajas a Nueva York recuerda que octubre podr\u00edas asistir al <a href=\"https:\/\/nycwff.org\/\">New York City Wine &amp; Food Festival<\/a>.<\/li>\n<\/ul>\n<p>Es una reuni\u00f3n de restauradores, chefs, barmans, en\u00f3logos y gourmets que se re\u00fanen para comer y beber un gran vino. Desde la cocina tradicional americana hasta la cocina experimental. Su programa incluye:\u00a0 clases magistrales, conferencias y actividades recreativas. Adem\u00e1s, los beneficios del festival se destinan a organizaciones ben\u00e9ficas.<\/p>\n<ul>\n<li><a href=\"https:\/\/www.bodegasprotos.com\/es\/blog\/las-mejores-fiestas-y-ferias-del-vino-en-espana\/\">\u00bfY sin salir de Espa\u00f1a?<\/a> Espa\u00f1a, un pa\u00eds vitivin\u00edcola por naturaleza tiene fiestas por varias de sus zonas y denominaciones de origen.<\/li>\n<\/ul>\n<p>Desde la <a href=\"https:\/\/www.festadelafiloxera.cat\/\">Fiesta de la Filoxera<\/a> en la capital del Cava, en la que se construyen reproducciones gigantes de esta plaga, pasando por <a href=\"http:\/\/www.batalladelvino.com\/interes_turistico.html\">La batalla del vino de Haro<\/a>, que est\u00e1 considerada una fiesta de Inter\u00e9s Tur\u00edstico Nacional y en el acabar\u00e1s literalmente \u201cba\u00f1ado en vino\u201d\u2026<\/p>\n<p>O por la <a href=\"https:\/\/www.rutadelvinoriberadelduero.es\/es\/agenda\/iii-gran-fiesta-la-vendimia-ribera-del-duero-2019\">Gran Fiesta de la Vendimia de Ribera del Duero<\/a> que organiza el Consejo Regulador de la Ribera del Duero con el Ayuntamiento de Aranda de Duero hacia finales de septiembre.<\/p>\n<div id=\"attachment_30170\" style=\"width: 310px\" class=\"wp-caption aligncenter\"><img fetchpriority=\"high\" decoding=\"async\" aria-describedby=\"caption-attachment-30170\" class=\"size-medium wp-image-30170\" src=\"https:\/\/www.bodegasprotos.com\/wp-content\/uploads\/2020\/11\/48814773382_0eb1b0ab5c_c-300x200.jpg\" alt=\"Gran fiesta de la vendimia en Ribera \" width=\"300\" height=\"200\" srcset=\"https:\/\/www.bodegasprotos.com\/wp-content\/uploads\/2020\/11\/48814773382_0eb1b0ab5c_c-300x200.jpg 300w, https:\/\/www.bodegasprotos.com\/wp-content\/uploads\/2020\/11\/48814773382_0eb1b0ab5c_c-768x513.jpg 768w, https:\/\/www.bodegasprotos.com\/wp-content\/uploads\/2020\/11\/48814773382_0eb1b0ab5c_c.jpg 800w\" sizes=\"(max-width: 300px) 100vw, 300px\" \/><p id=\"caption-attachment-30170\" class=\"wp-caption-text\">Gran fiesta de la vendimia en Ribera<\/p><\/div>\n","protected":false},"excerpt":{"rendered":"<p>\u00bfQui\u00e9n no conoce esta popular fiesta alemana? Sus or\u00edgenes se remontan a 1810 con la boda real de&#8230;<\/p>\n","protected":false},"author":3,"featured_media":30167,"comment_status":"closed","ping_status":"closed","sticky":false,"template":"","format":"standard","meta":{"_acf_changed":false,"footnotes":""},"categories":[87],"tags":[],"class_list":["post-30163","post","type-post","status-publish","format-standard","has-post-thumbnail","hentry","category-blog"],"acf":[],"yoast_head":"<!-- This site is optimized with the Yoast SEO plugin v27.5 - https:\/\/yoast.com\/product\/yoast-seo-wordpress\/ -->\n<title>Los Oktoberfest del vino - Bodegas Protos<\/title>\n<meta name=\"description\" content=\"\u00bfQui\u00e9n no conoce esta popular fiesta alemana? Sus or\u00edgenes se remontan a 1810 con la boda real de Ludovico I y Teresa de Sachsen-Hildurghausen y se\" \/>\n<meta name=\"robots\" content=\"index, follow, max-snippet:-1, max-image-preview:large, max-video-preview:-1\" \/>\n<link rel=\"canonical\" href=\"https:\/\/www.bodegasprotos.com\/es\/blog\/los-oktoberfest-del-vino\/\" \/>\n<meta property=\"og:locale\" content=\"es_ES\" \/>\n<meta property=\"og:type\" content=\"article\" \/>\n<meta property=\"og:title\" content=\"Los Oktoberfest del vino - Bodegas Protos\" \/>\n<meta property=\"og:description\" content=\"\u00bfQui\u00e9n no conoce esta popular fiesta alemana? Sus or\u00edgenes se remontan a 1810 con la boda real de Ludovico I y Teresa de Sachsen-Hildurghausen y se\" \/>\n<meta property=\"og:url\" content=\"https:\/\/www.bodegasprotos.com\/es\/blog\/los-oktoberfest-del-vino\/\" \/>\n<meta property=\"og:site_name\" content=\"Bodegas Protos\" \/>\n<meta property=\"article:publisher\" content=\"https:\/\/www.facebook.com\/BodegasProtos\" \/>\n<meta property=\"article:published_time\" content=\"2020-11-27T10:30:52+00:00\" \/>\n<meta property=\"og:image\" content=\"https:\/\/www.bodegasprotos.com\/wp-content\/uploads\/2020\/11\/Post-Oktoberfest-scaled.jpg\" \/>\n\t<meta property=\"og:image:width\" content=\"2560\" \/>\n\t<meta property=\"og:image:height\" content=\"1707\" \/>\n\t<meta property=\"og:image:type\" content=\"image\/jpeg\" \/>\n<meta name=\"author\" content=\"Bodegas Protos (F)\" \/>\n<meta name=\"twitter:card\" content=\"summary_large_image\" \/>\n<meta name=\"twitter:creator\" content=\"@Bodegas_Protos\" \/>\n<meta name=\"twitter:site\" content=\"@Bodegas_Protos\" \/>\n<meta name=\"twitter:label1\" content=\"Escrito por\" \/>\n\t<meta name=\"twitter:data1\" content=\"Bodegas Protos (F)\" \/>\n\t<meta name=\"twitter:label2\" content=\"Tiempo de lectura\" \/>\n\t<meta name=\"twitter:data2\" content=\"2 minutos\" \/>\n<script type=\"application\/ld+json\" class=\"yoast-schema-graph\">{\"@context\":\"https:\\\/\\\/schema.org\",\"@graph\":[{\"@type\":\"Article\",\"@id\":\"https:\\\/\\\/www.bodegasprotos.com\\\/es\\\/blog\\\/los-oktoberfest-del-vino\\\/#article\",\"isPartOf\":{\"@id\":\"https:\\\/\\\/www.bodegasprotos.com\\\/es\\\/blog\\\/los-oktoberfest-del-vino\\\/\"},\"author\":{\"name\":\"Bodegas Protos (F)\",\"@id\":\"https:\\\/\\\/www.bodegasprotos.com\\\/es\\\/#\\\/schema\\\/person\\\/6cb69a08afa14171755cee0df7d20027\"},\"headline\":\"Los Oktoberfest del vino\",\"datePublished\":\"2020-11-27T10:30:52+00:00\",\"mainEntityOfPage\":{\"@id\":\"https:\\\/\\\/www.bodegasprotos.com\\\/es\\\/blog\\\/los-oktoberfest-del-vino\\\/\"},\"wordCount\":383,\"publisher\":{\"@id\":\"https:\\\/\\\/www.bodegasprotos.com\\\/es\\\/#organization\"},\"image\":{\"@id\":\"https:\\\/\\\/www.bodegasprotos.com\\\/es\\\/blog\\\/los-oktoberfest-del-vino\\\/#primaryimage\"},\"thumbnailUrl\":\"https:\\\/\\\/www.bodegasprotos.com\\\/wp-content\\\/uploads\\\/2020\\\/11\\\/Post-Oktoberfest-scaled.jpg\",\"articleSection\":[\"Blog\"],\"inLanguage\":\"es\"},{\"@type\":\"WebPage\",\"@id\":\"https:\\\/\\\/www.bodegasprotos.com\\\/es\\\/blog\\\/los-oktoberfest-del-vino\\\/\",\"url\":\"https:\\\/\\\/www.bodegasprotos.com\\\/es\\\/blog\\\/los-oktoberfest-del-vino\\\/\",\"name\":\"Los Oktoberfest del vino - Bodegas Protos\",\"isPartOf\":{\"@id\":\"https:\\\/\\\/www.bodegasprotos.com\\\/es\\\/#website\"},\"primaryImageOfPage\":{\"@id\":\"https:\\\/\\\/www.bodegasprotos.com\\\/es\\\/blog\\\/los-oktoberfest-del-vino\\\/#primaryimage\"},\"image\":{\"@id\":\"https:\\\/\\\/www.bodegasprotos.com\\\/es\\\/blog\\\/los-oktoberfest-del-vino\\\/#primaryimage\"},\"thumbnailUrl\":\"https:\\\/\\\/www.bodegasprotos.com\\\/wp-content\\\/uploads\\\/2020\\\/11\\\/Post-Oktoberfest-scaled.jpg\",\"datePublished\":\"2020-11-27T10:30:52+00:00\",\"description\":\"\u00bfQui\u00e9n no conoce esta popular fiesta alemana? Sus or\u00edgenes se remontan a 1810 con la boda real de Ludovico I y Teresa de Sachsen-Hildurghausen y se\",\"breadcrumb\":{\"@id\":\"https:\\\/\\\/www.bodegasprotos.com\\\/es\\\/blog\\\/los-oktoberfest-del-vino\\\/#breadcrumb\"},\"inLanguage\":\"es\",\"potentialAction\":[{\"@type\":\"ReadAction\",\"target\":[\"https:\\\/\\\/www.bodegasprotos.com\\\/es\\\/blog\\\/los-oktoberfest-del-vino\\\/\"]}]},{\"@type\":\"ImageObject\",\"inLanguage\":\"es\",\"@id\":\"https:\\\/\\\/www.bodegasprotos.com\\\/es\\\/blog\\\/los-oktoberfest-del-vino\\\/#primaryimage\",\"url\":\"https:\\\/\\\/www.bodegasprotos.com\\\/wp-content\\\/uploads\\\/2020\\\/11\\\/Post-Oktoberfest-scaled.jpg\",\"contentUrl\":\"https:\\\/\\\/www.bodegasprotos.com\\\/wp-content\\\/uploads\\\/2020\\\/11\\\/Post-Oktoberfest-scaled.jpg\",\"width\":2560,\"height\":1707,\"caption\":\"Oktoberfest\"},{\"@type\":\"BreadcrumbList\",\"@id\":\"https:\\\/\\\/www.bodegasprotos.com\\\/es\\\/blog\\\/los-oktoberfest-del-vino\\\/#breadcrumb\",\"itemListElement\":[{\"@type\":\"ListItem\",\"position\":1,\"name\":\"Portada\",\"item\":\"https:\\\/\\\/www.bodegasprotos.com\\\/es\\\/\"},{\"@type\":\"ListItem\",\"position\":2,\"name\":\"Los Oktoberfest del vino\"}]},{\"@type\":\"WebSite\",\"@id\":\"https:\\\/\\\/www.bodegasprotos.com\\\/es\\\/#website\",\"url\":\"https:\\\/\\\/www.bodegasprotos.com\\\/es\\\/\",\"name\":\"Bodegas Protos\",\"description\":\"Vinos de la Denominaci\u00f3n de Origen Ribera del Duero, Rueda y Cigales\",\"publisher\":{\"@id\":\"https:\\\/\\\/www.bodegasprotos.com\\\/es\\\/#organization\"},\"potentialAction\":[{\"@type\":\"SearchAction\",\"target\":{\"@type\":\"EntryPoint\",\"urlTemplate\":\"https:\\\/\\\/www.bodegasprotos.com\\\/es\\\/?s={search_term_string}\"},\"query-input\":{\"@type\":\"PropertyValueSpecification\",\"valueRequired\":true,\"valueName\":\"search_term_string\"}}],\"inLanguage\":\"es\"},{\"@type\":\"Organization\",\"@id\":\"https:\\\/\\\/www.bodegasprotos.com\\\/es\\\/#organization\",\"name\":\"Bodegas Protos\",\"url\":\"https:\\\/\\\/www.bodegasprotos.com\\\/es\\\/\",\"logo\":{\"@type\":\"ImageObject\",\"inLanguage\":\"es\",\"@id\":\"https:\\\/\\\/www.bodegasprotos.com\\\/es\\\/#\\\/schema\\\/logo\\\/image\\\/\",\"url\":\"https:\\\/\\\/www.bodegasprotos.com\\\/wp-content\\\/uploads\\\/2024\\\/06\\\/PROTOS-LOGOS-VERSIONES-13.png\",\"contentUrl\":\"https:\\\/\\\/www.bodegasprotos.com\\\/wp-content\\\/uploads\\\/2024\\\/06\\\/PROTOS-LOGOS-VERSIONES-13.png\",\"width\":2362,\"height\":2362,\"caption\":\"Bodegas Protos\"},\"image\":{\"@id\":\"https:\\\/\\\/www.bodegasprotos.com\\\/es\\\/#\\\/schema\\\/logo\\\/image\\\/\"},\"sameAs\":[\"https:\\\/\\\/www.facebook.com\\\/BodegasProtos\",\"https:\\\/\\\/x.com\\\/Bodegas_Protos\",\"https:\\\/\\\/www.instagram.com\\\/bodegasprotosoficial\\\/\",\"https:\\\/\\\/www.linkedin.com\\\/company\\\/bodegasprotos\\\/\",\"https:\\\/\\\/pinterest.com\\\/BodegasProtos\\\/\",\"http:\\\/\\\/www.youtube.com\\\/user\\\/BodegasProtos\",\"https:\\\/\\\/es.wikipedia.org\\\/wiki\\\/Bodegas_Protos\"]},{\"@type\":\"Person\",\"@id\":\"https:\\\/\\\/www.bodegasprotos.com\\\/es\\\/#\\\/schema\\\/person\\\/6cb69a08afa14171755cee0df7d20027\",\"name\":\"Bodegas Protos (F)\",\"image\":{\"@type\":\"ImageObject\",\"inLanguage\":\"es\",\"@id\":\"https:\\\/\\\/secure.gravatar.com\\\/avatar\\\/cc613a9fd2ee203f402357c1b4aa2b7c041016cbf1eab1e41bde410b2ebd7f94?s=96&d=mm&r=g\",\"url\":\"https:\\\/\\\/secure.gravatar.com\\\/avatar\\\/cc613a9fd2ee203f402357c1b4aa2b7c041016cbf1eab1e41bde410b2ebd7f94?s=96&d=mm&r=g\",\"contentUrl\":\"https:\\\/\\\/secure.gravatar.com\\\/avatar\\\/cc613a9fd2ee203f402357c1b4aa2b7c041016cbf1eab1e41bde410b2ebd7f94?s=96&d=mm&r=g\",\"caption\":\"Bodegas Protos (F)\"},\"sameAs\":[\"https:\\\/\\\/www.bodegasprotos.com\"]}]}<\/script>\n<!-- \/ Yoast SEO plugin. -->","yoast_head_json":{"title":"Los Oktoberfest del vino - Bodegas Protos","description":"\u00bfQui\u00e9n no conoce esta popular fiesta alemana? Sus or\u00edgenes se remontan a 1810 con la boda real de Ludovico I y Teresa de Sachsen-Hildurghausen y se","robots":{"index":"index","follow":"follow","max-snippet":"max-snippet:-1","max-image-preview":"max-image-preview:large","max-video-preview":"max-video-preview:-1"},"canonical":"https:\/\/www.bodegasprotos.com\/es\/blog\/los-oktoberfest-del-vino\/","og_locale":"es_ES","og_type":"article","og_title":"Los Oktoberfest del vino - Bodegas Protos","og_description":"\u00bfQui\u00e9n no conoce esta popular fiesta alemana? Sus or\u00edgenes se remontan a 1810 con la boda real de Ludovico I y Teresa de Sachsen-Hildurghausen y se","og_url":"https:\/\/www.bodegasprotos.com\/es\/blog\/los-oktoberfest-del-vino\/","og_site_name":"Bodegas Protos","article_publisher":"https:\/\/www.facebook.com\/BodegasProtos","article_published_time":"2020-11-27T10:30:52+00:00","og_image":[{"width":2560,"height":1707,"url":"https:\/\/www.bodegasprotos.com\/wp-content\/uploads\/2020\/11\/Post-Oktoberfest-scaled.jpg","type":"image\/jpeg"}],"author":"Bodegas Protos (F)","twitter_card":"summary_large_image","twitter_creator":"@Bodegas_Protos","twitter_site":"@Bodegas_Protos","twitter_misc":{"Escrito por":"Bodegas Protos (F)","Tiempo de lectura":"2 minutos"},"schema":{"@context":"https:\/\/schema.org","@graph":[{"@type":"Article","@id":"https:\/\/www.bodegasprotos.com\/es\/blog\/los-oktoberfest-del-vino\/#article","isPartOf":{"@id":"https:\/\/www.bodegasprotos.com\/es\/blog\/los-oktoberfest-del-vino\/"},"author":{"name":"Bodegas Protos (F)","@id":"https:\/\/www.bodegasprotos.com\/es\/#\/schema\/person\/6cb69a08afa14171755cee0df7d20027"},"headline":"Los Oktoberfest del vino","datePublished":"2020-11-27T10:30:52+00:00","mainEntityOfPage":{"@id":"https:\/\/www.bodegasprotos.com\/es\/blog\/los-oktoberfest-del-vino\/"},"wordCount":383,"publisher":{"@id":"https:\/\/www.bodegasprotos.com\/es\/#organization"},"image":{"@id":"https:\/\/www.bodegasprotos.com\/es\/blog\/los-oktoberfest-del-vino\/#primaryimage"},"thumbnailUrl":"https:\/\/www.bodegasprotos.com\/wp-content\/uploads\/2020\/11\/Post-Oktoberfest-scaled.jpg","articleSection":["Blog"],"inLanguage":"es"},{"@type":"WebPage","@id":"https:\/\/www.bodegasprotos.com\/es\/blog\/los-oktoberfest-del-vino\/","url":"https:\/\/www.bodegasprotos.com\/es\/blog\/los-oktoberfest-del-vino\/","name":"Los Oktoberfest del vino - Bodegas Protos","isPartOf":{"@id":"https:\/\/www.bodegasprotos.com\/es\/#website"},"primaryImageOfPage":{"@id":"https:\/\/www.bodegasprotos.com\/es\/blog\/los-oktoberfest-del-vino\/#primaryimage"},"image":{"@id":"https:\/\/www.bodegasprotos.com\/es\/blog\/los-oktoberfest-del-vino\/#primaryimage"},"thumbnailUrl":"https:\/\/www.bodegasprotos.com\/wp-content\/uploads\/2020\/11\/Post-Oktoberfest-scaled.jpg","datePublished":"2020-11-27T10:30:52+00:00","description":"\u00bfQui\u00e9n no conoce esta popular fiesta alemana? Sus or\u00edgenes se remontan a 1810 con la boda real de Ludovico I y Teresa de Sachsen-Hildurghausen y se","breadcrumb":{"@id":"https:\/\/www.bodegasprotos.com\/es\/blog\/los-oktoberfest-del-vino\/#breadcrumb"},"inLanguage":"es","potentialAction":[{"@type":"ReadAction","target":["https:\/\/www.bodegasprotos.com\/es\/blog\/los-oktoberfest-del-vino\/"]}]},{"@type":"ImageObject","inLanguage":"es","@id":"https:\/\/www.bodegasprotos.com\/es\/blog\/los-oktoberfest-del-vino\/#primaryimage","url":"https:\/\/www.bodegasprotos.com\/wp-content\/uploads\/2020\/11\/Post-Oktoberfest-scaled.jpg","contentUrl":"https:\/\/www.bodegasprotos.com\/wp-content\/uploads\/2020\/11\/Post-Oktoberfest-scaled.jpg","width":2560,"height":1707,"caption":"Oktoberfest"},{"@type":"BreadcrumbList","@id":"https:\/\/www.bodegasprotos.com\/es\/blog\/los-oktoberfest-del-vino\/#breadcrumb","itemListElement":[{"@type":"ListItem","position":1,"name":"Portada","item":"https:\/\/www.bodegasprotos.com\/es\/"},{"@type":"ListItem","position":2,"name":"Los Oktoberfest del vino"}]},{"@type":"WebSite","@id":"https:\/\/www.bodegasprotos.com\/es\/#website","url":"https:\/\/www.bodegasprotos.com\/es\/","name":"Bodegas Protos","description":"Vinos de la Denominaci\u00f3n de Origen Ribera del Duero, Rueda y Cigales","publisher":{"@id":"https:\/\/www.bodegasprotos.com\/es\/#organization"},"potentialAction":[{"@type":"SearchAction","target":{"@type":"EntryPoint","urlTemplate":"https:\/\/www.bodegasprotos.com\/es\/?s={search_term_string}"},"query-input":{"@type":"PropertyValueSpecification","valueRequired":true,"valueName":"search_term_string"}}],"inLanguage":"es"},{"@type":"Organization","@id":"https:\/\/www.bodegasprotos.com\/es\/#organization","name":"Bodegas Protos","url":"https:\/\/www.bodegasprotos.com\/es\/","logo":{"@type":"ImageObject","inLanguage":"es","@id":"https:\/\/www.bodegasprotos.com\/es\/#\/schema\/logo\/image\/","url":"https:\/\/www.bodegasprotos.com\/wp-content\/uploads\/2024\/06\/PROTOS-LOGOS-VERSIONES-13.png","contentUrl":"https:\/\/www.bodegasprotos.com\/wp-content\/uploads\/2024\/06\/PROTOS-LOGOS-VERSIONES-13.png","width":2362,"height":2362,"caption":"Bodegas Protos"},"image":{"@id":"https:\/\/www.bodegasprotos.com\/es\/#\/schema\/logo\/image\/"},"sameAs":["https:\/\/www.facebook.com\/BodegasProtos","https:\/\/x.com\/Bodegas_Protos","https:\/\/www.instagram.com\/bodegasprotosoficial\/","https:\/\/www.linkedin.com\/company\/bodegasprotos\/","https:\/\/pinterest.com\/BodegasProtos\/","http:\/\/www.youtube.com\/user\/BodegasProtos","https:\/\/es.wikipedia.org\/wiki\/Bodegas_Protos"]},{"@type":"Person","@id":"https:\/\/www.bodegasprotos.com\/es\/#\/schema\/person\/6cb69a08afa14171755cee0df7d20027","name":"Bodegas Protos (F)","image":{"@type":"ImageObject","inLanguage":"es","@id":"https:\/\/secure.gravatar.com\/avatar\/cc613a9fd2ee203f402357c1b4aa2b7c041016cbf1eab1e41bde410b2ebd7f94?s=96&d=mm&r=g","url":"https:\/\/secure.gravatar.com\/avatar\/cc613a9fd2ee203f402357c1b4aa2b7c041016cbf1eab1e41bde410b2ebd7f94?s=96&d=mm&r=g","contentUrl":"https:\/\/secure.gravatar.com\/avatar\/cc613a9fd2ee203f402357c1b4aa2b7c041016cbf1eab1e41bde410b2ebd7f94?s=96&d=mm&r=g","caption":"Bodegas Protos (F)"},"sameAs":["https:\/\/www.bodegasprotos.com"]}]}},"_links":{"self":[{"href":"https:\/\/www.bodegasprotos.com\/es\/wp-json\/wp\/v2\/posts\/30163","targetHints":{"allow":["GET"]}}],"collection":[{"href":"https:\/\/www.bodegasprotos.com\/es\/wp-json\/wp\/v2\/posts"}],"about":[{"href":"https:\/\/www.bodegasprotos.com\/es\/wp-json\/wp\/v2\/types\/post"}],"author":[{"embeddable":true,"href":"https:\/\/www.bodegasprotos.com\/es\/wp-json\/wp\/v2\/users\/3"}],"replies":[{"embeddable":true,"href":"https:\/\/www.bodegasprotos.com\/es\/wp-json\/wp\/v2\/comments?post=30163"}],"version-history":[{"count":0,"href":"https:\/\/www.bodegasprotos.com\/es\/wp-json\/wp\/v2\/posts\/30163\/revisions"}],"wp:featuredmedia":[{"embeddable":true,"href":"https:\/\/www.bodegasprotos.com\/es\/wp-json\/wp\/v2\/media\/30167"}],"wp:attachment":[{"href":"https:\/\/www.bodegasprotos.com\/es\/wp-json\/wp\/v2\/media?parent=30163"}],"wp:term":[{"taxonomy":"category","embeddable":true,"href":"https:\/\/www.bodegasprotos.com\/es\/wp-json\/wp\/v2\/categories?post=30163"},{"taxonomy":"post_tag","embeddable":true,"href":"https:\/\/www.bodegasprotos.com\/es\/wp-json\/wp\/v2\/tags?post=30163"}],"curies":[{"name":"wp","href":"https:\/\/api.w.org\/{rel}","templated":true}]}}