{"id":30116,"date":"2020-11-11T16:22:08","date_gmt":"2020-11-11T15:22:08","guid":{"rendered":"https:\/\/www.bodegasprotos.com\/?p=30116"},"modified":"2020-11-11T16:22:08","modified_gmt":"2020-11-11T15:22:08","slug":"el-primer-blanco-reserva-de-d-o-rueda-llega-de-la-mano-de-bodegas-protos","status":"publish","type":"post","link":"https:\/\/www.bodegasprotos.com\/es\/en-portada\/el-primer-blanco-reserva-de-d-o-rueda-llega-de-la-mano-de-bodegas-protos\/","title":{"rendered":"El Primer Blanco Reserva de D.O Rueda llega de la mano de Bodegas Protos"},"content":{"rendered":"<p><strong>Se trata de Protos Verdejo Reserva 2018, un vino que cuenta con una crianza de 24 meses \u00a0y que convierte a Protos en la bodega pionera en la elaboraci\u00f3n de esta categor\u00eda de vinos\u00a0 en\u00a0 Rueda, ampliando as\u00ed su gama de blancos.<\/strong><\/p>\n<p>Rueda est\u00e1 de enhorabuena ya que, desde este mes de noviembre, cuenta con el primer vino blanco Reserva de esta Denominaci\u00f3n.<\/p>\n<p>Desde la bodega destacan que su objetivo es \u201clograr la m\u00e1xima expresi\u00f3n de la variedad verdejo, demostrando su gran potencial tambi\u00e9n para la elaboraci\u00f3n de vinos de guarda de primer\u00edsima calidad\u201d.<\/p>\n<p>Protos Verdejo Reserva 2018 se une al portfolio de referencias de Protos en la DO Rueda: <a href=\"https:\/\/www.bodegasprotos.com\/es\/vino\/verdejo\/\">Protos Verdejo<\/a> y <a href=\"https:\/\/www.bodegasprotos.com\/es\/vino\/protos-verdejo-ecologico\/\">Protos Verdejo Ecol\u00f3gico<\/a>, tambi\u00e9n lanzado al mercado en 2020.<\/p>\n<p>&nbsp;<\/p>\n<div id=\"attachment_27991\" style=\"width: 227px\" class=\"wp-caption aligncenter\"><img fetchpriority=\"high\" decoding=\"async\" aria-describedby=\"caption-attachment-27991\" class=\"size-medium wp-image-27991\" src=\"https:\/\/www.bodegasprotos.com\/wp-content\/uploads\/2020\/03\/Protos_Verdejo_ecologico-217x300.jpg\" alt=\"Protos Verdejo ecol\u00f3gico\" width=\"217\" height=\"300\" srcset=\"https:\/\/www.bodegasprotos.com\/wp-content\/uploads\/2020\/03\/Protos_Verdejo_ecologico-217x300.jpg 217w, https:\/\/www.bodegasprotos.com\/wp-content\/uploads\/2020\/03\/Protos_Verdejo_ecologico-741x1024.jpg 741w, https:\/\/www.bodegasprotos.com\/wp-content\/uploads\/2020\/03\/Protos_Verdejo_ecologico-768x1061.jpg 768w, https:\/\/www.bodegasprotos.com\/wp-content\/uploads\/2020\/03\/Protos_Verdejo_ecologico-1112x1536.jpg 1112w, https:\/\/www.bodegasprotos.com\/wp-content\/uploads\/2020\/03\/Protos_Verdejo_ecologico-1483x2048.jpg 1483w, https:\/\/www.bodegasprotos.com\/wp-content\/uploads\/2020\/03\/Protos_Verdejo_ecologico-scaled.jpg 1853w\" sizes=\"(max-width: 217px) 100vw, 217px\" \/><p id=\"caption-attachment-27991\" class=\"wp-caption-text\">Protos Verdejo ecol\u00f3gico<\/p><\/div>\n<p><a href=\"https:\/\/www.bodegasprotos.com\/es\/vino\/verdejo-reserva\/\"><strong>Protos Verdejo Reserva<\/strong><\/a> es un vino elaborado con un 100% de uva variedad Verdejo procedente de vi\u00f1edos de 30 a\u00f1os, cultivados en secano y criado durante dos a\u00f1os (7 meses en barricas de roble franc\u00e9s y 17 meses en botella).<\/p>\n<h1>Nota de cata<\/h1>\n<p><strong>Su nota de cata muestra<\/strong> un color amarillo paja, algo m\u00e1s subido que el Rueda Verdejo joven, debido a los dos a\u00f1os de crianza. Muy limpio y brillante.<\/p>\n<p>En nariz, aroma de intensidad alta, con notable complejidad debido al ensamblaje perfecto entre la fruta de la variedad (herb\u00e1ceos, tropicales, ligeramente c\u00edtrico) y el tostado suave de las barricas (vainillas, especiados y ahumados).<\/p>\n<p>En boca es un vino seco, graso, con volumen y estructura, que conserva al mismo tiempo frescura gracias a su buena acidez. Reaparecen los apuntes de fruta y herb\u00e1ceos.<\/p>\n<p>Largo, expresivo, con el recuerdo de la madera francesa de las barricas, especiado (vainilla), persistente final con un ligero amargor caracter\u00edstico del Verdejo que incita a seguir bebiendo.<\/p>\n<p>Temperatura de servicio: 8-10 \u00baC<\/p>\n<p>Disponible en la <a href=\"https:\/\/tienda.bodegasprotos.com\/protos-verdejo-reserva-2018.html\">tienda online oficial de la bodega<\/a><\/p>\n","protected":false},"excerpt":{"rendered":"<p>Se trata de Protos Verdejo Reserva 2018, un vino que cuenta con una crianza de 24 meses \u00a0y&#8230;<\/p>\n","protected":false},"author":3,"featured_media":30117,"comment_status":"closed","ping_status":"closed","sticky":false,"template":"","format":"standard","meta":{"_acf_changed":false,"footnotes":""},"categories":[88,94],"tags":[],"class_list":["post-30116","post","type-post","status-publish","format-standard","has-post-thumbnail","hentry","category-en-portada","category-notas-de-prensa"],"acf":[],"yoast_head":"<!-- This site is optimized with the Yoast SEO plugin v27.5 - https:\/\/yoast.com\/product\/yoast-seo-wordpress\/ -->\n<title>El Primer Blanco Reserva de D.O Rueda llega de la mano de Bodegas Protos - Bodegas Protos<\/title>\n<meta name=\"description\" content=\"Se trata de Protos Verdejo Reserva 2018, un vino que cuenta con una crianza de 24 meses \u00a0y que convierte a Protos en la bodega pionera en la elaboraci\u00f3n\" \/>\n<meta name=\"robots\" content=\"index, follow, max-snippet:-1, max-image-preview:large, max-video-preview:-1\" \/>\n<link rel=\"canonical\" href=\"https:\/\/www.bodegasprotos.com\/es\/en-portada\/el-primer-blanco-reserva-de-d-o-rueda-llega-de-la-mano-de-bodegas-protos\/\" \/>\n<meta property=\"og:locale\" content=\"es_ES\" \/>\n<meta property=\"og:type\" content=\"article\" \/>\n<meta property=\"og:title\" content=\"El Primer Blanco Reserva de D.O Rueda llega de la mano de Bodegas Protos - Bodegas Protos\" \/>\n<meta property=\"og:description\" content=\"Se trata de Protos Verdejo Reserva 2018, un vino que cuenta con una crianza de 24 meses \u00a0y que convierte a Protos en la bodega pionera en la elaboraci\u00f3n\" \/>\n<meta property=\"og:url\" content=\"https:\/\/www.bodegasprotos.com\/es\/en-portada\/el-primer-blanco-reserva-de-d-o-rueda-llega-de-la-mano-de-bodegas-protos\/\" \/>\n<meta property=\"og:site_name\" content=\"Bodegas Protos\" \/>\n<meta property=\"article:publisher\" content=\"https:\/\/www.facebook.com\/BodegasProtos\" \/>\n<meta property=\"article:published_time\" content=\"2020-11-11T15:22:08+00:00\" \/>\n<meta property=\"og:image\" content=\"https:\/\/www.bodegasprotos.com\/wp-content\/uploads\/2020\/11\/Protos-Verdejo-Reserva-scaled.jpg\" \/>\n\t<meta property=\"og:image:width\" content=\"1609\" \/>\n\t<meta property=\"og:image:height\" content=\"2560\" \/>\n\t<meta property=\"og:image:type\" content=\"image\/jpeg\" \/>\n<meta name=\"author\" content=\"Bodegas Protos (F)\" \/>\n<meta name=\"twitter:card\" content=\"summary_large_image\" \/>\n<meta name=\"twitter:creator\" content=\"@Bodegas_Protos\" \/>\n<meta name=\"twitter:site\" content=\"@Bodegas_Protos\" \/>\n<meta name=\"twitter:label1\" content=\"Escrito por\" \/>\n\t<meta name=\"twitter:data1\" content=\"Bodegas Protos (F)\" \/>\n\t<meta name=\"twitter:label2\" content=\"Tiempo de lectura\" \/>\n\t<meta name=\"twitter:data2\" content=\"2 minutos\" \/>\n<script type=\"application\/ld+json\" class=\"yoast-schema-graph\">{\"@context\":\"https:\\\/\\\/schema.org\",\"@graph\":[{\"@type\":\"Article\",\"@id\":\"https:\\\/\\\/www.bodegasprotos.com\\\/es\\\/en-portada\\\/el-primer-blanco-reserva-de-d-o-rueda-llega-de-la-mano-de-bodegas-protos\\\/#article\",\"isPartOf\":{\"@id\":\"https:\\\/\\\/www.bodegasprotos.com\\\/es\\\/en-portada\\\/el-primer-blanco-reserva-de-d-o-rueda-llega-de-la-mano-de-bodegas-protos\\\/\"},\"author\":{\"name\":\"Bodegas Protos (F)\",\"@id\":\"https:\\\/\\\/www.bodegasprotos.com\\\/es\\\/#\\\/schema\\\/person\\\/6cb69a08afa14171755cee0df7d20027\"},\"headline\":\"El Primer Blanco Reserva de D.O Rueda llega de la mano de Bodegas Protos\",\"datePublished\":\"2020-11-11T15:22:08+00:00\",\"mainEntityOfPage\":{\"@id\":\"https:\\\/\\\/www.bodegasprotos.com\\\/es\\\/en-portada\\\/el-primer-blanco-reserva-de-d-o-rueda-llega-de-la-mano-de-bodegas-protos\\\/\"},\"wordCount\":337,\"publisher\":{\"@id\":\"https:\\\/\\\/www.bodegasprotos.com\\\/es\\\/#organization\"},\"image\":{\"@id\":\"https:\\\/\\\/www.bodegasprotos.com\\\/es\\\/en-portada\\\/el-primer-blanco-reserva-de-d-o-rueda-llega-de-la-mano-de-bodegas-protos\\\/#primaryimage\"},\"thumbnailUrl\":\"https:\\\/\\\/www.bodegasprotos.com\\\/wp-content\\\/uploads\\\/2020\\\/11\\\/Protos-Verdejo-Reserva-scaled.jpg\",\"articleSection\":[\"En portada\",\"Notas de Prensa\"],\"inLanguage\":\"es\"},{\"@type\":\"WebPage\",\"@id\":\"https:\\\/\\\/www.bodegasprotos.com\\\/es\\\/en-portada\\\/el-primer-blanco-reserva-de-d-o-rueda-llega-de-la-mano-de-bodegas-protos\\\/\",\"url\":\"https:\\\/\\\/www.bodegasprotos.com\\\/es\\\/en-portada\\\/el-primer-blanco-reserva-de-d-o-rueda-llega-de-la-mano-de-bodegas-protos\\\/\",\"name\":\"El Primer Blanco Reserva de D.O Rueda llega de la mano de Bodegas Protos - Bodegas Protos\",\"isPartOf\":{\"@id\":\"https:\\\/\\\/www.bodegasprotos.com\\\/es\\\/#website\"},\"primaryImageOfPage\":{\"@id\":\"https:\\\/\\\/www.bodegasprotos.com\\\/es\\\/en-portada\\\/el-primer-blanco-reserva-de-d-o-rueda-llega-de-la-mano-de-bodegas-protos\\\/#primaryimage\"},\"image\":{\"@id\":\"https:\\\/\\\/www.bodegasprotos.com\\\/es\\\/en-portada\\\/el-primer-blanco-reserva-de-d-o-rueda-llega-de-la-mano-de-bodegas-protos\\\/#primaryimage\"},\"thumbnailUrl\":\"https:\\\/\\\/www.bodegasprotos.com\\\/wp-content\\\/uploads\\\/2020\\\/11\\\/Protos-Verdejo-Reserva-scaled.jpg\",\"datePublished\":\"2020-11-11T15:22:08+00:00\",\"description\":\"Se trata de Protos Verdejo Reserva 2018, un vino que cuenta con una crianza de 24 meses \u00a0y que convierte a Protos en la bodega pionera en la elaboraci\u00f3n\",\"breadcrumb\":{\"@id\":\"https:\\\/\\\/www.bodegasprotos.com\\\/es\\\/en-portada\\\/el-primer-blanco-reserva-de-d-o-rueda-llega-de-la-mano-de-bodegas-protos\\\/#breadcrumb\"},\"inLanguage\":\"es\",\"potentialAction\":[{\"@type\":\"ReadAction\",\"target\":[\"https:\\\/\\\/www.bodegasprotos.com\\\/es\\\/en-portada\\\/el-primer-blanco-reserva-de-d-o-rueda-llega-de-la-mano-de-bodegas-protos\\\/\"]}]},{\"@type\":\"ImageObject\",\"inLanguage\":\"es\",\"@id\":\"https:\\\/\\\/www.bodegasprotos.com\\\/es\\\/en-portada\\\/el-primer-blanco-reserva-de-d-o-rueda-llega-de-la-mano-de-bodegas-protos\\\/#primaryimage\",\"url\":\"https:\\\/\\\/www.bodegasprotos.com\\\/wp-content\\\/uploads\\\/2020\\\/11\\\/Protos-Verdejo-Reserva-scaled.jpg\",\"contentUrl\":\"https:\\\/\\\/www.bodegasprotos.com\\\/wp-content\\\/uploads\\\/2020\\\/11\\\/Protos-Verdejo-Reserva-scaled.jpg\",\"width\":1609,\"height\":2560,\"caption\":\"Protos Verdejo Reserva\"},{\"@type\":\"BreadcrumbList\",\"@id\":\"https:\\\/\\\/www.bodegasprotos.com\\\/es\\\/en-portada\\\/el-primer-blanco-reserva-de-d-o-rueda-llega-de-la-mano-de-bodegas-protos\\\/#breadcrumb\",\"itemListElement\":[{\"@type\":\"ListItem\",\"position\":1,\"name\":\"Portada\",\"item\":\"https:\\\/\\\/www.bodegasprotos.com\\\/es\\\/\"},{\"@type\":\"ListItem\",\"position\":2,\"name\":\"El Primer Blanco Reserva de D.O Rueda llega de la mano de Bodegas Protos\"}]},{\"@type\":\"WebSite\",\"@id\":\"https:\\\/\\\/www.bodegasprotos.com\\\/es\\\/#website\",\"url\":\"https:\\\/\\\/www.bodegasprotos.com\\\/es\\\/\",\"name\":\"Bodegas Protos\",\"description\":\"Vinos de la Denominaci\u00f3n de Origen Ribera del Duero, Rueda y Cigales\",\"publisher\":{\"@id\":\"https:\\\/\\\/www.bodegasprotos.com\\\/es\\\/#organization\"},\"potentialAction\":[{\"@type\":\"SearchAction\",\"target\":{\"@type\":\"EntryPoint\",\"urlTemplate\":\"https:\\\/\\\/www.bodegasprotos.com\\\/es\\\/?s={search_term_string}\"},\"query-input\":{\"@type\":\"PropertyValueSpecification\",\"valueRequired\":true,\"valueName\":\"search_term_string\"}}],\"inLanguage\":\"es\"},{\"@type\":\"Organization\",\"@id\":\"https:\\\/\\\/www.bodegasprotos.com\\\/es\\\/#organization\",\"name\":\"Bodegas Protos\",\"url\":\"https:\\\/\\\/www.bodegasprotos.com\\\/es\\\/\",\"logo\":{\"@type\":\"ImageObject\",\"inLanguage\":\"es\",\"@id\":\"https:\\\/\\\/www.bodegasprotos.com\\\/es\\\/#\\\/schema\\\/logo\\\/image\\\/\",\"url\":\"https:\\\/\\\/www.bodegasprotos.com\\\/wp-content\\\/uploads\\\/2024\\\/06\\\/PROTOS-LOGOS-VERSIONES-13.png\",\"contentUrl\":\"https:\\\/\\\/www.bodegasprotos.com\\\/wp-content\\\/uploads\\\/2024\\\/06\\\/PROTOS-LOGOS-VERSIONES-13.png\",\"width\":2362,\"height\":2362,\"caption\":\"Bodegas Protos\"},\"image\":{\"@id\":\"https:\\\/\\\/www.bodegasprotos.com\\\/es\\\/#\\\/schema\\\/logo\\\/image\\\/\"},\"sameAs\":[\"https:\\\/\\\/www.facebook.com\\\/BodegasProtos\",\"https:\\\/\\\/x.com\\\/Bodegas_Protos\",\"https:\\\/\\\/www.instagram.com\\\/bodegasprotosoficial\\\/\",\"https:\\\/\\\/www.linkedin.com\\\/company\\\/bodegasprotos\\\/\",\"https:\\\/\\\/pinterest.com\\\/BodegasProtos\\\/\",\"http:\\\/\\\/www.youtube.com\\\/user\\\/BodegasProtos\",\"https:\\\/\\\/es.wikipedia.org\\\/wiki\\\/Bodegas_Protos\"]},{\"@type\":\"Person\",\"@id\":\"https:\\\/\\\/www.bodegasprotos.com\\\/es\\\/#\\\/schema\\\/person\\\/6cb69a08afa14171755cee0df7d20027\",\"name\":\"Bodegas Protos (F)\",\"image\":{\"@type\":\"ImageObject\",\"inLanguage\":\"es\",\"@id\":\"https:\\\/\\\/secure.gravatar.com\\\/avatar\\\/cc613a9fd2ee203f402357c1b4aa2b7c041016cbf1eab1e41bde410b2ebd7f94?s=96&d=mm&r=g\",\"url\":\"https:\\\/\\\/secure.gravatar.com\\\/avatar\\\/cc613a9fd2ee203f402357c1b4aa2b7c041016cbf1eab1e41bde410b2ebd7f94?s=96&d=mm&r=g\",\"contentUrl\":\"https:\\\/\\\/secure.gravatar.com\\\/avatar\\\/cc613a9fd2ee203f402357c1b4aa2b7c041016cbf1eab1e41bde410b2ebd7f94?s=96&d=mm&r=g\",\"caption\":\"Bodegas Protos (F)\"},\"sameAs\":[\"https:\\\/\\\/www.bodegasprotos.com\"]}]}<\/script>\n<!-- \/ Yoast SEO plugin. -->","yoast_head_json":{"title":"El Primer Blanco Reserva de D.O Rueda llega de la mano de Bodegas Protos - Bodegas Protos","description":"Se trata de Protos Verdejo Reserva 2018, un vino que cuenta con una crianza de 24 meses \u00a0y que convierte a Protos en la bodega pionera en la elaboraci\u00f3n","robots":{"index":"index","follow":"follow","max-snippet":"max-snippet:-1","max-image-preview":"max-image-preview:large","max-video-preview":"max-video-preview:-1"},"canonical":"https:\/\/www.bodegasprotos.com\/es\/en-portada\/el-primer-blanco-reserva-de-d-o-rueda-llega-de-la-mano-de-bodegas-protos\/","og_locale":"es_ES","og_type":"article","og_title":"El Primer Blanco Reserva de D.O Rueda llega de la mano de Bodegas Protos - Bodegas Protos","og_description":"Se trata de Protos Verdejo Reserva 2018, un vino que cuenta con una crianza de 24 meses \u00a0y que convierte a Protos en la bodega pionera en la elaboraci\u00f3n","og_url":"https:\/\/www.bodegasprotos.com\/es\/en-portada\/el-primer-blanco-reserva-de-d-o-rueda-llega-de-la-mano-de-bodegas-protos\/","og_site_name":"Bodegas Protos","article_publisher":"https:\/\/www.facebook.com\/BodegasProtos","article_published_time":"2020-11-11T15:22:08+00:00","og_image":[{"width":1609,"height":2560,"url":"https:\/\/www.bodegasprotos.com\/wp-content\/uploads\/2020\/11\/Protos-Verdejo-Reserva-scaled.jpg","type":"image\/jpeg"}],"author":"Bodegas Protos (F)","twitter_card":"summary_large_image","twitter_creator":"@Bodegas_Protos","twitter_site":"@Bodegas_Protos","twitter_misc":{"Escrito por":"Bodegas Protos (F)","Tiempo de lectura":"2 minutos"},"schema":{"@context":"https:\/\/schema.org","@graph":[{"@type":"Article","@id":"https:\/\/www.bodegasprotos.com\/es\/en-portada\/el-primer-blanco-reserva-de-d-o-rueda-llega-de-la-mano-de-bodegas-protos\/#article","isPartOf":{"@id":"https:\/\/www.bodegasprotos.com\/es\/en-portada\/el-primer-blanco-reserva-de-d-o-rueda-llega-de-la-mano-de-bodegas-protos\/"},"author":{"name":"Bodegas Protos (F)","@id":"https:\/\/www.bodegasprotos.com\/es\/#\/schema\/person\/6cb69a08afa14171755cee0df7d20027"},"headline":"El Primer Blanco Reserva de D.O Rueda llega de la mano de Bodegas Protos","datePublished":"2020-11-11T15:22:08+00:00","mainEntityOfPage":{"@id":"https:\/\/www.bodegasprotos.com\/es\/en-portada\/el-primer-blanco-reserva-de-d-o-rueda-llega-de-la-mano-de-bodegas-protos\/"},"wordCount":337,"publisher":{"@id":"https:\/\/www.bodegasprotos.com\/es\/#organization"},"image":{"@id":"https:\/\/www.bodegasprotos.com\/es\/en-portada\/el-primer-blanco-reserva-de-d-o-rueda-llega-de-la-mano-de-bodegas-protos\/#primaryimage"},"thumbnailUrl":"https:\/\/www.bodegasprotos.com\/wp-content\/uploads\/2020\/11\/Protos-Verdejo-Reserva-scaled.jpg","articleSection":["En portada","Notas de Prensa"],"inLanguage":"es"},{"@type":"WebPage","@id":"https:\/\/www.bodegasprotos.com\/es\/en-portada\/el-primer-blanco-reserva-de-d-o-rueda-llega-de-la-mano-de-bodegas-protos\/","url":"https:\/\/www.bodegasprotos.com\/es\/en-portada\/el-primer-blanco-reserva-de-d-o-rueda-llega-de-la-mano-de-bodegas-protos\/","name":"El Primer Blanco Reserva de D.O Rueda llega de la mano de Bodegas Protos - Bodegas Protos","isPartOf":{"@id":"https:\/\/www.bodegasprotos.com\/es\/#website"},"primaryImageOfPage":{"@id":"https:\/\/www.bodegasprotos.com\/es\/en-portada\/el-primer-blanco-reserva-de-d-o-rueda-llega-de-la-mano-de-bodegas-protos\/#primaryimage"},"image":{"@id":"https:\/\/www.bodegasprotos.com\/es\/en-portada\/el-primer-blanco-reserva-de-d-o-rueda-llega-de-la-mano-de-bodegas-protos\/#primaryimage"},"thumbnailUrl":"https:\/\/www.bodegasprotos.com\/wp-content\/uploads\/2020\/11\/Protos-Verdejo-Reserva-scaled.jpg","datePublished":"2020-11-11T15:22:08+00:00","description":"Se trata de Protos Verdejo Reserva 2018, un vino que cuenta con una crianza de 24 meses \u00a0y que convierte a Protos en la bodega pionera en la elaboraci\u00f3n","breadcrumb":{"@id":"https:\/\/www.bodegasprotos.com\/es\/en-portada\/el-primer-blanco-reserva-de-d-o-rueda-llega-de-la-mano-de-bodegas-protos\/#breadcrumb"},"inLanguage":"es","potentialAction":[{"@type":"ReadAction","target":["https:\/\/www.bodegasprotos.com\/es\/en-portada\/el-primer-blanco-reserva-de-d-o-rueda-llega-de-la-mano-de-bodegas-protos\/"]}]},{"@type":"ImageObject","inLanguage":"es","@id":"https:\/\/www.bodegasprotos.com\/es\/en-portada\/el-primer-blanco-reserva-de-d-o-rueda-llega-de-la-mano-de-bodegas-protos\/#primaryimage","url":"https:\/\/www.bodegasprotos.com\/wp-content\/uploads\/2020\/11\/Protos-Verdejo-Reserva-scaled.jpg","contentUrl":"https:\/\/www.bodegasprotos.com\/wp-content\/uploads\/2020\/11\/Protos-Verdejo-Reserva-scaled.jpg","width":1609,"height":2560,"caption":"Protos Verdejo Reserva"},{"@type":"BreadcrumbList","@id":"https:\/\/www.bodegasprotos.com\/es\/en-portada\/el-primer-blanco-reserva-de-d-o-rueda-llega-de-la-mano-de-bodegas-protos\/#breadcrumb","itemListElement":[{"@type":"ListItem","position":1,"name":"Portada","item":"https:\/\/www.bodegasprotos.com\/es\/"},{"@type":"ListItem","position":2,"name":"El Primer Blanco Reserva de D.O Rueda llega de la mano de Bodegas Protos"}]},{"@type":"WebSite","@id":"https:\/\/www.bodegasprotos.com\/es\/#website","url":"https:\/\/www.bodegasprotos.com\/es\/","name":"Bodegas Protos","description":"Vinos de la Denominaci\u00f3n de Origen Ribera del Duero, Rueda y Cigales","publisher":{"@id":"https:\/\/www.bodegasprotos.com\/es\/#organization"},"potentialAction":[{"@type":"SearchAction","target":{"@type":"EntryPoint","urlTemplate":"https:\/\/www.bodegasprotos.com\/es\/?s={search_term_string}"},"query-input":{"@type":"PropertyValueSpecification","valueRequired":true,"valueName":"search_term_string"}}],"inLanguage":"es"},{"@type":"Organization","@id":"https:\/\/www.bodegasprotos.com\/es\/#organization","name":"Bodegas Protos","url":"https:\/\/www.bodegasprotos.com\/es\/","logo":{"@type":"ImageObject","inLanguage":"es","@id":"https:\/\/www.bodegasprotos.com\/es\/#\/schema\/logo\/image\/","url":"https:\/\/www.bodegasprotos.com\/wp-content\/uploads\/2024\/06\/PROTOS-LOGOS-VERSIONES-13.png","contentUrl":"https:\/\/www.bodegasprotos.com\/wp-content\/uploads\/2024\/06\/PROTOS-LOGOS-VERSIONES-13.png","width":2362,"height":2362,"caption":"Bodegas Protos"},"image":{"@id":"https:\/\/www.bodegasprotos.com\/es\/#\/schema\/logo\/image\/"},"sameAs":["https:\/\/www.facebook.com\/BodegasProtos","https:\/\/x.com\/Bodegas_Protos","https:\/\/www.instagram.com\/bodegasprotosoficial\/","https:\/\/www.linkedin.com\/company\/bodegasprotos\/","https:\/\/pinterest.com\/BodegasProtos\/","http:\/\/www.youtube.com\/user\/BodegasProtos","https:\/\/es.wikipedia.org\/wiki\/Bodegas_Protos"]},{"@type":"Person","@id":"https:\/\/www.bodegasprotos.com\/es\/#\/schema\/person\/6cb69a08afa14171755cee0df7d20027","name":"Bodegas Protos (F)","image":{"@type":"ImageObject","inLanguage":"es","@id":"https:\/\/secure.gravatar.com\/avatar\/cc613a9fd2ee203f402357c1b4aa2b7c041016cbf1eab1e41bde410b2ebd7f94?s=96&d=mm&r=g","url":"https:\/\/secure.gravatar.com\/avatar\/cc613a9fd2ee203f402357c1b4aa2b7c041016cbf1eab1e41bde410b2ebd7f94?s=96&d=mm&r=g","contentUrl":"https:\/\/secure.gravatar.com\/avatar\/cc613a9fd2ee203f402357c1b4aa2b7c041016cbf1eab1e41bde410b2ebd7f94?s=96&d=mm&r=g","caption":"Bodegas Protos (F)"},"sameAs":["https:\/\/www.bodegasprotos.com"]}]}},"_links":{"self":[{"href":"https:\/\/www.bodegasprotos.com\/es\/wp-json\/wp\/v2\/posts\/30116","targetHints":{"allow":["GET"]}}],"collection":[{"href":"https:\/\/www.bodegasprotos.com\/es\/wp-json\/wp\/v2\/posts"}],"about":[{"href":"https:\/\/www.bodegasprotos.com\/es\/wp-json\/wp\/v2\/types\/post"}],"author":[{"embeddable":true,"href":"https:\/\/www.bodegasprotos.com\/es\/wp-json\/wp\/v2\/users\/3"}],"replies":[{"embeddable":true,"href":"https:\/\/www.bodegasprotos.com\/es\/wp-json\/wp\/v2\/comments?post=30116"}],"version-history":[{"count":0,"href":"https:\/\/www.bodegasprotos.com\/es\/wp-json\/wp\/v2\/posts\/30116\/revisions"}],"wp:featuredmedia":[{"embeddable":true,"href":"https:\/\/www.bodegasprotos.com\/es\/wp-json\/wp\/v2\/media\/30117"}],"wp:attachment":[{"href":"https:\/\/www.bodegasprotos.com\/es\/wp-json\/wp\/v2\/media?parent=30116"}],"wp:term":[{"taxonomy":"category","embeddable":true,"href":"https:\/\/www.bodegasprotos.com\/es\/wp-json\/wp\/v2\/categories?post=30116"},{"taxonomy":"post_tag","embeddable":true,"href":"https:\/\/www.bodegasprotos.com\/es\/wp-json\/wp\/v2\/tags?post=30116"}],"curies":[{"name":"wp","href":"https:\/\/api.w.org\/{rel}","templated":true}]}}