{"id":30096,"date":"2020-11-06T11:30:33","date_gmt":"2020-11-06T10:30:33","guid":{"rendered":"https:\/\/www.bodegasprotos.com\/?p=30096"},"modified":"2020-11-05T15:26:34","modified_gmt":"2020-11-05T14:26:34","slug":"un-libro-un-protos","status":"publish","type":"post","link":"https:\/\/www.bodegasprotos.com\/es\/blog\/un-libro-un-protos\/","title":{"rendered":"Un libro, un Protos"},"content":{"rendered":"<p>El d\u00eda 13 de noviembre, se celebra el <a href=\"https:\/\/www.cegal.es\/acciones-culturales\/dia-de-las-librerias\/#:~:text=%2D%20Hoy%20arranca%20la%20campa%C3%B1a%20del,resaltar%20el%20importante%20papel%20que\">D\u00eda de las librer\u00edas<\/a>. Un d\u00eda en el que todos los libreros conmemoran al mundo de las letras, a los escritores, lectores e ilustradores.<\/p>\n<div id=\"attachment_30100\" style=\"width: 242px\" class=\"wp-caption aligncenter\"><img fetchpriority=\"high\" decoding=\"async\" aria-describedby=\"caption-attachment-30100\" class=\"size-medium wp-image-30100\" src=\"https:\/\/www.bodegasprotos.com\/wp-content\/uploads\/2020\/11\/Librer\u00eda-232x300.jpg\" alt=\"\" width=\"232\" height=\"300\" srcset=\"https:\/\/www.bodegasprotos.com\/wp-content\/uploads\/2020\/11\/Librer\u00eda-232x300.jpg 232w, https:\/\/www.bodegasprotos.com\/wp-content\/uploads\/2020\/11\/Librer\u00eda-791x1024.jpg 791w, https:\/\/www.bodegasprotos.com\/wp-content\/uploads\/2020\/11\/Librer\u00eda-768x994.jpg 768w, https:\/\/www.bodegasprotos.com\/wp-content\/uploads\/2020\/11\/Librer\u00eda-1187x1536.jpg 1187w, https:\/\/www.bodegasprotos.com\/wp-content\/uploads\/2020\/11\/Librer\u00eda-1582x2048.jpg 1582w, https:\/\/www.bodegasprotos.com\/wp-content\/uploads\/2020\/11\/Librer\u00eda-scaled.jpg 1978w\" sizes=\"(max-width: 232px) 100vw, 232px\" \/><p id=\"caption-attachment-30100\" class=\"wp-caption-text\">un libro, un Protos<\/p><\/div>\n<p>Desde el a\u00f1o 2011, las <a href=\"https:\/\/www.cegal.es\/quienes-somos\/\">librer\u00edas de toda Espa\u00f1a<\/a> ponen en valor su atenci\u00f3n, su gran conocimiento literario y su trato cercano a los clientes.<\/p>\n<p>Aunque esta edici\u00f3n ser\u00e1 diferente, dadas las circunstancias actuales, Protos quiere hacer su especial homenaje al <a href=\"https:\/\/www.elnortedecastilla.es\/culturas\/libros\/libreria-mas-antigua-espana-dia-internacional-librerias-20181116015920-ntrc.html\">mundo de las librer\u00edas<\/a>\u2026<\/p>\n<p>\u2026 A esos templos maravillosos que hacen so\u00f1ar y transportarnos a lugares incre\u00edbles.<\/p>\n<p>Maridar una buena lectura con un buen vino, es sin duda, uno de los planes m\u00e1s apetecibles para esta temporada oto\u00f1al.<\/p>\n<p>Por eso, la bodega sugiere diez fabulosos t\u00edtulos para acompa\u00f1ar de una manera sublime con un buen vino.<\/p>\n<div id=\"attachment_30102\" style=\"width: 310px\" class=\"wp-caption aligncenter\"><img decoding=\"async\" aria-describedby=\"caption-attachment-30102\" class=\"size-medium wp-image-30102\" src=\"https:\/\/www.bodegasprotos.com\/wp-content\/uploads\/2020\/11\/Foto-1-300x200.jpg\" alt=\"\" width=\"300\" height=\"200\" srcset=\"https:\/\/www.bodegasprotos.com\/wp-content\/uploads\/2020\/11\/Foto-1-300x200.jpg 300w, https:\/\/www.bodegasprotos.com\/wp-content\/uploads\/2020\/11\/Foto-1-1024x683.jpg 1024w, https:\/\/www.bodegasprotos.com\/wp-content\/uploads\/2020\/11\/Foto-1-768x512.jpg 768w, https:\/\/www.bodegasprotos.com\/wp-content\/uploads\/2020\/11\/Foto-1-1536x1024.jpg 1536w, https:\/\/www.bodegasprotos.com\/wp-content\/uploads\/2020\/11\/Foto-1-2048x1365.jpg 2048w\" sizes=\"(max-width: 300px) 100vw, 300px\" \/><p id=\"caption-attachment-30102\" class=\"wp-caption-text\">un libro, un Protos<\/p><\/div>\n<p>Toma nota de estas recomendaciones y no dudes en adquirirlas en tu librer\u00eda. Aquella de toda la vida, la de tu barrio o la m\u00e1s emblem\u00e1tica\u2026<\/p>\n<p>&nbsp;<\/p>\n<h2><strong>Diez lecturas imprescindibles para disfrutar con un buen vino<\/strong><\/h2>\n<p>Te invitamos a disfrutar del placer de leer, y de embriagarte de ese peculiar aroma que desprenden los libros.<\/p>\n<p><strong>Un poco de misterio\u2026<\/strong><\/p>\n<p>El mensaje de Pandora de Javier Sierra y <a href=\"https:\/\/www.bodegasprotos.com\/es\/vino\/roble\/\">Protos Roble<\/a>.<\/p>\n<p>&nbsp;<\/p>\n<ul>\n<li><strong>Una novela que te har\u00e1 so\u00f1ar\u2026<\/strong><\/li>\n<\/ul>\n<p>El jard\u00edn de las mujeres Verelli de Carla Montero \u00a0y <a href=\"https:\/\/www.bodegasprotos.com\/es\/vino\/aire-de-protos\/\">Aire de Protos<\/a><\/p>\n<p>&nbsp;<\/p>\n<ul>\n<li><strong>Una novela que no te dejar\u00e1 indiferente\u2026<\/strong><\/li>\n<\/ul>\n<p>Postales del este de Reyes Monforte y <a href=\"https:\/\/www.bodegasprotos.com\/es\/vino\/protos27\/\">Protos\u00b427<\/a><\/p>\n<p>&nbsp;<\/p>\n<ul>\n<li><strong>Saca tu vena m\u00e1s detectivesca\u2026<\/strong><\/li>\n<\/ul>\n<p><strong>EL enigma de la habitaci\u00f3n 622 de Jo\u00ebl Dicker y <\/strong><a href=\"https:\/\/www.bodegasprotos.com\/es\/vino\/crianza\/\"><strong>Protos Crianza<\/strong><\/a><\/p>\n<p><strong>\u00a0<\/strong><\/p>\n<ul>\n<li><strong>Una novela cautivadora\u2026<\/strong><\/li>\n<\/ul>\n<p>La habitaci\u00f3n de las mariposas de Lucinda Riley y <a href=\"https:\/\/www.bodegasprotos.com\/es\/vino\/protos-verdejo-ecologico\/\">Protos Verdejo ecol\u00f3gico<\/a><\/p>\n<p>&nbsp;<\/p>\n<ul>\n<li><strong>Si sientes que necesitas un cambio de rumbo\u2026<\/strong><\/li>\n<\/ul>\n<p>La librer\u00eda del Se\u00f1or Livingstone de M\u00f3nica Guti\u00e9rrez y <a href=\"https:\/\/www.bodegasprotos.com\/es\/vino\/clarete\/\">Protos Clarete<\/a><\/p>\n<p>&nbsp;<\/p>\n<ul>\n<li><strong>Un thriller hist\u00f3rico\u2026<\/strong><\/li>\n<\/ul>\n<p>Aquitania de Eva Garc\u00eda S\u00e1enz de Urturi y <a href=\"https:\/\/www.bodegasprotos.com\/es\/vino\/reserva\/\">Protos Reserva<\/a><\/p>\n<p>&nbsp;<\/p>\n<ul>\n<li><strong>Una novela muy p\u00edcara\u2026<\/strong><\/li>\n<\/ul>\n<p>Golpes bajos de David Gistau y <a href=\"https:\/\/www.bodegasprotos.com\/es\/vino\/finca-grajo-viejo\/\">Finca El grajo viejo<\/a><\/p>\n<p>&nbsp;<\/p>\n<ul>\n<li><strong>Un libro que te har\u00e1 sonre\u00edr\u2026<\/strong><\/li>\n<\/ul>\n<p>La felicidad de las peque\u00f1as cosas de Antonio San Jos\u00e9 y <a href=\"https:\/\/www.bodegasprotos.com\/es\/vino\/tempranillo-ecologico\/\">Protos Tempranillo ecol\u00f3gico<\/a><\/p>\n<p><strong>\u00a0<\/strong><\/p>\n<ul>\n<li><strong>Para los apasionados del arte\u2026<\/strong><\/li>\n<\/ul>\n<p>La doble vida de los cuadros de Carlos del Amor y <a href=\"https:\/\/www.bodegasprotos.com\/es\/vino\/gran-reserva\/\">Protos Gran Reserva<\/a><\/p>\n<p>Estas son nuestras recomendaciones de libros&#8230; \u00bfy las tuyas?<\/p>\n","protected":false},"excerpt":{"rendered":"<p>El d\u00eda 13 de noviembre, se celebra el D\u00eda de las librer\u00edas. Un d\u00eda en el que todos&#8230;<\/p>\n","protected":false},"author":3,"featured_media":30098,"comment_status":"closed","ping_status":"closed","sticky":false,"template":"","format":"standard","meta":{"_acf_changed":false,"footnotes":""},"categories":[87],"tags":[],"class_list":["post-30096","post","type-post","status-publish","format-standard","has-post-thumbnail","hentry","category-blog"],"acf":[],"yoast_head":"<!-- This site is optimized with the Yoast SEO plugin v27.5 - https:\/\/yoast.com\/product\/yoast-seo-wordpress\/ -->\n<title>Un libro, un Protos - Bodegas Protos<\/title>\n<meta name=\"description\" content=\"El d\u00eda 13 de noviembre, se celebra el D\u00eda de las librer\u00edas. Un d\u00eda en el que todos los libreros conmemoran al mundo de las letras, a los escritores,\" \/>\n<meta name=\"robots\" content=\"index, follow, max-snippet:-1, max-image-preview:large, max-video-preview:-1\" \/>\n<link rel=\"canonical\" href=\"https:\/\/www.bodegasprotos.com\/es\/blog\/un-libro-un-protos\/\" \/>\n<meta property=\"og:locale\" content=\"es_ES\" \/>\n<meta property=\"og:type\" content=\"article\" \/>\n<meta property=\"og:title\" content=\"Un libro, un Protos - Bodegas Protos\" \/>\n<meta property=\"og:description\" content=\"El d\u00eda 13 de noviembre, se celebra el D\u00eda de las librer\u00edas. Un d\u00eda en el que todos los libreros conmemoran al mundo de las letras, a los escritores,\" \/>\n<meta property=\"og:url\" content=\"https:\/\/www.bodegasprotos.com\/es\/blog\/un-libro-un-protos\/\" \/>\n<meta property=\"og:site_name\" content=\"Bodegas Protos\" \/>\n<meta property=\"article:publisher\" content=\"https:\/\/www.facebook.com\/BodegasProtos\" \/>\n<meta property=\"article:published_time\" content=\"2020-11-06T10:30:33+00:00\" \/>\n<meta property=\"og:image\" content=\"https:\/\/www.bodegasprotos.com\/wp-content\/uploads\/2020\/11\/Foto-2-scaled.jpg\" \/>\n\t<meta property=\"og:image:width\" content=\"1707\" \/>\n\t<meta property=\"og:image:height\" content=\"2560\" \/>\n\t<meta property=\"og:image:type\" content=\"image\/jpeg\" \/>\n<meta name=\"author\" content=\"Bodegas Protos (F)\" \/>\n<meta name=\"twitter:card\" content=\"summary_large_image\" \/>\n<meta name=\"twitter:creator\" content=\"@Bodegas_Protos\" \/>\n<meta name=\"twitter:site\" content=\"@Bodegas_Protos\" \/>\n<meta name=\"twitter:label1\" content=\"Escrito por\" \/>\n\t<meta name=\"twitter:data1\" content=\"Bodegas Protos (F)\" \/>\n\t<meta name=\"twitter:label2\" content=\"Tiempo de lectura\" \/>\n\t<meta name=\"twitter:data2\" content=\"2 minutos\" \/>\n<script type=\"application\/ld+json\" class=\"yoast-schema-graph\">{\"@context\":\"https:\\\/\\\/schema.org\",\"@graph\":[{\"@type\":\"Article\",\"@id\":\"https:\\\/\\\/www.bodegasprotos.com\\\/es\\\/blog\\\/un-libro-un-protos\\\/#article\",\"isPartOf\":{\"@id\":\"https:\\\/\\\/www.bodegasprotos.com\\\/es\\\/blog\\\/un-libro-un-protos\\\/\"},\"author\":{\"name\":\"Bodegas Protos (F)\",\"@id\":\"https:\\\/\\\/www.bodegasprotos.com\\\/es\\\/#\\\/schema\\\/person\\\/6cb69a08afa14171755cee0df7d20027\"},\"headline\":\"Un libro, un Protos\",\"datePublished\":\"2020-11-06T10:30:33+00:00\",\"mainEntityOfPage\":{\"@id\":\"https:\\\/\\\/www.bodegasprotos.com\\\/es\\\/blog\\\/un-libro-un-protos\\\/\"},\"wordCount\":424,\"publisher\":{\"@id\":\"https:\\\/\\\/www.bodegasprotos.com\\\/es\\\/#organization\"},\"image\":{\"@id\":\"https:\\\/\\\/www.bodegasprotos.com\\\/es\\\/blog\\\/un-libro-un-protos\\\/#primaryimage\"},\"thumbnailUrl\":\"https:\\\/\\\/www.bodegasprotos.com\\\/wp-content\\\/uploads\\\/2020\\\/11\\\/Foto-2-scaled.jpg\",\"articleSection\":[\"Blog\"],\"inLanguage\":\"es\"},{\"@type\":\"WebPage\",\"@id\":\"https:\\\/\\\/www.bodegasprotos.com\\\/es\\\/blog\\\/un-libro-un-protos\\\/\",\"url\":\"https:\\\/\\\/www.bodegasprotos.com\\\/es\\\/blog\\\/un-libro-un-protos\\\/\",\"name\":\"Un libro, un Protos - Bodegas Protos\",\"isPartOf\":{\"@id\":\"https:\\\/\\\/www.bodegasprotos.com\\\/es\\\/#website\"},\"primaryImageOfPage\":{\"@id\":\"https:\\\/\\\/www.bodegasprotos.com\\\/es\\\/blog\\\/un-libro-un-protos\\\/#primaryimage\"},\"image\":{\"@id\":\"https:\\\/\\\/www.bodegasprotos.com\\\/es\\\/blog\\\/un-libro-un-protos\\\/#primaryimage\"},\"thumbnailUrl\":\"https:\\\/\\\/www.bodegasprotos.com\\\/wp-content\\\/uploads\\\/2020\\\/11\\\/Foto-2-scaled.jpg\",\"datePublished\":\"2020-11-06T10:30:33+00:00\",\"description\":\"El d\u00eda 13 de noviembre, se celebra el D\u00eda de las librer\u00edas. Un d\u00eda en el que todos los libreros conmemoran al mundo de las letras, a los escritores,\",\"breadcrumb\":{\"@id\":\"https:\\\/\\\/www.bodegasprotos.com\\\/es\\\/blog\\\/un-libro-un-protos\\\/#breadcrumb\"},\"inLanguage\":\"es\",\"potentialAction\":[{\"@type\":\"ReadAction\",\"target\":[\"https:\\\/\\\/www.bodegasprotos.com\\\/es\\\/blog\\\/un-libro-un-protos\\\/\"]}]},{\"@type\":\"ImageObject\",\"inLanguage\":\"es\",\"@id\":\"https:\\\/\\\/www.bodegasprotos.com\\\/es\\\/blog\\\/un-libro-un-protos\\\/#primaryimage\",\"url\":\"https:\\\/\\\/www.bodegasprotos.com\\\/wp-content\\\/uploads\\\/2020\\\/11\\\/Foto-2-scaled.jpg\",\"contentUrl\":\"https:\\\/\\\/www.bodegasprotos.com\\\/wp-content\\\/uploads\\\/2020\\\/11\\\/Foto-2-scaled.jpg\",\"width\":1707,\"height\":2560,\"caption\":\"un libro un protos\"},{\"@type\":\"BreadcrumbList\",\"@id\":\"https:\\\/\\\/www.bodegasprotos.com\\\/es\\\/blog\\\/un-libro-un-protos\\\/#breadcrumb\",\"itemListElement\":[{\"@type\":\"ListItem\",\"position\":1,\"name\":\"Portada\",\"item\":\"https:\\\/\\\/www.bodegasprotos.com\\\/es\\\/\"},{\"@type\":\"ListItem\",\"position\":2,\"name\":\"Un libro, un Protos\"}]},{\"@type\":\"WebSite\",\"@id\":\"https:\\\/\\\/www.bodegasprotos.com\\\/es\\\/#website\",\"url\":\"https:\\\/\\\/www.bodegasprotos.com\\\/es\\\/\",\"name\":\"Bodegas Protos\",\"description\":\"Vinos de la Denominaci\u00f3n de Origen Ribera del Duero, Rueda y Cigales\",\"publisher\":{\"@id\":\"https:\\\/\\\/www.bodegasprotos.com\\\/es\\\/#organization\"},\"potentialAction\":[{\"@type\":\"SearchAction\",\"target\":{\"@type\":\"EntryPoint\",\"urlTemplate\":\"https:\\\/\\\/www.bodegasprotos.com\\\/es\\\/?s={search_term_string}\"},\"query-input\":{\"@type\":\"PropertyValueSpecification\",\"valueRequired\":true,\"valueName\":\"search_term_string\"}}],\"inLanguage\":\"es\"},{\"@type\":\"Organization\",\"@id\":\"https:\\\/\\\/www.bodegasprotos.com\\\/es\\\/#organization\",\"name\":\"Bodegas Protos\",\"url\":\"https:\\\/\\\/www.bodegasprotos.com\\\/es\\\/\",\"logo\":{\"@type\":\"ImageObject\",\"inLanguage\":\"es\",\"@id\":\"https:\\\/\\\/www.bodegasprotos.com\\\/es\\\/#\\\/schema\\\/logo\\\/image\\\/\",\"url\":\"https:\\\/\\\/www.bodegasprotos.com\\\/wp-content\\\/uploads\\\/2024\\\/06\\\/PROTOS-LOGOS-VERSIONES-13.png\",\"contentUrl\":\"https:\\\/\\\/www.bodegasprotos.com\\\/wp-content\\\/uploads\\\/2024\\\/06\\\/PROTOS-LOGOS-VERSIONES-13.png\",\"width\":2362,\"height\":2362,\"caption\":\"Bodegas Protos\"},\"image\":{\"@id\":\"https:\\\/\\\/www.bodegasprotos.com\\\/es\\\/#\\\/schema\\\/logo\\\/image\\\/\"},\"sameAs\":[\"https:\\\/\\\/www.facebook.com\\\/BodegasProtos\",\"https:\\\/\\\/x.com\\\/Bodegas_Protos\",\"https:\\\/\\\/www.instagram.com\\\/bodegasprotosoficial\\\/\",\"https:\\\/\\\/www.linkedin.com\\\/company\\\/bodegasprotos\\\/\",\"https:\\\/\\\/pinterest.com\\\/BodegasProtos\\\/\",\"http:\\\/\\\/www.youtube.com\\\/user\\\/BodegasProtos\",\"https:\\\/\\\/es.wikipedia.org\\\/wiki\\\/Bodegas_Protos\"]},{\"@type\":\"Person\",\"@id\":\"https:\\\/\\\/www.bodegasprotos.com\\\/es\\\/#\\\/schema\\\/person\\\/6cb69a08afa14171755cee0df7d20027\",\"name\":\"Bodegas Protos (F)\",\"image\":{\"@type\":\"ImageObject\",\"inLanguage\":\"es\",\"@id\":\"https:\\\/\\\/secure.gravatar.com\\\/avatar\\\/cc613a9fd2ee203f402357c1b4aa2b7c041016cbf1eab1e41bde410b2ebd7f94?s=96&d=mm&r=g\",\"url\":\"https:\\\/\\\/secure.gravatar.com\\\/avatar\\\/cc613a9fd2ee203f402357c1b4aa2b7c041016cbf1eab1e41bde410b2ebd7f94?s=96&d=mm&r=g\",\"contentUrl\":\"https:\\\/\\\/secure.gravatar.com\\\/avatar\\\/cc613a9fd2ee203f402357c1b4aa2b7c041016cbf1eab1e41bde410b2ebd7f94?s=96&d=mm&r=g\",\"caption\":\"Bodegas Protos (F)\"},\"sameAs\":[\"https:\\\/\\\/www.bodegasprotos.com\"]}]}<\/script>\n<!-- \/ Yoast SEO plugin. -->","yoast_head_json":{"title":"Un libro, un Protos - Bodegas Protos","description":"El d\u00eda 13 de noviembre, se celebra el D\u00eda de las librer\u00edas. Un d\u00eda en el que todos los libreros conmemoran al mundo de las letras, a los escritores,","robots":{"index":"index","follow":"follow","max-snippet":"max-snippet:-1","max-image-preview":"max-image-preview:large","max-video-preview":"max-video-preview:-1"},"canonical":"https:\/\/www.bodegasprotos.com\/es\/blog\/un-libro-un-protos\/","og_locale":"es_ES","og_type":"article","og_title":"Un libro, un Protos - Bodegas Protos","og_description":"El d\u00eda 13 de noviembre, se celebra el D\u00eda de las librer\u00edas. Un d\u00eda en el que todos los libreros conmemoran al mundo de las letras, a los escritores,","og_url":"https:\/\/www.bodegasprotos.com\/es\/blog\/un-libro-un-protos\/","og_site_name":"Bodegas Protos","article_publisher":"https:\/\/www.facebook.com\/BodegasProtos","article_published_time":"2020-11-06T10:30:33+00:00","og_image":[{"width":1707,"height":2560,"url":"https:\/\/www.bodegasprotos.com\/wp-content\/uploads\/2020\/11\/Foto-2-scaled.jpg","type":"image\/jpeg"}],"author":"Bodegas Protos (F)","twitter_card":"summary_large_image","twitter_creator":"@Bodegas_Protos","twitter_site":"@Bodegas_Protos","twitter_misc":{"Escrito por":"Bodegas Protos (F)","Tiempo de lectura":"2 minutos"},"schema":{"@context":"https:\/\/schema.org","@graph":[{"@type":"Article","@id":"https:\/\/www.bodegasprotos.com\/es\/blog\/un-libro-un-protos\/#article","isPartOf":{"@id":"https:\/\/www.bodegasprotos.com\/es\/blog\/un-libro-un-protos\/"},"author":{"name":"Bodegas Protos (F)","@id":"https:\/\/www.bodegasprotos.com\/es\/#\/schema\/person\/6cb69a08afa14171755cee0df7d20027"},"headline":"Un libro, un Protos","datePublished":"2020-11-06T10:30:33+00:00","mainEntityOfPage":{"@id":"https:\/\/www.bodegasprotos.com\/es\/blog\/un-libro-un-protos\/"},"wordCount":424,"publisher":{"@id":"https:\/\/www.bodegasprotos.com\/es\/#organization"},"image":{"@id":"https:\/\/www.bodegasprotos.com\/es\/blog\/un-libro-un-protos\/#primaryimage"},"thumbnailUrl":"https:\/\/www.bodegasprotos.com\/wp-content\/uploads\/2020\/11\/Foto-2-scaled.jpg","articleSection":["Blog"],"inLanguage":"es"},{"@type":"WebPage","@id":"https:\/\/www.bodegasprotos.com\/es\/blog\/un-libro-un-protos\/","url":"https:\/\/www.bodegasprotos.com\/es\/blog\/un-libro-un-protos\/","name":"Un libro, un Protos - Bodegas Protos","isPartOf":{"@id":"https:\/\/www.bodegasprotos.com\/es\/#website"},"primaryImageOfPage":{"@id":"https:\/\/www.bodegasprotos.com\/es\/blog\/un-libro-un-protos\/#primaryimage"},"image":{"@id":"https:\/\/www.bodegasprotos.com\/es\/blog\/un-libro-un-protos\/#primaryimage"},"thumbnailUrl":"https:\/\/www.bodegasprotos.com\/wp-content\/uploads\/2020\/11\/Foto-2-scaled.jpg","datePublished":"2020-11-06T10:30:33+00:00","description":"El d\u00eda 13 de noviembre, se celebra el D\u00eda de las librer\u00edas. Un d\u00eda en el que todos los libreros conmemoran al mundo de las letras, a los escritores,","breadcrumb":{"@id":"https:\/\/www.bodegasprotos.com\/es\/blog\/un-libro-un-protos\/#breadcrumb"},"inLanguage":"es","potentialAction":[{"@type":"ReadAction","target":["https:\/\/www.bodegasprotos.com\/es\/blog\/un-libro-un-protos\/"]}]},{"@type":"ImageObject","inLanguage":"es","@id":"https:\/\/www.bodegasprotos.com\/es\/blog\/un-libro-un-protos\/#primaryimage","url":"https:\/\/www.bodegasprotos.com\/wp-content\/uploads\/2020\/11\/Foto-2-scaled.jpg","contentUrl":"https:\/\/www.bodegasprotos.com\/wp-content\/uploads\/2020\/11\/Foto-2-scaled.jpg","width":1707,"height":2560,"caption":"un libro un protos"},{"@type":"BreadcrumbList","@id":"https:\/\/www.bodegasprotos.com\/es\/blog\/un-libro-un-protos\/#breadcrumb","itemListElement":[{"@type":"ListItem","position":1,"name":"Portada","item":"https:\/\/www.bodegasprotos.com\/es\/"},{"@type":"ListItem","position":2,"name":"Un libro, un Protos"}]},{"@type":"WebSite","@id":"https:\/\/www.bodegasprotos.com\/es\/#website","url":"https:\/\/www.bodegasprotos.com\/es\/","name":"Bodegas Protos","description":"Vinos de la Denominaci\u00f3n de Origen Ribera del Duero, Rueda y Cigales","publisher":{"@id":"https:\/\/www.bodegasprotos.com\/es\/#organization"},"potentialAction":[{"@type":"SearchAction","target":{"@type":"EntryPoint","urlTemplate":"https:\/\/www.bodegasprotos.com\/es\/?s={search_term_string}"},"query-input":{"@type":"PropertyValueSpecification","valueRequired":true,"valueName":"search_term_string"}}],"inLanguage":"es"},{"@type":"Organization","@id":"https:\/\/www.bodegasprotos.com\/es\/#organization","name":"Bodegas Protos","url":"https:\/\/www.bodegasprotos.com\/es\/","logo":{"@type":"ImageObject","inLanguage":"es","@id":"https:\/\/www.bodegasprotos.com\/es\/#\/schema\/logo\/image\/","url":"https:\/\/www.bodegasprotos.com\/wp-content\/uploads\/2024\/06\/PROTOS-LOGOS-VERSIONES-13.png","contentUrl":"https:\/\/www.bodegasprotos.com\/wp-content\/uploads\/2024\/06\/PROTOS-LOGOS-VERSIONES-13.png","width":2362,"height":2362,"caption":"Bodegas Protos"},"image":{"@id":"https:\/\/www.bodegasprotos.com\/es\/#\/schema\/logo\/image\/"},"sameAs":["https:\/\/www.facebook.com\/BodegasProtos","https:\/\/x.com\/Bodegas_Protos","https:\/\/www.instagram.com\/bodegasprotosoficial\/","https:\/\/www.linkedin.com\/company\/bodegasprotos\/","https:\/\/pinterest.com\/BodegasProtos\/","http:\/\/www.youtube.com\/user\/BodegasProtos","https:\/\/es.wikipedia.org\/wiki\/Bodegas_Protos"]},{"@type":"Person","@id":"https:\/\/www.bodegasprotos.com\/es\/#\/schema\/person\/6cb69a08afa14171755cee0df7d20027","name":"Bodegas Protos (F)","image":{"@type":"ImageObject","inLanguage":"es","@id":"https:\/\/secure.gravatar.com\/avatar\/cc613a9fd2ee203f402357c1b4aa2b7c041016cbf1eab1e41bde410b2ebd7f94?s=96&d=mm&r=g","url":"https:\/\/secure.gravatar.com\/avatar\/cc613a9fd2ee203f402357c1b4aa2b7c041016cbf1eab1e41bde410b2ebd7f94?s=96&d=mm&r=g","contentUrl":"https:\/\/secure.gravatar.com\/avatar\/cc613a9fd2ee203f402357c1b4aa2b7c041016cbf1eab1e41bde410b2ebd7f94?s=96&d=mm&r=g","caption":"Bodegas Protos (F)"},"sameAs":["https:\/\/www.bodegasprotos.com"]}]}},"_links":{"self":[{"href":"https:\/\/www.bodegasprotos.com\/es\/wp-json\/wp\/v2\/posts\/30096","targetHints":{"allow":["GET"]}}],"collection":[{"href":"https:\/\/www.bodegasprotos.com\/es\/wp-json\/wp\/v2\/posts"}],"about":[{"href":"https:\/\/www.bodegasprotos.com\/es\/wp-json\/wp\/v2\/types\/post"}],"author":[{"embeddable":true,"href":"https:\/\/www.bodegasprotos.com\/es\/wp-json\/wp\/v2\/users\/3"}],"replies":[{"embeddable":true,"href":"https:\/\/www.bodegasprotos.com\/es\/wp-json\/wp\/v2\/comments?post=30096"}],"version-history":[{"count":0,"href":"https:\/\/www.bodegasprotos.com\/es\/wp-json\/wp\/v2\/posts\/30096\/revisions"}],"wp:featuredmedia":[{"embeddable":true,"href":"https:\/\/www.bodegasprotos.com\/es\/wp-json\/wp\/v2\/media\/30098"}],"wp:attachment":[{"href":"https:\/\/www.bodegasprotos.com\/es\/wp-json\/wp\/v2\/media?parent=30096"}],"wp:term":[{"taxonomy":"category","embeddable":true,"href":"https:\/\/www.bodegasprotos.com\/es\/wp-json\/wp\/v2\/categories?post=30096"},{"taxonomy":"post_tag","embeddable":true,"href":"https:\/\/www.bodegasprotos.com\/es\/wp-json\/wp\/v2\/tags?post=30096"}],"curies":[{"name":"wp","href":"https:\/\/api.w.org\/{rel}","templated":true}]}}