{"id":30016,"date":"2020-10-27T11:14:30","date_gmt":"2020-10-27T10:14:30","guid":{"rendered":"https:\/\/www.bodegasprotos.com\/?p=30016"},"modified":"2020-10-27T11:14:30","modified_gmt":"2020-10-27T10:14:30","slug":"ronda-de-oros-para-nuestros-vinos","status":"publish","type":"post","link":"https:\/\/www.bodegasprotos.com\/es\/en-portada\/ronda-de-oros-para-nuestros-vinos\/","title":{"rendered":"Ronda de Oros para nuestros vinos"},"content":{"rendered":"<p>\u00a1Estamos de enhorabuena!, ronda de Oros para dos de nuestros vinos en diferentes concursos internacionales.<\/p>\n<p><strong>El prestigioso concurso alem\u00e1n<\/strong> <strong><a href=\"https:\/\/www.bioweinpreis.de\/es\/\">Bioweinpreis<\/a>, <\/strong>dedicado solo a vinos de cultivos ecol\u00f3gicos, realizado por PAR\u00ae y autorizado por la Uni\u00f3n Europea<strong>, <\/strong>ha publicado sus resultados, otorg\u00e1ndole a <a href=\"https:\/\/www.bodegasprotos.com\/es\/vino\/protos-verdejo-ecologico\/\"><strong>Protos Verdejo Ecol\u00f3gico<\/strong><\/a> su primera medalla de oro desde que sali\u00f3 al mercado.<\/p>\n<p>Protos<\/p>\n<div id=\"attachment_30019\" style=\"width: 136px\" class=\"wp-caption aligncenter\"><img decoding=\"async\" aria-describedby=\"caption-attachment-30019\" class=\"size-medium wp-image-30019\" src=\"https:\/\/www.bodegasprotos.com\/wp-content\/uploads\/2020\/10\/Protos_Verdejo_ecologico_medalla-oro-126x300.jpg\" alt=\"medalla de oro Protos Verdejo ecol\u00f3gico en Bioweinpreis\" width=\"126\" height=\"300\" srcset=\"https:\/\/www.bodegasprotos.com\/wp-content\/uploads\/2020\/10\/Protos_Verdejo_ecologico_medalla-oro-126x300.jpg 126w, https:\/\/www.bodegasprotos.com\/wp-content\/uploads\/2020\/10\/Protos_Verdejo_ecologico_medalla-oro-429x1024.jpg 429w, https:\/\/www.bodegasprotos.com\/wp-content\/uploads\/2020\/10\/Protos_Verdejo_ecologico_medalla-oro-768x1832.jpg 768w, https:\/\/www.bodegasprotos.com\/wp-content\/uploads\/2020\/10\/Protos_Verdejo_ecologico_medalla-oro-644x1536.jpg 644w, https:\/\/www.bodegasprotos.com\/wp-content\/uploads\/2020\/10\/Protos_Verdejo_ecologico_medalla-oro-858x2048.jpg 858w, https:\/\/www.bodegasprotos.com\/wp-content\/uploads\/2020\/10\/Protos_Verdejo_ecologico_medalla-oro-scaled.jpg 1073w\" sizes=\"(max-width: 126px) 100vw, 126px\" \/><p id=\"caption-attachment-30019\" class=\"wp-caption-text\">medalla de oro Protos Verdejo ecol\u00f3gico en Bioweinpreis<\/p><\/div>\n<p>Este reconocido certamen se ha convertido en uno de los referentes de calidad m\u00e1s importantes del sector desde su fundaci\u00f3n en el a\u00f1o 2009.<\/p>\n<p>El sistema de pruebas PAR\u00ae, reconocido a nivel mundial para realizar las catas, bajo la direcci\u00f3n del experto sensorial y desarrollador del PAR\u00ae Martin Darting, son la clave para conceder a este concurso la fiabilidad, confianza y respeto en el sector.<\/p>\n<p><strong>Protos Verdejo Ecol\u00f3gico 2019<\/strong> se trata del primer vino ecol\u00f3gico blanco elaborado por la bodega.<\/p>\n<p>Por otro lado, <a href=\"https:\/\/www.bodegasprotos.com\/es\/vino\/crianza\/\"><strong>Protos Crianza 2016<\/strong><\/a> ha sido galardonado con la Medalla de Oro en ExpoVinos Colombia. Desde 2006, Este certamen se ha convertido en un espacio para la promoci\u00f3n del conocimiento del vino y su cultura, realizando diferentes charlas, conferencias y clases, impartidas por especialistas nacionales e internacionales del mundo de la enolog\u00eda. En 2020, se han celebrado de manera virtual m\u00e1s 40 conferencias con expertos, chefs\u00a0 estrella de Medell\u00edn, Bogot\u00e1 y Cartagena.<\/p>\n<div id=\"attachment_28549\" style=\"width: 233px\" class=\"wp-caption aligncenter\"><img fetchpriority=\"high\" decoding=\"async\" aria-describedby=\"caption-attachment-28549\" class=\"size-medium wp-image-28549\" src=\"https:\/\/www.bodegasprotos.com\/wp-content\/uploads\/2020\/04\/Protos-Crianza-204x300.jpg\" alt=\"Protos Crianza\" width=\"223\" height=\"300\" \/><p id=\"caption-attachment-28549\" class=\"wp-caption-text\">Protos Crianza<\/p><\/div>\n<p>Dentro de este marco, <a href=\"https:\/\/www.larepublica.co\/ocio\/hoy-inician-las-catas-a-ciegas-de-expovinos-con-las-que-se-elegira-la-mejor-etiqueta-3077927\">Expovinos 2020 ha contado con sus tradicionales catas a ciegas<\/a> donde 9 jurados expertos evaluaron los vinos en 16 categor\u00edas, en las que Protos Crianza 2016 ha sido distinguido con la Medalla de Oro.<\/p>\n<p>&nbsp;<\/p>\n","protected":false},"excerpt":{"rendered":"<p>\u00a1Estamos de enhorabuena!, ronda de Oros para dos de nuestros vinos en diferentes concursos internacionales. El prestigioso concurso&#8230;<\/p>\n","protected":false},"author":3,"featured_media":30017,"comment_status":"closed","ping_status":"closed","sticky":false,"template":"","format":"standard","meta":{"_acf_changed":false,"footnotes":""},"categories":[88,94],"tags":[],"class_list":["post-30016","post","type-post","status-publish","format-standard","has-post-thumbnail","hentry","category-en-portada","category-notas-de-prensa"],"acf":[],"yoast_head":"<!-- This site is optimized with the Yoast SEO plugin v27.5 - https:\/\/yoast.com\/product\/yoast-seo-wordpress\/ -->\n<title>Ronda de Oros para nuestros vinos - Bodegas Protos<\/title>\n<meta name=\"description\" content=\"\u00a1Estamos de enhorabuena!, ronda de Oros para dos de nuestros vinos en diferentes concursos internacionales. El prestigioso concurso alem\u00e1n Bioweinpreis,\" \/>\n<meta name=\"robots\" content=\"index, follow, max-snippet:-1, max-image-preview:large, max-video-preview:-1\" \/>\n<link rel=\"canonical\" href=\"https:\/\/www.bodegasprotos.com\/es\/en-portada\/ronda-de-oros-para-nuestros-vinos\/\" \/>\n<meta property=\"og:locale\" content=\"es_ES\" \/>\n<meta property=\"og:type\" content=\"article\" \/>\n<meta property=\"og:title\" content=\"Ronda de Oros para nuestros vinos - Bodegas Protos\" \/>\n<meta property=\"og:description\" content=\"\u00a1Estamos de enhorabuena!, ronda de Oros para dos de nuestros vinos en diferentes concursos internacionales. El prestigioso concurso alem\u00e1n Bioweinpreis,\" \/>\n<meta property=\"og:url\" content=\"https:\/\/www.bodegasprotos.com\/es\/en-portada\/ronda-de-oros-para-nuestros-vinos\/\" \/>\n<meta property=\"og:site_name\" content=\"Bodegas Protos\" \/>\n<meta property=\"article:publisher\" content=\"https:\/\/www.facebook.com\/BodegasProtos\" \/>\n<meta property=\"article:published_time\" content=\"2020-10-27T10:14:30+00:00\" \/>\n<meta property=\"og:image\" content=\"https:\/\/www.bodegasprotos.com\/wp-content\/uploads\/2020\/10\/medalla-oro-verdejo-ecologico.png\" \/>\n\t<meta property=\"og:image:width\" content=\"331\" \/>\n\t<meta property=\"og:image:height\" content=\"331\" \/>\n\t<meta property=\"og:image:type\" content=\"image\/png\" \/>\n<meta name=\"author\" content=\"Bodegas Protos (F)\" \/>\n<meta name=\"twitter:card\" content=\"summary_large_image\" \/>\n<meta name=\"twitter:creator\" content=\"@Bodegas_Protos\" \/>\n<meta name=\"twitter:site\" content=\"@Bodegas_Protos\" \/>\n<meta name=\"twitter:label1\" content=\"Escrito por\" \/>\n\t<meta name=\"twitter:data1\" content=\"Bodegas Protos (F)\" \/>\n\t<meta name=\"twitter:label2\" content=\"Tiempo de lectura\" \/>\n\t<meta name=\"twitter:data2\" content=\"1 minuto\" \/>\n<script type=\"application\/ld+json\" class=\"yoast-schema-graph\">{\"@context\":\"https:\\\/\\\/schema.org\",\"@graph\":[{\"@type\":\"Article\",\"@id\":\"https:\\\/\\\/www.bodegasprotos.com\\\/es\\\/en-portada\\\/ronda-de-oros-para-nuestros-vinos\\\/#article\",\"isPartOf\":{\"@id\":\"https:\\\/\\\/www.bodegasprotos.com\\\/es\\\/en-portada\\\/ronda-de-oros-para-nuestros-vinos\\\/\"},\"author\":{\"name\":\"Bodegas Protos (F)\",\"@id\":\"https:\\\/\\\/www.bodegasprotos.com\\\/es\\\/#\\\/schema\\\/person\\\/6cb69a08afa14171755cee0df7d20027\"},\"headline\":\"Ronda de Oros para nuestros vinos\",\"datePublished\":\"2020-10-27T10:14:30+00:00\",\"mainEntityOfPage\":{\"@id\":\"https:\\\/\\\/www.bodegasprotos.com\\\/es\\\/en-portada\\\/ronda-de-oros-para-nuestros-vinos\\\/\"},\"wordCount\":286,\"publisher\":{\"@id\":\"https:\\\/\\\/www.bodegasprotos.com\\\/es\\\/#organization\"},\"image\":{\"@id\":\"https:\\\/\\\/www.bodegasprotos.com\\\/es\\\/en-portada\\\/ronda-de-oros-para-nuestros-vinos\\\/#primaryimage\"},\"thumbnailUrl\":\"https:\\\/\\\/www.bodegasprotos.com\\\/wp-content\\\/uploads\\\/2020\\\/10\\\/medalla-oro-verdejo-ecologico.png\",\"articleSection\":[\"En portada\",\"Notas de Prensa\"],\"inLanguage\":\"es\"},{\"@type\":\"WebPage\",\"@id\":\"https:\\\/\\\/www.bodegasprotos.com\\\/es\\\/en-portada\\\/ronda-de-oros-para-nuestros-vinos\\\/\",\"url\":\"https:\\\/\\\/www.bodegasprotos.com\\\/es\\\/en-portada\\\/ronda-de-oros-para-nuestros-vinos\\\/\",\"name\":\"Ronda de Oros para nuestros vinos - Bodegas Protos\",\"isPartOf\":{\"@id\":\"https:\\\/\\\/www.bodegasprotos.com\\\/es\\\/#website\"},\"primaryImageOfPage\":{\"@id\":\"https:\\\/\\\/www.bodegasprotos.com\\\/es\\\/en-portada\\\/ronda-de-oros-para-nuestros-vinos\\\/#primaryimage\"},\"image\":{\"@id\":\"https:\\\/\\\/www.bodegasprotos.com\\\/es\\\/en-portada\\\/ronda-de-oros-para-nuestros-vinos\\\/#primaryimage\"},\"thumbnailUrl\":\"https:\\\/\\\/www.bodegasprotos.com\\\/wp-content\\\/uploads\\\/2020\\\/10\\\/medalla-oro-verdejo-ecologico.png\",\"datePublished\":\"2020-10-27T10:14:30+00:00\",\"description\":\"\u00a1Estamos de enhorabuena!, ronda de Oros para dos de nuestros vinos en diferentes concursos internacionales. El prestigioso concurso alem\u00e1n Bioweinpreis,\",\"breadcrumb\":{\"@id\":\"https:\\\/\\\/www.bodegasprotos.com\\\/es\\\/en-portada\\\/ronda-de-oros-para-nuestros-vinos\\\/#breadcrumb\"},\"inLanguage\":\"es\",\"potentialAction\":[{\"@type\":\"ReadAction\",\"target\":[\"https:\\\/\\\/www.bodegasprotos.com\\\/es\\\/en-portada\\\/ronda-de-oros-para-nuestros-vinos\\\/\"]}]},{\"@type\":\"ImageObject\",\"inLanguage\":\"es\",\"@id\":\"https:\\\/\\\/www.bodegasprotos.com\\\/es\\\/en-portada\\\/ronda-de-oros-para-nuestros-vinos\\\/#primaryimage\",\"url\":\"https:\\\/\\\/www.bodegasprotos.com\\\/wp-content\\\/uploads\\\/2020\\\/10\\\/medalla-oro-verdejo-ecologico.png\",\"contentUrl\":\"https:\\\/\\\/www.bodegasprotos.com\\\/wp-content\\\/uploads\\\/2020\\\/10\\\/medalla-oro-verdejo-ecologico.png\",\"width\":331,\"height\":331,\"caption\":\"Medalla de oro International Organic Wine Award\"},{\"@type\":\"BreadcrumbList\",\"@id\":\"https:\\\/\\\/www.bodegasprotos.com\\\/es\\\/en-portada\\\/ronda-de-oros-para-nuestros-vinos\\\/#breadcrumb\",\"itemListElement\":[{\"@type\":\"ListItem\",\"position\":1,\"name\":\"Portada\",\"item\":\"https:\\\/\\\/www.bodegasprotos.com\\\/es\\\/\"},{\"@type\":\"ListItem\",\"position\":2,\"name\":\"Ronda de Oros para nuestros vinos\"}]},{\"@type\":\"WebSite\",\"@id\":\"https:\\\/\\\/www.bodegasprotos.com\\\/es\\\/#website\",\"url\":\"https:\\\/\\\/www.bodegasprotos.com\\\/es\\\/\",\"name\":\"Bodegas Protos\",\"description\":\"Vinos de la Denominaci\u00f3n de Origen Ribera del Duero, Rueda y Cigales\",\"publisher\":{\"@id\":\"https:\\\/\\\/www.bodegasprotos.com\\\/es\\\/#organization\"},\"potentialAction\":[{\"@type\":\"SearchAction\",\"target\":{\"@type\":\"EntryPoint\",\"urlTemplate\":\"https:\\\/\\\/www.bodegasprotos.com\\\/es\\\/?s={search_term_string}\"},\"query-input\":{\"@type\":\"PropertyValueSpecification\",\"valueRequired\":true,\"valueName\":\"search_term_string\"}}],\"inLanguage\":\"es\"},{\"@type\":\"Organization\",\"@id\":\"https:\\\/\\\/www.bodegasprotos.com\\\/es\\\/#organization\",\"name\":\"Bodegas Protos\",\"url\":\"https:\\\/\\\/www.bodegasprotos.com\\\/es\\\/\",\"logo\":{\"@type\":\"ImageObject\",\"inLanguage\":\"es\",\"@id\":\"https:\\\/\\\/www.bodegasprotos.com\\\/es\\\/#\\\/schema\\\/logo\\\/image\\\/\",\"url\":\"https:\\\/\\\/www.bodegasprotos.com\\\/wp-content\\\/uploads\\\/2024\\\/06\\\/PROTOS-LOGOS-VERSIONES-13.png\",\"contentUrl\":\"https:\\\/\\\/www.bodegasprotos.com\\\/wp-content\\\/uploads\\\/2024\\\/06\\\/PROTOS-LOGOS-VERSIONES-13.png\",\"width\":2362,\"height\":2362,\"caption\":\"Bodegas Protos\"},\"image\":{\"@id\":\"https:\\\/\\\/www.bodegasprotos.com\\\/es\\\/#\\\/schema\\\/logo\\\/image\\\/\"},\"sameAs\":[\"https:\\\/\\\/www.facebook.com\\\/BodegasProtos\",\"https:\\\/\\\/x.com\\\/Bodegas_Protos\",\"https:\\\/\\\/www.instagram.com\\\/bodegasprotosoficial\\\/\",\"https:\\\/\\\/www.linkedin.com\\\/company\\\/bodegasprotos\\\/\",\"https:\\\/\\\/pinterest.com\\\/BodegasProtos\\\/\",\"http:\\\/\\\/www.youtube.com\\\/user\\\/BodegasProtos\",\"https:\\\/\\\/es.wikipedia.org\\\/wiki\\\/Bodegas_Protos\"]},{\"@type\":\"Person\",\"@id\":\"https:\\\/\\\/www.bodegasprotos.com\\\/es\\\/#\\\/schema\\\/person\\\/6cb69a08afa14171755cee0df7d20027\",\"name\":\"Bodegas Protos (F)\",\"image\":{\"@type\":\"ImageObject\",\"inLanguage\":\"es\",\"@id\":\"https:\\\/\\\/secure.gravatar.com\\\/avatar\\\/cc613a9fd2ee203f402357c1b4aa2b7c041016cbf1eab1e41bde410b2ebd7f94?s=96&d=mm&r=g\",\"url\":\"https:\\\/\\\/secure.gravatar.com\\\/avatar\\\/cc613a9fd2ee203f402357c1b4aa2b7c041016cbf1eab1e41bde410b2ebd7f94?s=96&d=mm&r=g\",\"contentUrl\":\"https:\\\/\\\/secure.gravatar.com\\\/avatar\\\/cc613a9fd2ee203f402357c1b4aa2b7c041016cbf1eab1e41bde410b2ebd7f94?s=96&d=mm&r=g\",\"caption\":\"Bodegas Protos (F)\"},\"sameAs\":[\"https:\\\/\\\/www.bodegasprotos.com\"]}]}<\/script>\n<!-- \/ Yoast SEO plugin. -->","yoast_head_json":{"title":"Ronda de Oros para nuestros vinos - Bodegas Protos","description":"\u00a1Estamos de enhorabuena!, ronda de Oros para dos de nuestros vinos en diferentes concursos internacionales. El prestigioso concurso alem\u00e1n Bioweinpreis,","robots":{"index":"index","follow":"follow","max-snippet":"max-snippet:-1","max-image-preview":"max-image-preview:large","max-video-preview":"max-video-preview:-1"},"canonical":"https:\/\/www.bodegasprotos.com\/es\/en-portada\/ronda-de-oros-para-nuestros-vinos\/","og_locale":"es_ES","og_type":"article","og_title":"Ronda de Oros para nuestros vinos - Bodegas Protos","og_description":"\u00a1Estamos de enhorabuena!, ronda de Oros para dos de nuestros vinos en diferentes concursos internacionales. El prestigioso concurso alem\u00e1n Bioweinpreis,","og_url":"https:\/\/www.bodegasprotos.com\/es\/en-portada\/ronda-de-oros-para-nuestros-vinos\/","og_site_name":"Bodegas Protos","article_publisher":"https:\/\/www.facebook.com\/BodegasProtos","article_published_time":"2020-10-27T10:14:30+00:00","og_image":[{"width":331,"height":331,"url":"https:\/\/www.bodegasprotos.com\/wp-content\/uploads\/2020\/10\/medalla-oro-verdejo-ecologico.png","type":"image\/png"}],"author":"Bodegas Protos (F)","twitter_card":"summary_large_image","twitter_creator":"@Bodegas_Protos","twitter_site":"@Bodegas_Protos","twitter_misc":{"Escrito por":"Bodegas Protos (F)","Tiempo de lectura":"1 minuto"},"schema":{"@context":"https:\/\/schema.org","@graph":[{"@type":"Article","@id":"https:\/\/www.bodegasprotos.com\/es\/en-portada\/ronda-de-oros-para-nuestros-vinos\/#article","isPartOf":{"@id":"https:\/\/www.bodegasprotos.com\/es\/en-portada\/ronda-de-oros-para-nuestros-vinos\/"},"author":{"name":"Bodegas Protos (F)","@id":"https:\/\/www.bodegasprotos.com\/es\/#\/schema\/person\/6cb69a08afa14171755cee0df7d20027"},"headline":"Ronda de Oros para nuestros vinos","datePublished":"2020-10-27T10:14:30+00:00","mainEntityOfPage":{"@id":"https:\/\/www.bodegasprotos.com\/es\/en-portada\/ronda-de-oros-para-nuestros-vinos\/"},"wordCount":286,"publisher":{"@id":"https:\/\/www.bodegasprotos.com\/es\/#organization"},"image":{"@id":"https:\/\/www.bodegasprotos.com\/es\/en-portada\/ronda-de-oros-para-nuestros-vinos\/#primaryimage"},"thumbnailUrl":"https:\/\/www.bodegasprotos.com\/wp-content\/uploads\/2020\/10\/medalla-oro-verdejo-ecologico.png","articleSection":["En portada","Notas de Prensa"],"inLanguage":"es"},{"@type":"WebPage","@id":"https:\/\/www.bodegasprotos.com\/es\/en-portada\/ronda-de-oros-para-nuestros-vinos\/","url":"https:\/\/www.bodegasprotos.com\/es\/en-portada\/ronda-de-oros-para-nuestros-vinos\/","name":"Ronda de Oros para nuestros vinos - Bodegas Protos","isPartOf":{"@id":"https:\/\/www.bodegasprotos.com\/es\/#website"},"primaryImageOfPage":{"@id":"https:\/\/www.bodegasprotos.com\/es\/en-portada\/ronda-de-oros-para-nuestros-vinos\/#primaryimage"},"image":{"@id":"https:\/\/www.bodegasprotos.com\/es\/en-portada\/ronda-de-oros-para-nuestros-vinos\/#primaryimage"},"thumbnailUrl":"https:\/\/www.bodegasprotos.com\/wp-content\/uploads\/2020\/10\/medalla-oro-verdejo-ecologico.png","datePublished":"2020-10-27T10:14:30+00:00","description":"\u00a1Estamos de enhorabuena!, ronda de Oros para dos de nuestros vinos en diferentes concursos internacionales. El prestigioso concurso alem\u00e1n Bioweinpreis,","breadcrumb":{"@id":"https:\/\/www.bodegasprotos.com\/es\/en-portada\/ronda-de-oros-para-nuestros-vinos\/#breadcrumb"},"inLanguage":"es","potentialAction":[{"@type":"ReadAction","target":["https:\/\/www.bodegasprotos.com\/es\/en-portada\/ronda-de-oros-para-nuestros-vinos\/"]}]},{"@type":"ImageObject","inLanguage":"es","@id":"https:\/\/www.bodegasprotos.com\/es\/en-portada\/ronda-de-oros-para-nuestros-vinos\/#primaryimage","url":"https:\/\/www.bodegasprotos.com\/wp-content\/uploads\/2020\/10\/medalla-oro-verdejo-ecologico.png","contentUrl":"https:\/\/www.bodegasprotos.com\/wp-content\/uploads\/2020\/10\/medalla-oro-verdejo-ecologico.png","width":331,"height":331,"caption":"Medalla de oro International Organic Wine Award"},{"@type":"BreadcrumbList","@id":"https:\/\/www.bodegasprotos.com\/es\/en-portada\/ronda-de-oros-para-nuestros-vinos\/#breadcrumb","itemListElement":[{"@type":"ListItem","position":1,"name":"Portada","item":"https:\/\/www.bodegasprotos.com\/es\/"},{"@type":"ListItem","position":2,"name":"Ronda de Oros para nuestros vinos"}]},{"@type":"WebSite","@id":"https:\/\/www.bodegasprotos.com\/es\/#website","url":"https:\/\/www.bodegasprotos.com\/es\/","name":"Bodegas Protos","description":"Vinos de la Denominaci\u00f3n de Origen Ribera del Duero, Rueda y Cigales","publisher":{"@id":"https:\/\/www.bodegasprotos.com\/es\/#organization"},"potentialAction":[{"@type":"SearchAction","target":{"@type":"EntryPoint","urlTemplate":"https:\/\/www.bodegasprotos.com\/es\/?s={search_term_string}"},"query-input":{"@type":"PropertyValueSpecification","valueRequired":true,"valueName":"search_term_string"}}],"inLanguage":"es"},{"@type":"Organization","@id":"https:\/\/www.bodegasprotos.com\/es\/#organization","name":"Bodegas Protos","url":"https:\/\/www.bodegasprotos.com\/es\/","logo":{"@type":"ImageObject","inLanguage":"es","@id":"https:\/\/www.bodegasprotos.com\/es\/#\/schema\/logo\/image\/","url":"https:\/\/www.bodegasprotos.com\/wp-content\/uploads\/2024\/06\/PROTOS-LOGOS-VERSIONES-13.png","contentUrl":"https:\/\/www.bodegasprotos.com\/wp-content\/uploads\/2024\/06\/PROTOS-LOGOS-VERSIONES-13.png","width":2362,"height":2362,"caption":"Bodegas Protos"},"image":{"@id":"https:\/\/www.bodegasprotos.com\/es\/#\/schema\/logo\/image\/"},"sameAs":["https:\/\/www.facebook.com\/BodegasProtos","https:\/\/x.com\/Bodegas_Protos","https:\/\/www.instagram.com\/bodegasprotosoficial\/","https:\/\/www.linkedin.com\/company\/bodegasprotos\/","https:\/\/pinterest.com\/BodegasProtos\/","http:\/\/www.youtube.com\/user\/BodegasProtos","https:\/\/es.wikipedia.org\/wiki\/Bodegas_Protos"]},{"@type":"Person","@id":"https:\/\/www.bodegasprotos.com\/es\/#\/schema\/person\/6cb69a08afa14171755cee0df7d20027","name":"Bodegas Protos (F)","image":{"@type":"ImageObject","inLanguage":"es","@id":"https:\/\/secure.gravatar.com\/avatar\/cc613a9fd2ee203f402357c1b4aa2b7c041016cbf1eab1e41bde410b2ebd7f94?s=96&d=mm&r=g","url":"https:\/\/secure.gravatar.com\/avatar\/cc613a9fd2ee203f402357c1b4aa2b7c041016cbf1eab1e41bde410b2ebd7f94?s=96&d=mm&r=g","contentUrl":"https:\/\/secure.gravatar.com\/avatar\/cc613a9fd2ee203f402357c1b4aa2b7c041016cbf1eab1e41bde410b2ebd7f94?s=96&d=mm&r=g","caption":"Bodegas Protos (F)"},"sameAs":["https:\/\/www.bodegasprotos.com"]}]}},"_links":{"self":[{"href":"https:\/\/www.bodegasprotos.com\/es\/wp-json\/wp\/v2\/posts\/30016","targetHints":{"allow":["GET"]}}],"collection":[{"href":"https:\/\/www.bodegasprotos.com\/es\/wp-json\/wp\/v2\/posts"}],"about":[{"href":"https:\/\/www.bodegasprotos.com\/es\/wp-json\/wp\/v2\/types\/post"}],"author":[{"embeddable":true,"href":"https:\/\/www.bodegasprotos.com\/es\/wp-json\/wp\/v2\/users\/3"}],"replies":[{"embeddable":true,"href":"https:\/\/www.bodegasprotos.com\/es\/wp-json\/wp\/v2\/comments?post=30016"}],"version-history":[{"count":0,"href":"https:\/\/www.bodegasprotos.com\/es\/wp-json\/wp\/v2\/posts\/30016\/revisions"}],"wp:featuredmedia":[{"embeddable":true,"href":"https:\/\/www.bodegasprotos.com\/es\/wp-json\/wp\/v2\/media\/30017"}],"wp:attachment":[{"href":"https:\/\/www.bodegasprotos.com\/es\/wp-json\/wp\/v2\/media?parent=30016"}],"wp:term":[{"taxonomy":"category","embeddable":true,"href":"https:\/\/www.bodegasprotos.com\/es\/wp-json\/wp\/v2\/categories?post=30016"},{"taxonomy":"post_tag","embeddable":true,"href":"https:\/\/www.bodegasprotos.com\/es\/wp-json\/wp\/v2\/tags?post=30016"}],"curies":[{"name":"wp","href":"https:\/\/api.w.org\/{rel}","templated":true}]}}