{"id":29989,"date":"2020-10-21T11:00:31","date_gmt":"2020-10-21T09:00:31","guid":{"rendered":"https:\/\/www.bodegasprotos.com\/?p=29989"},"modified":"2020-10-27T10:51:50","modified_gmt":"2020-10-27T09:51:50","slug":"visita-especial-de-halloween","status":"publish","type":"post","link":"https:\/\/www.bodegasprotos.com\/es\/notas-de-prensa\/visita-especial-de-halloween\/","title":{"rendered":"Visita Especial de Halloween"},"content":{"rendered":"<div class=\"s11\"><span class=\"s10\"><span class=\"bumpedFont15\">Con una cata <\/span><\/span><span class=\"s10\"><span class=\"bumpedFont15\">que har\u00e1 las delicias de los amantes del vino<\/span><\/span><span class=\"s10\"><span class=\"bumpedFont15\">, <\/span><\/span><span class=\"s10\"><span class=\"bumpedFont15\">Protos <\/span><\/span><span class=\"s10\"><span class=\"bumpedFont15\">sorprender\u00e1 a sus visitantes con una <a href=\"https:\/\/blog.vinoseleccion.com\/vinos\/diferencia-cata-vertical-horizontal\/\">cata vertical<\/a> de una de las joyas de la bodega<\/span><\/span><span class=\"s10\"><span class=\"bumpedFont15\">, <\/span><\/span><span class=\"s10\"><span class=\"bumpedFont15\">Protos Gran Reserva<\/span><\/span><span class=\"s10\"><span class=\"bumpedFont15\">,<\/span><\/span><span class=\"s10\"><span class=\"bumpedFont15\"> y de<\/span><\/span><span class=\"s10\"><span class=\"bumpedFont15\"> unas<\/span><\/span><span class=\"s10\"><span class=\"bumpedFont15\"> a\u00f1adas muy particulares que ya no se pueden encontrar en el mercado.<\/span><\/span><\/div>\n<p class=\"s14\"><span class=\"s13\"><span class=\"bumpedFont15\">E<\/span><\/span><span class=\"s13\"><span class=\"bumpedFont15\">l s\u00e1bado 31 de octubre, a las 11.30 horas<\/span><\/span><span class=\"s13\"><span class=\"bumpedFont15\">,<\/span><\/span><span class=\"s13\"><span class=\"bumpedFont15\"> es el d\u00eda en que <\/span><\/span><span class=\"s13\"><span class=\"bumpedFont15\">Proto<\/span><\/span><span class=\"s13\"><span class=\"bumpedFont15\">s abrir\u00e1 las puertas <\/span><\/span><span class=\"s13\"><span class=\"bumpedFont15\">de la bodega para que todo amante del vino viva una experiencia \u00fanica y singular.<\/span><\/span><\/p>\n<p class=\"s14\"><span class=\"s13\"><span class=\"bumpedFont15\">E<\/span><\/span><span class=\"s13\"><span class=\"bumpedFont15\">l visitante contar\u00e1 con la posibilidad de visitar <\/span><\/span><span class=\"s13\"><span class=\"bumpedFont15\">dos de <\/span><\/span><span class=\"s13\"><span class=\"bumpedFont15\">sus bodegas, la de crianza<\/span><\/span><span class=\"s13\"><span class=\"bumpedFont15\">,<\/span><\/span><span class=\"s13\"><span class=\"bumpedFont15\"> que recorre el interior de la monta\u00f1a<\/span><\/span><span class=\"s13\"><span class=\"bumpedFont15\"> a trav\u00e9s de galer\u00edas subterr\u00e1neas<\/span><\/span><span class=\"s13\"><span class=\"bumpedFont15\"> y la bodega<\/span><\/span><span class=\"s13\"><span class=\"bumpedFont15\"> de vanguardia<\/span><\/span><span class=\"s13\"><span class=\"bumpedFont15\"> dise\u00f1ada por el<\/span><\/span><span class=\"s13\"><span class=\"bumpedFont15\"> prestigioso<\/span><\/span><span class=\"s13\"><span class=\"bumpedFont15\"> arquitecto<\/span><\/span><span class=\"s13\"><span class=\"bumpedFont15\"> Sir<\/span><\/span><span class=\"s13\"><span class=\"bumpedFont15\">Richard Rogers.<\/span><\/span> <span class=\"s13\"><span class=\"bumpedFont15\">Adem\u00e1s<\/span><\/span><span class=\"s13\"><span class=\"bumpedFont15\">\u00a0se decorar\u00e1 la bodega con algunos elementos t\u00edpicos de Halloween.<\/span><\/span><\/p>\n<p class=\"s14\"><span class=\"s13\"><span class=\"bumpedFont15\">El plato m\u00e1s fuerte llega despu\u00e9s<\/span><\/span><span class=\"s13\"><span class=\"bumpedFont15\">,<\/span><\/span><span class=\"s13\"><span class=\"bumpedFont15\"> con la <\/span><\/span><span class=\"s13\"><span class=\"bumpedFont15\">cata tan especial que Protos ha preparado.<\/span><\/span> <span class=\"s13\"><span class=\"bumpedFont15\">La bodega<\/span><\/span><span class=\"s13\"><span class=\"bumpedFont15\">,<\/span><\/span><span class=\"s13\"><span class=\"bumpedFont15\"> de manera exclusiva, ofrece este a\u00f1o la oportunidad de catar su <\/span><\/span><span class=\"s12\"><span class=\"bumpedFont15\">Protos Gran Reserva<\/span><\/span> <span class=\"s12\"><span class=\"bumpedFont15\">en formato vertical<\/span><\/span><span class=\"s12\"><span class=\"bumpedFont15\">, <\/span><\/span><span class=\"s13\"><span class=\"bumpedFont15\">lo cual significa que<\/span><\/span><span class=\"s13\"><span class=\"bumpedFont15\"> todos aquellos que <\/span><\/span><span class=\"s13\"><span class=\"bumpedFont15\">realicen la visita especial de Halloween, podr\u00e1n degustar tres a\u00f1adas <\/span><\/span><span class=\"s13\"><span class=\"bumpedFont15\">antiguas<\/span><\/span><span class=\"s13\"><span class=\"bumpedFont15\"> y particulares <\/span><\/span><span class=\"s13\"><span class=\"bumpedFont15\">de este vino, que ya no est\u00e1n disponibles en el mercado.<\/span><\/span><\/p>\n<div id=\"attachment_28034\" style=\"width: 235px\" class=\"wp-caption aligncenter\"><img fetchpriority=\"high\" decoding=\"async\" aria-describedby=\"caption-attachment-28034\" class=\"size-medium wp-image-28034\" src=\"https:\/\/www.bodegasprotos.com\/wp-content\/uploads\/2020\/03\/Protos_G_reserva_alta-225x300.jpg\" alt=\"Protos gran reserva\" width=\"225\" height=\"300\" srcset=\"https:\/\/www.bodegasprotos.com\/wp-content\/uploads\/2020\/03\/Protos_G_reserva_alta-225x300.jpg 225w, https:\/\/www.bodegasprotos.com\/wp-content\/uploads\/2020\/03\/Protos_G_reserva_alta-768x1024.jpg 768w, https:\/\/www.bodegasprotos.com\/wp-content\/uploads\/2020\/03\/Protos_G_reserva_alta-1152x1536.jpg 1152w, https:\/\/www.bodegasprotos.com\/wp-content\/uploads\/2020\/03\/Protos_G_reserva_alta-1536x2048.jpg 1536w, https:\/\/www.bodegasprotos.com\/wp-content\/uploads\/2020\/03\/Protos_G_reserva_alta.jpg 1920w\" sizes=\"(max-width: 225px) 100vw, 225px\" \/><p id=\"caption-attachment-28034\" class=\"wp-caption-text\">Protos gran reserva<\/p><\/div>\n<p class=\"s14\"><span class=\"s13\"><span class=\"bumpedFont15\">Estas a\u00f1adas son Protos Gran Reserva<\/span><\/span><span class=\"s13\"><span class=\"bumpedFont15\"> 2001 y Protos Gran Reserva 2011, a las que acompa\u00f1ar\u00e1 la a\u00f1ada actualmente en venta,<\/span><\/span><a href=\"https:\/\/www.bodegasprotos.com\/es\/vino\/gran-reserva\/\"><span class=\"s13\"><span class=\"bumpedFont15\"> Protos Gran Reserva 2012<\/span><\/span><span class=\"s13\"><span class=\"bumpedFont15\">.<\/span><\/span><\/a><\/p>\n<p class=\"s14\"><span class=\"s13\"><span class=\"bumpedFont15\">L<\/span><\/span><span class=\"s13\"><span class=\"bumpedFont15\">os<\/span><\/span><span class=\"s13\"><span class=\"bumpedFont15\"> participantes de la visita especial Halloween entrar\u00e1n tambi\u00e9n un sorteo de un regalo muy especial.<\/span><\/span><\/p>\n<p class=\"s15\"><span class=\"s13\"><span class=\"bumpedFont15\">El precio de la visita + cata es de <\/span><\/span><span class=\"s13\"><span class=\"bumpedFont15\">50<\/span><\/span><span class=\"s13\"><span class=\"bumpedFont15\"> euros por persona.\u00a0<\/span><\/span><span class=\"s13\"><span class=\"bumpedFont15\">Plazas limitadas.<\/span><\/span><\/p>\n<p class=\"s16\"><span class=\"s13\"><span class=\"bumpedFont15\">Imprescindible reserva previa<\/span><\/span><span class=\"s13\"><span class=\"bumpedFont15\"> online en la <a href=\"https:\/\/enoturismo.bodegasprotos.com\/\">web de reservas de la bodega<\/a> o escribiendo a <\/span><\/span><span class=\"s13\"><span class=\"bumpedFont15\">\u00a0<a href=\"mailto:enoturismo@bodegasprotos.com\">enoturismo@bodegasprotos.com<\/a><\/span><\/span><\/p>\n<p>&nbsp;<\/p>\n","protected":false},"excerpt":{"rendered":"<p>Con una cata que har\u00e1 las delicias de los amantes del vino, Protos sorprender\u00e1 a sus visitantes con&#8230;<\/p>\n","protected":false},"author":3,"featured_media":29997,"comment_status":"closed","ping_status":"closed","sticky":false,"template":"","format":"standard","meta":{"_acf_changed":false,"footnotes":""},"categories":[94],"tags":[],"class_list":["post-29989","post","type-post","status-publish","format-standard","has-post-thumbnail","hentry","category-notas-de-prensa"],"acf":[],"yoast_head":"<!-- This site is optimized with the Yoast SEO plugin v27.5 - https:\/\/yoast.com\/product\/yoast-seo-wordpress\/ -->\n<title>Visita Especial de Halloween - Bodegas Protos<\/title>\n<meta name=\"description\" content=\"Con una cata que har\u00e1 las delicias de los amantes del vino, Protos sorprender\u00e1 a sus visitantes con una cata vertical de una de las joyas de la bodega,\" \/>\n<meta name=\"robots\" content=\"index, follow, max-snippet:-1, max-image-preview:large, max-video-preview:-1\" \/>\n<link rel=\"canonical\" href=\"https:\/\/www.bodegasprotos.com\/es\/notas-de-prensa\/visita-especial-de-halloween\/\" \/>\n<meta property=\"og:locale\" content=\"es_ES\" \/>\n<meta property=\"og:type\" content=\"article\" \/>\n<meta property=\"og:title\" content=\"Visita Especial de Halloween - Bodegas Protos\" \/>\n<meta property=\"og:description\" content=\"Con una cata que har\u00e1 las delicias de los amantes del vino, Protos sorprender\u00e1 a sus visitantes con una cata vertical de una de las joyas de la bodega,\" \/>\n<meta property=\"og:url\" content=\"https:\/\/www.bodegasprotos.com\/es\/notas-de-prensa\/visita-especial-de-halloween\/\" \/>\n<meta property=\"og:site_name\" content=\"Bodegas Protos\" \/>\n<meta property=\"article:publisher\" content=\"https:\/\/www.facebook.com\/BodegasProtos\" \/>\n<meta property=\"article:published_time\" content=\"2020-10-21T09:00:31+00:00\" \/>\n<meta property=\"article:modified_time\" content=\"2020-10-27T09:51:50+00:00\" \/>\n<meta name=\"author\" content=\"Bodegas Protos (F)\" \/>\n<meta name=\"twitter:card\" content=\"summary_large_image\" \/>\n<meta name=\"twitter:creator\" content=\"@Bodegas_Protos\" \/>\n<meta name=\"twitter:site\" content=\"@Bodegas_Protos\" \/>\n<meta name=\"twitter:label1\" content=\"Escrito por\" \/>\n\t<meta name=\"twitter:data1\" content=\"Bodegas Protos (F)\" \/>\n\t<meta name=\"twitter:label2\" content=\"Tiempo de lectura\" \/>\n\t<meta name=\"twitter:data2\" content=\"1 minuto\" \/>\n<script type=\"application\/ld+json\" class=\"yoast-schema-graph\">{\"@context\":\"https:\\\/\\\/schema.org\",\"@graph\":[{\"@type\":\"Article\",\"@id\":\"https:\\\/\\\/www.bodegasprotos.com\\\/es\\\/notas-de-prensa\\\/visita-especial-de-halloween\\\/#article\",\"isPartOf\":{\"@id\":\"https:\\\/\\\/www.bodegasprotos.com\\\/es\\\/notas-de-prensa\\\/visita-especial-de-halloween\\\/\"},\"author\":{\"name\":\"Bodegas Protos (F)\",\"@id\":\"https:\\\/\\\/www.bodegasprotos.com\\\/es\\\/#\\\/schema\\\/person\\\/6cb69a08afa14171755cee0df7d20027\"},\"headline\":\"Visita Especial de Halloween\",\"datePublished\":\"2020-10-21T09:00:31+00:00\",\"dateModified\":\"2020-10-27T09:51:50+00:00\",\"mainEntityOfPage\":{\"@id\":\"https:\\\/\\\/www.bodegasprotos.com\\\/es\\\/notas-de-prensa\\\/visita-especial-de-halloween\\\/\"},\"wordCount\":303,\"publisher\":{\"@id\":\"https:\\\/\\\/www.bodegasprotos.com\\\/es\\\/#organization\"},\"image\":{\"@id\":\"https:\\\/\\\/www.bodegasprotos.com\\\/es\\\/notas-de-prensa\\\/visita-especial-de-halloween\\\/#primaryimage\"},\"thumbnailUrl\":\"https:\\\/\\\/www.bodegasprotos.com\\\/wp-content\\\/uploads\\\/2020\\\/10\\\/HalloweenEnProtos-2-pdf.jpg\",\"articleSection\":[\"Notas de Prensa\"],\"inLanguage\":\"es\"},{\"@type\":\"WebPage\",\"@id\":\"https:\\\/\\\/www.bodegasprotos.com\\\/es\\\/notas-de-prensa\\\/visita-especial-de-halloween\\\/\",\"url\":\"https:\\\/\\\/www.bodegasprotos.com\\\/es\\\/notas-de-prensa\\\/visita-especial-de-halloween\\\/\",\"name\":\"Visita Especial de Halloween - Bodegas Protos\",\"isPartOf\":{\"@id\":\"https:\\\/\\\/www.bodegasprotos.com\\\/es\\\/#website\"},\"primaryImageOfPage\":{\"@id\":\"https:\\\/\\\/www.bodegasprotos.com\\\/es\\\/notas-de-prensa\\\/visita-especial-de-halloween\\\/#primaryimage\"},\"image\":{\"@id\":\"https:\\\/\\\/www.bodegasprotos.com\\\/es\\\/notas-de-prensa\\\/visita-especial-de-halloween\\\/#primaryimage\"},\"thumbnailUrl\":\"https:\\\/\\\/www.bodegasprotos.com\\\/wp-content\\\/uploads\\\/2020\\\/10\\\/HalloweenEnProtos-2-pdf.jpg\",\"datePublished\":\"2020-10-21T09:00:31+00:00\",\"dateModified\":\"2020-10-27T09:51:50+00:00\",\"description\":\"Con una cata que har\u00e1 las delicias de los amantes del vino, Protos sorprender\u00e1 a sus visitantes con una cata vertical de una de las joyas de la bodega,\",\"breadcrumb\":{\"@id\":\"https:\\\/\\\/www.bodegasprotos.com\\\/es\\\/notas-de-prensa\\\/visita-especial-de-halloween\\\/#breadcrumb\"},\"inLanguage\":\"es\",\"potentialAction\":[{\"@type\":\"ReadAction\",\"target\":[\"https:\\\/\\\/www.bodegasprotos.com\\\/es\\\/notas-de-prensa\\\/visita-especial-de-halloween\\\/\"]}]},{\"@type\":\"ImageObject\",\"inLanguage\":\"es\",\"@id\":\"https:\\\/\\\/www.bodegasprotos.com\\\/es\\\/notas-de-prensa\\\/visita-especial-de-halloween\\\/#primaryimage\",\"url\":\"https:\\\/\\\/www.bodegasprotos.com\\\/wp-content\\\/uploads\\\/2020\\\/10\\\/HalloweenEnProtos-2-pdf.jpg\",\"contentUrl\":\"https:\\\/\\\/www.bodegasprotos.com\\\/wp-content\\\/uploads\\\/2020\\\/10\\\/HalloweenEnProtos-2-pdf.jpg\",\"caption\":\"Halloween En Protos\"},{\"@type\":\"BreadcrumbList\",\"@id\":\"https:\\\/\\\/www.bodegasprotos.com\\\/es\\\/notas-de-prensa\\\/visita-especial-de-halloween\\\/#breadcrumb\",\"itemListElement\":[{\"@type\":\"ListItem\",\"position\":1,\"name\":\"Portada\",\"item\":\"https:\\\/\\\/www.bodegasprotos.com\\\/es\\\/\"},{\"@type\":\"ListItem\",\"position\":2,\"name\":\"Visita Especial de Halloween\"}]},{\"@type\":\"WebSite\",\"@id\":\"https:\\\/\\\/www.bodegasprotos.com\\\/es\\\/#website\",\"url\":\"https:\\\/\\\/www.bodegasprotos.com\\\/es\\\/\",\"name\":\"Bodegas Protos\",\"description\":\"Vinos de la Denominaci\u00f3n de Origen Ribera del Duero, Rueda y Cigales\",\"publisher\":{\"@id\":\"https:\\\/\\\/www.bodegasprotos.com\\\/es\\\/#organization\"},\"potentialAction\":[{\"@type\":\"SearchAction\",\"target\":{\"@type\":\"EntryPoint\",\"urlTemplate\":\"https:\\\/\\\/www.bodegasprotos.com\\\/es\\\/?s={search_term_string}\"},\"query-input\":{\"@type\":\"PropertyValueSpecification\",\"valueRequired\":true,\"valueName\":\"search_term_string\"}}],\"inLanguage\":\"es\"},{\"@type\":\"Organization\",\"@id\":\"https:\\\/\\\/www.bodegasprotos.com\\\/es\\\/#organization\",\"name\":\"Bodegas Protos\",\"url\":\"https:\\\/\\\/www.bodegasprotos.com\\\/es\\\/\",\"logo\":{\"@type\":\"ImageObject\",\"inLanguage\":\"es\",\"@id\":\"https:\\\/\\\/www.bodegasprotos.com\\\/es\\\/#\\\/schema\\\/logo\\\/image\\\/\",\"url\":\"https:\\\/\\\/www.bodegasprotos.com\\\/wp-content\\\/uploads\\\/2024\\\/06\\\/PROTOS-LOGOS-VERSIONES-13.png\",\"contentUrl\":\"https:\\\/\\\/www.bodegasprotos.com\\\/wp-content\\\/uploads\\\/2024\\\/06\\\/PROTOS-LOGOS-VERSIONES-13.png\",\"width\":2362,\"height\":2362,\"caption\":\"Bodegas Protos\"},\"image\":{\"@id\":\"https:\\\/\\\/www.bodegasprotos.com\\\/es\\\/#\\\/schema\\\/logo\\\/image\\\/\"},\"sameAs\":[\"https:\\\/\\\/www.facebook.com\\\/BodegasProtos\",\"https:\\\/\\\/x.com\\\/Bodegas_Protos\",\"https:\\\/\\\/www.instagram.com\\\/bodegasprotosoficial\\\/\",\"https:\\\/\\\/www.linkedin.com\\\/company\\\/bodegasprotos\\\/\",\"https:\\\/\\\/pinterest.com\\\/BodegasProtos\\\/\",\"http:\\\/\\\/www.youtube.com\\\/user\\\/BodegasProtos\",\"https:\\\/\\\/es.wikipedia.org\\\/wiki\\\/Bodegas_Protos\"]},{\"@type\":\"Person\",\"@id\":\"https:\\\/\\\/www.bodegasprotos.com\\\/es\\\/#\\\/schema\\\/person\\\/6cb69a08afa14171755cee0df7d20027\",\"name\":\"Bodegas Protos (F)\",\"image\":{\"@type\":\"ImageObject\",\"inLanguage\":\"es\",\"@id\":\"https:\\\/\\\/secure.gravatar.com\\\/avatar\\\/cc613a9fd2ee203f402357c1b4aa2b7c041016cbf1eab1e41bde410b2ebd7f94?s=96&d=mm&r=g\",\"url\":\"https:\\\/\\\/secure.gravatar.com\\\/avatar\\\/cc613a9fd2ee203f402357c1b4aa2b7c041016cbf1eab1e41bde410b2ebd7f94?s=96&d=mm&r=g\",\"contentUrl\":\"https:\\\/\\\/secure.gravatar.com\\\/avatar\\\/cc613a9fd2ee203f402357c1b4aa2b7c041016cbf1eab1e41bde410b2ebd7f94?s=96&d=mm&r=g\",\"caption\":\"Bodegas Protos (F)\"},\"sameAs\":[\"https:\\\/\\\/www.bodegasprotos.com\"]}]}<\/script>\n<!-- \/ Yoast SEO plugin. -->","yoast_head_json":{"title":"Visita Especial de Halloween - Bodegas Protos","description":"Con una cata que har\u00e1 las delicias de los amantes del vino, Protos sorprender\u00e1 a sus visitantes con una cata vertical de una de las joyas de la bodega,","robots":{"index":"index","follow":"follow","max-snippet":"max-snippet:-1","max-image-preview":"max-image-preview:large","max-video-preview":"max-video-preview:-1"},"canonical":"https:\/\/www.bodegasprotos.com\/es\/notas-de-prensa\/visita-especial-de-halloween\/","og_locale":"es_ES","og_type":"article","og_title":"Visita Especial de Halloween - Bodegas Protos","og_description":"Con una cata que har\u00e1 las delicias de los amantes del vino, Protos sorprender\u00e1 a sus visitantes con una cata vertical de una de las joyas de la bodega,","og_url":"https:\/\/www.bodegasprotos.com\/es\/notas-de-prensa\/visita-especial-de-halloween\/","og_site_name":"Bodegas Protos","article_publisher":"https:\/\/www.facebook.com\/BodegasProtos","article_published_time":"2020-10-21T09:00:31+00:00","article_modified_time":"2020-10-27T09:51:50+00:00","author":"Bodegas Protos (F)","twitter_card":"summary_large_image","twitter_creator":"@Bodegas_Protos","twitter_site":"@Bodegas_Protos","twitter_misc":{"Escrito por":"Bodegas Protos (F)","Tiempo de lectura":"1 minuto"},"schema":{"@context":"https:\/\/schema.org","@graph":[{"@type":"Article","@id":"https:\/\/www.bodegasprotos.com\/es\/notas-de-prensa\/visita-especial-de-halloween\/#article","isPartOf":{"@id":"https:\/\/www.bodegasprotos.com\/es\/notas-de-prensa\/visita-especial-de-halloween\/"},"author":{"name":"Bodegas Protos (F)","@id":"https:\/\/www.bodegasprotos.com\/es\/#\/schema\/person\/6cb69a08afa14171755cee0df7d20027"},"headline":"Visita Especial de Halloween","datePublished":"2020-10-21T09:00:31+00:00","dateModified":"2020-10-27T09:51:50+00:00","mainEntityOfPage":{"@id":"https:\/\/www.bodegasprotos.com\/es\/notas-de-prensa\/visita-especial-de-halloween\/"},"wordCount":303,"publisher":{"@id":"https:\/\/www.bodegasprotos.com\/es\/#organization"},"image":{"@id":"https:\/\/www.bodegasprotos.com\/es\/notas-de-prensa\/visita-especial-de-halloween\/#primaryimage"},"thumbnailUrl":"https:\/\/www.bodegasprotos.com\/wp-content\/uploads\/2020\/10\/HalloweenEnProtos-2-pdf.jpg","articleSection":["Notas de Prensa"],"inLanguage":"es"},{"@type":"WebPage","@id":"https:\/\/www.bodegasprotos.com\/es\/notas-de-prensa\/visita-especial-de-halloween\/","url":"https:\/\/www.bodegasprotos.com\/es\/notas-de-prensa\/visita-especial-de-halloween\/","name":"Visita Especial de Halloween - Bodegas Protos","isPartOf":{"@id":"https:\/\/www.bodegasprotos.com\/es\/#website"},"primaryImageOfPage":{"@id":"https:\/\/www.bodegasprotos.com\/es\/notas-de-prensa\/visita-especial-de-halloween\/#primaryimage"},"image":{"@id":"https:\/\/www.bodegasprotos.com\/es\/notas-de-prensa\/visita-especial-de-halloween\/#primaryimage"},"thumbnailUrl":"https:\/\/www.bodegasprotos.com\/wp-content\/uploads\/2020\/10\/HalloweenEnProtos-2-pdf.jpg","datePublished":"2020-10-21T09:00:31+00:00","dateModified":"2020-10-27T09:51:50+00:00","description":"Con una cata que har\u00e1 las delicias de los amantes del vino, Protos sorprender\u00e1 a sus visitantes con una cata vertical de una de las joyas de la bodega,","breadcrumb":{"@id":"https:\/\/www.bodegasprotos.com\/es\/notas-de-prensa\/visita-especial-de-halloween\/#breadcrumb"},"inLanguage":"es","potentialAction":[{"@type":"ReadAction","target":["https:\/\/www.bodegasprotos.com\/es\/notas-de-prensa\/visita-especial-de-halloween\/"]}]},{"@type":"ImageObject","inLanguage":"es","@id":"https:\/\/www.bodegasprotos.com\/es\/notas-de-prensa\/visita-especial-de-halloween\/#primaryimage","url":"https:\/\/www.bodegasprotos.com\/wp-content\/uploads\/2020\/10\/HalloweenEnProtos-2-pdf.jpg","contentUrl":"https:\/\/www.bodegasprotos.com\/wp-content\/uploads\/2020\/10\/HalloweenEnProtos-2-pdf.jpg","caption":"Halloween En Protos"},{"@type":"BreadcrumbList","@id":"https:\/\/www.bodegasprotos.com\/es\/notas-de-prensa\/visita-especial-de-halloween\/#breadcrumb","itemListElement":[{"@type":"ListItem","position":1,"name":"Portada","item":"https:\/\/www.bodegasprotos.com\/es\/"},{"@type":"ListItem","position":2,"name":"Visita Especial de Halloween"}]},{"@type":"WebSite","@id":"https:\/\/www.bodegasprotos.com\/es\/#website","url":"https:\/\/www.bodegasprotos.com\/es\/","name":"Bodegas Protos","description":"Vinos de la Denominaci\u00f3n de Origen Ribera del Duero, Rueda y Cigales","publisher":{"@id":"https:\/\/www.bodegasprotos.com\/es\/#organization"},"potentialAction":[{"@type":"SearchAction","target":{"@type":"EntryPoint","urlTemplate":"https:\/\/www.bodegasprotos.com\/es\/?s={search_term_string}"},"query-input":{"@type":"PropertyValueSpecification","valueRequired":true,"valueName":"search_term_string"}}],"inLanguage":"es"},{"@type":"Organization","@id":"https:\/\/www.bodegasprotos.com\/es\/#organization","name":"Bodegas Protos","url":"https:\/\/www.bodegasprotos.com\/es\/","logo":{"@type":"ImageObject","inLanguage":"es","@id":"https:\/\/www.bodegasprotos.com\/es\/#\/schema\/logo\/image\/","url":"https:\/\/www.bodegasprotos.com\/wp-content\/uploads\/2024\/06\/PROTOS-LOGOS-VERSIONES-13.png","contentUrl":"https:\/\/www.bodegasprotos.com\/wp-content\/uploads\/2024\/06\/PROTOS-LOGOS-VERSIONES-13.png","width":2362,"height":2362,"caption":"Bodegas Protos"},"image":{"@id":"https:\/\/www.bodegasprotos.com\/es\/#\/schema\/logo\/image\/"},"sameAs":["https:\/\/www.facebook.com\/BodegasProtos","https:\/\/x.com\/Bodegas_Protos","https:\/\/www.instagram.com\/bodegasprotosoficial\/","https:\/\/www.linkedin.com\/company\/bodegasprotos\/","https:\/\/pinterest.com\/BodegasProtos\/","http:\/\/www.youtube.com\/user\/BodegasProtos","https:\/\/es.wikipedia.org\/wiki\/Bodegas_Protos"]},{"@type":"Person","@id":"https:\/\/www.bodegasprotos.com\/es\/#\/schema\/person\/6cb69a08afa14171755cee0df7d20027","name":"Bodegas Protos (F)","image":{"@type":"ImageObject","inLanguage":"es","@id":"https:\/\/secure.gravatar.com\/avatar\/cc613a9fd2ee203f402357c1b4aa2b7c041016cbf1eab1e41bde410b2ebd7f94?s=96&d=mm&r=g","url":"https:\/\/secure.gravatar.com\/avatar\/cc613a9fd2ee203f402357c1b4aa2b7c041016cbf1eab1e41bde410b2ebd7f94?s=96&d=mm&r=g","contentUrl":"https:\/\/secure.gravatar.com\/avatar\/cc613a9fd2ee203f402357c1b4aa2b7c041016cbf1eab1e41bde410b2ebd7f94?s=96&d=mm&r=g","caption":"Bodegas Protos (F)"},"sameAs":["https:\/\/www.bodegasprotos.com"]}]}},"_links":{"self":[{"href":"https:\/\/www.bodegasprotos.com\/es\/wp-json\/wp\/v2\/posts\/29989","targetHints":{"allow":["GET"]}}],"collection":[{"href":"https:\/\/www.bodegasprotos.com\/es\/wp-json\/wp\/v2\/posts"}],"about":[{"href":"https:\/\/www.bodegasprotos.com\/es\/wp-json\/wp\/v2\/types\/post"}],"author":[{"embeddable":true,"href":"https:\/\/www.bodegasprotos.com\/es\/wp-json\/wp\/v2\/users\/3"}],"replies":[{"embeddable":true,"href":"https:\/\/www.bodegasprotos.com\/es\/wp-json\/wp\/v2\/comments?post=29989"}],"version-history":[{"count":0,"href":"https:\/\/www.bodegasprotos.com\/es\/wp-json\/wp\/v2\/posts\/29989\/revisions"}],"wp:featuredmedia":[{"embeddable":true,"href":"https:\/\/www.bodegasprotos.com\/es\/wp-json\/wp\/v2\/media\/29997"}],"wp:attachment":[{"href":"https:\/\/www.bodegasprotos.com\/es\/wp-json\/wp\/v2\/media?parent=29989"}],"wp:term":[{"taxonomy":"category","embeddable":true,"href":"https:\/\/www.bodegasprotos.com\/es\/wp-json\/wp\/v2\/categories?post=29989"},{"taxonomy":"post_tag","embeddable":true,"href":"https:\/\/www.bodegasprotos.com\/es\/wp-json\/wp\/v2\/tags?post=29989"}],"curies":[{"name":"wp","href":"https:\/\/api.w.org\/{rel}","templated":true}]}}