{"id":29922,"date":"2020-10-02T11:30:47","date_gmt":"2020-10-02T09:30:47","guid":{"rendered":"https:\/\/www.bodegasprotos.com\/?p=29922"},"modified":"2021-01-21T09:30:25","modified_gmt":"2021-01-21T08:30:25","slug":"maridajes-para-el-otono","status":"publish","type":"post","link":"https:\/\/www.bodegasprotos.com\/es\/blog\/maridajes-para-el-otono\/","title":{"rendered":"Maridajes para el oto\u00f1o"},"content":{"rendered":"<p style=\"text-align: justify; text-justify: inter-ideograph;\">El d\u00eda 22 de septiembre, el verano dijo adi\u00f3s y dimos la bienvenida al oto\u00f1o.<\/p>\n<p style=\"text-align: justify; text-justify: inter-ideograph;\">Las temperaturas, adem\u00e1s, son una buena muestra de ello, ya que hemos pasado de contar con d\u00edas de un calor inmenso, a tener lluvias y tormentas sin preaviso y vientos fr\u00edos.<\/p>\n<p style=\"text-align: justify; text-justify: inter-ideograph;\">Todo esto propicia cambios a todas las escalas, ya que al igual que hacemos cambios de armarios para adaptarnos a esta nueva estaci\u00f3n, tambi\u00e9n empezamos a mudar otras cosas, como son los platos que consumismo.<\/p>\n<p style=\"text-align: justify; text-justify: inter-ideograph;\">Si en verano nos apetecen platos m\u00e1s frescos y ligeros, el oto\u00f1o nos marca el comienzo de una nueva gastronom\u00eda basada en recetas m\u00e1s contundentes y cal\u00f3ricas.<\/p>\n<p style=\"text-align: justify; text-justify: inter-ideograph;\">Los vinos blancos o rosados contin\u00faan siendo muy buenos acompa\u00f1antes, pero, sin duda, el paladar busca, en estas fechas vinos con m\u00e1s cuerpo y potentes.<\/p>\n<p style=\"text-align: justify; text-justify: inter-ideograph;\">Vinos que mariden a la perfecci\u00f3n con los productos de esta temporada, as\u00ed como con platos m\u00e1s elaborados.<\/p>\n<h2 style=\"text-align: justify; text-justify: inter-ideograph;\"><b>Tips para maridar platos oto\u00f1ales<\/b><\/h2>\n<p style=\"text-align: justify; text-justify: inter-ideograph;\">El oto\u00f1o es \u00e9poca de setas, calabaza y frutos secos como <a href=\"https:\/\/www.mapa.gob.es\/es\/alimentacion\/temas\/calidad-diferenciada\/dop-igp\/frutas\/IGP_castana_galicia.aspx\">las casta\u00f1as<\/a>, o la caza. Ingredientes que resultan b\u00e1sicos para preparar estos guisos de temporada.<\/p>\n<div id=\"attachment_29926\" style=\"width: 210px\" class=\"wp-caption aligncenter\"><img fetchpriority=\"high\" decoding=\"async\" aria-describedby=\"caption-attachment-29926\" class=\"size-medium wp-image-29926\" src=\"https:\/\/www.bodegasprotos.com\/wp-content\/uploads\/2020\/10\/Casta\u00f1as-200x300.jpg\" alt=\"Maridajes de Oto\u00f1o\" width=\"200\" height=\"300\" srcset=\"https:\/\/www.bodegasprotos.com\/wp-content\/uploads\/2020\/10\/Casta\u00f1as-200x300.jpg 200w, https:\/\/www.bodegasprotos.com\/wp-content\/uploads\/2020\/10\/Casta\u00f1as-683x1024.jpg 683w, https:\/\/www.bodegasprotos.com\/wp-content\/uploads\/2020\/10\/Casta\u00f1as-768x1151.jpg 768w, https:\/\/www.bodegasprotos.com\/wp-content\/uploads\/2020\/10\/Casta\u00f1as-1024x1536.jpg 1024w, https:\/\/www.bodegasprotos.com\/wp-content\/uploads\/2020\/10\/Casta\u00f1as-1366x2048.jpg 1366w, https:\/\/www.bodegasprotos.com\/wp-content\/uploads\/2020\/10\/Casta\u00f1as.jpg 1426w\" sizes=\"(max-width: 200px) 100vw, 200px\" \/><p id=\"caption-attachment-29926\" class=\"wp-caption-text\">Maridajes de Oto\u00f1o<\/p><\/div>\n<p style=\"text-align: justify; text-justify: inter-ideograph;\">Adem\u00e1s, <a href=\"https:\/\/www.mapa.gob.es\/es\/cartografia-y-sig\/publicaciones\/alimentacion\/mapa_igp_legumbres.aspx\">las legumbres<\/a> comienzan a tener un gran protagonismo en platos como las lentejas, el cocido, o la fabada.<\/p>\n<p style=\"text-align: justify; text-justify: inter-ideograph;\">Sin dejar de lado, los guisos con caza que adquieren una gran importancia.<\/p>\n<p style=\"text-align: justify; text-justify: inter-ideograph;\">El clima fr\u00edo marca el apetito de los comensales, buscando platos que templen el cuerpo y el alma.<\/p>\n<div id=\"attachment_29928\" style=\"width: 247px\" class=\"wp-caption aligncenter\"><img decoding=\"async\" aria-describedby=\"caption-attachment-29928\" class=\"size-medium wp-image-29928\" src=\"https:\/\/www.bodegasprotos.com\/wp-content\/uploads\/2020\/10\/Calabaza-237x300.jpg\" alt=\"Maridajes de Oto\u00f1o\" width=\"237\" height=\"300\" srcset=\"https:\/\/www.bodegasprotos.com\/wp-content\/uploads\/2020\/10\/Calabaza-237x300.jpg 237w, https:\/\/www.bodegasprotos.com\/wp-content\/uploads\/2020\/10\/Calabaza-809x1024.jpg 809w, https:\/\/www.bodegasprotos.com\/wp-content\/uploads\/2020\/10\/Calabaza-768x972.jpg 768w, https:\/\/www.bodegasprotos.com\/wp-content\/uploads\/2020\/10\/Calabaza-1213x1536.jpg 1213w, https:\/\/www.bodegasprotos.com\/wp-content\/uploads\/2020\/10\/Calabaza-1617x2048.jpg 1617w, https:\/\/www.bodegasprotos.com\/wp-content\/uploads\/2020\/10\/Calabaza-scaled.jpg 2022w\" sizes=\"(max-width: 237px) 100vw, 237px\" \/><p id=\"caption-attachment-29928\" class=\"wp-caption-text\">Maridajes de Oto\u00f1o<\/p><\/div>\n<p style=\"text-align: justify; text-justify: inter-ideograph;\">Por todo esto, algunas de las recomendaciones para elaborar un maridaje propio de reyes, son:<\/p>\n<p style=\"text-align: justify; text-justify: inter-ideograph;\">&#8211; Cremas de calabaza o de casta\u00f1as acompa\u00f1adas con un <a href=\"https:\/\/www.bodegasprotos.com\/es\/vino\/crianza\/\">Protos Crianza<\/a><\/p>\n<p style=\"text-align: justify; text-justify: inter-ideograph;\">&#8211; Estofado de Corzo con setas que casa con <a href=\"https:\/\/www.bodegasprotos.com\/es\/vino\/roble\/\">Protos Roble<\/a><\/p>\n<p style=\"text-align: justify; text-justify: inter-ideograph;\">&#8211; Cocidos y platos de cuchara en general cuya base sea la legumbre acompa\u00f1ado de <a href=\"https:\/\/www.bodegasprotos.com\/es\/vino\/finca-grajo-viejo\/\">Finca El grajo Viejo<\/a><\/p>\n<p style=\"text-align: justify; text-justify: inter-ideograph;\">&#8211; Sin olvidarnos de otras carnes menos potentes que la caza, como pueden ser:<\/p>\n<p style=\"margin-left: 70.8pt; text-align: justify; text-justify: inter-ideograph;\">&#8211;<a href=\"https:\/\/www.bodegasprotos.com\/es\/gastroprotos\/solomillo-con-salsa-de-queso-cabralespuerto-rico\/\">Los solomillos a la pimienta o al roquefort, <\/a>que con una buena copa de <a href=\"https:\/\/www.bodegasprotos.com\/es\/vino\/reserva\/\">Protos Reserva<\/a> har\u00e1 la delicia de todo el mundo.<\/p>\n<div id=\"attachment_28030\" style=\"width: 235px\" class=\"wp-caption aligncenter\"><img decoding=\"async\" aria-describedby=\"caption-attachment-28030\" class=\"size-medium wp-image-28030\" src=\"https:\/\/www.bodegasprotos.com\/wp-content\/uploads\/2020\/03\/Protos_reserva_fondoblanco-225x300.jpg\" alt=\"Protos Reserva \" width=\"225\" height=\"300\" srcset=\"https:\/\/www.bodegasprotos.com\/wp-content\/uploads\/2020\/03\/Protos_reserva_fondoblanco-225x300.jpg 225w, https:\/\/www.bodegasprotos.com\/wp-content\/uploads\/2020\/03\/Protos_reserva_fondoblanco-768x1024.jpg 768w, https:\/\/www.bodegasprotos.com\/wp-content\/uploads\/2020\/03\/Protos_reserva_fondoblanco-1152x1536.jpg 1152w, https:\/\/www.bodegasprotos.com\/wp-content\/uploads\/2020\/03\/Protos_reserva_fondoblanco-1536x2048.jpg 1536w, https:\/\/www.bodegasprotos.com\/wp-content\/uploads\/2020\/03\/Protos_reserva_fondoblanco.jpg 1920w\" sizes=\"(max-width: 225px) 100vw, 225px\" \/><p id=\"caption-attachment-28030\" class=\"wp-caption-text\">Protos Reserva<\/p><\/div>\n<p style=\"margin-left: 70.8pt; text-align: justify; text-justify: inter-ideograph;\">&#8211; O el famoso <a href=\"https:\/\/www.bodegasprotos.com\/es\/gastroprotos\/pincho-de-lechazo-espana\/\">Lechazo,<\/a> que regado con <a href=\"https:\/\/www.bodegasprotos.com\/es\/vino\/protos27\/\">Protos\u00b4 27<\/a> o <a href=\"https:\/\/www.bodegasprotos.com\/es\/vino\/gran-reserva\/\">Protos Gran Reserva<\/a>, potenciar\u00e1 todos los sabores.<b><\/b><\/p>\n<div id=\"attachment_28032\" style=\"width: 235px\" class=\"wp-caption aligncenter\"><img loading=\"lazy\" decoding=\"async\" aria-describedby=\"caption-attachment-28032\" class=\"size-medium wp-image-28032\" src=\"https:\/\/www.bodegasprotos.com\/wp-content\/uploads\/2020\/03\/Protos_cosecha27_blanco-225x300.jpg\" alt=\"Protos 27\" width=\"225\" height=\"300\" srcset=\"https:\/\/www.bodegasprotos.com\/wp-content\/uploads\/2020\/03\/Protos_cosecha27_blanco-225x300.jpg 225w, https:\/\/www.bodegasprotos.com\/wp-content\/uploads\/2020\/03\/Protos_cosecha27_blanco-768x1024.jpg 768w, https:\/\/www.bodegasprotos.com\/wp-content\/uploads\/2020\/03\/Protos_cosecha27_blanco-1152x1536.jpg 1152w, https:\/\/www.bodegasprotos.com\/wp-content\/uploads\/2020\/03\/Protos_cosecha27_blanco-1536x2048.jpg 1536w, https:\/\/www.bodegasprotos.com\/wp-content\/uploads\/2020\/03\/Protos_cosecha27_blanco.jpg 1920w\" sizes=\"(max-width: 225px) 100vw, 225px\" \/><p id=\"caption-attachment-28032\" class=\"wp-caption-text\">Protos 27<\/p><\/div>\n","protected":false},"excerpt":{"rendered":"<p>El d\u00eda 22 de septiembre, el verano dijo adi\u00f3s y dimos la bienvenida al oto\u00f1o. Las temperaturas, adem\u00e1s,&#8230;<\/p>\n","protected":false},"author":3,"featured_media":29924,"comment_status":"closed","ping_status":"closed","sticky":false,"template":"","format":"standard","meta":{"_acf_changed":false,"footnotes":""},"categories":[87],"tags":[],"class_list":["post-29922","post","type-post","status-publish","format-standard","has-post-thumbnail","hentry","category-blog"],"acf":[],"yoast_head":"<!-- This site is optimized with the Yoast SEO plugin v27.5 - https:\/\/yoast.com\/product\/yoast-seo-wordpress\/ -->\n<title>Maridajes para el oto\u00f1o - Bodegas Protos<\/title>\n<meta name=\"description\" content=\"El d\u00eda 22 de septiembre, el verano dijo adi\u00f3s y dimos la bienvenida al oto\u00f1o. Las temperaturas, adem\u00e1s, son una buena muestra de ello, ya que hemos pasado\" \/>\n<meta name=\"robots\" content=\"index, follow, max-snippet:-1, max-image-preview:large, max-video-preview:-1\" \/>\n<link rel=\"canonical\" href=\"https:\/\/www.bodegasprotos.com\/es\/blog\/maridajes-para-el-otono\/\" \/>\n<meta property=\"og:locale\" content=\"es_ES\" \/>\n<meta property=\"og:type\" content=\"article\" \/>\n<meta property=\"og:title\" content=\"Maridajes para el oto\u00f1o - Bodegas Protos\" \/>\n<meta property=\"og:description\" content=\"El d\u00eda 22 de septiembre, el verano dijo adi\u00f3s y dimos la bienvenida al oto\u00f1o. Las temperaturas, adem\u00e1s, son una buena muestra de ello, ya que hemos pasado\" \/>\n<meta property=\"og:url\" content=\"https:\/\/www.bodegasprotos.com\/es\/blog\/maridajes-para-el-otono\/\" \/>\n<meta property=\"og:site_name\" content=\"Bodegas Protos\" \/>\n<meta property=\"article:publisher\" content=\"https:\/\/www.facebook.com\/BodegasProtos\" \/>\n<meta property=\"article:published_time\" content=\"2020-10-02T09:30:47+00:00\" \/>\n<meta property=\"article:modified_time\" content=\"2021-01-21T08:30:25+00:00\" \/>\n<meta property=\"og:image\" content=\"https:\/\/www.bodegasprotos.com\/wp-content\/uploads\/2020\/09\/Maridaje-scaled.jpg\" \/>\n\t<meta property=\"og:image:width\" content=\"2560\" \/>\n\t<meta property=\"og:image:height\" content=\"1707\" \/>\n\t<meta property=\"og:image:type\" content=\"image\/jpeg\" \/>\n<meta name=\"author\" content=\"Bodegas Protos (F)\" \/>\n<meta name=\"twitter:card\" content=\"summary_large_image\" \/>\n<meta name=\"twitter:creator\" content=\"@Bodegas_Protos\" \/>\n<meta name=\"twitter:site\" content=\"@Bodegas_Protos\" \/>\n<meta name=\"twitter:label1\" content=\"Escrito por\" \/>\n\t<meta name=\"twitter:data1\" content=\"Bodegas Protos (F)\" \/>\n\t<meta name=\"twitter:label2\" content=\"Tiempo de lectura\" \/>\n\t<meta name=\"twitter:data2\" content=\"2 minutos\" \/>\n<script type=\"application\/ld+json\" class=\"yoast-schema-graph\">{\"@context\":\"https:\\\/\\\/schema.org\",\"@graph\":[{\"@type\":\"Article\",\"@id\":\"https:\\\/\\\/www.bodegasprotos.com\\\/es\\\/blog\\\/maridajes-para-el-otono\\\/#article\",\"isPartOf\":{\"@id\":\"https:\\\/\\\/www.bodegasprotos.com\\\/es\\\/blog\\\/maridajes-para-el-otono\\\/\"},\"author\":{\"name\":\"Bodegas Protos (F)\",\"@id\":\"https:\\\/\\\/www.bodegasprotos.com\\\/es\\\/#\\\/schema\\\/person\\\/6cb69a08afa14171755cee0df7d20027\"},\"headline\":\"Maridajes para el oto\u00f1o\",\"datePublished\":\"2020-10-02T09:30:47+00:00\",\"dateModified\":\"2021-01-21T08:30:25+00:00\",\"mainEntityOfPage\":{\"@id\":\"https:\\\/\\\/www.bodegasprotos.com\\\/es\\\/blog\\\/maridajes-para-el-otono\\\/\"},\"wordCount\":413,\"publisher\":{\"@id\":\"https:\\\/\\\/www.bodegasprotos.com\\\/es\\\/#organization\"},\"image\":{\"@id\":\"https:\\\/\\\/www.bodegasprotos.com\\\/es\\\/blog\\\/maridajes-para-el-otono\\\/#primaryimage\"},\"thumbnailUrl\":\"https:\\\/\\\/www.bodegasprotos.com\\\/wp-content\\\/uploads\\\/2020\\\/09\\\/Maridaje-scaled.jpg\",\"articleSection\":[\"Blog\"],\"inLanguage\":\"es\"},{\"@type\":\"WebPage\",\"@id\":\"https:\\\/\\\/www.bodegasprotos.com\\\/es\\\/blog\\\/maridajes-para-el-otono\\\/\",\"url\":\"https:\\\/\\\/www.bodegasprotos.com\\\/es\\\/blog\\\/maridajes-para-el-otono\\\/\",\"name\":\"Maridajes para el oto\u00f1o - Bodegas Protos\",\"isPartOf\":{\"@id\":\"https:\\\/\\\/www.bodegasprotos.com\\\/es\\\/#website\"},\"primaryImageOfPage\":{\"@id\":\"https:\\\/\\\/www.bodegasprotos.com\\\/es\\\/blog\\\/maridajes-para-el-otono\\\/#primaryimage\"},\"image\":{\"@id\":\"https:\\\/\\\/www.bodegasprotos.com\\\/es\\\/blog\\\/maridajes-para-el-otono\\\/#primaryimage\"},\"thumbnailUrl\":\"https:\\\/\\\/www.bodegasprotos.com\\\/wp-content\\\/uploads\\\/2020\\\/09\\\/Maridaje-scaled.jpg\",\"datePublished\":\"2020-10-02T09:30:47+00:00\",\"dateModified\":\"2021-01-21T08:30:25+00:00\",\"description\":\"El d\u00eda 22 de septiembre, el verano dijo adi\u00f3s y dimos la bienvenida al oto\u00f1o. Las temperaturas, adem\u00e1s, son una buena muestra de ello, ya que hemos pasado\",\"breadcrumb\":{\"@id\":\"https:\\\/\\\/www.bodegasprotos.com\\\/es\\\/blog\\\/maridajes-para-el-otono\\\/#breadcrumb\"},\"inLanguage\":\"es\",\"potentialAction\":[{\"@type\":\"ReadAction\",\"target\":[\"https:\\\/\\\/www.bodegasprotos.com\\\/es\\\/blog\\\/maridajes-para-el-otono\\\/\"]}]},{\"@type\":\"ImageObject\",\"inLanguage\":\"es\",\"@id\":\"https:\\\/\\\/www.bodegasprotos.com\\\/es\\\/blog\\\/maridajes-para-el-otono\\\/#primaryimage\",\"url\":\"https:\\\/\\\/www.bodegasprotos.com\\\/wp-content\\\/uploads\\\/2020\\\/09\\\/Maridaje-scaled.jpg\",\"contentUrl\":\"https:\\\/\\\/www.bodegasprotos.com\\\/wp-content\\\/uploads\\\/2020\\\/09\\\/Maridaje-scaled.jpg\",\"width\":2560,\"height\":1707,\"caption\":\"Maridajes de Oto\u00f1o\"},{\"@type\":\"BreadcrumbList\",\"@id\":\"https:\\\/\\\/www.bodegasprotos.com\\\/es\\\/blog\\\/maridajes-para-el-otono\\\/#breadcrumb\",\"itemListElement\":[{\"@type\":\"ListItem\",\"position\":1,\"name\":\"Portada\",\"item\":\"https:\\\/\\\/www.bodegasprotos.com\\\/es\\\/\"},{\"@type\":\"ListItem\",\"position\":2,\"name\":\"Maridajes para el oto\u00f1o\"}]},{\"@type\":\"WebSite\",\"@id\":\"https:\\\/\\\/www.bodegasprotos.com\\\/es\\\/#website\",\"url\":\"https:\\\/\\\/www.bodegasprotos.com\\\/es\\\/\",\"name\":\"Bodegas Protos\",\"description\":\"Vinos de la Denominaci\u00f3n de Origen Ribera del Duero, Rueda y Cigales\",\"publisher\":{\"@id\":\"https:\\\/\\\/www.bodegasprotos.com\\\/es\\\/#organization\"},\"potentialAction\":[{\"@type\":\"SearchAction\",\"target\":{\"@type\":\"EntryPoint\",\"urlTemplate\":\"https:\\\/\\\/www.bodegasprotos.com\\\/es\\\/?s={search_term_string}\"},\"query-input\":{\"@type\":\"PropertyValueSpecification\",\"valueRequired\":true,\"valueName\":\"search_term_string\"}}],\"inLanguage\":\"es\"},{\"@type\":\"Organization\",\"@id\":\"https:\\\/\\\/www.bodegasprotos.com\\\/es\\\/#organization\",\"name\":\"Bodegas Protos\",\"url\":\"https:\\\/\\\/www.bodegasprotos.com\\\/es\\\/\",\"logo\":{\"@type\":\"ImageObject\",\"inLanguage\":\"es\",\"@id\":\"https:\\\/\\\/www.bodegasprotos.com\\\/es\\\/#\\\/schema\\\/logo\\\/image\\\/\",\"url\":\"https:\\\/\\\/www.bodegasprotos.com\\\/wp-content\\\/uploads\\\/2024\\\/06\\\/PROTOS-LOGOS-VERSIONES-13.png\",\"contentUrl\":\"https:\\\/\\\/www.bodegasprotos.com\\\/wp-content\\\/uploads\\\/2024\\\/06\\\/PROTOS-LOGOS-VERSIONES-13.png\",\"width\":2362,\"height\":2362,\"caption\":\"Bodegas Protos\"},\"image\":{\"@id\":\"https:\\\/\\\/www.bodegasprotos.com\\\/es\\\/#\\\/schema\\\/logo\\\/image\\\/\"},\"sameAs\":[\"https:\\\/\\\/www.facebook.com\\\/BodegasProtos\",\"https:\\\/\\\/x.com\\\/Bodegas_Protos\",\"https:\\\/\\\/www.instagram.com\\\/bodegasprotosoficial\\\/\",\"https:\\\/\\\/www.linkedin.com\\\/company\\\/bodegasprotos\\\/\",\"https:\\\/\\\/pinterest.com\\\/BodegasProtos\\\/\",\"http:\\\/\\\/www.youtube.com\\\/user\\\/BodegasProtos\",\"https:\\\/\\\/es.wikipedia.org\\\/wiki\\\/Bodegas_Protos\"]},{\"@type\":\"Person\",\"@id\":\"https:\\\/\\\/www.bodegasprotos.com\\\/es\\\/#\\\/schema\\\/person\\\/6cb69a08afa14171755cee0df7d20027\",\"name\":\"Bodegas Protos (F)\",\"image\":{\"@type\":\"ImageObject\",\"inLanguage\":\"es\",\"@id\":\"https:\\\/\\\/secure.gravatar.com\\\/avatar\\\/cc613a9fd2ee203f402357c1b4aa2b7c041016cbf1eab1e41bde410b2ebd7f94?s=96&d=mm&r=g\",\"url\":\"https:\\\/\\\/secure.gravatar.com\\\/avatar\\\/cc613a9fd2ee203f402357c1b4aa2b7c041016cbf1eab1e41bde410b2ebd7f94?s=96&d=mm&r=g\",\"contentUrl\":\"https:\\\/\\\/secure.gravatar.com\\\/avatar\\\/cc613a9fd2ee203f402357c1b4aa2b7c041016cbf1eab1e41bde410b2ebd7f94?s=96&d=mm&r=g\",\"caption\":\"Bodegas Protos (F)\"},\"sameAs\":[\"https:\\\/\\\/www.bodegasprotos.com\"]}]}<\/script>\n<!-- \/ Yoast SEO plugin. -->","yoast_head_json":{"title":"Maridajes para el oto\u00f1o - Bodegas Protos","description":"El d\u00eda 22 de septiembre, el verano dijo adi\u00f3s y dimos la bienvenida al oto\u00f1o. Las temperaturas, adem\u00e1s, son una buena muestra de ello, ya que hemos pasado","robots":{"index":"index","follow":"follow","max-snippet":"max-snippet:-1","max-image-preview":"max-image-preview:large","max-video-preview":"max-video-preview:-1"},"canonical":"https:\/\/www.bodegasprotos.com\/es\/blog\/maridajes-para-el-otono\/","og_locale":"es_ES","og_type":"article","og_title":"Maridajes para el oto\u00f1o - Bodegas Protos","og_description":"El d\u00eda 22 de septiembre, el verano dijo adi\u00f3s y dimos la bienvenida al oto\u00f1o. Las temperaturas, adem\u00e1s, son una buena muestra de ello, ya que hemos pasado","og_url":"https:\/\/www.bodegasprotos.com\/es\/blog\/maridajes-para-el-otono\/","og_site_name":"Bodegas Protos","article_publisher":"https:\/\/www.facebook.com\/BodegasProtos","article_published_time":"2020-10-02T09:30:47+00:00","article_modified_time":"2021-01-21T08:30:25+00:00","og_image":[{"width":2560,"height":1707,"url":"https:\/\/www.bodegasprotos.com\/wp-content\/uploads\/2020\/09\/Maridaje-scaled.jpg","type":"image\/jpeg"}],"author":"Bodegas Protos (F)","twitter_card":"summary_large_image","twitter_creator":"@Bodegas_Protos","twitter_site":"@Bodegas_Protos","twitter_misc":{"Escrito por":"Bodegas Protos (F)","Tiempo de lectura":"2 minutos"},"schema":{"@context":"https:\/\/schema.org","@graph":[{"@type":"Article","@id":"https:\/\/www.bodegasprotos.com\/es\/blog\/maridajes-para-el-otono\/#article","isPartOf":{"@id":"https:\/\/www.bodegasprotos.com\/es\/blog\/maridajes-para-el-otono\/"},"author":{"name":"Bodegas Protos (F)","@id":"https:\/\/www.bodegasprotos.com\/es\/#\/schema\/person\/6cb69a08afa14171755cee0df7d20027"},"headline":"Maridajes para el oto\u00f1o","datePublished":"2020-10-02T09:30:47+00:00","dateModified":"2021-01-21T08:30:25+00:00","mainEntityOfPage":{"@id":"https:\/\/www.bodegasprotos.com\/es\/blog\/maridajes-para-el-otono\/"},"wordCount":413,"publisher":{"@id":"https:\/\/www.bodegasprotos.com\/es\/#organization"},"image":{"@id":"https:\/\/www.bodegasprotos.com\/es\/blog\/maridajes-para-el-otono\/#primaryimage"},"thumbnailUrl":"https:\/\/www.bodegasprotos.com\/wp-content\/uploads\/2020\/09\/Maridaje-scaled.jpg","articleSection":["Blog"],"inLanguage":"es"},{"@type":"WebPage","@id":"https:\/\/www.bodegasprotos.com\/es\/blog\/maridajes-para-el-otono\/","url":"https:\/\/www.bodegasprotos.com\/es\/blog\/maridajes-para-el-otono\/","name":"Maridajes para el oto\u00f1o - Bodegas Protos","isPartOf":{"@id":"https:\/\/www.bodegasprotos.com\/es\/#website"},"primaryImageOfPage":{"@id":"https:\/\/www.bodegasprotos.com\/es\/blog\/maridajes-para-el-otono\/#primaryimage"},"image":{"@id":"https:\/\/www.bodegasprotos.com\/es\/blog\/maridajes-para-el-otono\/#primaryimage"},"thumbnailUrl":"https:\/\/www.bodegasprotos.com\/wp-content\/uploads\/2020\/09\/Maridaje-scaled.jpg","datePublished":"2020-10-02T09:30:47+00:00","dateModified":"2021-01-21T08:30:25+00:00","description":"El d\u00eda 22 de septiembre, el verano dijo adi\u00f3s y dimos la bienvenida al oto\u00f1o. Las temperaturas, adem\u00e1s, son una buena muestra de ello, ya que hemos pasado","breadcrumb":{"@id":"https:\/\/www.bodegasprotos.com\/es\/blog\/maridajes-para-el-otono\/#breadcrumb"},"inLanguage":"es","potentialAction":[{"@type":"ReadAction","target":["https:\/\/www.bodegasprotos.com\/es\/blog\/maridajes-para-el-otono\/"]}]},{"@type":"ImageObject","inLanguage":"es","@id":"https:\/\/www.bodegasprotos.com\/es\/blog\/maridajes-para-el-otono\/#primaryimage","url":"https:\/\/www.bodegasprotos.com\/wp-content\/uploads\/2020\/09\/Maridaje-scaled.jpg","contentUrl":"https:\/\/www.bodegasprotos.com\/wp-content\/uploads\/2020\/09\/Maridaje-scaled.jpg","width":2560,"height":1707,"caption":"Maridajes de Oto\u00f1o"},{"@type":"BreadcrumbList","@id":"https:\/\/www.bodegasprotos.com\/es\/blog\/maridajes-para-el-otono\/#breadcrumb","itemListElement":[{"@type":"ListItem","position":1,"name":"Portada","item":"https:\/\/www.bodegasprotos.com\/es\/"},{"@type":"ListItem","position":2,"name":"Maridajes para el oto\u00f1o"}]},{"@type":"WebSite","@id":"https:\/\/www.bodegasprotos.com\/es\/#website","url":"https:\/\/www.bodegasprotos.com\/es\/","name":"Bodegas Protos","description":"Vinos de la Denominaci\u00f3n de Origen Ribera del Duero, Rueda y Cigales","publisher":{"@id":"https:\/\/www.bodegasprotos.com\/es\/#organization"},"potentialAction":[{"@type":"SearchAction","target":{"@type":"EntryPoint","urlTemplate":"https:\/\/www.bodegasprotos.com\/es\/?s={search_term_string}"},"query-input":{"@type":"PropertyValueSpecification","valueRequired":true,"valueName":"search_term_string"}}],"inLanguage":"es"},{"@type":"Organization","@id":"https:\/\/www.bodegasprotos.com\/es\/#organization","name":"Bodegas Protos","url":"https:\/\/www.bodegasprotos.com\/es\/","logo":{"@type":"ImageObject","inLanguage":"es","@id":"https:\/\/www.bodegasprotos.com\/es\/#\/schema\/logo\/image\/","url":"https:\/\/www.bodegasprotos.com\/wp-content\/uploads\/2024\/06\/PROTOS-LOGOS-VERSIONES-13.png","contentUrl":"https:\/\/www.bodegasprotos.com\/wp-content\/uploads\/2024\/06\/PROTOS-LOGOS-VERSIONES-13.png","width":2362,"height":2362,"caption":"Bodegas Protos"},"image":{"@id":"https:\/\/www.bodegasprotos.com\/es\/#\/schema\/logo\/image\/"},"sameAs":["https:\/\/www.facebook.com\/BodegasProtos","https:\/\/x.com\/Bodegas_Protos","https:\/\/www.instagram.com\/bodegasprotosoficial\/","https:\/\/www.linkedin.com\/company\/bodegasprotos\/","https:\/\/pinterest.com\/BodegasProtos\/","http:\/\/www.youtube.com\/user\/BodegasProtos","https:\/\/es.wikipedia.org\/wiki\/Bodegas_Protos"]},{"@type":"Person","@id":"https:\/\/www.bodegasprotos.com\/es\/#\/schema\/person\/6cb69a08afa14171755cee0df7d20027","name":"Bodegas Protos (F)","image":{"@type":"ImageObject","inLanguage":"es","@id":"https:\/\/secure.gravatar.com\/avatar\/cc613a9fd2ee203f402357c1b4aa2b7c041016cbf1eab1e41bde410b2ebd7f94?s=96&d=mm&r=g","url":"https:\/\/secure.gravatar.com\/avatar\/cc613a9fd2ee203f402357c1b4aa2b7c041016cbf1eab1e41bde410b2ebd7f94?s=96&d=mm&r=g","contentUrl":"https:\/\/secure.gravatar.com\/avatar\/cc613a9fd2ee203f402357c1b4aa2b7c041016cbf1eab1e41bde410b2ebd7f94?s=96&d=mm&r=g","caption":"Bodegas Protos (F)"},"sameAs":["https:\/\/www.bodegasprotos.com"]}]}},"_links":{"self":[{"href":"https:\/\/www.bodegasprotos.com\/es\/wp-json\/wp\/v2\/posts\/29922","targetHints":{"allow":["GET"]}}],"collection":[{"href":"https:\/\/www.bodegasprotos.com\/es\/wp-json\/wp\/v2\/posts"}],"about":[{"href":"https:\/\/www.bodegasprotos.com\/es\/wp-json\/wp\/v2\/types\/post"}],"author":[{"embeddable":true,"href":"https:\/\/www.bodegasprotos.com\/es\/wp-json\/wp\/v2\/users\/3"}],"replies":[{"embeddable":true,"href":"https:\/\/www.bodegasprotos.com\/es\/wp-json\/wp\/v2\/comments?post=29922"}],"version-history":[{"count":0,"href":"https:\/\/www.bodegasprotos.com\/es\/wp-json\/wp\/v2\/posts\/29922\/revisions"}],"wp:featuredmedia":[{"embeddable":true,"href":"https:\/\/www.bodegasprotos.com\/es\/wp-json\/wp\/v2\/media\/29924"}],"wp:attachment":[{"href":"https:\/\/www.bodegasprotos.com\/es\/wp-json\/wp\/v2\/media?parent=29922"}],"wp:term":[{"taxonomy":"category","embeddable":true,"href":"https:\/\/www.bodegasprotos.com\/es\/wp-json\/wp\/v2\/categories?post=29922"},{"taxonomy":"post_tag","embeddable":true,"href":"https:\/\/www.bodegasprotos.com\/es\/wp-json\/wp\/v2\/tags?post=29922"}],"curies":[{"name":"wp","href":"https:\/\/api.w.org\/{rel}","templated":true}]}}