{"id":29638,"date":"2020-07-17T11:30:45","date_gmt":"2020-07-17T09:30:45","guid":{"rendered":"https:\/\/www.bodegasprotos.com\/?p=29638"},"modified":"2020-07-16T14:02:58","modified_gmt":"2020-07-16T12:02:58","slug":"atrevete-con-los-claretes","status":"publish","type":"post","link":"https:\/\/www.bodegasprotos.com\/es\/blog\/atrevete-con-los-claretes\/","title":{"rendered":"Atr\u00e9vete con los claretes"},"content":{"rendered":"<p>Verano. Quiz\u00e1s, la \u00e9poca del a\u00f1o m\u00e1s esperada por todos. Una \u00e9poca que implica vacaciones, relax, viajes con familia o amigos, almuerzos y cenas al aire libre\u2026 un disfrute constante que nos ayuda a olvidarnos de la rutina y el estr\u00e9s.<\/p>\n<p>Para esos momentos de deleite compartido, no puede faltar, nuestro querido compa\u00f1ero, el vino.<\/p>\n<p>En esta \u00e9poca estival, son los vinos frescos quienes ganan la batalla a los vinos tintos, hablamos, sobre todo, de los vinos blancos. Por su frescura, sus caracter\u00edsticas\u2026<\/p>\n<p>Sin embargo, desde hace poco tiempo, los vinos rosados ocupan un lugar ya destacado en las preferencias de los consumidores.<\/p>\n<p>Vinos, tambi\u00e9n frescos, muy especiales, ideales para tomar solo como aperitivo o regalo con una buena comida.<\/p>\n<p>En este punto, dentro de la categor\u00eda de vinos rosados, destaca uno en especial, un vino que nos hace volver al pasado, que destaca por su elaboraci\u00f3n y sus notas: el clarete.<\/p>\n<h2><strong>\u00bfHay diferencia entre un vino rosado y un clarete?<\/strong><\/h2>\n<p>Hoy en d\u00eda, muchos se preguntan qu\u00e9 diferencias hay entre un vino rosado y un vino clarete y la respuesta es, que actualmente, su elaboraci\u00f3n es la misma.<\/p>\n<p>Desde 2011, rosado y clarete son sin\u00f3nimos, aunque antes se diferenciaban por la forma de vinificaci\u00f3n ya que para los claretes se fermentaba junto los hollejos (pieles de la uva) y se mezclaban variedades de uva blancas y tintas.<\/p>\n<p>Actualmente, en denominaciones de origen como <a href=\"https:\/\/www.riberadelduero.es\/\">Ribera del Duero<\/a> o <a href=\"http:\/\/do-cigales.es\/es\">Cigales<\/a>, donde Protos elabora <a href=\"https:\/\/www.bodegasprotos.com\/es\/vino\/aire-de-protos\/\">Aire de Protos<\/a> y Protos Clarete, dentro de la estricta normativa cualitativa, las bodegas tienen total libertad para elaborar sus vinos.<\/p>\n<div id=\"attachment_20044\" style=\"width: 96px\" class=\"wp-caption aligncenter\"><img decoding=\"async\" aria-describedby=\"caption-attachment-20044\" class=\"size-medium wp-image-20044\" src=\"https:\/\/www.bodegasprotos.com\/wp-content\/uploads\/2019\/03\/PROTOS-AIRE-e1589815266431-84x300.png\" alt=\"Aire de Protos\" width=\"86\" height=\"300\" \/><p id=\"caption-attachment-20044\" class=\"wp-caption-text\">Aire de Protos<\/p><\/div>\n<h3><strong>Veranos con Clarete<\/strong><\/h3>\n<p>Protos siempre a la vanguardia, pero sin dejar de poner su mirada atr\u00e1s, respetando los valores y sus tradiciones, ha recuperado el clarete para sorprender con sus notas organol\u00e9pticas al consumidor, durante este verano.<\/p>\n<div id=\"attachment_27808\" style=\"width: 224px\" class=\"wp-caption aligncenter\"><img fetchpriority=\"high\" decoding=\"async\" aria-describedby=\"caption-attachment-27808\" class=\"size-medium wp-image-27808\" src=\"https:\/\/www.bodegasprotos.com\/wp-content\/uploads\/2020\/03\/Protos_Clarete-1-202x300.jpg\" alt=\"Protos Clarete\" width=\"214\" height=\"300\" \/><p id=\"caption-attachment-27808\" class=\"wp-caption-text\">Protos Clarete<\/p><\/div>\n<p>Un vino perfecto, f\u00e1cil de beber, muy afrutado, ligero, con una intensidad arom\u00e1tica espectacular de frutos rojos.<\/p>\n<p>Ideal para para degustar a la hora del aperitivo o para acompa\u00f1ar en comidas y cenas ya que marida a la perfecci\u00f3n con pescados azules, arroces orientales, curris, carnes blancas o quesos suaves.<\/p>\n<p>Saca el mayor partido a tu verano, disfrutando y descubriendo el nuevo <a href=\"https:\/\/www.bodegasprotos.com\/es\/vino\/clarete\/\">Protos Clarete<\/a>.<\/p>\n","protected":false},"excerpt":{"rendered":"<p>Verano. Quiz\u00e1s, la \u00e9poca del a\u00f1o m\u00e1s esperada por todos. Una \u00e9poca que implica vacaciones, relax, viajes con&#8230;<\/p>\n","protected":false},"author":3,"featured_media":29644,"comment_status":"closed","ping_status":"closed","sticky":false,"template":"","format":"standard","meta":{"_acf_changed":false,"footnotes":""},"categories":[87],"tags":[],"class_list":["post-29638","post","type-post","status-publish","format-standard","has-post-thumbnail","hentry","category-blog"],"acf":[],"yoast_head":"<!-- This site is optimized with the Yoast SEO plugin v27.5 - https:\/\/yoast.com\/product\/yoast-seo-wordpress\/ -->\n<title>Atr\u00e9vete con los claretes - Bodegas Protos<\/title>\n<meta name=\"description\" content=\"Verano. Quiz\u00e1s, la \u00e9poca del a\u00f1o m\u00e1s esperada por todos. Una \u00e9poca que implica vacaciones, relax, viajes con familia o amigos, almuerzos y cenas al aire\" \/>\n<meta name=\"robots\" content=\"index, follow, max-snippet:-1, max-image-preview:large, max-video-preview:-1\" \/>\n<link rel=\"canonical\" href=\"https:\/\/www.bodegasprotos.com\/es\/blog\/atrevete-con-los-claretes\/\" \/>\n<meta property=\"og:locale\" content=\"es_ES\" \/>\n<meta property=\"og:type\" content=\"article\" \/>\n<meta property=\"og:title\" content=\"Atr\u00e9vete con los claretes - Bodegas Protos\" \/>\n<meta property=\"og:description\" content=\"Verano. Quiz\u00e1s, la \u00e9poca del a\u00f1o m\u00e1s esperada por todos. Una \u00e9poca que implica vacaciones, relax, viajes con familia o amigos, almuerzos y cenas al aire\" \/>\n<meta property=\"og:url\" content=\"https:\/\/www.bodegasprotos.com\/es\/blog\/atrevete-con-los-claretes\/\" \/>\n<meta property=\"og:site_name\" content=\"Bodegas Protos\" \/>\n<meta property=\"article:publisher\" content=\"https:\/\/www.facebook.com\/BodegasProtos\" \/>\n<meta property=\"article:published_time\" content=\"2020-07-17T09:30:45+00:00\" \/>\n<meta property=\"og:image\" content=\"https:\/\/www.bodegasprotos.com\/wp-content\/uploads\/2020\/07\/Post-Clarete-1-scaled.jpg\" \/>\n\t<meta property=\"og:image:width\" content=\"1707\" \/>\n\t<meta property=\"og:image:height\" content=\"2560\" \/>\n\t<meta property=\"og:image:type\" content=\"image\/jpeg\" \/>\n<meta name=\"author\" content=\"Bodegas Protos (F)\" \/>\n<meta name=\"twitter:card\" content=\"summary_large_image\" \/>\n<meta name=\"twitter:creator\" content=\"@Bodegas_Protos\" \/>\n<meta name=\"twitter:site\" content=\"@Bodegas_Protos\" \/>\n<meta name=\"twitter:label1\" content=\"Escrito por\" \/>\n\t<meta name=\"twitter:data1\" content=\"Bodegas Protos (F)\" \/>\n\t<meta name=\"twitter:label2\" content=\"Tiempo de lectura\" \/>\n\t<meta name=\"twitter:data2\" content=\"2 minutos\" \/>\n<script type=\"application\/ld+json\" class=\"yoast-schema-graph\">{\"@context\":\"https:\\\/\\\/schema.org\",\"@graph\":[{\"@type\":\"Article\",\"@id\":\"https:\\\/\\\/www.bodegasprotos.com\\\/es\\\/blog\\\/atrevete-con-los-claretes\\\/#article\",\"isPartOf\":{\"@id\":\"https:\\\/\\\/www.bodegasprotos.com\\\/es\\\/blog\\\/atrevete-con-los-claretes\\\/\"},\"author\":{\"name\":\"Bodegas Protos (F)\",\"@id\":\"https:\\\/\\\/www.bodegasprotos.com\\\/es\\\/#\\\/schema\\\/person\\\/6cb69a08afa14171755cee0df7d20027\"},\"headline\":\"Atr\u00e9vete con los claretes\",\"datePublished\":\"2020-07-17T09:30:45+00:00\",\"mainEntityOfPage\":{\"@id\":\"https:\\\/\\\/www.bodegasprotos.com\\\/es\\\/blog\\\/atrevete-con-los-claretes\\\/\"},\"wordCount\":406,\"publisher\":{\"@id\":\"https:\\\/\\\/www.bodegasprotos.com\\\/es\\\/#organization\"},\"image\":{\"@id\":\"https:\\\/\\\/www.bodegasprotos.com\\\/es\\\/blog\\\/atrevete-con-los-claretes\\\/#primaryimage\"},\"thumbnailUrl\":\"https:\\\/\\\/www.bodegasprotos.com\\\/wp-content\\\/uploads\\\/2020\\\/07\\\/Post-Clarete-1-scaled.jpg\",\"articleSection\":[\"Blog\"],\"inLanguage\":\"es\"},{\"@type\":\"WebPage\",\"@id\":\"https:\\\/\\\/www.bodegasprotos.com\\\/es\\\/blog\\\/atrevete-con-los-claretes\\\/\",\"url\":\"https:\\\/\\\/www.bodegasprotos.com\\\/es\\\/blog\\\/atrevete-con-los-claretes\\\/\",\"name\":\"Atr\u00e9vete con los claretes - Bodegas Protos\",\"isPartOf\":{\"@id\":\"https:\\\/\\\/www.bodegasprotos.com\\\/es\\\/#website\"},\"primaryImageOfPage\":{\"@id\":\"https:\\\/\\\/www.bodegasprotos.com\\\/es\\\/blog\\\/atrevete-con-los-claretes\\\/#primaryimage\"},\"image\":{\"@id\":\"https:\\\/\\\/www.bodegasprotos.com\\\/es\\\/blog\\\/atrevete-con-los-claretes\\\/#primaryimage\"},\"thumbnailUrl\":\"https:\\\/\\\/www.bodegasprotos.com\\\/wp-content\\\/uploads\\\/2020\\\/07\\\/Post-Clarete-1-scaled.jpg\",\"datePublished\":\"2020-07-17T09:30:45+00:00\",\"description\":\"Verano. Quiz\u00e1s, la \u00e9poca del a\u00f1o m\u00e1s esperada por todos. Una \u00e9poca que implica vacaciones, relax, viajes con familia o amigos, almuerzos y cenas al aire\",\"breadcrumb\":{\"@id\":\"https:\\\/\\\/www.bodegasprotos.com\\\/es\\\/blog\\\/atrevete-con-los-claretes\\\/#breadcrumb\"},\"inLanguage\":\"es\",\"potentialAction\":[{\"@type\":\"ReadAction\",\"target\":[\"https:\\\/\\\/www.bodegasprotos.com\\\/es\\\/blog\\\/atrevete-con-los-claretes\\\/\"]}]},{\"@type\":\"ImageObject\",\"inLanguage\":\"es\",\"@id\":\"https:\\\/\\\/www.bodegasprotos.com\\\/es\\\/blog\\\/atrevete-con-los-claretes\\\/#primaryimage\",\"url\":\"https:\\\/\\\/www.bodegasprotos.com\\\/wp-content\\\/uploads\\\/2020\\\/07\\\/Post-Clarete-1-scaled.jpg\",\"contentUrl\":\"https:\\\/\\\/www.bodegasprotos.com\\\/wp-content\\\/uploads\\\/2020\\\/07\\\/Post-Clarete-1-scaled.jpg\",\"width\":1707,\"height\":2560,\"caption\":\"Atr\u00e9vete con los claretes\"},{\"@type\":\"BreadcrumbList\",\"@id\":\"https:\\\/\\\/www.bodegasprotos.com\\\/es\\\/blog\\\/atrevete-con-los-claretes\\\/#breadcrumb\",\"itemListElement\":[{\"@type\":\"ListItem\",\"position\":1,\"name\":\"Portada\",\"item\":\"https:\\\/\\\/www.bodegasprotos.com\\\/es\\\/\"},{\"@type\":\"ListItem\",\"position\":2,\"name\":\"Atr\u00e9vete con los claretes\"}]},{\"@type\":\"WebSite\",\"@id\":\"https:\\\/\\\/www.bodegasprotos.com\\\/es\\\/#website\",\"url\":\"https:\\\/\\\/www.bodegasprotos.com\\\/es\\\/\",\"name\":\"Bodegas Protos\",\"description\":\"Vinos de la Denominaci\u00f3n de Origen Ribera del Duero, Rueda y Cigales\",\"publisher\":{\"@id\":\"https:\\\/\\\/www.bodegasprotos.com\\\/es\\\/#organization\"},\"potentialAction\":[{\"@type\":\"SearchAction\",\"target\":{\"@type\":\"EntryPoint\",\"urlTemplate\":\"https:\\\/\\\/www.bodegasprotos.com\\\/es\\\/?s={search_term_string}\"},\"query-input\":{\"@type\":\"PropertyValueSpecification\",\"valueRequired\":true,\"valueName\":\"search_term_string\"}}],\"inLanguage\":\"es\"},{\"@type\":\"Organization\",\"@id\":\"https:\\\/\\\/www.bodegasprotos.com\\\/es\\\/#organization\",\"name\":\"Bodegas Protos\",\"url\":\"https:\\\/\\\/www.bodegasprotos.com\\\/es\\\/\",\"logo\":{\"@type\":\"ImageObject\",\"inLanguage\":\"es\",\"@id\":\"https:\\\/\\\/www.bodegasprotos.com\\\/es\\\/#\\\/schema\\\/logo\\\/image\\\/\",\"url\":\"https:\\\/\\\/www.bodegasprotos.com\\\/wp-content\\\/uploads\\\/2024\\\/06\\\/PROTOS-LOGOS-VERSIONES-13.png\",\"contentUrl\":\"https:\\\/\\\/www.bodegasprotos.com\\\/wp-content\\\/uploads\\\/2024\\\/06\\\/PROTOS-LOGOS-VERSIONES-13.png\",\"width\":2362,\"height\":2362,\"caption\":\"Bodegas Protos\"},\"image\":{\"@id\":\"https:\\\/\\\/www.bodegasprotos.com\\\/es\\\/#\\\/schema\\\/logo\\\/image\\\/\"},\"sameAs\":[\"https:\\\/\\\/www.facebook.com\\\/BodegasProtos\",\"https:\\\/\\\/x.com\\\/Bodegas_Protos\",\"https:\\\/\\\/www.instagram.com\\\/bodegasprotosoficial\\\/\",\"https:\\\/\\\/www.linkedin.com\\\/company\\\/bodegasprotos\\\/\",\"https:\\\/\\\/pinterest.com\\\/BodegasProtos\\\/\",\"http:\\\/\\\/www.youtube.com\\\/user\\\/BodegasProtos\",\"https:\\\/\\\/es.wikipedia.org\\\/wiki\\\/Bodegas_Protos\"]},{\"@type\":\"Person\",\"@id\":\"https:\\\/\\\/www.bodegasprotos.com\\\/es\\\/#\\\/schema\\\/person\\\/6cb69a08afa14171755cee0df7d20027\",\"name\":\"Bodegas Protos (F)\",\"image\":{\"@type\":\"ImageObject\",\"inLanguage\":\"es\",\"@id\":\"https:\\\/\\\/secure.gravatar.com\\\/avatar\\\/cc613a9fd2ee203f402357c1b4aa2b7c041016cbf1eab1e41bde410b2ebd7f94?s=96&d=mm&r=g\",\"url\":\"https:\\\/\\\/secure.gravatar.com\\\/avatar\\\/cc613a9fd2ee203f402357c1b4aa2b7c041016cbf1eab1e41bde410b2ebd7f94?s=96&d=mm&r=g\",\"contentUrl\":\"https:\\\/\\\/secure.gravatar.com\\\/avatar\\\/cc613a9fd2ee203f402357c1b4aa2b7c041016cbf1eab1e41bde410b2ebd7f94?s=96&d=mm&r=g\",\"caption\":\"Bodegas Protos (F)\"},\"sameAs\":[\"https:\\\/\\\/www.bodegasprotos.com\"]}]}<\/script>\n<!-- \/ Yoast SEO plugin. -->","yoast_head_json":{"title":"Atr\u00e9vete con los claretes - Bodegas Protos","description":"Verano. Quiz\u00e1s, la \u00e9poca del a\u00f1o m\u00e1s esperada por todos. Una \u00e9poca que implica vacaciones, relax, viajes con familia o amigos, almuerzos y cenas al aire","robots":{"index":"index","follow":"follow","max-snippet":"max-snippet:-1","max-image-preview":"max-image-preview:large","max-video-preview":"max-video-preview:-1"},"canonical":"https:\/\/www.bodegasprotos.com\/es\/blog\/atrevete-con-los-claretes\/","og_locale":"es_ES","og_type":"article","og_title":"Atr\u00e9vete con los claretes - Bodegas Protos","og_description":"Verano. Quiz\u00e1s, la \u00e9poca del a\u00f1o m\u00e1s esperada por todos. Una \u00e9poca que implica vacaciones, relax, viajes con familia o amigos, almuerzos y cenas al aire","og_url":"https:\/\/www.bodegasprotos.com\/es\/blog\/atrevete-con-los-claretes\/","og_site_name":"Bodegas Protos","article_publisher":"https:\/\/www.facebook.com\/BodegasProtos","article_published_time":"2020-07-17T09:30:45+00:00","og_image":[{"width":1707,"height":2560,"url":"https:\/\/www.bodegasprotos.com\/wp-content\/uploads\/2020\/07\/Post-Clarete-1-scaled.jpg","type":"image\/jpeg"}],"author":"Bodegas Protos (F)","twitter_card":"summary_large_image","twitter_creator":"@Bodegas_Protos","twitter_site":"@Bodegas_Protos","twitter_misc":{"Escrito por":"Bodegas Protos (F)","Tiempo de lectura":"2 minutos"},"schema":{"@context":"https:\/\/schema.org","@graph":[{"@type":"Article","@id":"https:\/\/www.bodegasprotos.com\/es\/blog\/atrevete-con-los-claretes\/#article","isPartOf":{"@id":"https:\/\/www.bodegasprotos.com\/es\/blog\/atrevete-con-los-claretes\/"},"author":{"name":"Bodegas Protos (F)","@id":"https:\/\/www.bodegasprotos.com\/es\/#\/schema\/person\/6cb69a08afa14171755cee0df7d20027"},"headline":"Atr\u00e9vete con los claretes","datePublished":"2020-07-17T09:30:45+00:00","mainEntityOfPage":{"@id":"https:\/\/www.bodegasprotos.com\/es\/blog\/atrevete-con-los-claretes\/"},"wordCount":406,"publisher":{"@id":"https:\/\/www.bodegasprotos.com\/es\/#organization"},"image":{"@id":"https:\/\/www.bodegasprotos.com\/es\/blog\/atrevete-con-los-claretes\/#primaryimage"},"thumbnailUrl":"https:\/\/www.bodegasprotos.com\/wp-content\/uploads\/2020\/07\/Post-Clarete-1-scaled.jpg","articleSection":["Blog"],"inLanguage":"es"},{"@type":"WebPage","@id":"https:\/\/www.bodegasprotos.com\/es\/blog\/atrevete-con-los-claretes\/","url":"https:\/\/www.bodegasprotos.com\/es\/blog\/atrevete-con-los-claretes\/","name":"Atr\u00e9vete con los claretes - Bodegas Protos","isPartOf":{"@id":"https:\/\/www.bodegasprotos.com\/es\/#website"},"primaryImageOfPage":{"@id":"https:\/\/www.bodegasprotos.com\/es\/blog\/atrevete-con-los-claretes\/#primaryimage"},"image":{"@id":"https:\/\/www.bodegasprotos.com\/es\/blog\/atrevete-con-los-claretes\/#primaryimage"},"thumbnailUrl":"https:\/\/www.bodegasprotos.com\/wp-content\/uploads\/2020\/07\/Post-Clarete-1-scaled.jpg","datePublished":"2020-07-17T09:30:45+00:00","description":"Verano. Quiz\u00e1s, la \u00e9poca del a\u00f1o m\u00e1s esperada por todos. Una \u00e9poca que implica vacaciones, relax, viajes con familia o amigos, almuerzos y cenas al aire","breadcrumb":{"@id":"https:\/\/www.bodegasprotos.com\/es\/blog\/atrevete-con-los-claretes\/#breadcrumb"},"inLanguage":"es","potentialAction":[{"@type":"ReadAction","target":["https:\/\/www.bodegasprotos.com\/es\/blog\/atrevete-con-los-claretes\/"]}]},{"@type":"ImageObject","inLanguage":"es","@id":"https:\/\/www.bodegasprotos.com\/es\/blog\/atrevete-con-los-claretes\/#primaryimage","url":"https:\/\/www.bodegasprotos.com\/wp-content\/uploads\/2020\/07\/Post-Clarete-1-scaled.jpg","contentUrl":"https:\/\/www.bodegasprotos.com\/wp-content\/uploads\/2020\/07\/Post-Clarete-1-scaled.jpg","width":1707,"height":2560,"caption":"Atr\u00e9vete con los claretes"},{"@type":"BreadcrumbList","@id":"https:\/\/www.bodegasprotos.com\/es\/blog\/atrevete-con-los-claretes\/#breadcrumb","itemListElement":[{"@type":"ListItem","position":1,"name":"Portada","item":"https:\/\/www.bodegasprotos.com\/es\/"},{"@type":"ListItem","position":2,"name":"Atr\u00e9vete con los claretes"}]},{"@type":"WebSite","@id":"https:\/\/www.bodegasprotos.com\/es\/#website","url":"https:\/\/www.bodegasprotos.com\/es\/","name":"Bodegas Protos","description":"Vinos de la Denominaci\u00f3n de Origen Ribera del Duero, Rueda y Cigales","publisher":{"@id":"https:\/\/www.bodegasprotos.com\/es\/#organization"},"potentialAction":[{"@type":"SearchAction","target":{"@type":"EntryPoint","urlTemplate":"https:\/\/www.bodegasprotos.com\/es\/?s={search_term_string}"},"query-input":{"@type":"PropertyValueSpecification","valueRequired":true,"valueName":"search_term_string"}}],"inLanguage":"es"},{"@type":"Organization","@id":"https:\/\/www.bodegasprotos.com\/es\/#organization","name":"Bodegas Protos","url":"https:\/\/www.bodegasprotos.com\/es\/","logo":{"@type":"ImageObject","inLanguage":"es","@id":"https:\/\/www.bodegasprotos.com\/es\/#\/schema\/logo\/image\/","url":"https:\/\/www.bodegasprotos.com\/wp-content\/uploads\/2024\/06\/PROTOS-LOGOS-VERSIONES-13.png","contentUrl":"https:\/\/www.bodegasprotos.com\/wp-content\/uploads\/2024\/06\/PROTOS-LOGOS-VERSIONES-13.png","width":2362,"height":2362,"caption":"Bodegas Protos"},"image":{"@id":"https:\/\/www.bodegasprotos.com\/es\/#\/schema\/logo\/image\/"},"sameAs":["https:\/\/www.facebook.com\/BodegasProtos","https:\/\/x.com\/Bodegas_Protos","https:\/\/www.instagram.com\/bodegasprotosoficial\/","https:\/\/www.linkedin.com\/company\/bodegasprotos\/","https:\/\/pinterest.com\/BodegasProtos\/","http:\/\/www.youtube.com\/user\/BodegasProtos","https:\/\/es.wikipedia.org\/wiki\/Bodegas_Protos"]},{"@type":"Person","@id":"https:\/\/www.bodegasprotos.com\/es\/#\/schema\/person\/6cb69a08afa14171755cee0df7d20027","name":"Bodegas Protos (F)","image":{"@type":"ImageObject","inLanguage":"es","@id":"https:\/\/secure.gravatar.com\/avatar\/cc613a9fd2ee203f402357c1b4aa2b7c041016cbf1eab1e41bde410b2ebd7f94?s=96&d=mm&r=g","url":"https:\/\/secure.gravatar.com\/avatar\/cc613a9fd2ee203f402357c1b4aa2b7c041016cbf1eab1e41bde410b2ebd7f94?s=96&d=mm&r=g","contentUrl":"https:\/\/secure.gravatar.com\/avatar\/cc613a9fd2ee203f402357c1b4aa2b7c041016cbf1eab1e41bde410b2ebd7f94?s=96&d=mm&r=g","caption":"Bodegas Protos (F)"},"sameAs":["https:\/\/www.bodegasprotos.com"]}]}},"_links":{"self":[{"href":"https:\/\/www.bodegasprotos.com\/es\/wp-json\/wp\/v2\/posts\/29638","targetHints":{"allow":["GET"]}}],"collection":[{"href":"https:\/\/www.bodegasprotos.com\/es\/wp-json\/wp\/v2\/posts"}],"about":[{"href":"https:\/\/www.bodegasprotos.com\/es\/wp-json\/wp\/v2\/types\/post"}],"author":[{"embeddable":true,"href":"https:\/\/www.bodegasprotos.com\/es\/wp-json\/wp\/v2\/users\/3"}],"replies":[{"embeddable":true,"href":"https:\/\/www.bodegasprotos.com\/es\/wp-json\/wp\/v2\/comments?post=29638"}],"version-history":[{"count":0,"href":"https:\/\/www.bodegasprotos.com\/es\/wp-json\/wp\/v2\/posts\/29638\/revisions"}],"wp:featuredmedia":[{"embeddable":true,"href":"https:\/\/www.bodegasprotos.com\/es\/wp-json\/wp\/v2\/media\/29644"}],"wp:attachment":[{"href":"https:\/\/www.bodegasprotos.com\/es\/wp-json\/wp\/v2\/media?parent=29638"}],"wp:term":[{"taxonomy":"category","embeddable":true,"href":"https:\/\/www.bodegasprotos.com\/es\/wp-json\/wp\/v2\/categories?post=29638"},{"taxonomy":"post_tag","embeddable":true,"href":"https:\/\/www.bodegasprotos.com\/es\/wp-json\/wp\/v2\/tags?post=29638"}],"curies":[{"name":"wp","href":"https:\/\/api.w.org\/{rel}","templated":true}]}}