{"id":29531,"date":"2020-06-19T09:52:17","date_gmt":"2020-06-19T07:52:17","guid":{"rendered":"https:\/\/www.bodegasprotos.com\/?p=29531"},"modified":"2020-08-11T11:13:18","modified_gmt":"2020-08-11T09:13:18","slug":"protos-reabre-sus-puertas-al-enoturismo-e-invita-a-descubrir-su-jardin-de-variedades","status":"publish","type":"post","link":"https:\/\/www.bodegasprotos.com\/es\/en-portada\/protos-reabre-sus-puertas-al-enoturismo-e-invita-a-descubrir-su-jardin-de-variedades\/","title":{"rendered":"Protos reabre sus puertas al enoturismo e invita a descubrir su Jard\u00edn de variedades"},"content":{"rendered":"<p>Bodegas Protos reabre sus actividades enotur\u00edsticas el pr\u00f3ximo s\u00e1bado 27 de Junio \u00a0con una novedad muy especial: <strong>Su jard\u00edn de variedades.<\/strong><\/p>\n<p>Siguiendo todas las recomendaciones establecidas en el protocolo que ha dise\u00f1ado <a href=\"https:\/\/acevin.es\/\">ACEVIN<\/a> junto con el Instituto de Calidad tur\u00edstica espa\u00f1ola, para garantizar la seguridad del visitante, la bodega vallisoletana ha dise\u00f1ado una nueva visita donde el vi\u00f1edo adquiere protagonismo en el recorrido.<\/p>\n<p>Adem\u00e1s de contar con aforos reducidos para garantizar las distancias entre visitantes,\u00a0 todas las zonas interiores recorridas ser\u00e1n desinfectadas diariamente.<\/p>\n<h2>Nueva experiencia<\/h2>\n<p>Protos ha querido crear esta nueva experiencia con el objetivo de que el turista pueda disfrutar de una sorprendente y peculiar ruta enotur\u00edstica, basada en espacios abiertos y al aire libre para estar m\u00e1s conectados con la naturaleza y descubrir nuevos lugares como el ya mencionado jard\u00edn de variedades y garantizar las distancias de seguridad dictaminadas.<\/p>\n<div id=\"attachment_29535\" style=\"width: 310px\" class=\"wp-caption aligncenter\"><img fetchpriority=\"high\" decoding=\"async\" aria-describedby=\"caption-attachment-29535\" class=\"size-medium wp-image-29535\" src=\"https:\/\/www.bodegasprotos.com\/wp-content\/uploads\/2020\/06\/Protos_Momentos_bodega_22-300x200.jpg\" alt=\"Jard\u00edn de variedades\" width=\"300\" height=\"200\" srcset=\"https:\/\/www.bodegasprotos.com\/wp-content\/uploads\/2020\/06\/Protos_Momentos_bodega_22-300x200.jpg 300w, https:\/\/www.bodegasprotos.com\/wp-content\/uploads\/2020\/06\/Protos_Momentos_bodega_22-1024x683.jpg 1024w, https:\/\/www.bodegasprotos.com\/wp-content\/uploads\/2020\/06\/Protos_Momentos_bodega_22-768x512.jpg 768w, https:\/\/www.bodegasprotos.com\/wp-content\/uploads\/2020\/06\/Protos_Momentos_bodega_22-1536x1025.jpg 1536w, https:\/\/www.bodegasprotos.com\/wp-content\/uploads\/2020\/06\/Protos_Momentos_bodega_22.jpg 1754w\" sizes=\"(max-width: 300px) 100vw, 300px\" \/><p id=\"caption-attachment-29535\" class=\"wp-caption-text\">Jard\u00edn de variedades<\/p><\/div>\n<p>La visita comenzar\u00e1, precisamente, en este curioso jard\u00edn donde se ofrecer\u00e1 de manera detallada informaci\u00f3n sobre los distintos tipos de variedades permitidas en la D.O. Ribera del Duero.<\/p>\n<p>Adem\u00e1s, se podr\u00e1n apreciar variedades utilizadas en toda la geograf\u00eda vin\u00edcola de las denominaciones de origen de Castilla y le\u00f3n, \u00a0como Chardonnay, Viura, Macabeo, Verdejo, Cabernet Sauvignon, Merlot, Syrah, Pinot Noir, Garnacha, Sauvignon Blanc\u2026<\/p>\n<p>A continuaci\u00f3n, el visitante dar\u00e1 un paseo por su majestuoso vi\u00f1edo y conocer\u00e1 la arquitectura de vanguardia de la espectacular bodega dise\u00f1ada por el prestigioso arquitecto brit\u00e1nico Sir Richard Rogers y Alonso Balaguer Arquitectos Asociados, donde podr\u00e1 conocer todas las etapas del proceso de elaboraci\u00f3n: Desde la entrada de la uva en bodega hasta la crianza en barrica y\u00a0 botella, finalizando la visita con la cata\u00a0 de dos vinos: <a href=\"https:\/\/www.bodegasprotos.com\/es\/vino\/verdejo\/\">Protos Verdejo<\/a> y <a href=\"https:\/\/www.bodegasprotos.com\/es\/vino\/crianza\/\">Protos Crianza<\/a>.<\/p>\n<p>Todos los asistentes se llevar\u00e1n un obsequio de recuerdo.<\/p>\n<h2>Informaci\u00f3n de la visita<\/h2>\n<p>El precio es de 15 euros por persona (IVA incluido).<\/p>\n<p>Aforo limitado.<\/p>\n<p>Imprescindible reserva previa en enoturismo@bodegasprotos.com o llamando al 659 843 463.<\/p>\n","protected":false},"excerpt":{"rendered":"<p>Bodegas Protos reabre sus actividades enotur\u00edsticas el pr\u00f3ximo s\u00e1bado 27 de Junio \u00a0con una novedad muy especial: Su&#8230;<\/p>\n","protected":false},"author":3,"featured_media":29532,"comment_status":"closed","ping_status":"closed","sticky":false,"template":"","format":"standard","meta":{"_acf_changed":false,"footnotes":""},"categories":[88,94],"tags":[],"class_list":["post-29531","post","type-post","status-publish","format-standard","has-post-thumbnail","hentry","category-en-portada","category-notas-de-prensa"],"acf":[],"yoast_head":"<!-- This site is optimized with the Yoast SEO plugin v27.5 - https:\/\/yoast.com\/product\/yoast-seo-wordpress\/ -->\n<title>Protos reabre sus puertas al enoturismo e invita a descubrir su Jard\u00edn de variedades - Bodegas Protos<\/title>\n<meta name=\"description\" content=\"Bodegas Protos reabre sus actividades enotur\u00edsticas el pr\u00f3ximo s\u00e1bado 27 de Junio \u00a0con una novedad muy especial: Su jard\u00edn de variedades. Siguiendo todas\" \/>\n<meta name=\"robots\" content=\"index, follow, max-snippet:-1, max-image-preview:large, max-video-preview:-1\" \/>\n<link rel=\"canonical\" href=\"https:\/\/www.bodegasprotos.com\/es\/en-portada\/protos-reabre-sus-puertas-al-enoturismo-e-invita-a-descubrir-su-jardin-de-variedades\/\" \/>\n<meta property=\"og:locale\" content=\"es_ES\" \/>\n<meta property=\"og:type\" content=\"article\" \/>\n<meta property=\"og:title\" content=\"Protos reabre sus puertas al enoturismo e invita a descubrir su Jard\u00edn de variedades - Bodegas Protos\" \/>\n<meta property=\"og:description\" content=\"Bodegas Protos reabre sus actividades enotur\u00edsticas el pr\u00f3ximo s\u00e1bado 27 de Junio \u00a0con una novedad muy especial: Su jard\u00edn de variedades. Siguiendo todas\" \/>\n<meta property=\"og:url\" content=\"https:\/\/www.bodegasprotos.com\/es\/en-portada\/protos-reabre-sus-puertas-al-enoturismo-e-invita-a-descubrir-su-jardin-de-variedades\/\" \/>\n<meta property=\"og:site_name\" content=\"Bodegas Protos\" \/>\n<meta property=\"article:publisher\" content=\"https:\/\/www.facebook.com\/BodegasProtos\" \/>\n<meta property=\"article:published_time\" content=\"2020-06-19T07:52:17+00:00\" \/>\n<meta property=\"article:modified_time\" content=\"2020-08-11T09:13:18+00:00\" \/>\n<meta property=\"og:image\" content=\"https:\/\/www.bodegasprotos.com\/wp-content\/uploads\/2020\/06\/Protos_Momentos_bodega_02-1.jpg\" \/>\n\t<meta property=\"og:image:width\" content=\"1754\" \/>\n\t<meta property=\"og:image:height\" content=\"1170\" \/>\n\t<meta property=\"og:image:type\" content=\"image\/jpeg\" \/>\n<meta name=\"author\" content=\"Bodegas Protos (F)\" \/>\n<meta name=\"twitter:card\" content=\"summary_large_image\" \/>\n<meta name=\"twitter:creator\" content=\"@Bodegas_Protos\" \/>\n<meta name=\"twitter:site\" content=\"@Bodegas_Protos\" \/>\n<meta name=\"twitter:label1\" content=\"Escrito por\" \/>\n\t<meta name=\"twitter:data1\" content=\"Bodegas Protos (F)\" \/>\n\t<meta name=\"twitter:label2\" content=\"Tiempo de lectura\" \/>\n\t<meta name=\"twitter:data2\" content=\"2 minutos\" \/>\n<script type=\"application\/ld+json\" class=\"yoast-schema-graph\">{\"@context\":\"https:\\\/\\\/schema.org\",\"@graph\":[{\"@type\":\"Article\",\"@id\":\"https:\\\/\\\/www.bodegasprotos.com\\\/es\\\/en-portada\\\/protos-reabre-sus-puertas-al-enoturismo-e-invita-a-descubrir-su-jardin-de-variedades\\\/#article\",\"isPartOf\":{\"@id\":\"https:\\\/\\\/www.bodegasprotos.com\\\/es\\\/en-portada\\\/protos-reabre-sus-puertas-al-enoturismo-e-invita-a-descubrir-su-jardin-de-variedades\\\/\"},\"author\":{\"name\":\"Bodegas Protos (F)\",\"@id\":\"https:\\\/\\\/www.bodegasprotos.com\\\/es\\\/#\\\/schema\\\/person\\\/6cb69a08afa14171755cee0df7d20027\"},\"headline\":\"Protos reabre sus puertas al enoturismo e invita a descubrir su Jard\u00edn de variedades\",\"datePublished\":\"2020-06-19T07:52:17+00:00\",\"dateModified\":\"2020-08-11T09:13:18+00:00\",\"mainEntityOfPage\":{\"@id\":\"https:\\\/\\\/www.bodegasprotos.com\\\/es\\\/en-portada\\\/protos-reabre-sus-puertas-al-enoturismo-e-invita-a-descubrir-su-jardin-de-variedades\\\/\"},\"wordCount\":365,\"publisher\":{\"@id\":\"https:\\\/\\\/www.bodegasprotos.com\\\/es\\\/#organization\"},\"image\":{\"@id\":\"https:\\\/\\\/www.bodegasprotos.com\\\/es\\\/en-portada\\\/protos-reabre-sus-puertas-al-enoturismo-e-invita-a-descubrir-su-jardin-de-variedades\\\/#primaryimage\"},\"thumbnailUrl\":\"https:\\\/\\\/www.bodegasprotos.com\\\/wp-content\\\/uploads\\\/2020\\\/06\\\/Protos_Momentos_bodega_02-1.jpg\",\"articleSection\":[\"En portada\",\"Notas de Prensa\"],\"inLanguage\":\"es\"},{\"@type\":\"WebPage\",\"@id\":\"https:\\\/\\\/www.bodegasprotos.com\\\/es\\\/en-portada\\\/protos-reabre-sus-puertas-al-enoturismo-e-invita-a-descubrir-su-jardin-de-variedades\\\/\",\"url\":\"https:\\\/\\\/www.bodegasprotos.com\\\/es\\\/en-portada\\\/protos-reabre-sus-puertas-al-enoturismo-e-invita-a-descubrir-su-jardin-de-variedades\\\/\",\"name\":\"Protos reabre sus puertas al enoturismo e invita a descubrir su Jard\u00edn de variedades - Bodegas Protos\",\"isPartOf\":{\"@id\":\"https:\\\/\\\/www.bodegasprotos.com\\\/es\\\/#website\"},\"primaryImageOfPage\":{\"@id\":\"https:\\\/\\\/www.bodegasprotos.com\\\/es\\\/en-portada\\\/protos-reabre-sus-puertas-al-enoturismo-e-invita-a-descubrir-su-jardin-de-variedades\\\/#primaryimage\"},\"image\":{\"@id\":\"https:\\\/\\\/www.bodegasprotos.com\\\/es\\\/en-portada\\\/protos-reabre-sus-puertas-al-enoturismo-e-invita-a-descubrir-su-jardin-de-variedades\\\/#primaryimage\"},\"thumbnailUrl\":\"https:\\\/\\\/www.bodegasprotos.com\\\/wp-content\\\/uploads\\\/2020\\\/06\\\/Protos_Momentos_bodega_02-1.jpg\",\"datePublished\":\"2020-06-19T07:52:17+00:00\",\"dateModified\":\"2020-08-11T09:13:18+00:00\",\"description\":\"Bodegas Protos reabre sus actividades enotur\u00edsticas el pr\u00f3ximo s\u00e1bado 27 de Junio \u00a0con una novedad muy especial: Su jard\u00edn de variedades. Siguiendo todas\",\"breadcrumb\":{\"@id\":\"https:\\\/\\\/www.bodegasprotos.com\\\/es\\\/en-portada\\\/protos-reabre-sus-puertas-al-enoturismo-e-invita-a-descubrir-su-jardin-de-variedades\\\/#breadcrumb\"},\"inLanguage\":\"es\",\"potentialAction\":[{\"@type\":\"ReadAction\",\"target\":[\"https:\\\/\\\/www.bodegasprotos.com\\\/es\\\/en-portada\\\/protos-reabre-sus-puertas-al-enoturismo-e-invita-a-descubrir-su-jardin-de-variedades\\\/\"]}]},{\"@type\":\"ImageObject\",\"inLanguage\":\"es\",\"@id\":\"https:\\\/\\\/www.bodegasprotos.com\\\/es\\\/en-portada\\\/protos-reabre-sus-puertas-al-enoturismo-e-invita-a-descubrir-su-jardin-de-variedades\\\/#primaryimage\",\"url\":\"https:\\\/\\\/www.bodegasprotos.com\\\/wp-content\\\/uploads\\\/2020\\\/06\\\/Protos_Momentos_bodega_02-1.jpg\",\"contentUrl\":\"https:\\\/\\\/www.bodegasprotos.com\\\/wp-content\\\/uploads\\\/2020\\\/06\\\/Protos_Momentos_bodega_02-1.jpg\",\"width\":1754,\"height\":1170,\"caption\":\"Jardin Variedades Protos\"},{\"@type\":\"BreadcrumbList\",\"@id\":\"https:\\\/\\\/www.bodegasprotos.com\\\/es\\\/en-portada\\\/protos-reabre-sus-puertas-al-enoturismo-e-invita-a-descubrir-su-jardin-de-variedades\\\/#breadcrumb\",\"itemListElement\":[{\"@type\":\"ListItem\",\"position\":1,\"name\":\"Portada\",\"item\":\"https:\\\/\\\/www.bodegasprotos.com\\\/es\\\/\"},{\"@type\":\"ListItem\",\"position\":2,\"name\":\"Protos reabre sus puertas al enoturismo e invita a descubrir su Jard\u00edn de variedades\"}]},{\"@type\":\"WebSite\",\"@id\":\"https:\\\/\\\/www.bodegasprotos.com\\\/es\\\/#website\",\"url\":\"https:\\\/\\\/www.bodegasprotos.com\\\/es\\\/\",\"name\":\"Bodegas Protos\",\"description\":\"Vinos de la Denominaci\u00f3n de Origen Ribera del Duero, Rueda y Cigales\",\"publisher\":{\"@id\":\"https:\\\/\\\/www.bodegasprotos.com\\\/es\\\/#organization\"},\"potentialAction\":[{\"@type\":\"SearchAction\",\"target\":{\"@type\":\"EntryPoint\",\"urlTemplate\":\"https:\\\/\\\/www.bodegasprotos.com\\\/es\\\/?s={search_term_string}\"},\"query-input\":{\"@type\":\"PropertyValueSpecification\",\"valueRequired\":true,\"valueName\":\"search_term_string\"}}],\"inLanguage\":\"es\"},{\"@type\":\"Organization\",\"@id\":\"https:\\\/\\\/www.bodegasprotos.com\\\/es\\\/#organization\",\"name\":\"Bodegas Protos\",\"url\":\"https:\\\/\\\/www.bodegasprotos.com\\\/es\\\/\",\"logo\":{\"@type\":\"ImageObject\",\"inLanguage\":\"es\",\"@id\":\"https:\\\/\\\/www.bodegasprotos.com\\\/es\\\/#\\\/schema\\\/logo\\\/image\\\/\",\"url\":\"https:\\\/\\\/www.bodegasprotos.com\\\/wp-content\\\/uploads\\\/2024\\\/06\\\/PROTOS-LOGOS-VERSIONES-13.png\",\"contentUrl\":\"https:\\\/\\\/www.bodegasprotos.com\\\/wp-content\\\/uploads\\\/2024\\\/06\\\/PROTOS-LOGOS-VERSIONES-13.png\",\"width\":2362,\"height\":2362,\"caption\":\"Bodegas Protos\"},\"image\":{\"@id\":\"https:\\\/\\\/www.bodegasprotos.com\\\/es\\\/#\\\/schema\\\/logo\\\/image\\\/\"},\"sameAs\":[\"https:\\\/\\\/www.facebook.com\\\/BodegasProtos\",\"https:\\\/\\\/x.com\\\/Bodegas_Protos\",\"https:\\\/\\\/www.instagram.com\\\/bodegasprotosoficial\\\/\",\"https:\\\/\\\/www.linkedin.com\\\/company\\\/bodegasprotos\\\/\",\"https:\\\/\\\/pinterest.com\\\/BodegasProtos\\\/\",\"http:\\\/\\\/www.youtube.com\\\/user\\\/BodegasProtos\",\"https:\\\/\\\/es.wikipedia.org\\\/wiki\\\/Bodegas_Protos\"]},{\"@type\":\"Person\",\"@id\":\"https:\\\/\\\/www.bodegasprotos.com\\\/es\\\/#\\\/schema\\\/person\\\/6cb69a08afa14171755cee0df7d20027\",\"name\":\"Bodegas Protos (F)\",\"image\":{\"@type\":\"ImageObject\",\"inLanguage\":\"es\",\"@id\":\"https:\\\/\\\/secure.gravatar.com\\\/avatar\\\/cc613a9fd2ee203f402357c1b4aa2b7c041016cbf1eab1e41bde410b2ebd7f94?s=96&d=mm&r=g\",\"url\":\"https:\\\/\\\/secure.gravatar.com\\\/avatar\\\/cc613a9fd2ee203f402357c1b4aa2b7c041016cbf1eab1e41bde410b2ebd7f94?s=96&d=mm&r=g\",\"contentUrl\":\"https:\\\/\\\/secure.gravatar.com\\\/avatar\\\/cc613a9fd2ee203f402357c1b4aa2b7c041016cbf1eab1e41bde410b2ebd7f94?s=96&d=mm&r=g\",\"caption\":\"Bodegas Protos (F)\"},\"sameAs\":[\"https:\\\/\\\/www.bodegasprotos.com\"]}]}<\/script>\n<!-- \/ Yoast SEO plugin. -->","yoast_head_json":{"title":"Protos reabre sus puertas al enoturismo e invita a descubrir su Jard\u00edn de variedades - Bodegas Protos","description":"Bodegas Protos reabre sus actividades enotur\u00edsticas el pr\u00f3ximo s\u00e1bado 27 de Junio \u00a0con una novedad muy especial: Su jard\u00edn de variedades. Siguiendo todas","robots":{"index":"index","follow":"follow","max-snippet":"max-snippet:-1","max-image-preview":"max-image-preview:large","max-video-preview":"max-video-preview:-1"},"canonical":"https:\/\/www.bodegasprotos.com\/es\/en-portada\/protos-reabre-sus-puertas-al-enoturismo-e-invita-a-descubrir-su-jardin-de-variedades\/","og_locale":"es_ES","og_type":"article","og_title":"Protos reabre sus puertas al enoturismo e invita a descubrir su Jard\u00edn de variedades - Bodegas Protos","og_description":"Bodegas Protos reabre sus actividades enotur\u00edsticas el pr\u00f3ximo s\u00e1bado 27 de Junio \u00a0con una novedad muy especial: Su jard\u00edn de variedades. Siguiendo todas","og_url":"https:\/\/www.bodegasprotos.com\/es\/en-portada\/protos-reabre-sus-puertas-al-enoturismo-e-invita-a-descubrir-su-jardin-de-variedades\/","og_site_name":"Bodegas Protos","article_publisher":"https:\/\/www.facebook.com\/BodegasProtos","article_published_time":"2020-06-19T07:52:17+00:00","article_modified_time":"2020-08-11T09:13:18+00:00","og_image":[{"width":1754,"height":1170,"url":"https:\/\/www.bodegasprotos.com\/wp-content\/uploads\/2020\/06\/Protos_Momentos_bodega_02-1.jpg","type":"image\/jpeg"}],"author":"Bodegas Protos (F)","twitter_card":"summary_large_image","twitter_creator":"@Bodegas_Protos","twitter_site":"@Bodegas_Protos","twitter_misc":{"Escrito por":"Bodegas Protos (F)","Tiempo de lectura":"2 minutos"},"schema":{"@context":"https:\/\/schema.org","@graph":[{"@type":"Article","@id":"https:\/\/www.bodegasprotos.com\/es\/en-portada\/protos-reabre-sus-puertas-al-enoturismo-e-invita-a-descubrir-su-jardin-de-variedades\/#article","isPartOf":{"@id":"https:\/\/www.bodegasprotos.com\/es\/en-portada\/protos-reabre-sus-puertas-al-enoturismo-e-invita-a-descubrir-su-jardin-de-variedades\/"},"author":{"name":"Bodegas Protos (F)","@id":"https:\/\/www.bodegasprotos.com\/es\/#\/schema\/person\/6cb69a08afa14171755cee0df7d20027"},"headline":"Protos reabre sus puertas al enoturismo e invita a descubrir su Jard\u00edn de variedades","datePublished":"2020-06-19T07:52:17+00:00","dateModified":"2020-08-11T09:13:18+00:00","mainEntityOfPage":{"@id":"https:\/\/www.bodegasprotos.com\/es\/en-portada\/protos-reabre-sus-puertas-al-enoturismo-e-invita-a-descubrir-su-jardin-de-variedades\/"},"wordCount":365,"publisher":{"@id":"https:\/\/www.bodegasprotos.com\/es\/#organization"},"image":{"@id":"https:\/\/www.bodegasprotos.com\/es\/en-portada\/protos-reabre-sus-puertas-al-enoturismo-e-invita-a-descubrir-su-jardin-de-variedades\/#primaryimage"},"thumbnailUrl":"https:\/\/www.bodegasprotos.com\/wp-content\/uploads\/2020\/06\/Protos_Momentos_bodega_02-1.jpg","articleSection":["En portada","Notas de Prensa"],"inLanguage":"es"},{"@type":"WebPage","@id":"https:\/\/www.bodegasprotos.com\/es\/en-portada\/protos-reabre-sus-puertas-al-enoturismo-e-invita-a-descubrir-su-jardin-de-variedades\/","url":"https:\/\/www.bodegasprotos.com\/es\/en-portada\/protos-reabre-sus-puertas-al-enoturismo-e-invita-a-descubrir-su-jardin-de-variedades\/","name":"Protos reabre sus puertas al enoturismo e invita a descubrir su Jard\u00edn de variedades - Bodegas Protos","isPartOf":{"@id":"https:\/\/www.bodegasprotos.com\/es\/#website"},"primaryImageOfPage":{"@id":"https:\/\/www.bodegasprotos.com\/es\/en-portada\/protos-reabre-sus-puertas-al-enoturismo-e-invita-a-descubrir-su-jardin-de-variedades\/#primaryimage"},"image":{"@id":"https:\/\/www.bodegasprotos.com\/es\/en-portada\/protos-reabre-sus-puertas-al-enoturismo-e-invita-a-descubrir-su-jardin-de-variedades\/#primaryimage"},"thumbnailUrl":"https:\/\/www.bodegasprotos.com\/wp-content\/uploads\/2020\/06\/Protos_Momentos_bodega_02-1.jpg","datePublished":"2020-06-19T07:52:17+00:00","dateModified":"2020-08-11T09:13:18+00:00","description":"Bodegas Protos reabre sus actividades enotur\u00edsticas el pr\u00f3ximo s\u00e1bado 27 de Junio \u00a0con una novedad muy especial: Su jard\u00edn de variedades. Siguiendo todas","breadcrumb":{"@id":"https:\/\/www.bodegasprotos.com\/es\/en-portada\/protos-reabre-sus-puertas-al-enoturismo-e-invita-a-descubrir-su-jardin-de-variedades\/#breadcrumb"},"inLanguage":"es","potentialAction":[{"@type":"ReadAction","target":["https:\/\/www.bodegasprotos.com\/es\/en-portada\/protos-reabre-sus-puertas-al-enoturismo-e-invita-a-descubrir-su-jardin-de-variedades\/"]}]},{"@type":"ImageObject","inLanguage":"es","@id":"https:\/\/www.bodegasprotos.com\/es\/en-portada\/protos-reabre-sus-puertas-al-enoturismo-e-invita-a-descubrir-su-jardin-de-variedades\/#primaryimage","url":"https:\/\/www.bodegasprotos.com\/wp-content\/uploads\/2020\/06\/Protos_Momentos_bodega_02-1.jpg","contentUrl":"https:\/\/www.bodegasprotos.com\/wp-content\/uploads\/2020\/06\/Protos_Momentos_bodega_02-1.jpg","width":1754,"height":1170,"caption":"Jardin Variedades Protos"},{"@type":"BreadcrumbList","@id":"https:\/\/www.bodegasprotos.com\/es\/en-portada\/protos-reabre-sus-puertas-al-enoturismo-e-invita-a-descubrir-su-jardin-de-variedades\/#breadcrumb","itemListElement":[{"@type":"ListItem","position":1,"name":"Portada","item":"https:\/\/www.bodegasprotos.com\/es\/"},{"@type":"ListItem","position":2,"name":"Protos reabre sus puertas al enoturismo e invita a descubrir su Jard\u00edn de variedades"}]},{"@type":"WebSite","@id":"https:\/\/www.bodegasprotos.com\/es\/#website","url":"https:\/\/www.bodegasprotos.com\/es\/","name":"Bodegas Protos","description":"Vinos de la Denominaci\u00f3n de Origen Ribera del Duero, Rueda y Cigales","publisher":{"@id":"https:\/\/www.bodegasprotos.com\/es\/#organization"},"potentialAction":[{"@type":"SearchAction","target":{"@type":"EntryPoint","urlTemplate":"https:\/\/www.bodegasprotos.com\/es\/?s={search_term_string}"},"query-input":{"@type":"PropertyValueSpecification","valueRequired":true,"valueName":"search_term_string"}}],"inLanguage":"es"},{"@type":"Organization","@id":"https:\/\/www.bodegasprotos.com\/es\/#organization","name":"Bodegas Protos","url":"https:\/\/www.bodegasprotos.com\/es\/","logo":{"@type":"ImageObject","inLanguage":"es","@id":"https:\/\/www.bodegasprotos.com\/es\/#\/schema\/logo\/image\/","url":"https:\/\/www.bodegasprotos.com\/wp-content\/uploads\/2024\/06\/PROTOS-LOGOS-VERSIONES-13.png","contentUrl":"https:\/\/www.bodegasprotos.com\/wp-content\/uploads\/2024\/06\/PROTOS-LOGOS-VERSIONES-13.png","width":2362,"height":2362,"caption":"Bodegas Protos"},"image":{"@id":"https:\/\/www.bodegasprotos.com\/es\/#\/schema\/logo\/image\/"},"sameAs":["https:\/\/www.facebook.com\/BodegasProtos","https:\/\/x.com\/Bodegas_Protos","https:\/\/www.instagram.com\/bodegasprotosoficial\/","https:\/\/www.linkedin.com\/company\/bodegasprotos\/","https:\/\/pinterest.com\/BodegasProtos\/","http:\/\/www.youtube.com\/user\/BodegasProtos","https:\/\/es.wikipedia.org\/wiki\/Bodegas_Protos"]},{"@type":"Person","@id":"https:\/\/www.bodegasprotos.com\/es\/#\/schema\/person\/6cb69a08afa14171755cee0df7d20027","name":"Bodegas Protos (F)","image":{"@type":"ImageObject","inLanguage":"es","@id":"https:\/\/secure.gravatar.com\/avatar\/cc613a9fd2ee203f402357c1b4aa2b7c041016cbf1eab1e41bde410b2ebd7f94?s=96&d=mm&r=g","url":"https:\/\/secure.gravatar.com\/avatar\/cc613a9fd2ee203f402357c1b4aa2b7c041016cbf1eab1e41bde410b2ebd7f94?s=96&d=mm&r=g","contentUrl":"https:\/\/secure.gravatar.com\/avatar\/cc613a9fd2ee203f402357c1b4aa2b7c041016cbf1eab1e41bde410b2ebd7f94?s=96&d=mm&r=g","caption":"Bodegas Protos (F)"},"sameAs":["https:\/\/www.bodegasprotos.com"]}]}},"_links":{"self":[{"href":"https:\/\/www.bodegasprotos.com\/es\/wp-json\/wp\/v2\/posts\/29531","targetHints":{"allow":["GET"]}}],"collection":[{"href":"https:\/\/www.bodegasprotos.com\/es\/wp-json\/wp\/v2\/posts"}],"about":[{"href":"https:\/\/www.bodegasprotos.com\/es\/wp-json\/wp\/v2\/types\/post"}],"author":[{"embeddable":true,"href":"https:\/\/www.bodegasprotos.com\/es\/wp-json\/wp\/v2\/users\/3"}],"replies":[{"embeddable":true,"href":"https:\/\/www.bodegasprotos.com\/es\/wp-json\/wp\/v2\/comments?post=29531"}],"version-history":[{"count":0,"href":"https:\/\/www.bodegasprotos.com\/es\/wp-json\/wp\/v2\/posts\/29531\/revisions"}],"wp:featuredmedia":[{"embeddable":true,"href":"https:\/\/www.bodegasprotos.com\/es\/wp-json\/wp\/v2\/media\/29532"}],"wp:attachment":[{"href":"https:\/\/www.bodegasprotos.com\/es\/wp-json\/wp\/v2\/media?parent=29531"}],"wp:term":[{"taxonomy":"category","embeddable":true,"href":"https:\/\/www.bodegasprotos.com\/es\/wp-json\/wp\/v2\/categories?post=29531"},{"taxonomy":"post_tag","embeddable":true,"href":"https:\/\/www.bodegasprotos.com\/es\/wp-json\/wp\/v2\/tags?post=29531"}],"curies":[{"name":"wp","href":"https:\/\/api.w.org\/{rel}","templated":true}]}}