{"id":28686,"date":"2020-05-22T08:31:28","date_gmt":"2020-05-22T06:31:28","guid":{"rendered":"https:\/\/www.bodegasprotos.com\/?p=28686"},"modified":"2020-06-18T09:35:16","modified_gmt":"2020-06-18T07:35:16","slug":"las-mejores-fiestas-y-ferias-del-vino-en-espana","status":"publish","type":"post","link":"https:\/\/www.bodegasprotos.com\/es\/blog\/las-mejores-fiestas-y-ferias-del-vino-en-espana\/","title":{"rendered":"Las mejores fiestas y ferias del vino en Espa\u00f1a"},"content":{"rendered":"<p>El vino forma parte de nuestra cultura. No hay duda de esta afirmaci\u00f3n si tenemos en cuenta que muchas de nuestras tradiciones invitan a disfrutar de una buena copa. Incluso en momentos como el actual, en el que se impone el <strong>distanciamiento social<\/strong>, estamos deseando volver a juntarnos y disfrutar con nuestros seres queridos de esta milenaria bebida.<\/p>\n<p>Es m\u00e1s, estamos seguros de que tarde o temprano volveremos a retomar nuestras costumbres y a disfrutar al m\u00e1ximo de la cultura vitivin\u00edcola, esa que podemos paladear en cada <strong>feria del vino<\/strong> que se celebra (y celebrar\u00e1) o en las m\u00faltiples festividades que existen en Espa\u00f1a que tienen a esta bebida como hilo conductor.<\/p>\n<p>Y es que, aunque la crisis sanitaria ha frenado este tipo de actividades -no el consumo del vino, por supuesto-, conviene recordar que son muchos los eventos que esperamos volver a disfrutar en un futuro, ya sean <strong>ferias <\/strong>en las que se dan cita expertos, catadores y todo aquel que quiera probar los mejores vinos de bodegas nacionales e internacionales, o <strong>fiestas <\/strong>en las que celebrar la cultura del vino como se merece.<\/p>\n<h2><strong>Ferias y eventos m\u00e1s importantes<\/strong><\/h2>\n<p>En este peque\u00f1o ejercicio de anhelo, vamos a repasar en primer lugar las principales citas que esperamos que vuelvan pr\u00f3ximamente, pues le aportaban un gran valor a\u00f1adido al sector vin\u00edcola.<\/p>\n<h3><strong>Feria Nacional del Vino<\/strong><\/h3>\n<p>Tambi\u00e9n conocida como FENAVIN, es una de las m\u00e1s importantes del sector vitivin\u00edcola. Se suele celebrar en Ciudad Real, lugar donde se re\u00fanen m\u00e1s de 1.000 bodegas. El objetivo no es otro que impulsar el negocio a nivel nacional e internacional y crear un lugar de encuentro entre la oferta y la demanda. Por lo tanto, se trata de una ocasi\u00f3n perfecta para que todas las denominaciones de origen de Espa\u00f1a puedan hacer crecer su negocio. Ya est\u00e1n programadas las fechas para 2021: del <strong>11 al 13 de mayo<\/strong>.<\/p>\n<h3><strong>Feria Internacional de Enoturismo<\/strong><\/h3>\n<p>FINE, que as\u00ed se llama, es una de las ferias m\u00e1s recientes y destacadas de nuestro pa\u00eds. De hecho, la pr\u00f3xima edici\u00f3n tendr\u00e1 lugar los d\u00edas <strong>9 y 10 de febrero de 2021<\/strong>. En ella se re\u00fane a bodegas, territorios y colectivos profesionales que trabajan por el desarrollo del enoturismo. El lugar de celebraci\u00f3n no es casualidad, ya que la capital vallisoletana es la \u00fanica en la que confluyen cinco denominaciones de origen (Ribera del Duero, Rueda, Cigales, Toro y Vinos de la Tierra de Le\u00f3n). No en vano, en Pe\u00f1afiel,\u00a0 provincia de Valladolid, esta situado el monumental\u00a0 <a href=\"http:\/\/www.provinciadevalladolid.com\/es\/pierdas\/museo-provincial-vino\">Museo Provincial del Vino en Pe\u00f1afiel<\/a>.<\/p>\n<h3><strong>Otras ferias<\/strong><\/h3>\n<p>Siguiendo con la ruta por los mejores eventos para degustar <strong>vino de feria<\/strong>, deseamos volver a encontrarnos con los siguientes:<\/p>\n<ul>\n<li><strong>Sal\u00f3n Gourmet<\/strong>: un cl\u00e1sico que se celebra cada a\u00f1o en Madrid y que permite descubrir y disfrutar de nuevos vinos y lo mejor de la gastronom\u00eda.<\/li>\n<li><strong>Feria del vino de Cacabelos<\/strong>: aqu\u00ed la protagonista suele ser la famosa uva menc\u00eda. Una oportunidad para conocer las bodegas del Bierzo y alrededores.<\/li>\n<li><strong>Sal\u00f3n de los Mejores Vinos de Espa\u00f1a<\/strong>: en \u00e9l se pueden conocer varios de los mejores vinos de Espa\u00f1a, ya que en IFEMA (Madrid) se re\u00fane a los valorados con m\u00e1s de 90 puntos por la gu\u00eda de vinos Pe\u00f1\u00edn.<\/li>\n<li><strong>Enomaq<\/strong>: Zaragoza suele reunir a las mejores bodegas de Arag\u00f3n. Un lugar perfecto para descubrir hasta d\u00f3nde llega la tecnolog\u00eda del vino y sus novedades en etiquetas, fermentaci\u00f3n, embotelladoras\u2026<\/li>\n<li><strong>Vella Terra<\/strong>: los asistentes a en este certamen pod\u00edan disfrutar del producto de vinos naturales y propios de Barcelona.<\/li>\n<li><strong>Vinoble<\/strong>: sin duda se trata de la feria de vinos dulces m\u00e1s famosa. Variedades como manzanillas, cream o Pedro Xim\u00e9nez se encuentran en Jerez de la Frontera.<\/li>\n<li><strong>Organic Food Iberia<\/strong>: la favorita por los amantes de los vinos ecol\u00f3gicos. Se suele celebrar en Madrid.<\/li>\n<li><strong>Enorock<\/strong>: una de las citas en la que se unen vino y m\u00fasica, concretamente en Valencia.<\/li>\n<li><strong>Sonorama Ribera<\/strong>: y hablando de la conjunci\u00f3n de m\u00fasica y vino, otra de las citas ineludibles del panorama nacional es este festival que este a\u00f1o se celebra entre los d\u00edas 12 y 16 de agosto en Aranda de Duero y cuya organizaci\u00f3n est\u00e1 pendiente de lo que vaya sucediendo en las pr\u00f3ximas semanas.<\/li>\n<\/ul>\n<h3><strong>Fiestas regionales<\/strong><\/h3>\n<p>Como sueles ver en el <a href=\"https:\/\/www.bodegasprotos.com\/es\/blog\/\">blog de Protos<\/a>, las historias del hombre y del vino van muy unidas, y es por eso que en muchas<strong> fiestas regionales<\/strong> de nuestro pa\u00eds, este tiene un gran protagonismo. La celebraci\u00f3n de algunas de las m\u00e1s representativas penden de un hilo este a\u00f1o, pero estamos seguros de que, si no se pueden disfrutar, volver\u00e1n con m\u00e1s fuerza en 2021. \u00bfO alguien se imagina que las siguientes fiestas puedan desaparecer?<\/p>\n<ul>\n<li><strong>Fiestas de San Mateo<\/strong>: celebradas en Logro\u00f1o, uno de los territorios m\u00e1s unidos al vino, coinciden con el comienzo de la vendimia el 21 de septiembre. Y es que hasta el zurracapote, la bebida t\u00edpica de esta fiesta, est\u00e1 elaborada con vino. Dado que a\u00fan queda bastante tiempo, no tendr\u00eda por qu\u00e9 no celebrarse, aunque fuera con nuevas reglas de distanciamiento.<\/li>\n<li><strong>Batalla del Vino de Haro<\/strong>: otra de las m\u00e1s famosas de La Rioja. Su origen nos lleva a los Riscos de Bilibio. A la llegada al lugar, cientos de personas en peregrinaci\u00f3n comienzan a arrojarse vino con diferentes utensilios y ma\u00f1as. Por supuesto, se trata de una batalla divertida. Se celebra el 29 de junio y a\u00fan no est\u00e1 claro que este a\u00f1o vaya a tener lugar.<\/li>\n<li><strong>Fiesta de San Roque en Pe\u00f1afiel<\/strong>: estos festejos que se celebran a mediados de agosto tienen en el vino a uno de sus principales protagonistas (no pod\u00eda ser de otra manera en esta localidad vallisoletana), aunque tampoco hay que olvidar el tradicional Ch\u00fandara, un pasacalles en el que todos los participantes son mojados -con agua- mientras bailan al son de un pasodoble el d\u00eda 15 de agosto.<\/li>\n<li><strong>Gran Fiesta de la Vendimia Ribera del Duero<\/strong>. El 25 y 26 de septiembre est\u00e1 prevista la celebraci\u00f3n en Aranda de Duero de la cuarta edici\u00f3n de esta fiesta que pretende unir cultura y vino.<\/li>\n<\/ul>\n<p>Como vemos, la celebraci\u00f3n de algunos de estos eventos a\u00fan est\u00e1 en el aire, pero de lo que estamos seguros es de que ninguna pandemia ser\u00e1 capaz de disminuir nuestro <strong>amor por el vino<\/strong>.<\/p>\n","protected":false},"excerpt":{"rendered":"<p>El vino forma parte de nuestra cultura. No hay duda de esta afirmaci\u00f3n si tenemos en cuenta que&#8230;<\/p>\n","protected":false},"author":3,"featured_media":28689,"comment_status":"closed","ping_status":"closed","sticky":false,"template":"","format":"standard","meta":{"_acf_changed":false,"footnotes":""},"categories":[87],"tags":[],"class_list":["post-28686","post","type-post","status-publish","format-standard","has-post-thumbnail","hentry","category-blog"],"acf":[],"yoast_head":"<!-- This site is optimized with the Yoast SEO plugin v27.5 - https:\/\/yoast.com\/product\/yoast-seo-wordpress\/ -->\n<title>Las mejores fiestas y ferias del vino en Espa\u00f1a - Bodegas Protos<\/title>\n<meta name=\"description\" content=\"El vino forma parte de nuestra cultura. No hay duda de esta afirmaci\u00f3n si tenemos en cuenta que muchas de nuestras tradiciones invitan a disfrutar de una\" \/>\n<meta name=\"robots\" content=\"index, follow, max-snippet:-1, max-image-preview:large, max-video-preview:-1\" \/>\n<link rel=\"canonical\" href=\"https:\/\/www.bodegasprotos.com\/es\/blog\/las-mejores-fiestas-y-ferias-del-vino-en-espana\/\" \/>\n<meta property=\"og:locale\" content=\"es_ES\" \/>\n<meta property=\"og:type\" content=\"article\" \/>\n<meta property=\"og:title\" content=\"Las mejores fiestas y ferias del vino en Espa\u00f1a - Bodegas Protos\" \/>\n<meta property=\"og:description\" content=\"El vino forma parte de nuestra cultura. No hay duda de esta afirmaci\u00f3n si tenemos en cuenta que muchas de nuestras tradiciones invitan a disfrutar de una\" \/>\n<meta property=\"og:url\" content=\"https:\/\/www.bodegasprotos.com\/es\/blog\/las-mejores-fiestas-y-ferias-del-vino-en-espana\/\" \/>\n<meta property=\"og:site_name\" content=\"Bodegas Protos\" \/>\n<meta property=\"article:publisher\" content=\"https:\/\/www.facebook.com\/BodegasProtos\" \/>\n<meta property=\"article:published_time\" content=\"2020-05-22T06:31:28+00:00\" \/>\n<meta property=\"article:modified_time\" content=\"2020-06-18T07:35:16+00:00\" \/>\n<meta property=\"og:image\" content=\"https:\/\/www.bodegasprotos.com\/wp-content\/uploads\/2020\/05\/IMG-20180416-WA0003.jpg\" \/>\n\t<meta property=\"og:image:width\" content=\"1024\" \/>\n\t<meta property=\"og:image:height\" content=\"768\" \/>\n\t<meta property=\"og:image:type\" content=\"image\/jpeg\" \/>\n<meta name=\"author\" content=\"Bodegas Protos (F)\" \/>\n<meta name=\"twitter:card\" content=\"summary_large_image\" \/>\n<meta name=\"twitter:creator\" content=\"@Bodegas_Protos\" \/>\n<meta name=\"twitter:site\" content=\"@Bodegas_Protos\" \/>\n<meta name=\"twitter:label1\" content=\"Escrito por\" \/>\n\t<meta name=\"twitter:data1\" content=\"Bodegas Protos (F)\" \/>\n\t<meta name=\"twitter:label2\" content=\"Tiempo de lectura\" \/>\n\t<meta name=\"twitter:data2\" content=\"5 minutos\" \/>\n<script type=\"application\/ld+json\" class=\"yoast-schema-graph\">{\"@context\":\"https:\\\/\\\/schema.org\",\"@graph\":[{\"@type\":\"Article\",\"@id\":\"https:\\\/\\\/www.bodegasprotos.com\\\/es\\\/blog\\\/las-mejores-fiestas-y-ferias-del-vino-en-espana\\\/#article\",\"isPartOf\":{\"@id\":\"https:\\\/\\\/www.bodegasprotos.com\\\/es\\\/blog\\\/las-mejores-fiestas-y-ferias-del-vino-en-espana\\\/\"},\"author\":{\"name\":\"Bodegas Protos (F)\",\"@id\":\"https:\\\/\\\/www.bodegasprotos.com\\\/es\\\/#\\\/schema\\\/person\\\/6cb69a08afa14171755cee0df7d20027\"},\"headline\":\"Las mejores fiestas y ferias del vino en Espa\u00f1a\",\"datePublished\":\"2020-05-22T06:31:28+00:00\",\"dateModified\":\"2020-06-18T07:35:16+00:00\",\"mainEntityOfPage\":{\"@id\":\"https:\\\/\\\/www.bodegasprotos.com\\\/es\\\/blog\\\/las-mejores-fiestas-y-ferias-del-vino-en-espana\\\/\"},\"wordCount\":1109,\"publisher\":{\"@id\":\"https:\\\/\\\/www.bodegasprotos.com\\\/es\\\/#organization\"},\"image\":{\"@id\":\"https:\\\/\\\/www.bodegasprotos.com\\\/es\\\/blog\\\/las-mejores-fiestas-y-ferias-del-vino-en-espana\\\/#primaryimage\"},\"thumbnailUrl\":\"https:\\\/\\\/www.bodegasprotos.com\\\/wp-content\\\/uploads\\\/2020\\\/05\\\/IMG-20180416-WA0003.jpg\",\"articleSection\":[\"Blog\"],\"inLanguage\":\"es\"},{\"@type\":\"WebPage\",\"@id\":\"https:\\\/\\\/www.bodegasprotos.com\\\/es\\\/blog\\\/las-mejores-fiestas-y-ferias-del-vino-en-espana\\\/\",\"url\":\"https:\\\/\\\/www.bodegasprotos.com\\\/es\\\/blog\\\/las-mejores-fiestas-y-ferias-del-vino-en-espana\\\/\",\"name\":\"Las mejores fiestas y ferias del vino en Espa\u00f1a - Bodegas Protos\",\"isPartOf\":{\"@id\":\"https:\\\/\\\/www.bodegasprotos.com\\\/es\\\/#website\"},\"primaryImageOfPage\":{\"@id\":\"https:\\\/\\\/www.bodegasprotos.com\\\/es\\\/blog\\\/las-mejores-fiestas-y-ferias-del-vino-en-espana\\\/#primaryimage\"},\"image\":{\"@id\":\"https:\\\/\\\/www.bodegasprotos.com\\\/es\\\/blog\\\/las-mejores-fiestas-y-ferias-del-vino-en-espana\\\/#primaryimage\"},\"thumbnailUrl\":\"https:\\\/\\\/www.bodegasprotos.com\\\/wp-content\\\/uploads\\\/2020\\\/05\\\/IMG-20180416-WA0003.jpg\",\"datePublished\":\"2020-05-22T06:31:28+00:00\",\"dateModified\":\"2020-06-18T07:35:16+00:00\",\"description\":\"El vino forma parte de nuestra cultura. No hay duda de esta afirmaci\u00f3n si tenemos en cuenta que muchas de nuestras tradiciones invitan a disfrutar de una\",\"breadcrumb\":{\"@id\":\"https:\\\/\\\/www.bodegasprotos.com\\\/es\\\/blog\\\/las-mejores-fiestas-y-ferias-del-vino-en-espana\\\/#breadcrumb\"},\"inLanguage\":\"es\",\"potentialAction\":[{\"@type\":\"ReadAction\",\"target\":[\"https:\\\/\\\/www.bodegasprotos.com\\\/es\\\/blog\\\/las-mejores-fiestas-y-ferias-del-vino-en-espana\\\/\"]}]},{\"@type\":\"ImageObject\",\"inLanguage\":\"es\",\"@id\":\"https:\\\/\\\/www.bodegasprotos.com\\\/es\\\/blog\\\/las-mejores-fiestas-y-ferias-del-vino-en-espana\\\/#primaryimage\",\"url\":\"https:\\\/\\\/www.bodegasprotos.com\\\/wp-content\\\/uploads\\\/2020\\\/05\\\/IMG-20180416-WA0003.jpg\",\"contentUrl\":\"https:\\\/\\\/www.bodegasprotos.com\\\/wp-content\\\/uploads\\\/2020\\\/05\\\/IMG-20180416-WA0003.jpg\",\"width\":1024,\"height\":768,\"caption\":\"feria del vino\"},{\"@type\":\"BreadcrumbList\",\"@id\":\"https:\\\/\\\/www.bodegasprotos.com\\\/es\\\/blog\\\/las-mejores-fiestas-y-ferias-del-vino-en-espana\\\/#breadcrumb\",\"itemListElement\":[{\"@type\":\"ListItem\",\"position\":1,\"name\":\"Portada\",\"item\":\"https:\\\/\\\/www.bodegasprotos.com\\\/es\\\/\"},{\"@type\":\"ListItem\",\"position\":2,\"name\":\"Las mejores fiestas y ferias del vino en Espa\u00f1a\"}]},{\"@type\":\"WebSite\",\"@id\":\"https:\\\/\\\/www.bodegasprotos.com\\\/es\\\/#website\",\"url\":\"https:\\\/\\\/www.bodegasprotos.com\\\/es\\\/\",\"name\":\"Bodegas Protos\",\"description\":\"Vinos de la Denominaci\u00f3n de Origen Ribera del Duero, Rueda y Cigales\",\"publisher\":{\"@id\":\"https:\\\/\\\/www.bodegasprotos.com\\\/es\\\/#organization\"},\"potentialAction\":[{\"@type\":\"SearchAction\",\"target\":{\"@type\":\"EntryPoint\",\"urlTemplate\":\"https:\\\/\\\/www.bodegasprotos.com\\\/es\\\/?s={search_term_string}\"},\"query-input\":{\"@type\":\"PropertyValueSpecification\",\"valueRequired\":true,\"valueName\":\"search_term_string\"}}],\"inLanguage\":\"es\"},{\"@type\":\"Organization\",\"@id\":\"https:\\\/\\\/www.bodegasprotos.com\\\/es\\\/#organization\",\"name\":\"Bodegas Protos\",\"url\":\"https:\\\/\\\/www.bodegasprotos.com\\\/es\\\/\",\"logo\":{\"@type\":\"ImageObject\",\"inLanguage\":\"es\",\"@id\":\"https:\\\/\\\/www.bodegasprotos.com\\\/es\\\/#\\\/schema\\\/logo\\\/image\\\/\",\"url\":\"https:\\\/\\\/www.bodegasprotos.com\\\/wp-content\\\/uploads\\\/2024\\\/06\\\/PROTOS-LOGOS-VERSIONES-13.png\",\"contentUrl\":\"https:\\\/\\\/www.bodegasprotos.com\\\/wp-content\\\/uploads\\\/2024\\\/06\\\/PROTOS-LOGOS-VERSIONES-13.png\",\"width\":2362,\"height\":2362,\"caption\":\"Bodegas Protos\"},\"image\":{\"@id\":\"https:\\\/\\\/www.bodegasprotos.com\\\/es\\\/#\\\/schema\\\/logo\\\/image\\\/\"},\"sameAs\":[\"https:\\\/\\\/www.facebook.com\\\/BodegasProtos\",\"https:\\\/\\\/x.com\\\/Bodegas_Protos\",\"https:\\\/\\\/www.instagram.com\\\/bodegasprotosoficial\\\/\",\"https:\\\/\\\/www.linkedin.com\\\/company\\\/bodegasprotos\\\/\",\"https:\\\/\\\/pinterest.com\\\/BodegasProtos\\\/\",\"http:\\\/\\\/www.youtube.com\\\/user\\\/BodegasProtos\",\"https:\\\/\\\/es.wikipedia.org\\\/wiki\\\/Bodegas_Protos\"]},{\"@type\":\"Person\",\"@id\":\"https:\\\/\\\/www.bodegasprotos.com\\\/es\\\/#\\\/schema\\\/person\\\/6cb69a08afa14171755cee0df7d20027\",\"name\":\"Bodegas Protos (F)\",\"image\":{\"@type\":\"ImageObject\",\"inLanguage\":\"es\",\"@id\":\"https:\\\/\\\/secure.gravatar.com\\\/avatar\\\/cc613a9fd2ee203f402357c1b4aa2b7c041016cbf1eab1e41bde410b2ebd7f94?s=96&d=mm&r=g\",\"url\":\"https:\\\/\\\/secure.gravatar.com\\\/avatar\\\/cc613a9fd2ee203f402357c1b4aa2b7c041016cbf1eab1e41bde410b2ebd7f94?s=96&d=mm&r=g\",\"contentUrl\":\"https:\\\/\\\/secure.gravatar.com\\\/avatar\\\/cc613a9fd2ee203f402357c1b4aa2b7c041016cbf1eab1e41bde410b2ebd7f94?s=96&d=mm&r=g\",\"caption\":\"Bodegas Protos (F)\"},\"sameAs\":[\"https:\\\/\\\/www.bodegasprotos.com\"]}]}<\/script>\n<!-- \/ Yoast SEO plugin. -->","yoast_head_json":{"title":"Las mejores fiestas y ferias del vino en Espa\u00f1a - Bodegas Protos","description":"El vino forma parte de nuestra cultura. No hay duda de esta afirmaci\u00f3n si tenemos en cuenta que muchas de nuestras tradiciones invitan a disfrutar de una","robots":{"index":"index","follow":"follow","max-snippet":"max-snippet:-1","max-image-preview":"max-image-preview:large","max-video-preview":"max-video-preview:-1"},"canonical":"https:\/\/www.bodegasprotos.com\/es\/blog\/las-mejores-fiestas-y-ferias-del-vino-en-espana\/","og_locale":"es_ES","og_type":"article","og_title":"Las mejores fiestas y ferias del vino en Espa\u00f1a - Bodegas Protos","og_description":"El vino forma parte de nuestra cultura. No hay duda de esta afirmaci\u00f3n si tenemos en cuenta que muchas de nuestras tradiciones invitan a disfrutar de una","og_url":"https:\/\/www.bodegasprotos.com\/es\/blog\/las-mejores-fiestas-y-ferias-del-vino-en-espana\/","og_site_name":"Bodegas Protos","article_publisher":"https:\/\/www.facebook.com\/BodegasProtos","article_published_time":"2020-05-22T06:31:28+00:00","article_modified_time":"2020-06-18T07:35:16+00:00","og_image":[{"width":1024,"height":768,"url":"https:\/\/www.bodegasprotos.com\/wp-content\/uploads\/2020\/05\/IMG-20180416-WA0003.jpg","type":"image\/jpeg"}],"author":"Bodegas Protos (F)","twitter_card":"summary_large_image","twitter_creator":"@Bodegas_Protos","twitter_site":"@Bodegas_Protos","twitter_misc":{"Escrito por":"Bodegas Protos (F)","Tiempo de lectura":"5 minutos"},"schema":{"@context":"https:\/\/schema.org","@graph":[{"@type":"Article","@id":"https:\/\/www.bodegasprotos.com\/es\/blog\/las-mejores-fiestas-y-ferias-del-vino-en-espana\/#article","isPartOf":{"@id":"https:\/\/www.bodegasprotos.com\/es\/blog\/las-mejores-fiestas-y-ferias-del-vino-en-espana\/"},"author":{"name":"Bodegas Protos (F)","@id":"https:\/\/www.bodegasprotos.com\/es\/#\/schema\/person\/6cb69a08afa14171755cee0df7d20027"},"headline":"Las mejores fiestas y ferias del vino en Espa\u00f1a","datePublished":"2020-05-22T06:31:28+00:00","dateModified":"2020-06-18T07:35:16+00:00","mainEntityOfPage":{"@id":"https:\/\/www.bodegasprotos.com\/es\/blog\/las-mejores-fiestas-y-ferias-del-vino-en-espana\/"},"wordCount":1109,"publisher":{"@id":"https:\/\/www.bodegasprotos.com\/es\/#organization"},"image":{"@id":"https:\/\/www.bodegasprotos.com\/es\/blog\/las-mejores-fiestas-y-ferias-del-vino-en-espana\/#primaryimage"},"thumbnailUrl":"https:\/\/www.bodegasprotos.com\/wp-content\/uploads\/2020\/05\/IMG-20180416-WA0003.jpg","articleSection":["Blog"],"inLanguage":"es"},{"@type":"WebPage","@id":"https:\/\/www.bodegasprotos.com\/es\/blog\/las-mejores-fiestas-y-ferias-del-vino-en-espana\/","url":"https:\/\/www.bodegasprotos.com\/es\/blog\/las-mejores-fiestas-y-ferias-del-vino-en-espana\/","name":"Las mejores fiestas y ferias del vino en Espa\u00f1a - Bodegas Protos","isPartOf":{"@id":"https:\/\/www.bodegasprotos.com\/es\/#website"},"primaryImageOfPage":{"@id":"https:\/\/www.bodegasprotos.com\/es\/blog\/las-mejores-fiestas-y-ferias-del-vino-en-espana\/#primaryimage"},"image":{"@id":"https:\/\/www.bodegasprotos.com\/es\/blog\/las-mejores-fiestas-y-ferias-del-vino-en-espana\/#primaryimage"},"thumbnailUrl":"https:\/\/www.bodegasprotos.com\/wp-content\/uploads\/2020\/05\/IMG-20180416-WA0003.jpg","datePublished":"2020-05-22T06:31:28+00:00","dateModified":"2020-06-18T07:35:16+00:00","description":"El vino forma parte de nuestra cultura. No hay duda de esta afirmaci\u00f3n si tenemos en cuenta que muchas de nuestras tradiciones invitan a disfrutar de una","breadcrumb":{"@id":"https:\/\/www.bodegasprotos.com\/es\/blog\/las-mejores-fiestas-y-ferias-del-vino-en-espana\/#breadcrumb"},"inLanguage":"es","potentialAction":[{"@type":"ReadAction","target":["https:\/\/www.bodegasprotos.com\/es\/blog\/las-mejores-fiestas-y-ferias-del-vino-en-espana\/"]}]},{"@type":"ImageObject","inLanguage":"es","@id":"https:\/\/www.bodegasprotos.com\/es\/blog\/las-mejores-fiestas-y-ferias-del-vino-en-espana\/#primaryimage","url":"https:\/\/www.bodegasprotos.com\/wp-content\/uploads\/2020\/05\/IMG-20180416-WA0003.jpg","contentUrl":"https:\/\/www.bodegasprotos.com\/wp-content\/uploads\/2020\/05\/IMG-20180416-WA0003.jpg","width":1024,"height":768,"caption":"feria del vino"},{"@type":"BreadcrumbList","@id":"https:\/\/www.bodegasprotos.com\/es\/blog\/las-mejores-fiestas-y-ferias-del-vino-en-espana\/#breadcrumb","itemListElement":[{"@type":"ListItem","position":1,"name":"Portada","item":"https:\/\/www.bodegasprotos.com\/es\/"},{"@type":"ListItem","position":2,"name":"Las mejores fiestas y ferias del vino en Espa\u00f1a"}]},{"@type":"WebSite","@id":"https:\/\/www.bodegasprotos.com\/es\/#website","url":"https:\/\/www.bodegasprotos.com\/es\/","name":"Bodegas Protos","description":"Vinos de la Denominaci\u00f3n de Origen Ribera del Duero, Rueda y Cigales","publisher":{"@id":"https:\/\/www.bodegasprotos.com\/es\/#organization"},"potentialAction":[{"@type":"SearchAction","target":{"@type":"EntryPoint","urlTemplate":"https:\/\/www.bodegasprotos.com\/es\/?s={search_term_string}"},"query-input":{"@type":"PropertyValueSpecification","valueRequired":true,"valueName":"search_term_string"}}],"inLanguage":"es"},{"@type":"Organization","@id":"https:\/\/www.bodegasprotos.com\/es\/#organization","name":"Bodegas Protos","url":"https:\/\/www.bodegasprotos.com\/es\/","logo":{"@type":"ImageObject","inLanguage":"es","@id":"https:\/\/www.bodegasprotos.com\/es\/#\/schema\/logo\/image\/","url":"https:\/\/www.bodegasprotos.com\/wp-content\/uploads\/2024\/06\/PROTOS-LOGOS-VERSIONES-13.png","contentUrl":"https:\/\/www.bodegasprotos.com\/wp-content\/uploads\/2024\/06\/PROTOS-LOGOS-VERSIONES-13.png","width":2362,"height":2362,"caption":"Bodegas Protos"},"image":{"@id":"https:\/\/www.bodegasprotos.com\/es\/#\/schema\/logo\/image\/"},"sameAs":["https:\/\/www.facebook.com\/BodegasProtos","https:\/\/x.com\/Bodegas_Protos","https:\/\/www.instagram.com\/bodegasprotosoficial\/","https:\/\/www.linkedin.com\/company\/bodegasprotos\/","https:\/\/pinterest.com\/BodegasProtos\/","http:\/\/www.youtube.com\/user\/BodegasProtos","https:\/\/es.wikipedia.org\/wiki\/Bodegas_Protos"]},{"@type":"Person","@id":"https:\/\/www.bodegasprotos.com\/es\/#\/schema\/person\/6cb69a08afa14171755cee0df7d20027","name":"Bodegas Protos (F)","image":{"@type":"ImageObject","inLanguage":"es","@id":"https:\/\/secure.gravatar.com\/avatar\/cc613a9fd2ee203f402357c1b4aa2b7c041016cbf1eab1e41bde410b2ebd7f94?s=96&d=mm&r=g","url":"https:\/\/secure.gravatar.com\/avatar\/cc613a9fd2ee203f402357c1b4aa2b7c041016cbf1eab1e41bde410b2ebd7f94?s=96&d=mm&r=g","contentUrl":"https:\/\/secure.gravatar.com\/avatar\/cc613a9fd2ee203f402357c1b4aa2b7c041016cbf1eab1e41bde410b2ebd7f94?s=96&d=mm&r=g","caption":"Bodegas Protos (F)"},"sameAs":["https:\/\/www.bodegasprotos.com"]}]}},"_links":{"self":[{"href":"https:\/\/www.bodegasprotos.com\/es\/wp-json\/wp\/v2\/posts\/28686","targetHints":{"allow":["GET"]}}],"collection":[{"href":"https:\/\/www.bodegasprotos.com\/es\/wp-json\/wp\/v2\/posts"}],"about":[{"href":"https:\/\/www.bodegasprotos.com\/es\/wp-json\/wp\/v2\/types\/post"}],"author":[{"embeddable":true,"href":"https:\/\/www.bodegasprotos.com\/es\/wp-json\/wp\/v2\/users\/3"}],"replies":[{"embeddable":true,"href":"https:\/\/www.bodegasprotos.com\/es\/wp-json\/wp\/v2\/comments?post=28686"}],"version-history":[{"count":0,"href":"https:\/\/www.bodegasprotos.com\/es\/wp-json\/wp\/v2\/posts\/28686\/revisions"}],"wp:featuredmedia":[{"embeddable":true,"href":"https:\/\/www.bodegasprotos.com\/es\/wp-json\/wp\/v2\/media\/28689"}],"wp:attachment":[{"href":"https:\/\/www.bodegasprotos.com\/es\/wp-json\/wp\/v2\/media?parent=28686"}],"wp:term":[{"taxonomy":"category","embeddable":true,"href":"https:\/\/www.bodegasprotos.com\/es\/wp-json\/wp\/v2\/categories?post=28686"},{"taxonomy":"post_tag","embeddable":true,"href":"https:\/\/www.bodegasprotos.com\/es\/wp-json\/wp\/v2\/tags?post=28686"}],"curies":[{"name":"wp","href":"https:\/\/api.w.org\/{rel}","templated":true}]}}