{"id":28675,"date":"2020-05-19T10:28:36","date_gmt":"2020-05-19T08:28:36","guid":{"rendered":"https:\/\/www.bodegasprotos.com\/?p=28675"},"modified":"2020-06-18T09:14:52","modified_gmt":"2020-06-18T07:14:52","slug":"bad-bunny-aficionado-a-protos-en-la-revista-rolling-stone","status":"publish","type":"post","link":"https:\/\/www.bodegasprotos.com\/es\/notas-de-prensa\/bad-bunny-aficionado-a-protos-en-la-revista-rolling-stone\/","title":{"rendered":"Bad Bunny, aficionado a Protos en la revista Rolling Stone"},"content":{"rendered":"<p>El puertorrique\u00f1o Bad Bunny ha sido noticia por protagonizar la portada de la prestigiosa revista Rolling Stone en su n\u00famero de junio, con un reportaje fotogr\u00e1fico casero en el que un detalle ha llamado la atenci\u00f3n de algunos lectores por la botella de Protos Roble situada en la encimera de su cocina.<\/p>\n<div id=\"attachment_28676\" style=\"width: 233px\" class=\"wp-caption aligncenter\"><img fetchpriority=\"high\" decoding=\"async\" aria-describedby=\"caption-attachment-28676\" class=\"size-medium wp-image-28676\" src=\"https:\/\/www.bodegasprotos.com\/wp-content\/uploads\/2020\/05\/IMG-20200516-WA0005-223x300.jpg\" alt=\"Bad Bunny elige Protos Roble\" width=\"223\" height=\"300\" srcset=\"https:\/\/www.bodegasprotos.com\/wp-content\/uploads\/2020\/05\/IMG-20200516-WA0005-223x300.jpg 223w, https:\/\/www.bodegasprotos.com\/wp-content\/uploads\/2020\/05\/IMG-20200516-WA0005.jpg 663w\" sizes=\"(max-width: 223px) 100vw, 223px\" \/><p id=\"caption-attachment-28676\" class=\"wp-caption-text\">Bad Bunny elige Protos Roble<\/p><\/div>\n<p>En el apartado musical, este ha sido el a\u00f1o en el que el \u00e9xito de Bad Bunny ha terminado de explotar mundialmente.<\/p>\n<p>Primero actu\u00f3 en el descanso de la Super Bowl, el evento televisivo m\u00e1s visto de Estados Unidos, junto a Shakira y Jennifer L\u00f3pez.<\/p>\n<p>A continuaci\u00f3n, lanz\u00f3 su disco \u00abYHLQMDLG\u00bb (Yo hago lo que me da la gana), que debut\u00f3 en el n\u00famero uno de la mayor\u00eda de pa\u00edses latinos y en el dos de las listas de ventas EE.UU., convirti\u00e9ndose en el \u00e1lbum en espa\u00f1ol que alcanza la posici\u00f3n m\u00e1s alta en toda la historia en el pa\u00eds norteamericano.<\/p>\n<p>Adem\u00e1s, la semana pasada Bad Bunny lanz\u00f3 por internet un disco recopilatorio de canciones descartadas, llamado \u00abLas Que No Iban a Salir\u00bb, ultimado durante la cuarentena, que inmediatamente se ha posicionado entre los primeros en distintas plataformas musicales, como Apple Music, as\u00ed como en Billboard. EFE<\/p>\n","protected":false},"excerpt":{"rendered":"<p>El puertorrique\u00f1o Bad Bunny ha sido noticia por protagonizar la portada de la prestigiosa revista Rolling Stone en&#8230;<\/p>\n","protected":false},"author":3,"featured_media":28678,"comment_status":"closed","ping_status":"closed","sticky":false,"template":"","format":"standard","meta":{"_acf_changed":false,"footnotes":""},"categories":[88,94],"tags":[],"class_list":["post-28675","post","type-post","status-publish","format-standard","has-post-thumbnail","hentry","category-en-portada","category-notas-de-prensa"],"acf":[],"yoast_head":"<!-- This site is optimized with the Yoast SEO plugin v27.5 - https:\/\/yoast.com\/product\/yoast-seo-wordpress\/ -->\n<title>Bad Bunny, aficionado a Protos en la revista Rolling Stone - Bodegas Protos<\/title>\n<meta name=\"description\" content=\"El puertorrique\u00f1o Bad Bunny ha sido noticia por protagonizar la portada de la prestigiosa revista Rolling Stone en su n\u00famero de junio, con un reportaje\" \/>\n<meta name=\"robots\" content=\"index, follow, max-snippet:-1, max-image-preview:large, max-video-preview:-1\" \/>\n<link rel=\"canonical\" href=\"https:\/\/www.bodegasprotos.com\/es\/notas-de-prensa\/bad-bunny-aficionado-a-protos-en-la-revista-rolling-stone\/\" \/>\n<meta property=\"og:locale\" content=\"es_ES\" \/>\n<meta property=\"og:type\" content=\"article\" \/>\n<meta property=\"og:title\" content=\"Bad Bunny, aficionado a Protos en la revista Rolling Stone - Bodegas Protos\" \/>\n<meta property=\"og:description\" content=\"El puertorrique\u00f1o Bad Bunny ha sido noticia por protagonizar la portada de la prestigiosa revista Rolling Stone en su n\u00famero de junio, con un reportaje\" \/>\n<meta property=\"og:url\" content=\"https:\/\/www.bodegasprotos.com\/es\/notas-de-prensa\/bad-bunny-aficionado-a-protos-en-la-revista-rolling-stone\/\" \/>\n<meta property=\"og:site_name\" content=\"Bodegas Protos\" \/>\n<meta property=\"article:publisher\" content=\"https:\/\/www.facebook.com\/BodegasProtos\" \/>\n<meta property=\"article:published_time\" content=\"2020-05-19T08:28:36+00:00\" \/>\n<meta property=\"article:modified_time\" content=\"2020-06-18T07:14:52+00:00\" \/>\n<meta property=\"og:image\" content=\"https:\/\/www.bodegasprotos.com\/wp-content\/uploads\/2020\/05\/IMG-20200516-WA0007.jpg\" \/>\n\t<meta property=\"og:image:width\" content=\"1200\" \/>\n\t<meta property=\"og:image:height\" content=\"675\" \/>\n\t<meta property=\"og:image:type\" content=\"image\/jpeg\" \/>\n<meta name=\"author\" content=\"Bodegas Protos (F)\" \/>\n<meta name=\"twitter:card\" content=\"summary_large_image\" \/>\n<meta name=\"twitter:creator\" content=\"@Bodegas_Protos\" \/>\n<meta name=\"twitter:site\" content=\"@Bodegas_Protos\" \/>\n<meta name=\"twitter:label1\" content=\"Escrito por\" \/>\n\t<meta name=\"twitter:data1\" content=\"Bodegas Protos (F)\" \/>\n\t<meta name=\"twitter:label2\" content=\"Tiempo de lectura\" \/>\n\t<meta name=\"twitter:data2\" content=\"1 minuto\" \/>\n<script type=\"application\/ld+json\" class=\"yoast-schema-graph\">{\"@context\":\"https:\\\/\\\/schema.org\",\"@graph\":[{\"@type\":\"Article\",\"@id\":\"https:\\\/\\\/www.bodegasprotos.com\\\/es\\\/notas-de-prensa\\\/bad-bunny-aficionado-a-protos-en-la-revista-rolling-stone\\\/#article\",\"isPartOf\":{\"@id\":\"https:\\\/\\\/www.bodegasprotos.com\\\/es\\\/notas-de-prensa\\\/bad-bunny-aficionado-a-protos-en-la-revista-rolling-stone\\\/\"},\"author\":{\"name\":\"Bodegas Protos (F)\",\"@id\":\"https:\\\/\\\/www.bodegasprotos.com\\\/es\\\/#\\\/schema\\\/person\\\/6cb69a08afa14171755cee0df7d20027\"},\"headline\":\"Bad Bunny, aficionado a Protos en la revista Rolling Stone\",\"datePublished\":\"2020-05-19T08:28:36+00:00\",\"dateModified\":\"2020-06-18T07:14:52+00:00\",\"mainEntityOfPage\":{\"@id\":\"https:\\\/\\\/www.bodegasprotos.com\\\/es\\\/notas-de-prensa\\\/bad-bunny-aficionado-a-protos-en-la-revista-rolling-stone\\\/\"},\"wordCount\":239,\"publisher\":{\"@id\":\"https:\\\/\\\/www.bodegasprotos.com\\\/es\\\/#organization\"},\"image\":{\"@id\":\"https:\\\/\\\/www.bodegasprotos.com\\\/es\\\/notas-de-prensa\\\/bad-bunny-aficionado-a-protos-en-la-revista-rolling-stone\\\/#primaryimage\"},\"thumbnailUrl\":\"https:\\\/\\\/www.bodegasprotos.com\\\/wp-content\\\/uploads\\\/2020\\\/05\\\/IMG-20200516-WA0007.jpg\",\"articleSection\":[\"En portada\",\"Notas de Prensa\"],\"inLanguage\":\"es\"},{\"@type\":\"WebPage\",\"@id\":\"https:\\\/\\\/www.bodegasprotos.com\\\/es\\\/notas-de-prensa\\\/bad-bunny-aficionado-a-protos-en-la-revista-rolling-stone\\\/\",\"url\":\"https:\\\/\\\/www.bodegasprotos.com\\\/es\\\/notas-de-prensa\\\/bad-bunny-aficionado-a-protos-en-la-revista-rolling-stone\\\/\",\"name\":\"Bad Bunny, aficionado a Protos en la revista Rolling Stone - Bodegas Protos\",\"isPartOf\":{\"@id\":\"https:\\\/\\\/www.bodegasprotos.com\\\/es\\\/#website\"},\"primaryImageOfPage\":{\"@id\":\"https:\\\/\\\/www.bodegasprotos.com\\\/es\\\/notas-de-prensa\\\/bad-bunny-aficionado-a-protos-en-la-revista-rolling-stone\\\/#primaryimage\"},\"image\":{\"@id\":\"https:\\\/\\\/www.bodegasprotos.com\\\/es\\\/notas-de-prensa\\\/bad-bunny-aficionado-a-protos-en-la-revista-rolling-stone\\\/#primaryimage\"},\"thumbnailUrl\":\"https:\\\/\\\/www.bodegasprotos.com\\\/wp-content\\\/uploads\\\/2020\\\/05\\\/IMG-20200516-WA0007.jpg\",\"datePublished\":\"2020-05-19T08:28:36+00:00\",\"dateModified\":\"2020-06-18T07:14:52+00:00\",\"description\":\"El puertorrique\u00f1o Bad Bunny ha sido noticia por protagonizar la portada de la prestigiosa revista Rolling Stone en su n\u00famero de junio, con un reportaje\",\"breadcrumb\":{\"@id\":\"https:\\\/\\\/www.bodegasprotos.com\\\/es\\\/notas-de-prensa\\\/bad-bunny-aficionado-a-protos-en-la-revista-rolling-stone\\\/#breadcrumb\"},\"inLanguage\":\"es\",\"potentialAction\":[{\"@type\":\"ReadAction\",\"target\":[\"https:\\\/\\\/www.bodegasprotos.com\\\/es\\\/notas-de-prensa\\\/bad-bunny-aficionado-a-protos-en-la-revista-rolling-stone\\\/\"]}]},{\"@type\":\"ImageObject\",\"inLanguage\":\"es\",\"@id\":\"https:\\\/\\\/www.bodegasprotos.com\\\/es\\\/notas-de-prensa\\\/bad-bunny-aficionado-a-protos-en-la-revista-rolling-stone\\\/#primaryimage\",\"url\":\"https:\\\/\\\/www.bodegasprotos.com\\\/wp-content\\\/uploads\\\/2020\\\/05\\\/IMG-20200516-WA0007.jpg\",\"contentUrl\":\"https:\\\/\\\/www.bodegasprotos.com\\\/wp-content\\\/uploads\\\/2020\\\/05\\\/IMG-20200516-WA0007.jpg\",\"width\":1200,\"height\":675,\"caption\":\"Bad bunny elige Protos\"},{\"@type\":\"BreadcrumbList\",\"@id\":\"https:\\\/\\\/www.bodegasprotos.com\\\/es\\\/notas-de-prensa\\\/bad-bunny-aficionado-a-protos-en-la-revista-rolling-stone\\\/#breadcrumb\",\"itemListElement\":[{\"@type\":\"ListItem\",\"position\":1,\"name\":\"Portada\",\"item\":\"https:\\\/\\\/www.bodegasprotos.com\\\/es\\\/\"},{\"@type\":\"ListItem\",\"position\":2,\"name\":\"Bad Bunny, aficionado a Protos en la revista Rolling Stone\"}]},{\"@type\":\"WebSite\",\"@id\":\"https:\\\/\\\/www.bodegasprotos.com\\\/es\\\/#website\",\"url\":\"https:\\\/\\\/www.bodegasprotos.com\\\/es\\\/\",\"name\":\"Bodegas Protos\",\"description\":\"Vinos de la Denominaci\u00f3n de Origen Ribera del Duero, Rueda y Cigales\",\"publisher\":{\"@id\":\"https:\\\/\\\/www.bodegasprotos.com\\\/es\\\/#organization\"},\"potentialAction\":[{\"@type\":\"SearchAction\",\"target\":{\"@type\":\"EntryPoint\",\"urlTemplate\":\"https:\\\/\\\/www.bodegasprotos.com\\\/es\\\/?s={search_term_string}\"},\"query-input\":{\"@type\":\"PropertyValueSpecification\",\"valueRequired\":true,\"valueName\":\"search_term_string\"}}],\"inLanguage\":\"es\"},{\"@type\":\"Organization\",\"@id\":\"https:\\\/\\\/www.bodegasprotos.com\\\/es\\\/#organization\",\"name\":\"Bodegas Protos\",\"url\":\"https:\\\/\\\/www.bodegasprotos.com\\\/es\\\/\",\"logo\":{\"@type\":\"ImageObject\",\"inLanguage\":\"es\",\"@id\":\"https:\\\/\\\/www.bodegasprotos.com\\\/es\\\/#\\\/schema\\\/logo\\\/image\\\/\",\"url\":\"https:\\\/\\\/www.bodegasprotos.com\\\/wp-content\\\/uploads\\\/2024\\\/06\\\/PROTOS-LOGOS-VERSIONES-13.png\",\"contentUrl\":\"https:\\\/\\\/www.bodegasprotos.com\\\/wp-content\\\/uploads\\\/2024\\\/06\\\/PROTOS-LOGOS-VERSIONES-13.png\",\"width\":2362,\"height\":2362,\"caption\":\"Bodegas Protos\"},\"image\":{\"@id\":\"https:\\\/\\\/www.bodegasprotos.com\\\/es\\\/#\\\/schema\\\/logo\\\/image\\\/\"},\"sameAs\":[\"https:\\\/\\\/www.facebook.com\\\/BodegasProtos\",\"https:\\\/\\\/x.com\\\/Bodegas_Protos\",\"https:\\\/\\\/www.instagram.com\\\/bodegasprotosoficial\\\/\",\"https:\\\/\\\/www.linkedin.com\\\/company\\\/bodegasprotos\\\/\",\"https:\\\/\\\/pinterest.com\\\/BodegasProtos\\\/\",\"http:\\\/\\\/www.youtube.com\\\/user\\\/BodegasProtos\",\"https:\\\/\\\/es.wikipedia.org\\\/wiki\\\/Bodegas_Protos\"]},{\"@type\":\"Person\",\"@id\":\"https:\\\/\\\/www.bodegasprotos.com\\\/es\\\/#\\\/schema\\\/person\\\/6cb69a08afa14171755cee0df7d20027\",\"name\":\"Bodegas Protos (F)\",\"image\":{\"@type\":\"ImageObject\",\"inLanguage\":\"es\",\"@id\":\"https:\\\/\\\/secure.gravatar.com\\\/avatar\\\/cc613a9fd2ee203f402357c1b4aa2b7c041016cbf1eab1e41bde410b2ebd7f94?s=96&d=mm&r=g\",\"url\":\"https:\\\/\\\/secure.gravatar.com\\\/avatar\\\/cc613a9fd2ee203f402357c1b4aa2b7c041016cbf1eab1e41bde410b2ebd7f94?s=96&d=mm&r=g\",\"contentUrl\":\"https:\\\/\\\/secure.gravatar.com\\\/avatar\\\/cc613a9fd2ee203f402357c1b4aa2b7c041016cbf1eab1e41bde410b2ebd7f94?s=96&d=mm&r=g\",\"caption\":\"Bodegas Protos (F)\"},\"sameAs\":[\"https:\\\/\\\/www.bodegasprotos.com\"]}]}<\/script>\n<!-- \/ Yoast SEO plugin. -->","yoast_head_json":{"title":"Bad Bunny, aficionado a Protos en la revista Rolling Stone - Bodegas Protos","description":"El puertorrique\u00f1o Bad Bunny ha sido noticia por protagonizar la portada de la prestigiosa revista Rolling Stone en su n\u00famero de junio, con un reportaje","robots":{"index":"index","follow":"follow","max-snippet":"max-snippet:-1","max-image-preview":"max-image-preview:large","max-video-preview":"max-video-preview:-1"},"canonical":"https:\/\/www.bodegasprotos.com\/es\/notas-de-prensa\/bad-bunny-aficionado-a-protos-en-la-revista-rolling-stone\/","og_locale":"es_ES","og_type":"article","og_title":"Bad Bunny, aficionado a Protos en la revista Rolling Stone - Bodegas Protos","og_description":"El puertorrique\u00f1o Bad Bunny ha sido noticia por protagonizar la portada de la prestigiosa revista Rolling Stone en su n\u00famero de junio, con un reportaje","og_url":"https:\/\/www.bodegasprotos.com\/es\/notas-de-prensa\/bad-bunny-aficionado-a-protos-en-la-revista-rolling-stone\/","og_site_name":"Bodegas Protos","article_publisher":"https:\/\/www.facebook.com\/BodegasProtos","article_published_time":"2020-05-19T08:28:36+00:00","article_modified_time":"2020-06-18T07:14:52+00:00","og_image":[{"width":1200,"height":675,"url":"https:\/\/www.bodegasprotos.com\/wp-content\/uploads\/2020\/05\/IMG-20200516-WA0007.jpg","type":"image\/jpeg"}],"author":"Bodegas Protos (F)","twitter_card":"summary_large_image","twitter_creator":"@Bodegas_Protos","twitter_site":"@Bodegas_Protos","twitter_misc":{"Escrito por":"Bodegas Protos (F)","Tiempo de lectura":"1 minuto"},"schema":{"@context":"https:\/\/schema.org","@graph":[{"@type":"Article","@id":"https:\/\/www.bodegasprotos.com\/es\/notas-de-prensa\/bad-bunny-aficionado-a-protos-en-la-revista-rolling-stone\/#article","isPartOf":{"@id":"https:\/\/www.bodegasprotos.com\/es\/notas-de-prensa\/bad-bunny-aficionado-a-protos-en-la-revista-rolling-stone\/"},"author":{"name":"Bodegas Protos (F)","@id":"https:\/\/www.bodegasprotos.com\/es\/#\/schema\/person\/6cb69a08afa14171755cee0df7d20027"},"headline":"Bad Bunny, aficionado a Protos en la revista Rolling Stone","datePublished":"2020-05-19T08:28:36+00:00","dateModified":"2020-06-18T07:14:52+00:00","mainEntityOfPage":{"@id":"https:\/\/www.bodegasprotos.com\/es\/notas-de-prensa\/bad-bunny-aficionado-a-protos-en-la-revista-rolling-stone\/"},"wordCount":239,"publisher":{"@id":"https:\/\/www.bodegasprotos.com\/es\/#organization"},"image":{"@id":"https:\/\/www.bodegasprotos.com\/es\/notas-de-prensa\/bad-bunny-aficionado-a-protos-en-la-revista-rolling-stone\/#primaryimage"},"thumbnailUrl":"https:\/\/www.bodegasprotos.com\/wp-content\/uploads\/2020\/05\/IMG-20200516-WA0007.jpg","articleSection":["En portada","Notas de Prensa"],"inLanguage":"es"},{"@type":"WebPage","@id":"https:\/\/www.bodegasprotos.com\/es\/notas-de-prensa\/bad-bunny-aficionado-a-protos-en-la-revista-rolling-stone\/","url":"https:\/\/www.bodegasprotos.com\/es\/notas-de-prensa\/bad-bunny-aficionado-a-protos-en-la-revista-rolling-stone\/","name":"Bad Bunny, aficionado a Protos en la revista Rolling Stone - Bodegas Protos","isPartOf":{"@id":"https:\/\/www.bodegasprotos.com\/es\/#website"},"primaryImageOfPage":{"@id":"https:\/\/www.bodegasprotos.com\/es\/notas-de-prensa\/bad-bunny-aficionado-a-protos-en-la-revista-rolling-stone\/#primaryimage"},"image":{"@id":"https:\/\/www.bodegasprotos.com\/es\/notas-de-prensa\/bad-bunny-aficionado-a-protos-en-la-revista-rolling-stone\/#primaryimage"},"thumbnailUrl":"https:\/\/www.bodegasprotos.com\/wp-content\/uploads\/2020\/05\/IMG-20200516-WA0007.jpg","datePublished":"2020-05-19T08:28:36+00:00","dateModified":"2020-06-18T07:14:52+00:00","description":"El puertorrique\u00f1o Bad Bunny ha sido noticia por protagonizar la portada de la prestigiosa revista Rolling Stone en su n\u00famero de junio, con un reportaje","breadcrumb":{"@id":"https:\/\/www.bodegasprotos.com\/es\/notas-de-prensa\/bad-bunny-aficionado-a-protos-en-la-revista-rolling-stone\/#breadcrumb"},"inLanguage":"es","potentialAction":[{"@type":"ReadAction","target":["https:\/\/www.bodegasprotos.com\/es\/notas-de-prensa\/bad-bunny-aficionado-a-protos-en-la-revista-rolling-stone\/"]}]},{"@type":"ImageObject","inLanguage":"es","@id":"https:\/\/www.bodegasprotos.com\/es\/notas-de-prensa\/bad-bunny-aficionado-a-protos-en-la-revista-rolling-stone\/#primaryimage","url":"https:\/\/www.bodegasprotos.com\/wp-content\/uploads\/2020\/05\/IMG-20200516-WA0007.jpg","contentUrl":"https:\/\/www.bodegasprotos.com\/wp-content\/uploads\/2020\/05\/IMG-20200516-WA0007.jpg","width":1200,"height":675,"caption":"Bad bunny elige Protos"},{"@type":"BreadcrumbList","@id":"https:\/\/www.bodegasprotos.com\/es\/notas-de-prensa\/bad-bunny-aficionado-a-protos-en-la-revista-rolling-stone\/#breadcrumb","itemListElement":[{"@type":"ListItem","position":1,"name":"Portada","item":"https:\/\/www.bodegasprotos.com\/es\/"},{"@type":"ListItem","position":2,"name":"Bad Bunny, aficionado a Protos en la revista Rolling Stone"}]},{"@type":"WebSite","@id":"https:\/\/www.bodegasprotos.com\/es\/#website","url":"https:\/\/www.bodegasprotos.com\/es\/","name":"Bodegas Protos","description":"Vinos de la Denominaci\u00f3n de Origen Ribera del Duero, Rueda y Cigales","publisher":{"@id":"https:\/\/www.bodegasprotos.com\/es\/#organization"},"potentialAction":[{"@type":"SearchAction","target":{"@type":"EntryPoint","urlTemplate":"https:\/\/www.bodegasprotos.com\/es\/?s={search_term_string}"},"query-input":{"@type":"PropertyValueSpecification","valueRequired":true,"valueName":"search_term_string"}}],"inLanguage":"es"},{"@type":"Organization","@id":"https:\/\/www.bodegasprotos.com\/es\/#organization","name":"Bodegas Protos","url":"https:\/\/www.bodegasprotos.com\/es\/","logo":{"@type":"ImageObject","inLanguage":"es","@id":"https:\/\/www.bodegasprotos.com\/es\/#\/schema\/logo\/image\/","url":"https:\/\/www.bodegasprotos.com\/wp-content\/uploads\/2024\/06\/PROTOS-LOGOS-VERSIONES-13.png","contentUrl":"https:\/\/www.bodegasprotos.com\/wp-content\/uploads\/2024\/06\/PROTOS-LOGOS-VERSIONES-13.png","width":2362,"height":2362,"caption":"Bodegas Protos"},"image":{"@id":"https:\/\/www.bodegasprotos.com\/es\/#\/schema\/logo\/image\/"},"sameAs":["https:\/\/www.facebook.com\/BodegasProtos","https:\/\/x.com\/Bodegas_Protos","https:\/\/www.instagram.com\/bodegasprotosoficial\/","https:\/\/www.linkedin.com\/company\/bodegasprotos\/","https:\/\/pinterest.com\/BodegasProtos\/","http:\/\/www.youtube.com\/user\/BodegasProtos","https:\/\/es.wikipedia.org\/wiki\/Bodegas_Protos"]},{"@type":"Person","@id":"https:\/\/www.bodegasprotos.com\/es\/#\/schema\/person\/6cb69a08afa14171755cee0df7d20027","name":"Bodegas Protos (F)","image":{"@type":"ImageObject","inLanguage":"es","@id":"https:\/\/secure.gravatar.com\/avatar\/cc613a9fd2ee203f402357c1b4aa2b7c041016cbf1eab1e41bde410b2ebd7f94?s=96&d=mm&r=g","url":"https:\/\/secure.gravatar.com\/avatar\/cc613a9fd2ee203f402357c1b4aa2b7c041016cbf1eab1e41bde410b2ebd7f94?s=96&d=mm&r=g","contentUrl":"https:\/\/secure.gravatar.com\/avatar\/cc613a9fd2ee203f402357c1b4aa2b7c041016cbf1eab1e41bde410b2ebd7f94?s=96&d=mm&r=g","caption":"Bodegas Protos (F)"},"sameAs":["https:\/\/www.bodegasprotos.com"]}]}},"_links":{"self":[{"href":"https:\/\/www.bodegasprotos.com\/es\/wp-json\/wp\/v2\/posts\/28675","targetHints":{"allow":["GET"]}}],"collection":[{"href":"https:\/\/www.bodegasprotos.com\/es\/wp-json\/wp\/v2\/posts"}],"about":[{"href":"https:\/\/www.bodegasprotos.com\/es\/wp-json\/wp\/v2\/types\/post"}],"author":[{"embeddable":true,"href":"https:\/\/www.bodegasprotos.com\/es\/wp-json\/wp\/v2\/users\/3"}],"replies":[{"embeddable":true,"href":"https:\/\/www.bodegasprotos.com\/es\/wp-json\/wp\/v2\/comments?post=28675"}],"version-history":[{"count":0,"href":"https:\/\/www.bodegasprotos.com\/es\/wp-json\/wp\/v2\/posts\/28675\/revisions"}],"wp:featuredmedia":[{"embeddable":true,"href":"https:\/\/www.bodegasprotos.com\/es\/wp-json\/wp\/v2\/media\/28678"}],"wp:attachment":[{"href":"https:\/\/www.bodegasprotos.com\/es\/wp-json\/wp\/v2\/media?parent=28675"}],"wp:term":[{"taxonomy":"category","embeddable":true,"href":"https:\/\/www.bodegasprotos.com\/es\/wp-json\/wp\/v2\/categories?post=28675"},{"taxonomy":"post_tag","embeddable":true,"href":"https:\/\/www.bodegasprotos.com\/es\/wp-json\/wp\/v2\/tags?post=28675"}],"curies":[{"name":"wp","href":"https:\/\/api.w.org\/{rel}","templated":true}]}}