{"id":28661,"date":"2020-05-15T11:50:18","date_gmt":"2020-05-15T09:50:18","guid":{"rendered":"https:\/\/www.bodegasprotos.com\/?p=28661"},"modified":"2020-06-18T09:37:52","modified_gmt":"2020-06-18T07:37:52","slug":"la-ruta-de-ribera-del-duero-en-el-top-3-de-las-mas-visitadas","status":"publish","type":"post","link":"https:\/\/www.bodegasprotos.com\/es\/blog\/la-ruta-de-ribera-del-duero-en-el-top-3-de-las-mas-visitadas\/","title":{"rendered":"La Ruta de Ribera del Duero, en el TOP 3 de las m\u00e1s visitadas"},"content":{"rendered":"<p>La<strong> Ruta de Ribera del Duero<\/strong> se extiende por las provincias de Burgos, Segovia, Soria y Valladolid y se ha situado en el tercer lugar de las m\u00e1s visitadas a nivel nacional. Esta popularidad se ha visto reflejada en el aumento del n\u00famero de servicios adheridos, que ha crecido un 67,7% en los \u00faltimos cuatro a\u00f1os.<\/p>\n<p>Adem\u00e1s de viajar entre vi\u00f1edos y probar los diferentes tipos de vino que all\u00ed se elaboran, esta opci\u00f3n de enoturismo es ideal si se quiere combinar la cata de estos caldos con la visita a pueblos con encanto, castillos con historia, naturaleza y por supuesto una gastronom\u00eda exquisita acompa\u00f1ada del mejor vino.<\/p>\n<p>Dentro de la<strong> ruta de vinos por la Ribera del Duero<\/strong>, que abarca 21.000 hect\u00e1reas de vi\u00f1edos y que supone la 3\u00aa ruta m\u00e1s visitada de Espa\u00f1a, no pod\u00edamos olvidarnos de la visita a las bodegas Protos. Eso s\u00ed, hay diferentes maneras de realizar el recorrido y de llegar a los diferentes enclaves y bodegas.<\/p>\n<p><img fetchpriority=\"high\" decoding=\"async\" class=\"size-medium wp-image-28662\" src=\"https:\/\/www.bodegasprotos.com\/wp-content\/uploads\/2020\/05\/vinedo-1-300x225.jpg\" alt=\"ruta ribera del duero\" width=\"300\" height=\"225\" srcset=\"https:\/\/www.bodegasprotos.com\/wp-content\/uploads\/2020\/05\/vinedo-1-300x225.jpg 300w, https:\/\/www.bodegasprotos.com\/wp-content\/uploads\/2020\/05\/vinedo-1-1024x768.jpg 1024w, https:\/\/www.bodegasprotos.com\/wp-content\/uploads\/2020\/05\/vinedo-1-768x576.jpg 768w, https:\/\/www.bodegasprotos.com\/wp-content\/uploads\/2020\/05\/vinedo-1-1536x1152.jpg 1536w, https:\/\/www.bodegasprotos.com\/wp-content\/uploads\/2020\/05\/vinedo-1-2048x1536.jpg 2048w\" sizes=\"(max-width: 300px) 100vw, 300px\" \/><\/p>\n<h2><strong>Opciones para hacer la ruta Ribera del Duero<\/strong><\/h2>\n<p>Para disfrutar del<strong> enoturismo de la Ribera del Duero<\/strong> hay diversas opciones y todas ellas son igualmente v\u00e1lidas y emocionantes, siempre que se hagan con responsabilidad:<\/p>\n<ul>\n<li><strong>Ruta de Ribera del Duero en coche<\/strong>. Aunque esto pueda parecer una imprudencia, realizar la ruta entre bodegas y ser responsable es posible. Nuestra recomendaci\u00f3n pasa por comenzar el recorrido por la ma\u00f1ana para aprovechar la visita a los diferentes lugares de inter\u00e9s cultural. Partiendo desde Valladolid, por la N-122, podr\u00e1s realizar distintas paradas pasando por lugares tan pintorescos y hermosos como el Palacio de los Avellaneda, en Pe\u00f1aranda del Duero, la iglesia g\u00f3tica de Santa Mar\u00eda, en Aranda del Duero, o el <a href=\"http:\/\/www.provinciadevalladolid.com\/es\/pierdas\/museo-provincial-vino\">Museo del Vino<\/a>, en Pe\u00f1afiel. Este ser\u00e1 un buen lugar para dejar el coche, <a href=\"https:\/\/www.bodegasprotos.com\/es\/enoturismo-ribera-del-duero\/\">visitar las Bodegas Protos<\/a>, que est\u00e1 dentro de las m\u00e1s visitadas, hacer noche y continuar la ruta al d\u00eda siguiente. Lo m\u00e1s importante: no conducir entre cata y cata.<\/li>\n<li><b><b>Bicicleta: <\/b><\/b>Una de las formas m\u00e1s llamativas, aunque tambi\u00e9n requiera estar un poco en forma,\u00a0 para disfrutar la Ribera del Duero, es ponerse el maillot, casco y recorrer en bici los magn\u00edficos paisajes naturales ribere\u00f1os: naturaleza, aire puro, cultura y gastronom\u00eda.Encontrar\u00e1s muchos ciclistas en los <a href=\"https:\/\/www.rutadelvinoriberadelduero.es\/es\/naturaleza\" target=\"_blank\" rel=\"noopener noreferrer\">senderos<\/a> como el GR-14 , y tambi\u00e9n varias bodegas que ofrecen<a href=\"https:\/\/www.rutadelvinoriberadelduero.es\/es\/blog\/2019\/05\/19\/paseos-bicicleta-bodegas-y-alojamientos-riberenos-incluyen-este-servicio\"> actividades a pedal<\/a> dentro de sus opciones enotur\u00edsticas.<br \/>\n<h2><strong>Bodegas Protos, entre las m\u00e1s visitadas en Ribera del Duero<\/strong><\/h2>\n<p>Como ya hemos apuntado, dentro de la Ruta de vinos por la Ribera del Duero, la visita a\u00a0 Protos<strong>\u00a0<\/strong>es casi obligada, sobre todo si quieres conocer de primera mano por qu\u00e9 est\u00e1 entre las m\u00e1s visitadas de Espa\u00f1a. No en vano, durante el a\u00f1o 2019 recibi\u00f3 m\u00e1s de 38.500 visitas con personas de todas las nacionalidades.<\/p>\n<p>Bajo el monte que corona el imponente Castillo de Pe\u00f1afiel, en un enclave \u00fanico, recorrer\u00e1s la antigua bodega en el interior de la monta\u00f1a y la nueva, con un dise\u00f1o donde <a href=\"https:\/\/www.bodegasprotos.com\/es\/arquitectura\/\">arquitectura<\/a> de vanguardia y las t\u00e9cnicas mas avanzadas de elaboraci\u00f3n se dan la mano gracias al dise\u00f1o de Rogers Stirk Harbour + Partners y Alonso Balaguer y Arquitectos Asociados.<\/li>\n<\/ul>\n<div class=\"mceTemp\"><img decoding=\"async\" class=\"size-medium wp-image-18022\" src=\"https:\/\/www.bodegasprotos.com\/wp-content\/uploads\/2019\/06\/Protos_galerias-subterraneas-146x300.jpg\" alt=\"ruta ribera del duero\" width=\"146\" height=\"300\" srcset=\"https:\/\/www.bodegasprotos.com\/wp-content\/uploads\/2019\/06\/Protos_galerias-subterraneas-146x300.jpg 146w, https:\/\/www.bodegasprotos.com\/wp-content\/uploads\/2019\/06\/Protos_galerias-subterraneas-768x1580.jpg 768w, https:\/\/www.bodegasprotos.com\/wp-content\/uploads\/2019\/06\/Protos_galerias-subterraneas-498x1024.jpg 498w, https:\/\/www.bodegasprotos.com\/wp-content\/uploads\/2019\/06\/Protos_galerias-subterraneas.jpg 1200w\" sizes=\"(max-width: 146px) 100vw, 146px\" \/><\/div>\n<h2><strong>Para completar la visita<\/strong><\/h2>\n<p>Como complemento a la Ruta de Ribera del Duero, adem\u00e1s de su <strong>gastronom\u00eda y patrimonio<\/strong>, no pod\u00eda faltar un recorrido para los amantes de la naturaleza. Y es que recientemente se ha incluido la visita a los <a href=\"https:\/\/www.rutadelvinoriberadelduero.es\/es\/noticias\/la-ruta-del-vino-ribera-del-duero-incluira-su-oferta-turistica-los-50-arboles-mas\"><strong>50 \u00e1rboles m\u00e1s aut\u00f3ctonos de la zona<\/strong><\/a>. Sus dimensiones en altura y anchura, su longevidad y sus valores culturales \u2013que van desde leyendas hasta influencias en aut\u00e9nticos edificios hist\u00f3ricos\u2013 crean una ruta complementaria a las bodegas de lo m\u00e1s interesante.<\/p>\n<p>Durante el recorrido se podr\u00e1n conocer <strong>diferentes curiosidades de cada especie<\/strong>, yendo m\u00e1s all\u00e1 de la mera ficha t\u00e9cnica que ya de por s\u00ed es interesante. Este proyecto adem\u00e1s pretende ense\u00f1arnos valores medioambientales y buenas pr\u00e1cticas en un entorno natural.<\/p>\n","protected":false},"excerpt":{"rendered":"<p>La Ruta de Ribera del Duero se extiende por las provincias de Burgos, Segovia, Soria y Valladolid y&#8230;<\/p>\n","protected":false},"author":3,"featured_media":27006,"comment_status":"closed","ping_status":"closed","sticky":false,"template":"","format":"standard","meta":{"_acf_changed":false,"footnotes":""},"categories":[87],"tags":[],"class_list":["post-28661","post","type-post","status-publish","format-standard","has-post-thumbnail","hentry","category-blog"],"acf":[],"yoast_head":"<!-- This site is optimized with the Yoast SEO plugin v27.5 - https:\/\/yoast.com\/product\/yoast-seo-wordpress\/ -->\n<title>La Ruta de Ribera del Duero, en el TOP 3 de las m\u00e1s visitadas - Bodegas Protos<\/title>\n<meta name=\"description\" content=\"La Ruta de Ribera del Duero se extiende por las provincias de Burgos, Segovia, Soria y Valladolid y se ha situado en el tercer lugar de las m\u00e1s visitadas\" \/>\n<meta name=\"robots\" content=\"index, follow, max-snippet:-1, max-image-preview:large, max-video-preview:-1\" \/>\n<link rel=\"canonical\" href=\"https:\/\/www.bodegasprotos.com\/es\/blog\/la-ruta-de-ribera-del-duero-en-el-top-3-de-las-mas-visitadas\/\" \/>\n<meta property=\"og:locale\" content=\"es_ES\" \/>\n<meta property=\"og:type\" content=\"article\" \/>\n<meta property=\"og:title\" content=\"La Ruta de Ribera del Duero, en el TOP 3 de las m\u00e1s visitadas - Bodegas Protos\" \/>\n<meta property=\"og:description\" content=\"La Ruta de Ribera del Duero se extiende por las provincias de Burgos, Segovia, Soria y Valladolid y se ha situado en el tercer lugar de las m\u00e1s visitadas\" \/>\n<meta property=\"og:url\" content=\"https:\/\/www.bodegasprotos.com\/es\/blog\/la-ruta-de-ribera-del-duero-en-el-top-3-de-las-mas-visitadas\/\" \/>\n<meta property=\"og:site_name\" content=\"Bodegas Protos\" \/>\n<meta property=\"article:publisher\" content=\"https:\/\/www.facebook.com\/BodegasProtos\" \/>\n<meta property=\"article:published_time\" content=\"2020-05-15T09:50:18+00:00\" \/>\n<meta property=\"article:modified_time\" content=\"2020-06-18T07:37:52+00:00\" \/>\n<meta property=\"og:image\" content=\"https:\/\/www.bodegasprotos.com\/wp-content\/uploads\/2019\/12\/Bodega-Protos-Pe\u00f1afiel-8.jpg\" \/>\n\t<meta property=\"og:image:width\" content=\"500\" \/>\n\t<meta property=\"og:image:height\" content=\"333\" \/>\n\t<meta property=\"og:image:type\" content=\"image\/jpeg\" \/>\n<meta name=\"author\" content=\"Bodegas Protos (F)\" \/>\n<meta name=\"twitter:card\" content=\"summary_large_image\" \/>\n<meta name=\"twitter:creator\" content=\"@Bodegas_Protos\" \/>\n<meta name=\"twitter:site\" content=\"@Bodegas_Protos\" \/>\n<meta name=\"twitter:label1\" content=\"Escrito por\" \/>\n\t<meta name=\"twitter:data1\" content=\"Bodegas Protos (F)\" \/>\n\t<meta name=\"twitter:label2\" content=\"Tiempo de lectura\" \/>\n\t<meta name=\"twitter:data2\" content=\"3 minutos\" \/>\n<script type=\"application\/ld+json\" class=\"yoast-schema-graph\">{\"@context\":\"https:\\\/\\\/schema.org\",\"@graph\":[{\"@type\":\"Article\",\"@id\":\"https:\\\/\\\/www.bodegasprotos.com\\\/es\\\/blog\\\/la-ruta-de-ribera-del-duero-en-el-top-3-de-las-mas-visitadas\\\/#article\",\"isPartOf\":{\"@id\":\"https:\\\/\\\/www.bodegasprotos.com\\\/es\\\/blog\\\/la-ruta-de-ribera-del-duero-en-el-top-3-de-las-mas-visitadas\\\/\"},\"author\":{\"name\":\"Bodegas Protos (F)\",\"@id\":\"https:\\\/\\\/www.bodegasprotos.com\\\/es\\\/#\\\/schema\\\/person\\\/6cb69a08afa14171755cee0df7d20027\"},\"headline\":\"La Ruta de Ribera del Duero, en el TOP 3 de las m\u00e1s visitadas\",\"datePublished\":\"2020-05-15T09:50:18+00:00\",\"dateModified\":\"2020-06-18T07:37:52+00:00\",\"mainEntityOfPage\":{\"@id\":\"https:\\\/\\\/www.bodegasprotos.com\\\/es\\\/blog\\\/la-ruta-de-ribera-del-duero-en-el-top-3-de-las-mas-visitadas\\\/\"},\"wordCount\":701,\"publisher\":{\"@id\":\"https:\\\/\\\/www.bodegasprotos.com\\\/es\\\/#organization\"},\"image\":{\"@id\":\"https:\\\/\\\/www.bodegasprotos.com\\\/es\\\/blog\\\/la-ruta-de-ribera-del-duero-en-el-top-3-de-las-mas-visitadas\\\/#primaryimage\"},\"thumbnailUrl\":\"https:\\\/\\\/www.bodegasprotos.com\\\/wp-content\\\/uploads\\\/2019\\\/12\\\/Bodega-Protos-Pe\u00f1afiel-8.jpg\",\"articleSection\":[\"Blog\"],\"inLanguage\":\"es\"},{\"@type\":\"WebPage\",\"@id\":\"https:\\\/\\\/www.bodegasprotos.com\\\/es\\\/blog\\\/la-ruta-de-ribera-del-duero-en-el-top-3-de-las-mas-visitadas\\\/\",\"url\":\"https:\\\/\\\/www.bodegasprotos.com\\\/es\\\/blog\\\/la-ruta-de-ribera-del-duero-en-el-top-3-de-las-mas-visitadas\\\/\",\"name\":\"La Ruta de Ribera del Duero, en el TOP 3 de las m\u00e1s visitadas - Bodegas Protos\",\"isPartOf\":{\"@id\":\"https:\\\/\\\/www.bodegasprotos.com\\\/es\\\/#website\"},\"primaryImageOfPage\":{\"@id\":\"https:\\\/\\\/www.bodegasprotos.com\\\/es\\\/blog\\\/la-ruta-de-ribera-del-duero-en-el-top-3-de-las-mas-visitadas\\\/#primaryimage\"},\"image\":{\"@id\":\"https:\\\/\\\/www.bodegasprotos.com\\\/es\\\/blog\\\/la-ruta-de-ribera-del-duero-en-el-top-3-de-las-mas-visitadas\\\/#primaryimage\"},\"thumbnailUrl\":\"https:\\\/\\\/www.bodegasprotos.com\\\/wp-content\\\/uploads\\\/2019\\\/12\\\/Bodega-Protos-Pe\u00f1afiel-8.jpg\",\"datePublished\":\"2020-05-15T09:50:18+00:00\",\"dateModified\":\"2020-06-18T07:37:52+00:00\",\"description\":\"La Ruta de Ribera del Duero se extiende por las provincias de Burgos, Segovia, Soria y Valladolid y se ha situado en el tercer lugar de las m\u00e1s visitadas\",\"breadcrumb\":{\"@id\":\"https:\\\/\\\/www.bodegasprotos.com\\\/es\\\/blog\\\/la-ruta-de-ribera-del-duero-en-el-top-3-de-las-mas-visitadas\\\/#breadcrumb\"},\"inLanguage\":\"es\",\"potentialAction\":[{\"@type\":\"ReadAction\",\"target\":[\"https:\\\/\\\/www.bodegasprotos.com\\\/es\\\/blog\\\/la-ruta-de-ribera-del-duero-en-el-top-3-de-las-mas-visitadas\\\/\"]}]},{\"@type\":\"ImageObject\",\"inLanguage\":\"es\",\"@id\":\"https:\\\/\\\/www.bodegasprotos.com\\\/es\\\/blog\\\/la-ruta-de-ribera-del-duero-en-el-top-3-de-las-mas-visitadas\\\/#primaryimage\",\"url\":\"https:\\\/\\\/www.bodegasprotos.com\\\/wp-content\\\/uploads\\\/2019\\\/12\\\/Bodega-Protos-Pe\u00f1afiel-8.jpg\",\"contentUrl\":\"https:\\\/\\\/www.bodegasprotos.com\\\/wp-content\\\/uploads\\\/2019\\\/12\\\/Bodega-Protos-Pe\u00f1afiel-8.jpg\",\"width\":500,\"height\":333,\"caption\":\"ruta ribera del duero\"},{\"@type\":\"BreadcrumbList\",\"@id\":\"https:\\\/\\\/www.bodegasprotos.com\\\/es\\\/blog\\\/la-ruta-de-ribera-del-duero-en-el-top-3-de-las-mas-visitadas\\\/#breadcrumb\",\"itemListElement\":[{\"@type\":\"ListItem\",\"position\":1,\"name\":\"Portada\",\"item\":\"https:\\\/\\\/www.bodegasprotos.com\\\/es\\\/\"},{\"@type\":\"ListItem\",\"position\":2,\"name\":\"La Ruta de Ribera del Duero, en el TOP 3 de las m\u00e1s visitadas\"}]},{\"@type\":\"WebSite\",\"@id\":\"https:\\\/\\\/www.bodegasprotos.com\\\/es\\\/#website\",\"url\":\"https:\\\/\\\/www.bodegasprotos.com\\\/es\\\/\",\"name\":\"Bodegas Protos\",\"description\":\"Vinos de la Denominaci\u00f3n de Origen Ribera del Duero, Rueda y Cigales\",\"publisher\":{\"@id\":\"https:\\\/\\\/www.bodegasprotos.com\\\/es\\\/#organization\"},\"potentialAction\":[{\"@type\":\"SearchAction\",\"target\":{\"@type\":\"EntryPoint\",\"urlTemplate\":\"https:\\\/\\\/www.bodegasprotos.com\\\/es\\\/?s={search_term_string}\"},\"query-input\":{\"@type\":\"PropertyValueSpecification\",\"valueRequired\":true,\"valueName\":\"search_term_string\"}}],\"inLanguage\":\"es\"},{\"@type\":\"Organization\",\"@id\":\"https:\\\/\\\/www.bodegasprotos.com\\\/es\\\/#organization\",\"name\":\"Bodegas Protos\",\"url\":\"https:\\\/\\\/www.bodegasprotos.com\\\/es\\\/\",\"logo\":{\"@type\":\"ImageObject\",\"inLanguage\":\"es\",\"@id\":\"https:\\\/\\\/www.bodegasprotos.com\\\/es\\\/#\\\/schema\\\/logo\\\/image\\\/\",\"url\":\"https:\\\/\\\/www.bodegasprotos.com\\\/wp-content\\\/uploads\\\/2024\\\/06\\\/PROTOS-LOGOS-VERSIONES-13.png\",\"contentUrl\":\"https:\\\/\\\/www.bodegasprotos.com\\\/wp-content\\\/uploads\\\/2024\\\/06\\\/PROTOS-LOGOS-VERSIONES-13.png\",\"width\":2362,\"height\":2362,\"caption\":\"Bodegas Protos\"},\"image\":{\"@id\":\"https:\\\/\\\/www.bodegasprotos.com\\\/es\\\/#\\\/schema\\\/logo\\\/image\\\/\"},\"sameAs\":[\"https:\\\/\\\/www.facebook.com\\\/BodegasProtos\",\"https:\\\/\\\/x.com\\\/Bodegas_Protos\",\"https:\\\/\\\/www.instagram.com\\\/bodegasprotosoficial\\\/\",\"https:\\\/\\\/www.linkedin.com\\\/company\\\/bodegasprotos\\\/\",\"https:\\\/\\\/pinterest.com\\\/BodegasProtos\\\/\",\"http:\\\/\\\/www.youtube.com\\\/user\\\/BodegasProtos\",\"https:\\\/\\\/es.wikipedia.org\\\/wiki\\\/Bodegas_Protos\"]},{\"@type\":\"Person\",\"@id\":\"https:\\\/\\\/www.bodegasprotos.com\\\/es\\\/#\\\/schema\\\/person\\\/6cb69a08afa14171755cee0df7d20027\",\"name\":\"Bodegas Protos (F)\",\"image\":{\"@type\":\"ImageObject\",\"inLanguage\":\"es\",\"@id\":\"https:\\\/\\\/secure.gravatar.com\\\/avatar\\\/cc613a9fd2ee203f402357c1b4aa2b7c041016cbf1eab1e41bde410b2ebd7f94?s=96&d=mm&r=g\",\"url\":\"https:\\\/\\\/secure.gravatar.com\\\/avatar\\\/cc613a9fd2ee203f402357c1b4aa2b7c041016cbf1eab1e41bde410b2ebd7f94?s=96&d=mm&r=g\",\"contentUrl\":\"https:\\\/\\\/secure.gravatar.com\\\/avatar\\\/cc613a9fd2ee203f402357c1b4aa2b7c041016cbf1eab1e41bde410b2ebd7f94?s=96&d=mm&r=g\",\"caption\":\"Bodegas Protos (F)\"},\"sameAs\":[\"https:\\\/\\\/www.bodegasprotos.com\"]}]}<\/script>\n<!-- \/ Yoast SEO plugin. -->","yoast_head_json":{"title":"La Ruta de Ribera del Duero, en el TOP 3 de las m\u00e1s visitadas - Bodegas Protos","description":"La Ruta de Ribera del Duero se extiende por las provincias de Burgos, Segovia, Soria y Valladolid y se ha situado en el tercer lugar de las m\u00e1s visitadas","robots":{"index":"index","follow":"follow","max-snippet":"max-snippet:-1","max-image-preview":"max-image-preview:large","max-video-preview":"max-video-preview:-1"},"canonical":"https:\/\/www.bodegasprotos.com\/es\/blog\/la-ruta-de-ribera-del-duero-en-el-top-3-de-las-mas-visitadas\/","og_locale":"es_ES","og_type":"article","og_title":"La Ruta de Ribera del Duero, en el TOP 3 de las m\u00e1s visitadas - Bodegas Protos","og_description":"La Ruta de Ribera del Duero se extiende por las provincias de Burgos, Segovia, Soria y Valladolid y se ha situado en el tercer lugar de las m\u00e1s visitadas","og_url":"https:\/\/www.bodegasprotos.com\/es\/blog\/la-ruta-de-ribera-del-duero-en-el-top-3-de-las-mas-visitadas\/","og_site_name":"Bodegas Protos","article_publisher":"https:\/\/www.facebook.com\/BodegasProtos","article_published_time":"2020-05-15T09:50:18+00:00","article_modified_time":"2020-06-18T07:37:52+00:00","og_image":[{"width":500,"height":333,"url":"https:\/\/www.bodegasprotos.com\/wp-content\/uploads\/2019\/12\/Bodega-Protos-Pe\u00f1afiel-8.jpg","type":"image\/jpeg"}],"author":"Bodegas Protos (F)","twitter_card":"summary_large_image","twitter_creator":"@Bodegas_Protos","twitter_site":"@Bodegas_Protos","twitter_misc":{"Escrito por":"Bodegas Protos (F)","Tiempo de lectura":"3 minutos"},"schema":{"@context":"https:\/\/schema.org","@graph":[{"@type":"Article","@id":"https:\/\/www.bodegasprotos.com\/es\/blog\/la-ruta-de-ribera-del-duero-en-el-top-3-de-las-mas-visitadas\/#article","isPartOf":{"@id":"https:\/\/www.bodegasprotos.com\/es\/blog\/la-ruta-de-ribera-del-duero-en-el-top-3-de-las-mas-visitadas\/"},"author":{"name":"Bodegas Protos (F)","@id":"https:\/\/www.bodegasprotos.com\/es\/#\/schema\/person\/6cb69a08afa14171755cee0df7d20027"},"headline":"La Ruta de Ribera del Duero, en el TOP 3 de las m\u00e1s visitadas","datePublished":"2020-05-15T09:50:18+00:00","dateModified":"2020-06-18T07:37:52+00:00","mainEntityOfPage":{"@id":"https:\/\/www.bodegasprotos.com\/es\/blog\/la-ruta-de-ribera-del-duero-en-el-top-3-de-las-mas-visitadas\/"},"wordCount":701,"publisher":{"@id":"https:\/\/www.bodegasprotos.com\/es\/#organization"},"image":{"@id":"https:\/\/www.bodegasprotos.com\/es\/blog\/la-ruta-de-ribera-del-duero-en-el-top-3-de-las-mas-visitadas\/#primaryimage"},"thumbnailUrl":"https:\/\/www.bodegasprotos.com\/wp-content\/uploads\/2019\/12\/Bodega-Protos-Pe\u00f1afiel-8.jpg","articleSection":["Blog"],"inLanguage":"es"},{"@type":"WebPage","@id":"https:\/\/www.bodegasprotos.com\/es\/blog\/la-ruta-de-ribera-del-duero-en-el-top-3-de-las-mas-visitadas\/","url":"https:\/\/www.bodegasprotos.com\/es\/blog\/la-ruta-de-ribera-del-duero-en-el-top-3-de-las-mas-visitadas\/","name":"La Ruta de Ribera del Duero, en el TOP 3 de las m\u00e1s visitadas - Bodegas Protos","isPartOf":{"@id":"https:\/\/www.bodegasprotos.com\/es\/#website"},"primaryImageOfPage":{"@id":"https:\/\/www.bodegasprotos.com\/es\/blog\/la-ruta-de-ribera-del-duero-en-el-top-3-de-las-mas-visitadas\/#primaryimage"},"image":{"@id":"https:\/\/www.bodegasprotos.com\/es\/blog\/la-ruta-de-ribera-del-duero-en-el-top-3-de-las-mas-visitadas\/#primaryimage"},"thumbnailUrl":"https:\/\/www.bodegasprotos.com\/wp-content\/uploads\/2019\/12\/Bodega-Protos-Pe\u00f1afiel-8.jpg","datePublished":"2020-05-15T09:50:18+00:00","dateModified":"2020-06-18T07:37:52+00:00","description":"La Ruta de Ribera del Duero se extiende por las provincias de Burgos, Segovia, Soria y Valladolid y se ha situado en el tercer lugar de las m\u00e1s visitadas","breadcrumb":{"@id":"https:\/\/www.bodegasprotos.com\/es\/blog\/la-ruta-de-ribera-del-duero-en-el-top-3-de-las-mas-visitadas\/#breadcrumb"},"inLanguage":"es","potentialAction":[{"@type":"ReadAction","target":["https:\/\/www.bodegasprotos.com\/es\/blog\/la-ruta-de-ribera-del-duero-en-el-top-3-de-las-mas-visitadas\/"]}]},{"@type":"ImageObject","inLanguage":"es","@id":"https:\/\/www.bodegasprotos.com\/es\/blog\/la-ruta-de-ribera-del-duero-en-el-top-3-de-las-mas-visitadas\/#primaryimage","url":"https:\/\/www.bodegasprotos.com\/wp-content\/uploads\/2019\/12\/Bodega-Protos-Pe\u00f1afiel-8.jpg","contentUrl":"https:\/\/www.bodegasprotos.com\/wp-content\/uploads\/2019\/12\/Bodega-Protos-Pe\u00f1afiel-8.jpg","width":500,"height":333,"caption":"ruta ribera del duero"},{"@type":"BreadcrumbList","@id":"https:\/\/www.bodegasprotos.com\/es\/blog\/la-ruta-de-ribera-del-duero-en-el-top-3-de-las-mas-visitadas\/#breadcrumb","itemListElement":[{"@type":"ListItem","position":1,"name":"Portada","item":"https:\/\/www.bodegasprotos.com\/es\/"},{"@type":"ListItem","position":2,"name":"La Ruta de Ribera del Duero, en el TOP 3 de las m\u00e1s visitadas"}]},{"@type":"WebSite","@id":"https:\/\/www.bodegasprotos.com\/es\/#website","url":"https:\/\/www.bodegasprotos.com\/es\/","name":"Bodegas Protos","description":"Vinos de la Denominaci\u00f3n de Origen Ribera del Duero, Rueda y Cigales","publisher":{"@id":"https:\/\/www.bodegasprotos.com\/es\/#organization"},"potentialAction":[{"@type":"SearchAction","target":{"@type":"EntryPoint","urlTemplate":"https:\/\/www.bodegasprotos.com\/es\/?s={search_term_string}"},"query-input":{"@type":"PropertyValueSpecification","valueRequired":true,"valueName":"search_term_string"}}],"inLanguage":"es"},{"@type":"Organization","@id":"https:\/\/www.bodegasprotos.com\/es\/#organization","name":"Bodegas Protos","url":"https:\/\/www.bodegasprotos.com\/es\/","logo":{"@type":"ImageObject","inLanguage":"es","@id":"https:\/\/www.bodegasprotos.com\/es\/#\/schema\/logo\/image\/","url":"https:\/\/www.bodegasprotos.com\/wp-content\/uploads\/2024\/06\/PROTOS-LOGOS-VERSIONES-13.png","contentUrl":"https:\/\/www.bodegasprotos.com\/wp-content\/uploads\/2024\/06\/PROTOS-LOGOS-VERSIONES-13.png","width":2362,"height":2362,"caption":"Bodegas Protos"},"image":{"@id":"https:\/\/www.bodegasprotos.com\/es\/#\/schema\/logo\/image\/"},"sameAs":["https:\/\/www.facebook.com\/BodegasProtos","https:\/\/x.com\/Bodegas_Protos","https:\/\/www.instagram.com\/bodegasprotosoficial\/","https:\/\/www.linkedin.com\/company\/bodegasprotos\/","https:\/\/pinterest.com\/BodegasProtos\/","http:\/\/www.youtube.com\/user\/BodegasProtos","https:\/\/es.wikipedia.org\/wiki\/Bodegas_Protos"]},{"@type":"Person","@id":"https:\/\/www.bodegasprotos.com\/es\/#\/schema\/person\/6cb69a08afa14171755cee0df7d20027","name":"Bodegas Protos (F)","image":{"@type":"ImageObject","inLanguage":"es","@id":"https:\/\/secure.gravatar.com\/avatar\/cc613a9fd2ee203f402357c1b4aa2b7c041016cbf1eab1e41bde410b2ebd7f94?s=96&d=mm&r=g","url":"https:\/\/secure.gravatar.com\/avatar\/cc613a9fd2ee203f402357c1b4aa2b7c041016cbf1eab1e41bde410b2ebd7f94?s=96&d=mm&r=g","contentUrl":"https:\/\/secure.gravatar.com\/avatar\/cc613a9fd2ee203f402357c1b4aa2b7c041016cbf1eab1e41bde410b2ebd7f94?s=96&d=mm&r=g","caption":"Bodegas Protos (F)"},"sameAs":["https:\/\/www.bodegasprotos.com"]}]}},"_links":{"self":[{"href":"https:\/\/www.bodegasprotos.com\/es\/wp-json\/wp\/v2\/posts\/28661","targetHints":{"allow":["GET"]}}],"collection":[{"href":"https:\/\/www.bodegasprotos.com\/es\/wp-json\/wp\/v2\/posts"}],"about":[{"href":"https:\/\/www.bodegasprotos.com\/es\/wp-json\/wp\/v2\/types\/post"}],"author":[{"embeddable":true,"href":"https:\/\/www.bodegasprotos.com\/es\/wp-json\/wp\/v2\/users\/3"}],"replies":[{"embeddable":true,"href":"https:\/\/www.bodegasprotos.com\/es\/wp-json\/wp\/v2\/comments?post=28661"}],"version-history":[{"count":0,"href":"https:\/\/www.bodegasprotos.com\/es\/wp-json\/wp\/v2\/posts\/28661\/revisions"}],"wp:featuredmedia":[{"embeddable":true,"href":"https:\/\/www.bodegasprotos.com\/es\/wp-json\/wp\/v2\/media\/27006"}],"wp:attachment":[{"href":"https:\/\/www.bodegasprotos.com\/es\/wp-json\/wp\/v2\/media?parent=28661"}],"wp:term":[{"taxonomy":"category","embeddable":true,"href":"https:\/\/www.bodegasprotos.com\/es\/wp-json\/wp\/v2\/categories?post=28661"},{"taxonomy":"post_tag","embeddable":true,"href":"https:\/\/www.bodegasprotos.com\/es\/wp-json\/wp\/v2\/tags?post=28661"}],"curies":[{"name":"wp","href":"https:\/\/api.w.org\/{rel}","templated":true}]}}