{"id":28576,"date":"2020-04-22T11:58:51","date_gmt":"2020-04-22T09:58:51","guid":{"rendered":"https:\/\/www.bodegasprotos.com\/?p=28576"},"modified":"2020-10-30T10:06:51","modified_gmt":"2020-10-30T09:06:51","slug":"protos-lanza-su-caja-solidaria-en-apoyo-al-sector-hostelero","status":"publish","type":"post","link":"https:\/\/www.bodegasprotos.com\/es\/en-portada\/protos-lanza-su-caja-solidaria-en-apoyo-al-sector-hostelero\/","title":{"rendered":"Protos lanza su caja solidaria en apoyo al sector hostelero"},"content":{"rendered":"<p style=\"text-align: center;\"><strong>Por cada compra de la<\/strong> <strong>caja, compuesto por 6 botellas de las 3 referencias esenciales de Protos (Verdejo, Roble y Crianza), la bodega donar\u00e1 un 10% del precio neto a la asociaci\u00f3n<\/strong><strong><a href=\"https:\/\/www.cehe.es\/\"> <u>Hosteler\u00eda de Espa\u00f1a<\/u><\/a> para ayudar en la lucha contra el COVID-19.<\/strong><\/p>\n<p>Bodegas Protos ha lanzado en su canal de venta online una caja\u00a0 solidaria con un precio muy atractivo \u00a0compuesto por las 3 referencias esenciales de la bodega con el objetivo de apoyar al sector de hosteler\u00eda, el cual est\u00e1 pasando una \u00e9poca muy dif\u00edcil y de gran incertidumbre, ya que ha tenido que cerrar sus negocios desde la declaraci\u00f3n del estado de alarma sin saber cu\u00e1ndo ni en qu\u00e9 condiciones podr\u00e1 volver a abrirlas, siendo por tanto uno de los sectores m\u00e1s golpeados por el estado de alerta sanitaria. Por este motivo, Protos destinar\u00e1 el 10% del precio neto de la caja a la asociaci\u00f3n Hosteler\u00eda de Espa\u00f1a, el cual se podr\u00e1 adquirir como oportunidad \u00fanica a un PVP de\u00a0 49,90 \u20ac .<\/p>\n<p>La fecha de validez de esta iniciativa se mantendr\u00e1 hasta que la hosteler\u00eda retome su actividad habitual y podamos volver a brindar juntos en nuestros queridos bares y restaurantes.<\/p>\n<p>Hosteler\u00eda de Espa\u00f1a es la organizaci\u00f3n empresarial que representa a los restaurantes, bares, cafeter\u00edas y pubs de nuestro pa\u00eds. La hosteler\u00eda est\u00e1 formada por m\u00e1s de 300.000 \u00a0establecimientos que dan trabajo a 1,7 millones de personas y tiene un volumen de ventas de 123.612 millones de euros, con una aportaci\u00f3n del 6,2% al PIB de la econom\u00eda espa\u00f1ola.<\/p>\n<div id=\"attachment_28579\" style=\"width: 281px\" class=\"wp-caption aligncenter\"><img fetchpriority=\"high\" decoding=\"async\" aria-describedby=\"caption-attachment-28579\" class=\"size-medium wp-image-28579\" src=\"https:\/\/www.bodegasprotos.com\/wp-content\/uploads\/2020\/04\/Protos-pack-Hosteleria-271x300.jpg\" alt=\"Hosteler\u00eda de Espa\u00f1a\" width=\"271\" height=\"300\" srcset=\"https:\/\/www.bodegasprotos.com\/wp-content\/uploads\/2020\/04\/Protos-pack-Hosteleria-271x300.jpg 271w, https:\/\/www.bodegasprotos.com\/wp-content\/uploads\/2020\/04\/Protos-pack-Hosteleria-924x1024.jpg 924w, https:\/\/www.bodegasprotos.com\/wp-content\/uploads\/2020\/04\/Protos-pack-Hosteleria-768x851.jpg 768w, https:\/\/www.bodegasprotos.com\/wp-content\/uploads\/2020\/04\/Protos-pack-Hosteleria.jpg 1156w\" sizes=\"(max-width: 271px) 100vw, 271px\" \/><p id=\"caption-attachment-28579\" class=\"wp-caption-text\">Hosteler\u00eda de Espa\u00f1a<\/p><\/div>\n<p>La caja \u201cApoyo a la Hosteler\u00eda\u201d de Protos se podr\u00e1 adquirir solo en la tienda online de la bodega y consta de 2 botellas de <a href=\"https:\/\/www.bodegasprotos.com\/es\/vino\/verdejo\/\">Protos Verdejo<\/a> 2019, 2 botellas de <a href=\"https:\/\/www.bodegasprotos.com\/es\/vino\/roble\/\">Protos Roble<\/a> 2018 y 2 botellas de <a href=\"https:\/\/www.bodegasprotos.com\/es\/vino\/crianza\/\">Protos Crianza<\/a> 2016<\/p>\n<p><strong>Precio: 49,90 \u00a0euros (gastos de env\u00edo en la pen\u00ednsula incluidos)<\/strong><\/p>\n<p><strong>Venta exclusiva en la tienda oficial de Protos <\/strong><\/p>\n<p>&nbsp;<\/p>\n","protected":false},"excerpt":{"rendered":"<p>Por cada compra de la caja, compuesto por 6 botellas de las 3 referencias esenciales de Protos (Verdejo,&#8230;<\/p>\n","protected":false},"author":3,"featured_media":28577,"comment_status":"closed","ping_status":"closed","sticky":false,"template":"","format":"standard","meta":{"_acf_changed":false,"footnotes":""},"categories":[88,94],"tags":[],"class_list":["post-28576","post","type-post","status-publish","format-standard","has-post-thumbnail","hentry","category-en-portada","category-notas-de-prensa"],"acf":[],"yoast_head":"<!-- This site is optimized with the Yoast SEO plugin v27.5 - https:\/\/yoast.com\/product\/yoast-seo-wordpress\/ -->\n<title>Protos lanza su caja solidaria en apoyo al sector hostelero - Bodegas Protos<\/title>\n<meta name=\"description\" content=\"Por cada compra de la caja, compuesto por 6 botellas de las 3 referencias esenciales de Protos (Verdejo, Roble y Crianza), la bodega donar\u00e1 un 10% del\" \/>\n<meta name=\"robots\" content=\"index, follow, max-snippet:-1, max-image-preview:large, max-video-preview:-1\" \/>\n<link rel=\"canonical\" href=\"https:\/\/www.bodegasprotos.com\/es\/en-portada\/protos-lanza-su-caja-solidaria-en-apoyo-al-sector-hostelero\/\" \/>\n<meta property=\"og:locale\" content=\"es_ES\" \/>\n<meta property=\"og:type\" content=\"article\" \/>\n<meta property=\"og:title\" content=\"Protos lanza su caja solidaria en apoyo al sector hostelero - Bodegas Protos\" \/>\n<meta property=\"og:description\" content=\"Por cada compra de la caja, compuesto por 6 botellas de las 3 referencias esenciales de Protos (Verdejo, Roble y Crianza), la bodega donar\u00e1 un 10% del\" \/>\n<meta property=\"og:url\" content=\"https:\/\/www.bodegasprotos.com\/es\/en-portada\/protos-lanza-su-caja-solidaria-en-apoyo-al-sector-hostelero\/\" \/>\n<meta property=\"og:site_name\" content=\"Bodegas Protos\" \/>\n<meta property=\"article:publisher\" content=\"https:\/\/www.facebook.com\/BodegasProtos\" \/>\n<meta property=\"article:published_time\" content=\"2020-04-22T09:58:51+00:00\" \/>\n<meta property=\"article:modified_time\" content=\"2020-10-30T09:06:51+00:00\" \/>\n<meta property=\"og:image\" content=\"https:\/\/www.bodegasprotos.com\/wp-content\/uploads\/2020\/04\/CMYK_300PX.jpg\" \/>\n\t<meta property=\"og:image:width\" content=\"1946\" \/>\n\t<meta property=\"og:image:height\" content=\"767\" \/>\n\t<meta property=\"og:image:type\" content=\"image\/jpeg\" \/>\n<meta name=\"author\" content=\"Bodegas Protos (F)\" \/>\n<meta name=\"twitter:card\" content=\"summary_large_image\" \/>\n<meta name=\"twitter:creator\" content=\"@Bodegas_Protos\" \/>\n<meta name=\"twitter:site\" content=\"@Bodegas_Protos\" \/>\n<meta name=\"twitter:label1\" content=\"Escrito por\" \/>\n\t<meta name=\"twitter:data1\" content=\"Bodegas Protos (F)\" \/>\n\t<meta name=\"twitter:label2\" content=\"Tiempo de lectura\" \/>\n\t<meta name=\"twitter:data2\" content=\"2 minutos\" \/>\n<script type=\"application\/ld+json\" class=\"yoast-schema-graph\">{\"@context\":\"https:\\\/\\\/schema.org\",\"@graph\":[{\"@type\":\"Article\",\"@id\":\"https:\\\/\\\/www.bodegasprotos.com\\\/es\\\/en-portada\\\/protos-lanza-su-caja-solidaria-en-apoyo-al-sector-hostelero\\\/#article\",\"isPartOf\":{\"@id\":\"https:\\\/\\\/www.bodegasprotos.com\\\/es\\\/en-portada\\\/protos-lanza-su-caja-solidaria-en-apoyo-al-sector-hostelero\\\/\"},\"author\":{\"name\":\"Bodegas Protos (F)\",\"@id\":\"https:\\\/\\\/www.bodegasprotos.com\\\/es\\\/#\\\/schema\\\/person\\\/6cb69a08afa14171755cee0df7d20027\"},\"headline\":\"Protos lanza su caja solidaria en apoyo al sector hostelero\",\"datePublished\":\"2020-04-22T09:58:51+00:00\",\"dateModified\":\"2020-10-30T09:06:51+00:00\",\"mainEntityOfPage\":{\"@id\":\"https:\\\/\\\/www.bodegasprotos.com\\\/es\\\/en-portada\\\/protos-lanza-su-caja-solidaria-en-apoyo-al-sector-hostelero\\\/\"},\"wordCount\":341,\"publisher\":{\"@id\":\"https:\\\/\\\/www.bodegasprotos.com\\\/es\\\/#organization\"},\"image\":{\"@id\":\"https:\\\/\\\/www.bodegasprotos.com\\\/es\\\/en-portada\\\/protos-lanza-su-caja-solidaria-en-apoyo-al-sector-hostelero\\\/#primaryimage\"},\"thumbnailUrl\":\"https:\\\/\\\/www.bodegasprotos.com\\\/wp-content\\\/uploads\\\/2020\\\/04\\\/CMYK_300PX.jpg\",\"articleSection\":[\"En portada\",\"Notas de Prensa\"],\"inLanguage\":\"es\"},{\"@type\":\"WebPage\",\"@id\":\"https:\\\/\\\/www.bodegasprotos.com\\\/es\\\/en-portada\\\/protos-lanza-su-caja-solidaria-en-apoyo-al-sector-hostelero\\\/\",\"url\":\"https:\\\/\\\/www.bodegasprotos.com\\\/es\\\/en-portada\\\/protos-lanza-su-caja-solidaria-en-apoyo-al-sector-hostelero\\\/\",\"name\":\"Protos lanza su caja solidaria en apoyo al sector hostelero - Bodegas Protos\",\"isPartOf\":{\"@id\":\"https:\\\/\\\/www.bodegasprotos.com\\\/es\\\/#website\"},\"primaryImageOfPage\":{\"@id\":\"https:\\\/\\\/www.bodegasprotos.com\\\/es\\\/en-portada\\\/protos-lanza-su-caja-solidaria-en-apoyo-al-sector-hostelero\\\/#primaryimage\"},\"image\":{\"@id\":\"https:\\\/\\\/www.bodegasprotos.com\\\/es\\\/en-portada\\\/protos-lanza-su-caja-solidaria-en-apoyo-al-sector-hostelero\\\/#primaryimage\"},\"thumbnailUrl\":\"https:\\\/\\\/www.bodegasprotos.com\\\/wp-content\\\/uploads\\\/2020\\\/04\\\/CMYK_300PX.jpg\",\"datePublished\":\"2020-04-22T09:58:51+00:00\",\"dateModified\":\"2020-10-30T09:06:51+00:00\",\"description\":\"Por cada compra de la caja, compuesto por 6 botellas de las 3 referencias esenciales de Protos (Verdejo, Roble y Crianza), la bodega donar\u00e1 un 10% del\",\"breadcrumb\":{\"@id\":\"https:\\\/\\\/www.bodegasprotos.com\\\/es\\\/en-portada\\\/protos-lanza-su-caja-solidaria-en-apoyo-al-sector-hostelero\\\/#breadcrumb\"},\"inLanguage\":\"es\",\"potentialAction\":[{\"@type\":\"ReadAction\",\"target\":[\"https:\\\/\\\/www.bodegasprotos.com\\\/es\\\/en-portada\\\/protos-lanza-su-caja-solidaria-en-apoyo-al-sector-hostelero\\\/\"]}]},{\"@type\":\"ImageObject\",\"inLanguage\":\"es\",\"@id\":\"https:\\\/\\\/www.bodegasprotos.com\\\/es\\\/en-portada\\\/protos-lanza-su-caja-solidaria-en-apoyo-al-sector-hostelero\\\/#primaryimage\",\"url\":\"https:\\\/\\\/www.bodegasprotos.com\\\/wp-content\\\/uploads\\\/2020\\\/04\\\/CMYK_300PX.jpg\",\"contentUrl\":\"https:\\\/\\\/www.bodegasprotos.com\\\/wp-content\\\/uploads\\\/2020\\\/04\\\/CMYK_300PX.jpg\",\"width\":1946,\"height\":767,\"caption\":\"Hosteler\u00eda de Espa\u00f1a\"},{\"@type\":\"BreadcrumbList\",\"@id\":\"https:\\\/\\\/www.bodegasprotos.com\\\/es\\\/en-portada\\\/protos-lanza-su-caja-solidaria-en-apoyo-al-sector-hostelero\\\/#breadcrumb\",\"itemListElement\":[{\"@type\":\"ListItem\",\"position\":1,\"name\":\"Portada\",\"item\":\"https:\\\/\\\/www.bodegasprotos.com\\\/es\\\/\"},{\"@type\":\"ListItem\",\"position\":2,\"name\":\"Protos lanza su caja solidaria en apoyo al sector hostelero\"}]},{\"@type\":\"WebSite\",\"@id\":\"https:\\\/\\\/www.bodegasprotos.com\\\/es\\\/#website\",\"url\":\"https:\\\/\\\/www.bodegasprotos.com\\\/es\\\/\",\"name\":\"Bodegas Protos\",\"description\":\"Vinos de la Denominaci\u00f3n de Origen Ribera del Duero, Rueda y Cigales\",\"publisher\":{\"@id\":\"https:\\\/\\\/www.bodegasprotos.com\\\/es\\\/#organization\"},\"potentialAction\":[{\"@type\":\"SearchAction\",\"target\":{\"@type\":\"EntryPoint\",\"urlTemplate\":\"https:\\\/\\\/www.bodegasprotos.com\\\/es\\\/?s={search_term_string}\"},\"query-input\":{\"@type\":\"PropertyValueSpecification\",\"valueRequired\":true,\"valueName\":\"search_term_string\"}}],\"inLanguage\":\"es\"},{\"@type\":\"Organization\",\"@id\":\"https:\\\/\\\/www.bodegasprotos.com\\\/es\\\/#organization\",\"name\":\"Bodegas Protos\",\"url\":\"https:\\\/\\\/www.bodegasprotos.com\\\/es\\\/\",\"logo\":{\"@type\":\"ImageObject\",\"inLanguage\":\"es\",\"@id\":\"https:\\\/\\\/www.bodegasprotos.com\\\/es\\\/#\\\/schema\\\/logo\\\/image\\\/\",\"url\":\"https:\\\/\\\/www.bodegasprotos.com\\\/wp-content\\\/uploads\\\/2024\\\/06\\\/PROTOS-LOGOS-VERSIONES-13.png\",\"contentUrl\":\"https:\\\/\\\/www.bodegasprotos.com\\\/wp-content\\\/uploads\\\/2024\\\/06\\\/PROTOS-LOGOS-VERSIONES-13.png\",\"width\":2362,\"height\":2362,\"caption\":\"Bodegas Protos\"},\"image\":{\"@id\":\"https:\\\/\\\/www.bodegasprotos.com\\\/es\\\/#\\\/schema\\\/logo\\\/image\\\/\"},\"sameAs\":[\"https:\\\/\\\/www.facebook.com\\\/BodegasProtos\",\"https:\\\/\\\/x.com\\\/Bodegas_Protos\",\"https:\\\/\\\/www.instagram.com\\\/bodegasprotosoficial\\\/\",\"https:\\\/\\\/www.linkedin.com\\\/company\\\/bodegasprotos\\\/\",\"https:\\\/\\\/pinterest.com\\\/BodegasProtos\\\/\",\"http:\\\/\\\/www.youtube.com\\\/user\\\/BodegasProtos\",\"https:\\\/\\\/es.wikipedia.org\\\/wiki\\\/Bodegas_Protos\"]},{\"@type\":\"Person\",\"@id\":\"https:\\\/\\\/www.bodegasprotos.com\\\/es\\\/#\\\/schema\\\/person\\\/6cb69a08afa14171755cee0df7d20027\",\"name\":\"Bodegas Protos (F)\",\"image\":{\"@type\":\"ImageObject\",\"inLanguage\":\"es\",\"@id\":\"https:\\\/\\\/secure.gravatar.com\\\/avatar\\\/cc613a9fd2ee203f402357c1b4aa2b7c041016cbf1eab1e41bde410b2ebd7f94?s=96&d=mm&r=g\",\"url\":\"https:\\\/\\\/secure.gravatar.com\\\/avatar\\\/cc613a9fd2ee203f402357c1b4aa2b7c041016cbf1eab1e41bde410b2ebd7f94?s=96&d=mm&r=g\",\"contentUrl\":\"https:\\\/\\\/secure.gravatar.com\\\/avatar\\\/cc613a9fd2ee203f402357c1b4aa2b7c041016cbf1eab1e41bde410b2ebd7f94?s=96&d=mm&r=g\",\"caption\":\"Bodegas Protos (F)\"},\"sameAs\":[\"https:\\\/\\\/www.bodegasprotos.com\"]}]}<\/script>\n<!-- \/ Yoast SEO plugin. -->","yoast_head_json":{"title":"Protos lanza su caja solidaria en apoyo al sector hostelero - Bodegas Protos","description":"Por cada compra de la caja, compuesto por 6 botellas de las 3 referencias esenciales de Protos (Verdejo, Roble y Crianza), la bodega donar\u00e1 un 10% del","robots":{"index":"index","follow":"follow","max-snippet":"max-snippet:-1","max-image-preview":"max-image-preview:large","max-video-preview":"max-video-preview:-1"},"canonical":"https:\/\/www.bodegasprotos.com\/es\/en-portada\/protos-lanza-su-caja-solidaria-en-apoyo-al-sector-hostelero\/","og_locale":"es_ES","og_type":"article","og_title":"Protos lanza su caja solidaria en apoyo al sector hostelero - Bodegas Protos","og_description":"Por cada compra de la caja, compuesto por 6 botellas de las 3 referencias esenciales de Protos (Verdejo, Roble y Crianza), la bodega donar\u00e1 un 10% del","og_url":"https:\/\/www.bodegasprotos.com\/es\/en-portada\/protos-lanza-su-caja-solidaria-en-apoyo-al-sector-hostelero\/","og_site_name":"Bodegas Protos","article_publisher":"https:\/\/www.facebook.com\/BodegasProtos","article_published_time":"2020-04-22T09:58:51+00:00","article_modified_time":"2020-10-30T09:06:51+00:00","og_image":[{"width":1946,"height":767,"url":"https:\/\/www.bodegasprotos.com\/wp-content\/uploads\/2020\/04\/CMYK_300PX.jpg","type":"image\/jpeg"}],"author":"Bodegas Protos (F)","twitter_card":"summary_large_image","twitter_creator":"@Bodegas_Protos","twitter_site":"@Bodegas_Protos","twitter_misc":{"Escrito por":"Bodegas Protos (F)","Tiempo de lectura":"2 minutos"},"schema":{"@context":"https:\/\/schema.org","@graph":[{"@type":"Article","@id":"https:\/\/www.bodegasprotos.com\/es\/en-portada\/protos-lanza-su-caja-solidaria-en-apoyo-al-sector-hostelero\/#article","isPartOf":{"@id":"https:\/\/www.bodegasprotos.com\/es\/en-portada\/protos-lanza-su-caja-solidaria-en-apoyo-al-sector-hostelero\/"},"author":{"name":"Bodegas Protos (F)","@id":"https:\/\/www.bodegasprotos.com\/es\/#\/schema\/person\/6cb69a08afa14171755cee0df7d20027"},"headline":"Protos lanza su caja solidaria en apoyo al sector hostelero","datePublished":"2020-04-22T09:58:51+00:00","dateModified":"2020-10-30T09:06:51+00:00","mainEntityOfPage":{"@id":"https:\/\/www.bodegasprotos.com\/es\/en-portada\/protos-lanza-su-caja-solidaria-en-apoyo-al-sector-hostelero\/"},"wordCount":341,"publisher":{"@id":"https:\/\/www.bodegasprotos.com\/es\/#organization"},"image":{"@id":"https:\/\/www.bodegasprotos.com\/es\/en-portada\/protos-lanza-su-caja-solidaria-en-apoyo-al-sector-hostelero\/#primaryimage"},"thumbnailUrl":"https:\/\/www.bodegasprotos.com\/wp-content\/uploads\/2020\/04\/CMYK_300PX.jpg","articleSection":["En portada","Notas de Prensa"],"inLanguage":"es"},{"@type":"WebPage","@id":"https:\/\/www.bodegasprotos.com\/es\/en-portada\/protos-lanza-su-caja-solidaria-en-apoyo-al-sector-hostelero\/","url":"https:\/\/www.bodegasprotos.com\/es\/en-portada\/protos-lanza-su-caja-solidaria-en-apoyo-al-sector-hostelero\/","name":"Protos lanza su caja solidaria en apoyo al sector hostelero - Bodegas Protos","isPartOf":{"@id":"https:\/\/www.bodegasprotos.com\/es\/#website"},"primaryImageOfPage":{"@id":"https:\/\/www.bodegasprotos.com\/es\/en-portada\/protos-lanza-su-caja-solidaria-en-apoyo-al-sector-hostelero\/#primaryimage"},"image":{"@id":"https:\/\/www.bodegasprotos.com\/es\/en-portada\/protos-lanza-su-caja-solidaria-en-apoyo-al-sector-hostelero\/#primaryimage"},"thumbnailUrl":"https:\/\/www.bodegasprotos.com\/wp-content\/uploads\/2020\/04\/CMYK_300PX.jpg","datePublished":"2020-04-22T09:58:51+00:00","dateModified":"2020-10-30T09:06:51+00:00","description":"Por cada compra de la caja, compuesto por 6 botellas de las 3 referencias esenciales de Protos (Verdejo, Roble y Crianza), la bodega donar\u00e1 un 10% del","breadcrumb":{"@id":"https:\/\/www.bodegasprotos.com\/es\/en-portada\/protos-lanza-su-caja-solidaria-en-apoyo-al-sector-hostelero\/#breadcrumb"},"inLanguage":"es","potentialAction":[{"@type":"ReadAction","target":["https:\/\/www.bodegasprotos.com\/es\/en-portada\/protos-lanza-su-caja-solidaria-en-apoyo-al-sector-hostelero\/"]}]},{"@type":"ImageObject","inLanguage":"es","@id":"https:\/\/www.bodegasprotos.com\/es\/en-portada\/protos-lanza-su-caja-solidaria-en-apoyo-al-sector-hostelero\/#primaryimage","url":"https:\/\/www.bodegasprotos.com\/wp-content\/uploads\/2020\/04\/CMYK_300PX.jpg","contentUrl":"https:\/\/www.bodegasprotos.com\/wp-content\/uploads\/2020\/04\/CMYK_300PX.jpg","width":1946,"height":767,"caption":"Hosteler\u00eda de Espa\u00f1a"},{"@type":"BreadcrumbList","@id":"https:\/\/www.bodegasprotos.com\/es\/en-portada\/protos-lanza-su-caja-solidaria-en-apoyo-al-sector-hostelero\/#breadcrumb","itemListElement":[{"@type":"ListItem","position":1,"name":"Portada","item":"https:\/\/www.bodegasprotos.com\/es\/"},{"@type":"ListItem","position":2,"name":"Protos lanza su caja solidaria en apoyo al sector hostelero"}]},{"@type":"WebSite","@id":"https:\/\/www.bodegasprotos.com\/es\/#website","url":"https:\/\/www.bodegasprotos.com\/es\/","name":"Bodegas Protos","description":"Vinos de la Denominaci\u00f3n de Origen Ribera del Duero, Rueda y Cigales","publisher":{"@id":"https:\/\/www.bodegasprotos.com\/es\/#organization"},"potentialAction":[{"@type":"SearchAction","target":{"@type":"EntryPoint","urlTemplate":"https:\/\/www.bodegasprotos.com\/es\/?s={search_term_string}"},"query-input":{"@type":"PropertyValueSpecification","valueRequired":true,"valueName":"search_term_string"}}],"inLanguage":"es"},{"@type":"Organization","@id":"https:\/\/www.bodegasprotos.com\/es\/#organization","name":"Bodegas Protos","url":"https:\/\/www.bodegasprotos.com\/es\/","logo":{"@type":"ImageObject","inLanguage":"es","@id":"https:\/\/www.bodegasprotos.com\/es\/#\/schema\/logo\/image\/","url":"https:\/\/www.bodegasprotos.com\/wp-content\/uploads\/2024\/06\/PROTOS-LOGOS-VERSIONES-13.png","contentUrl":"https:\/\/www.bodegasprotos.com\/wp-content\/uploads\/2024\/06\/PROTOS-LOGOS-VERSIONES-13.png","width":2362,"height":2362,"caption":"Bodegas Protos"},"image":{"@id":"https:\/\/www.bodegasprotos.com\/es\/#\/schema\/logo\/image\/"},"sameAs":["https:\/\/www.facebook.com\/BodegasProtos","https:\/\/x.com\/Bodegas_Protos","https:\/\/www.instagram.com\/bodegasprotosoficial\/","https:\/\/www.linkedin.com\/company\/bodegasprotos\/","https:\/\/pinterest.com\/BodegasProtos\/","http:\/\/www.youtube.com\/user\/BodegasProtos","https:\/\/es.wikipedia.org\/wiki\/Bodegas_Protos"]},{"@type":"Person","@id":"https:\/\/www.bodegasprotos.com\/es\/#\/schema\/person\/6cb69a08afa14171755cee0df7d20027","name":"Bodegas Protos (F)","image":{"@type":"ImageObject","inLanguage":"es","@id":"https:\/\/secure.gravatar.com\/avatar\/cc613a9fd2ee203f402357c1b4aa2b7c041016cbf1eab1e41bde410b2ebd7f94?s=96&d=mm&r=g","url":"https:\/\/secure.gravatar.com\/avatar\/cc613a9fd2ee203f402357c1b4aa2b7c041016cbf1eab1e41bde410b2ebd7f94?s=96&d=mm&r=g","contentUrl":"https:\/\/secure.gravatar.com\/avatar\/cc613a9fd2ee203f402357c1b4aa2b7c041016cbf1eab1e41bde410b2ebd7f94?s=96&d=mm&r=g","caption":"Bodegas Protos (F)"},"sameAs":["https:\/\/www.bodegasprotos.com"]}]}},"_links":{"self":[{"href":"https:\/\/www.bodegasprotos.com\/es\/wp-json\/wp\/v2\/posts\/28576","targetHints":{"allow":["GET"]}}],"collection":[{"href":"https:\/\/www.bodegasprotos.com\/es\/wp-json\/wp\/v2\/posts"}],"about":[{"href":"https:\/\/www.bodegasprotos.com\/es\/wp-json\/wp\/v2\/types\/post"}],"author":[{"embeddable":true,"href":"https:\/\/www.bodegasprotos.com\/es\/wp-json\/wp\/v2\/users\/3"}],"replies":[{"embeddable":true,"href":"https:\/\/www.bodegasprotos.com\/es\/wp-json\/wp\/v2\/comments?post=28576"}],"version-history":[{"count":0,"href":"https:\/\/www.bodegasprotos.com\/es\/wp-json\/wp\/v2\/posts\/28576\/revisions"}],"wp:featuredmedia":[{"embeddable":true,"href":"https:\/\/www.bodegasprotos.com\/es\/wp-json\/wp\/v2\/media\/28577"}],"wp:attachment":[{"href":"https:\/\/www.bodegasprotos.com\/es\/wp-json\/wp\/v2\/media?parent=28576"}],"wp:term":[{"taxonomy":"category","embeddable":true,"href":"https:\/\/www.bodegasprotos.com\/es\/wp-json\/wp\/v2\/categories?post=28576"},{"taxonomy":"post_tag","embeddable":true,"href":"https:\/\/www.bodegasprotos.com\/es\/wp-json\/wp\/v2\/tags?post=28576"}],"curies":[{"name":"wp","href":"https:\/\/api.w.org\/{rel}","templated":true}]}}