{"id":27735,"date":"2020-02-28T10:06:47","date_gmt":"2020-02-28T09:06:47","guid":{"rendered":"https:\/\/www.bodegasprotos.com\/?p=27735"},"modified":"2020-02-28T10:14:12","modified_gmt":"2020-02-28T09:14:12","slug":"medalla-de-oro-para-protos27-en-mundus-vini","status":"publish","type":"post","link":"https:\/\/www.bodegasprotos.com\/es\/notas-de-prensa\/medalla-de-oro-para-protos27-en-mundus-vini\/","title":{"rendered":"Medalla de Oro para Protos&#8217;27 en Mundus Vini"},"content":{"rendered":"<p><a href=\"https:\/\/www.bodegasprotos.com\/es\/vino\/protos27\/\">Protos&#8217;27 2016<\/a> ha sido distinguido con la Medalla de Oro en el prestigioso concurso internacional Mundus Vini, celebrado recientemente en Alemania.<\/p>\n<p><a href=\"https:\/\/www.meininger.de\/es\/mundus-vini\">Mundus Vini<\/a>\u00a0 es una de las competiciones de vinos m\u00e1s prestigiosas y reconocidas en el panorama vin\u00edcola; cuenta con m\u00e1s de 11 000 vinos presentados cada a\u00f1o.<\/p>\n<p>El jurado lo componen 268 renombrados profesionales a nivel internacional, los cuales catan m\u00e1s de 6.000 vinos de todo el\u00a0 mundo.<\/p>\n<p>El objetivo del concurso es fomentar la calidad y promover la comercializaci\u00f3n de los vinos presentados. Ofrece un foro a los productores, viticultores, importadores y consumidores que permita comparar los distintos vinos a fin de facilitar la orientaci\u00f3n y la decisi\u00f3n de compra.<\/p>\n<div id=\"attachment_19444\" style=\"width: 235px\" class=\"wp-caption aligncenter\"><img fetchpriority=\"high\" decoding=\"async\" aria-describedby=\"caption-attachment-19444\" class=\"MEdalla de Oro para Protos 27 wp-image-19444 size-medium\" title=\"MEdalla de Oro para Protos 27\" src=\"https:\/\/www.bodegasprotos.com\/wp-content\/uploads\/2019\/06\/fotto_not_713_1-1-225x300.jpg\" alt=\"MEdalla de Oro para Protos 27\" width=\"225\" height=\"300\" srcset=\"https:\/\/www.bodegasprotos.com\/wp-content\/uploads\/2019\/06\/fotto_not_713_1-1-225x300.jpg 225w, https:\/\/www.bodegasprotos.com\/wp-content\/uploads\/2019\/06\/fotto_not_713_1-1.jpg 600w\" sizes=\"(max-width: 225px) 100vw, 225px\" \/><p id=\"caption-attachment-19444\" class=\"wp-caption-text\">Medalla de Oro para Protos 27<\/p><\/div>\n<p>Este galard\u00f3n se suma a los ya conseguidos por Protos&#8217;27 2016 como la medalla de oro en <a href=\"https:\/\/www.smvcanada.ca\/\">Selections Mondiales de Canada,<\/a> los 92 puntos en el Ultimate Wine Challenge o los 93 puntos otorgados por el Master of Wine <a href=\"https:\/\/timatkin.com\/\">Tim Atkin<\/a>.<\/p>\n<p>&nbsp;<\/p>\n<p>&nbsp;<\/p>\n<p>&nbsp;<\/p>\n<p>&nbsp;<\/p>\n","protected":false},"excerpt":{"rendered":"<p>Protos&#8217;27 2016 ha sido distinguido con la Medalla de Oro en el prestigioso concurso internacional Mundus Vini, celebrado&#8230;<\/p>\n","protected":false},"author":3,"featured_media":27737,"comment_status":"closed","ping_status":"closed","sticky":false,"template":"","format":"standard","meta":{"_acf_changed":false,"footnotes":""},"categories":[88,94],"tags":[],"class_list":["post-27735","post","type-post","status-publish","format-standard","has-post-thumbnail","hentry","category-en-portada","category-notas-de-prensa"],"acf":[],"yoast_head":"<!-- This site is optimized with the Yoast SEO plugin v27.5 - https:\/\/yoast.com\/product\/yoast-seo-wordpress\/ -->\n<title>Medalla de Oro para Protos&#039;27 en Mundus Vini - Bodegas Protos<\/title>\n<meta name=\"description\" content=\"Protos&#039;27 2016 ha sido distinguido con la Medalla de Oro en el prestigioso concurso internacional Mundus Vini, celebrado recientemente en Alemania. Mundus\" \/>\n<meta name=\"robots\" content=\"index, follow, max-snippet:-1, max-image-preview:large, max-video-preview:-1\" \/>\n<link rel=\"canonical\" href=\"https:\/\/www.bodegasprotos.com\/es\/notas-de-prensa\/medalla-de-oro-para-protos27-en-mundus-vini\/\" \/>\n<meta property=\"og:locale\" content=\"es_ES\" \/>\n<meta property=\"og:type\" content=\"article\" \/>\n<meta property=\"og:title\" content=\"Medalla de Oro para Protos&#039;27 en Mundus Vini - Bodegas Protos\" \/>\n<meta property=\"og:description\" content=\"Protos&#039;27 2016 ha sido distinguido con la Medalla de Oro en el prestigioso concurso internacional Mundus Vini, celebrado recientemente en Alemania. Mundus\" \/>\n<meta property=\"og:url\" content=\"https:\/\/www.bodegasprotos.com\/es\/notas-de-prensa\/medalla-de-oro-para-protos27-en-mundus-vini\/\" \/>\n<meta property=\"og:site_name\" content=\"Bodegas Protos\" \/>\n<meta property=\"article:publisher\" content=\"https:\/\/www.facebook.com\/BodegasProtos\" \/>\n<meta property=\"article:published_time\" content=\"2020-02-28T09:06:47+00:00\" \/>\n<meta property=\"article:modified_time\" content=\"2020-02-28T09:14:12+00:00\" \/>\n<meta property=\"og:image\" content=\"https:\/\/www.bodegasprotos.com\/wp-content\/uploads\/2020\/02\/diploma-mundus-vini-Protos27.jpg\" \/>\n\t<meta property=\"og:image:width\" content=\"495\" \/>\n\t<meta property=\"og:image:height\" content=\"719\" \/>\n\t<meta property=\"og:image:type\" content=\"image\/jpeg\" \/>\n<meta name=\"author\" content=\"Bodegas Protos (F)\" \/>\n<meta name=\"twitter:card\" content=\"summary_large_image\" \/>\n<meta name=\"twitter:creator\" content=\"@Bodegas_Protos\" \/>\n<meta name=\"twitter:site\" content=\"@Bodegas_Protos\" \/>\n<meta name=\"twitter:label1\" content=\"Escrito por\" \/>\n\t<meta name=\"twitter:data1\" content=\"Bodegas Protos (F)\" \/>\n\t<meta name=\"twitter:label2\" content=\"Tiempo de lectura\" \/>\n\t<meta name=\"twitter:data2\" content=\"1 minuto\" \/>\n<script type=\"application\/ld+json\" class=\"yoast-schema-graph\">{\"@context\":\"https:\\\/\\\/schema.org\",\"@graph\":[{\"@type\":\"Article\",\"@id\":\"https:\\\/\\\/www.bodegasprotos.com\\\/es\\\/notas-de-prensa\\\/medalla-de-oro-para-protos27-en-mundus-vini\\\/#article\",\"isPartOf\":{\"@id\":\"https:\\\/\\\/www.bodegasprotos.com\\\/es\\\/notas-de-prensa\\\/medalla-de-oro-para-protos27-en-mundus-vini\\\/\"},\"author\":{\"name\":\"Bodegas Protos (F)\",\"@id\":\"https:\\\/\\\/www.bodegasprotos.com\\\/es\\\/#\\\/schema\\\/person\\\/6cb69a08afa14171755cee0df7d20027\"},\"headline\":\"Medalla de Oro para Protos&#8217;27 en Mundus Vini\",\"datePublished\":\"2020-02-28T09:06:47+00:00\",\"dateModified\":\"2020-02-28T09:14:12+00:00\",\"mainEntityOfPage\":{\"@id\":\"https:\\\/\\\/www.bodegasprotos.com\\\/es\\\/notas-de-prensa\\\/medalla-de-oro-para-protos27-en-mundus-vini\\\/\"},\"wordCount\":178,\"publisher\":{\"@id\":\"https:\\\/\\\/www.bodegasprotos.com\\\/es\\\/#organization\"},\"image\":{\"@id\":\"https:\\\/\\\/www.bodegasprotos.com\\\/es\\\/notas-de-prensa\\\/medalla-de-oro-para-protos27-en-mundus-vini\\\/#primaryimage\"},\"thumbnailUrl\":\"https:\\\/\\\/www.bodegasprotos.com\\\/wp-content\\\/uploads\\\/2020\\\/02\\\/diploma-mundus-vini-Protos27.jpg\",\"articleSection\":[\"En portada\",\"Notas de Prensa\"],\"inLanguage\":\"es\"},{\"@type\":\"WebPage\",\"@id\":\"https:\\\/\\\/www.bodegasprotos.com\\\/es\\\/notas-de-prensa\\\/medalla-de-oro-para-protos27-en-mundus-vini\\\/\",\"url\":\"https:\\\/\\\/www.bodegasprotos.com\\\/es\\\/notas-de-prensa\\\/medalla-de-oro-para-protos27-en-mundus-vini\\\/\",\"name\":\"Medalla de Oro para Protos'27 en Mundus Vini - Bodegas Protos\",\"isPartOf\":{\"@id\":\"https:\\\/\\\/www.bodegasprotos.com\\\/es\\\/#website\"},\"primaryImageOfPage\":{\"@id\":\"https:\\\/\\\/www.bodegasprotos.com\\\/es\\\/notas-de-prensa\\\/medalla-de-oro-para-protos27-en-mundus-vini\\\/#primaryimage\"},\"image\":{\"@id\":\"https:\\\/\\\/www.bodegasprotos.com\\\/es\\\/notas-de-prensa\\\/medalla-de-oro-para-protos27-en-mundus-vini\\\/#primaryimage\"},\"thumbnailUrl\":\"https:\\\/\\\/www.bodegasprotos.com\\\/wp-content\\\/uploads\\\/2020\\\/02\\\/diploma-mundus-vini-Protos27.jpg\",\"datePublished\":\"2020-02-28T09:06:47+00:00\",\"dateModified\":\"2020-02-28T09:14:12+00:00\",\"description\":\"Protos'27 2016 ha sido distinguido con la Medalla de Oro en el prestigioso concurso internacional Mundus Vini, celebrado recientemente en Alemania. Mundus\",\"breadcrumb\":{\"@id\":\"https:\\\/\\\/www.bodegasprotos.com\\\/es\\\/notas-de-prensa\\\/medalla-de-oro-para-protos27-en-mundus-vini\\\/#breadcrumb\"},\"inLanguage\":\"es\",\"potentialAction\":[{\"@type\":\"ReadAction\",\"target\":[\"https:\\\/\\\/www.bodegasprotos.com\\\/es\\\/notas-de-prensa\\\/medalla-de-oro-para-protos27-en-mundus-vini\\\/\"]}]},{\"@type\":\"ImageObject\",\"inLanguage\":\"es\",\"@id\":\"https:\\\/\\\/www.bodegasprotos.com\\\/es\\\/notas-de-prensa\\\/medalla-de-oro-para-protos27-en-mundus-vini\\\/#primaryimage\",\"url\":\"https:\\\/\\\/www.bodegasprotos.com\\\/wp-content\\\/uploads\\\/2020\\\/02\\\/diploma-mundus-vini-Protos27.jpg\",\"contentUrl\":\"https:\\\/\\\/www.bodegasprotos.com\\\/wp-content\\\/uploads\\\/2020\\\/02\\\/diploma-mundus-vini-Protos27.jpg\",\"width\":495,\"height\":719,\"caption\":\"Protos'27, Medalla de Oro en Mundus Vini\"},{\"@type\":\"BreadcrumbList\",\"@id\":\"https:\\\/\\\/www.bodegasprotos.com\\\/es\\\/notas-de-prensa\\\/medalla-de-oro-para-protos27-en-mundus-vini\\\/#breadcrumb\",\"itemListElement\":[{\"@type\":\"ListItem\",\"position\":1,\"name\":\"Portada\",\"item\":\"https:\\\/\\\/www.bodegasprotos.com\\\/es\\\/\"},{\"@type\":\"ListItem\",\"position\":2,\"name\":\"Medalla de Oro para Protos&#8217;27 en Mundus Vini\"}]},{\"@type\":\"WebSite\",\"@id\":\"https:\\\/\\\/www.bodegasprotos.com\\\/es\\\/#website\",\"url\":\"https:\\\/\\\/www.bodegasprotos.com\\\/es\\\/\",\"name\":\"Bodegas Protos\",\"description\":\"Vinos de la Denominaci\u00f3n de Origen Ribera del Duero, Rueda y Cigales\",\"publisher\":{\"@id\":\"https:\\\/\\\/www.bodegasprotos.com\\\/es\\\/#organization\"},\"potentialAction\":[{\"@type\":\"SearchAction\",\"target\":{\"@type\":\"EntryPoint\",\"urlTemplate\":\"https:\\\/\\\/www.bodegasprotos.com\\\/es\\\/?s={search_term_string}\"},\"query-input\":{\"@type\":\"PropertyValueSpecification\",\"valueRequired\":true,\"valueName\":\"search_term_string\"}}],\"inLanguage\":\"es\"},{\"@type\":\"Organization\",\"@id\":\"https:\\\/\\\/www.bodegasprotos.com\\\/es\\\/#organization\",\"name\":\"Bodegas Protos\",\"url\":\"https:\\\/\\\/www.bodegasprotos.com\\\/es\\\/\",\"logo\":{\"@type\":\"ImageObject\",\"inLanguage\":\"es\",\"@id\":\"https:\\\/\\\/www.bodegasprotos.com\\\/es\\\/#\\\/schema\\\/logo\\\/image\\\/\",\"url\":\"https:\\\/\\\/www.bodegasprotos.com\\\/wp-content\\\/uploads\\\/2024\\\/06\\\/PROTOS-LOGOS-VERSIONES-13.png\",\"contentUrl\":\"https:\\\/\\\/www.bodegasprotos.com\\\/wp-content\\\/uploads\\\/2024\\\/06\\\/PROTOS-LOGOS-VERSIONES-13.png\",\"width\":2362,\"height\":2362,\"caption\":\"Bodegas Protos\"},\"image\":{\"@id\":\"https:\\\/\\\/www.bodegasprotos.com\\\/es\\\/#\\\/schema\\\/logo\\\/image\\\/\"},\"sameAs\":[\"https:\\\/\\\/www.facebook.com\\\/BodegasProtos\",\"https:\\\/\\\/x.com\\\/Bodegas_Protos\",\"https:\\\/\\\/www.instagram.com\\\/bodegasprotosoficial\\\/\",\"https:\\\/\\\/www.linkedin.com\\\/company\\\/bodegasprotos\\\/\",\"https:\\\/\\\/pinterest.com\\\/BodegasProtos\\\/\",\"http:\\\/\\\/www.youtube.com\\\/user\\\/BodegasProtos\",\"https:\\\/\\\/es.wikipedia.org\\\/wiki\\\/Bodegas_Protos\"]},{\"@type\":\"Person\",\"@id\":\"https:\\\/\\\/www.bodegasprotos.com\\\/es\\\/#\\\/schema\\\/person\\\/6cb69a08afa14171755cee0df7d20027\",\"name\":\"Bodegas Protos (F)\",\"image\":{\"@type\":\"ImageObject\",\"inLanguage\":\"es\",\"@id\":\"https:\\\/\\\/secure.gravatar.com\\\/avatar\\\/cc613a9fd2ee203f402357c1b4aa2b7c041016cbf1eab1e41bde410b2ebd7f94?s=96&d=mm&r=g\",\"url\":\"https:\\\/\\\/secure.gravatar.com\\\/avatar\\\/cc613a9fd2ee203f402357c1b4aa2b7c041016cbf1eab1e41bde410b2ebd7f94?s=96&d=mm&r=g\",\"contentUrl\":\"https:\\\/\\\/secure.gravatar.com\\\/avatar\\\/cc613a9fd2ee203f402357c1b4aa2b7c041016cbf1eab1e41bde410b2ebd7f94?s=96&d=mm&r=g\",\"caption\":\"Bodegas Protos (F)\"},\"sameAs\":[\"https:\\\/\\\/www.bodegasprotos.com\"]}]}<\/script>\n<!-- \/ Yoast SEO plugin. -->","yoast_head_json":{"title":"Medalla de Oro para Protos'27 en Mundus Vini - Bodegas Protos","description":"Protos'27 2016 ha sido distinguido con la Medalla de Oro en el prestigioso concurso internacional Mundus Vini, celebrado recientemente en Alemania. Mundus","robots":{"index":"index","follow":"follow","max-snippet":"max-snippet:-1","max-image-preview":"max-image-preview:large","max-video-preview":"max-video-preview:-1"},"canonical":"https:\/\/www.bodegasprotos.com\/es\/notas-de-prensa\/medalla-de-oro-para-protos27-en-mundus-vini\/","og_locale":"es_ES","og_type":"article","og_title":"Medalla de Oro para Protos'27 en Mundus Vini - Bodegas Protos","og_description":"Protos'27 2016 ha sido distinguido con la Medalla de Oro en el prestigioso concurso internacional Mundus Vini, celebrado recientemente en Alemania. Mundus","og_url":"https:\/\/www.bodegasprotos.com\/es\/notas-de-prensa\/medalla-de-oro-para-protos27-en-mundus-vini\/","og_site_name":"Bodegas Protos","article_publisher":"https:\/\/www.facebook.com\/BodegasProtos","article_published_time":"2020-02-28T09:06:47+00:00","article_modified_time":"2020-02-28T09:14:12+00:00","og_image":[{"width":495,"height":719,"url":"https:\/\/www.bodegasprotos.com\/wp-content\/uploads\/2020\/02\/diploma-mundus-vini-Protos27.jpg","type":"image\/jpeg"}],"author":"Bodegas Protos (F)","twitter_card":"summary_large_image","twitter_creator":"@Bodegas_Protos","twitter_site":"@Bodegas_Protos","twitter_misc":{"Escrito por":"Bodegas Protos (F)","Tiempo de lectura":"1 minuto"},"schema":{"@context":"https:\/\/schema.org","@graph":[{"@type":"Article","@id":"https:\/\/www.bodegasprotos.com\/es\/notas-de-prensa\/medalla-de-oro-para-protos27-en-mundus-vini\/#article","isPartOf":{"@id":"https:\/\/www.bodegasprotos.com\/es\/notas-de-prensa\/medalla-de-oro-para-protos27-en-mundus-vini\/"},"author":{"name":"Bodegas Protos (F)","@id":"https:\/\/www.bodegasprotos.com\/es\/#\/schema\/person\/6cb69a08afa14171755cee0df7d20027"},"headline":"Medalla de Oro para Protos&#8217;27 en Mundus Vini","datePublished":"2020-02-28T09:06:47+00:00","dateModified":"2020-02-28T09:14:12+00:00","mainEntityOfPage":{"@id":"https:\/\/www.bodegasprotos.com\/es\/notas-de-prensa\/medalla-de-oro-para-protos27-en-mundus-vini\/"},"wordCount":178,"publisher":{"@id":"https:\/\/www.bodegasprotos.com\/es\/#organization"},"image":{"@id":"https:\/\/www.bodegasprotos.com\/es\/notas-de-prensa\/medalla-de-oro-para-protos27-en-mundus-vini\/#primaryimage"},"thumbnailUrl":"https:\/\/www.bodegasprotos.com\/wp-content\/uploads\/2020\/02\/diploma-mundus-vini-Protos27.jpg","articleSection":["En portada","Notas de Prensa"],"inLanguage":"es"},{"@type":"WebPage","@id":"https:\/\/www.bodegasprotos.com\/es\/notas-de-prensa\/medalla-de-oro-para-protos27-en-mundus-vini\/","url":"https:\/\/www.bodegasprotos.com\/es\/notas-de-prensa\/medalla-de-oro-para-protos27-en-mundus-vini\/","name":"Medalla de Oro para Protos'27 en Mundus Vini - Bodegas Protos","isPartOf":{"@id":"https:\/\/www.bodegasprotos.com\/es\/#website"},"primaryImageOfPage":{"@id":"https:\/\/www.bodegasprotos.com\/es\/notas-de-prensa\/medalla-de-oro-para-protos27-en-mundus-vini\/#primaryimage"},"image":{"@id":"https:\/\/www.bodegasprotos.com\/es\/notas-de-prensa\/medalla-de-oro-para-protos27-en-mundus-vini\/#primaryimage"},"thumbnailUrl":"https:\/\/www.bodegasprotos.com\/wp-content\/uploads\/2020\/02\/diploma-mundus-vini-Protos27.jpg","datePublished":"2020-02-28T09:06:47+00:00","dateModified":"2020-02-28T09:14:12+00:00","description":"Protos'27 2016 ha sido distinguido con la Medalla de Oro en el prestigioso concurso internacional Mundus Vini, celebrado recientemente en Alemania. Mundus","breadcrumb":{"@id":"https:\/\/www.bodegasprotos.com\/es\/notas-de-prensa\/medalla-de-oro-para-protos27-en-mundus-vini\/#breadcrumb"},"inLanguage":"es","potentialAction":[{"@type":"ReadAction","target":["https:\/\/www.bodegasprotos.com\/es\/notas-de-prensa\/medalla-de-oro-para-protos27-en-mundus-vini\/"]}]},{"@type":"ImageObject","inLanguage":"es","@id":"https:\/\/www.bodegasprotos.com\/es\/notas-de-prensa\/medalla-de-oro-para-protos27-en-mundus-vini\/#primaryimage","url":"https:\/\/www.bodegasprotos.com\/wp-content\/uploads\/2020\/02\/diploma-mundus-vini-Protos27.jpg","contentUrl":"https:\/\/www.bodegasprotos.com\/wp-content\/uploads\/2020\/02\/diploma-mundus-vini-Protos27.jpg","width":495,"height":719,"caption":"Protos'27, Medalla de Oro en Mundus Vini"},{"@type":"BreadcrumbList","@id":"https:\/\/www.bodegasprotos.com\/es\/notas-de-prensa\/medalla-de-oro-para-protos27-en-mundus-vini\/#breadcrumb","itemListElement":[{"@type":"ListItem","position":1,"name":"Portada","item":"https:\/\/www.bodegasprotos.com\/es\/"},{"@type":"ListItem","position":2,"name":"Medalla de Oro para Protos&#8217;27 en Mundus Vini"}]},{"@type":"WebSite","@id":"https:\/\/www.bodegasprotos.com\/es\/#website","url":"https:\/\/www.bodegasprotos.com\/es\/","name":"Bodegas Protos","description":"Vinos de la Denominaci\u00f3n de Origen Ribera del Duero, Rueda y Cigales","publisher":{"@id":"https:\/\/www.bodegasprotos.com\/es\/#organization"},"potentialAction":[{"@type":"SearchAction","target":{"@type":"EntryPoint","urlTemplate":"https:\/\/www.bodegasprotos.com\/es\/?s={search_term_string}"},"query-input":{"@type":"PropertyValueSpecification","valueRequired":true,"valueName":"search_term_string"}}],"inLanguage":"es"},{"@type":"Organization","@id":"https:\/\/www.bodegasprotos.com\/es\/#organization","name":"Bodegas Protos","url":"https:\/\/www.bodegasprotos.com\/es\/","logo":{"@type":"ImageObject","inLanguage":"es","@id":"https:\/\/www.bodegasprotos.com\/es\/#\/schema\/logo\/image\/","url":"https:\/\/www.bodegasprotos.com\/wp-content\/uploads\/2024\/06\/PROTOS-LOGOS-VERSIONES-13.png","contentUrl":"https:\/\/www.bodegasprotos.com\/wp-content\/uploads\/2024\/06\/PROTOS-LOGOS-VERSIONES-13.png","width":2362,"height":2362,"caption":"Bodegas Protos"},"image":{"@id":"https:\/\/www.bodegasprotos.com\/es\/#\/schema\/logo\/image\/"},"sameAs":["https:\/\/www.facebook.com\/BodegasProtos","https:\/\/x.com\/Bodegas_Protos","https:\/\/www.instagram.com\/bodegasprotosoficial\/","https:\/\/www.linkedin.com\/company\/bodegasprotos\/","https:\/\/pinterest.com\/BodegasProtos\/","http:\/\/www.youtube.com\/user\/BodegasProtos","https:\/\/es.wikipedia.org\/wiki\/Bodegas_Protos"]},{"@type":"Person","@id":"https:\/\/www.bodegasprotos.com\/es\/#\/schema\/person\/6cb69a08afa14171755cee0df7d20027","name":"Bodegas Protos (F)","image":{"@type":"ImageObject","inLanguage":"es","@id":"https:\/\/secure.gravatar.com\/avatar\/cc613a9fd2ee203f402357c1b4aa2b7c041016cbf1eab1e41bde410b2ebd7f94?s=96&d=mm&r=g","url":"https:\/\/secure.gravatar.com\/avatar\/cc613a9fd2ee203f402357c1b4aa2b7c041016cbf1eab1e41bde410b2ebd7f94?s=96&d=mm&r=g","contentUrl":"https:\/\/secure.gravatar.com\/avatar\/cc613a9fd2ee203f402357c1b4aa2b7c041016cbf1eab1e41bde410b2ebd7f94?s=96&d=mm&r=g","caption":"Bodegas Protos (F)"},"sameAs":["https:\/\/www.bodegasprotos.com"]}]}},"_links":{"self":[{"href":"https:\/\/www.bodegasprotos.com\/es\/wp-json\/wp\/v2\/posts\/27735","targetHints":{"allow":["GET"]}}],"collection":[{"href":"https:\/\/www.bodegasprotos.com\/es\/wp-json\/wp\/v2\/posts"}],"about":[{"href":"https:\/\/www.bodegasprotos.com\/es\/wp-json\/wp\/v2\/types\/post"}],"author":[{"embeddable":true,"href":"https:\/\/www.bodegasprotos.com\/es\/wp-json\/wp\/v2\/users\/3"}],"replies":[{"embeddable":true,"href":"https:\/\/www.bodegasprotos.com\/es\/wp-json\/wp\/v2\/comments?post=27735"}],"version-history":[{"count":0,"href":"https:\/\/www.bodegasprotos.com\/es\/wp-json\/wp\/v2\/posts\/27735\/revisions"}],"wp:featuredmedia":[{"embeddable":true,"href":"https:\/\/www.bodegasprotos.com\/es\/wp-json\/wp\/v2\/media\/27737"}],"wp:attachment":[{"href":"https:\/\/www.bodegasprotos.com\/es\/wp-json\/wp\/v2\/media?parent=27735"}],"wp:term":[{"taxonomy":"category","embeddable":true,"href":"https:\/\/www.bodegasprotos.com\/es\/wp-json\/wp\/v2\/categories?post=27735"},{"taxonomy":"post_tag","embeddable":true,"href":"https:\/\/www.bodegasprotos.com\/es\/wp-json\/wp\/v2\/tags?post=27735"}],"curies":[{"name":"wp","href":"https:\/\/api.w.org\/{rel}","templated":true}]}}