{"id":27646,"date":"2020-02-10T09:12:12","date_gmt":"2020-02-10T08:12:12","guid":{"rendered":"https:\/\/www.bodegasprotos.com\/?p=27646"},"modified":"2020-02-10T09:38:12","modified_gmt":"2020-02-10T08:38:12","slug":"el-ano-delibes-da-su-pistoletazo-de-salida-en-la-ribera-del-duero-coronando-al-celebre-escritor-como-rey-de-las-letras-en-bodegas-protos","status":"publish","type":"post","link":"https:\/\/www.bodegasprotos.com\/es\/en-portada\/el-ano-delibes-da-su-pistoletazo-de-salida-en-la-ribera-del-duero-coronando-al-celebre-escritor-como-rey-de-las-letras-en-bodegas-protos\/","title":{"rendered":"El \u201cA\u00f1o Delibes\u201d da su pistoletazo de salida en la Ribera del Duero, coronando al c\u00e9lebre escritor como \u201cRey de las Letras\u201d en Bodegas Protos"},"content":{"rendered":"<ul>\n<li>\n<h2><strong>Un acto en el que la bodega ha querido homenajear a esta gran figura del mundo de la literatura en su Reino de las Letras en el a\u00f1o de su centenario.<\/strong><\/h2>\n<\/li>\n<li>\n<h2><strong>\u00a0<\/strong><strong>El acto ha estado presidido por el consejero de cultura de la Junta de Castilla y Le\u00f3n, Excelent\u00edsimo Se\u00f1or D. Javier Ortega.<\/strong><\/h2>\n<\/li>\n<\/ul>\n<p><strong>\u00a0<\/strong><strong>Valladolid, 7 de febrero 2020<\/strong>. Hoy, Bodegas Protos ha llevado a cabo un acto homenaje por el centenario del nacimiento de Miguel Delibes. La bodega ha nombrado a esta gran figura de la literatura espa\u00f1ola, el Rey de su \u201cReino de las Letras\u201d, sala homenaje al mundo de la literatura espa\u00f1ola ubicada en su bodega de crianza.<\/p>\n<p>El acto ha estado presidido por el Excelent\u00edsimo Sr. D. Javier Ortega, consejero de cultura de la Junta de Castilla y Le\u00f3n, quien ha destacado que<\/p>\n<div id=\"attachment_27647\" style=\"width: 310px\" class=\"wp-caption aligncenter\"><img fetchpriority=\"high\" decoding=\"async\" aria-describedby=\"caption-attachment-27647\" class=\"size-medium wp-image-27647\" src=\"https:\/\/www.bodegasprotos.com\/wp-content\/uploads\/2020\/02\/delibes-300x203.jpg\" alt=\"Bodegas Protos corona a Delibes como \u2018Rey de las Letras\u2019\" width=\"300\" height=\"203\" srcset=\"https:\/\/www.bodegasprotos.com\/wp-content\/uploads\/2020\/02\/delibes-300x203.jpg 300w, https:\/\/www.bodegasprotos.com\/wp-content\/uploads\/2020\/02\/delibes-768x521.jpg 768w, https:\/\/www.bodegasprotos.com\/wp-content\/uploads\/2020\/02\/delibes.jpg 1000w\" sizes=\"(max-width: 300px) 100vw, 300px\" \/><p id=\"caption-attachment-27647\" class=\"wp-caption-text\">Bodegas Protos corona a Delibes como \u2018Rey de las Letras\u2019<\/p><\/div>\n<p>\u201cBodegas Protos es una marca de calidad reconocida en Castilla y Le\u00f3n, y si Miguel Delibes representa algo es la excelencia en Castilla y Le\u00f3n\u201d. \u201cEs un d\u00eda en el que nos tenemos que felicitar todos por unir algo tan importante para nuestra Comunidad como el vino, la enolog\u00eda y el enoturismo, con la literatura de excelencia y la cultura, a trav\u00e9s de uno de los exponentes m\u00e1s importantes de esta Comunidad y de este pa\u00eds\u201d.<\/p>\n<p>\u201cMiguel Delibes es un hombre cuya literatura ha sido traducida a m\u00faltiples lenguas, y eso significa que lo que escribi\u00f3 no ha llegado a un \u00fanico destinatario, los amantes de la lengua espa\u00f1ola, sino a todo el mundo convirtiendo su mensaje en universal. El vino tambi\u00e9n es tiene otro tipo de lenguaje universal, a trav\u00e9s del sabor, y combinar la experiencia de leer y disfrutar de la lectura con nuestros vinos y gastronom\u00eda es una alianza de la que todos podemos sacar pecho en esta Comunidad\u201d<\/p>\n<p>Por su parte, Don Edmundo Bay\u00f3n, Presidente de Bodegas Protos ha querido se\u00f1alar \u201cel orgullo que supone para la bodega poder homenajear junto a sus seres queridos a Miguel Delibes, un vallisoletano universal con el que el mundo del campo siempre tendr\u00e1 una deuda impagable\u201d<\/p>\n<p>Este acto tan emotivo ha finalizado con el descubrimiento de la placa conmemorativa por parte de algunos de los hijos del escritor presentes en el homenaje: Elisa, Germ\u00e1n y Adolfo Delibes de Castro.<\/p>\n<p>Asimismo, Don Miguel Delibes tambi\u00e9n ha entrado a formar parte de \u201cEl C\u00edrculo de los Primeros\u00bb, denominado as\u00ed en honor a los 11 fundadores de Protos en 1927. Este c\u00edrculo est\u00e1 reservado para que personalidades del mundo de la literatura, el arte, el espect\u00e1culo, la medicina, el periodismo, la pol\u00edtica\u2026 formen parte de \u00e9l y encuentren en la bodega su merecido homenaje por contribuir a que nuestra sociedad sea, desde sus respectivos \u00e1mbitos, un poco mejor.<\/p>\n<p>Con esta ceremonia conmemorativa, Bodegas Protos ha querido realizar su particular homenaje a este gran novelista espa\u00f1ol, muy enraizado a Castilla y Le\u00f3n y sin duda, una de las figuras m\u00e1s importantes de las letras espa\u00f1olas.<\/p>\n<h2><strong>El Reino de las Letras<\/strong><\/h2>\n<p>Un espacio que recorre grandes textos de la literatura en castellano desde la Edad Media hasta la Generaci\u00f3n del 27 y en el que se exponen obras dedicadas a la bodega de grandes escritores de renombre como Ken Follet, Antonio Mu\u00f1oz Molina, Juan Manuel de Prada o Fernando Savater, entre otros.<\/p>\n","protected":false},"excerpt":{"rendered":"<p>Un acto en el que la bodega ha querido homenajear a esta gran figura del mundo de la&#8230;<\/p>\n","protected":false},"author":3,"featured_media":27649,"comment_status":"closed","ping_status":"closed","sticky":false,"template":"","format":"standard","meta":{"_acf_changed":false,"footnotes":""},"categories":[88,94],"tags":[],"class_list":["post-27646","post","type-post","status-publish","format-standard","has-post-thumbnail","hentry","category-en-portada","category-notas-de-prensa"],"acf":[],"yoast_head":"<!-- This site is optimized with the Yoast SEO plugin v27.5 - https:\/\/yoast.com\/product\/yoast-seo-wordpress\/ -->\n<title>El \u201cA\u00f1o Delibes\u201d da su pistoletazo de salida en la Ribera del Duero, coronando al c\u00e9lebre escritor como \u201cRey de las Letras\u201d en Bodegas Protos - Bodegas Protos<\/title>\n<meta name=\"description\" content=\"Un acto en el que la bodega ha querido homenajear a esta gran figura del mundo de la literatura en su Reino de las Letras en el a\u00f1o de su centenario. \u00a0El\" \/>\n<meta name=\"robots\" content=\"index, follow, max-snippet:-1, max-image-preview:large, max-video-preview:-1\" \/>\n<link rel=\"canonical\" href=\"https:\/\/www.bodegasprotos.com\/es\/en-portada\/el-ano-delibes-da-su-pistoletazo-de-salida-en-la-ribera-del-duero-coronando-al-celebre-escritor-como-rey-de-las-letras-en-bodegas-protos\/\" \/>\n<meta property=\"og:locale\" content=\"es_ES\" \/>\n<meta property=\"og:type\" content=\"article\" \/>\n<meta property=\"og:title\" content=\"El \u201cA\u00f1o Delibes\u201d da su pistoletazo de salida en la Ribera del Duero, coronando al c\u00e9lebre escritor como \u201cRey de las Letras\u201d en Bodegas Protos - Bodegas Protos\" \/>\n<meta property=\"og:description\" content=\"Un acto en el que la bodega ha querido homenajear a esta gran figura del mundo de la literatura en su Reino de las Letras en el a\u00f1o de su centenario. \u00a0El\" \/>\n<meta property=\"og:url\" content=\"https:\/\/www.bodegasprotos.com\/es\/en-portada\/el-ano-delibes-da-su-pistoletazo-de-salida-en-la-ribera-del-duero-coronando-al-celebre-escritor-como-rey-de-las-letras-en-bodegas-protos\/\" \/>\n<meta property=\"og:site_name\" content=\"Bodegas Protos\" \/>\n<meta property=\"article:publisher\" content=\"https:\/\/www.facebook.com\/BodegasProtos\" \/>\n<meta property=\"article:published_time\" content=\"2020-02-10T08:12:12+00:00\" \/>\n<meta property=\"article:modified_time\" content=\"2020-02-10T08:38:12+00:00\" \/>\n<meta property=\"og:image\" content=\"https:\/\/www.bodegasprotos.com\/wp-content\/uploads\/2020\/02\/IMG_5373.jpg\" \/>\n\t<meta property=\"og:image:width\" content=\"1504\" \/>\n\t<meta property=\"og:image:height\" content=\"2016\" \/>\n\t<meta property=\"og:image:type\" content=\"image\/jpeg\" \/>\n<meta name=\"author\" content=\"Bodegas Protos (F)\" \/>\n<meta name=\"twitter:card\" content=\"summary_large_image\" \/>\n<meta name=\"twitter:creator\" content=\"@Bodegas_Protos\" \/>\n<meta name=\"twitter:site\" content=\"@Bodegas_Protos\" \/>\n<meta name=\"twitter:label1\" content=\"Escrito por\" \/>\n\t<meta name=\"twitter:data1\" content=\"Bodegas Protos (F)\" \/>\n\t<meta name=\"twitter:label2\" content=\"Tiempo de lectura\" \/>\n\t<meta name=\"twitter:data2\" content=\"3 minutos\" \/>\n<script type=\"application\/ld+json\" class=\"yoast-schema-graph\">{\"@context\":\"https:\\\/\\\/schema.org\",\"@graph\":[{\"@type\":\"Article\",\"@id\":\"https:\\\/\\\/www.bodegasprotos.com\\\/es\\\/en-portada\\\/el-ano-delibes-da-su-pistoletazo-de-salida-en-la-ribera-del-duero-coronando-al-celebre-escritor-como-rey-de-las-letras-en-bodegas-protos\\\/#article\",\"isPartOf\":{\"@id\":\"https:\\\/\\\/www.bodegasprotos.com\\\/es\\\/en-portada\\\/el-ano-delibes-da-su-pistoletazo-de-salida-en-la-ribera-del-duero-coronando-al-celebre-escritor-como-rey-de-las-letras-en-bodegas-protos\\\/\"},\"author\":{\"name\":\"Bodegas Protos (F)\",\"@id\":\"https:\\\/\\\/www.bodegasprotos.com\\\/es\\\/#\\\/schema\\\/person\\\/6cb69a08afa14171755cee0df7d20027\"},\"headline\":\"El \u201cA\u00f1o Delibes\u201d da su pistoletazo de salida en la Ribera del Duero, coronando al c\u00e9lebre escritor como \u201cRey de las Letras\u201d en Bodegas Protos\",\"datePublished\":\"2020-02-10T08:12:12+00:00\",\"dateModified\":\"2020-02-10T08:38:12+00:00\",\"mainEntityOfPage\":{\"@id\":\"https:\\\/\\\/www.bodegasprotos.com\\\/es\\\/en-portada\\\/el-ano-delibes-da-su-pistoletazo-de-salida-en-la-ribera-del-duero-coronando-al-celebre-escritor-como-rey-de-las-letras-en-bodegas-protos\\\/\"},\"wordCount\":617,\"publisher\":{\"@id\":\"https:\\\/\\\/www.bodegasprotos.com\\\/es\\\/#organization\"},\"image\":{\"@id\":\"https:\\\/\\\/www.bodegasprotos.com\\\/es\\\/en-portada\\\/el-ano-delibes-da-su-pistoletazo-de-salida-en-la-ribera-del-duero-coronando-al-celebre-escritor-como-rey-de-las-letras-en-bodegas-protos\\\/#primaryimage\"},\"thumbnailUrl\":\"https:\\\/\\\/www.bodegasprotos.com\\\/wp-content\\\/uploads\\\/2020\\\/02\\\/IMG_5373.jpg\",\"articleSection\":[\"En portada\",\"Notas de Prensa\"],\"inLanguage\":\"es\"},{\"@type\":\"WebPage\",\"@id\":\"https:\\\/\\\/www.bodegasprotos.com\\\/es\\\/en-portada\\\/el-ano-delibes-da-su-pistoletazo-de-salida-en-la-ribera-del-duero-coronando-al-celebre-escritor-como-rey-de-las-letras-en-bodegas-protos\\\/\",\"url\":\"https:\\\/\\\/www.bodegasprotos.com\\\/es\\\/en-portada\\\/el-ano-delibes-da-su-pistoletazo-de-salida-en-la-ribera-del-duero-coronando-al-celebre-escritor-como-rey-de-las-letras-en-bodegas-protos\\\/\",\"name\":\"El \u201cA\u00f1o Delibes\u201d da su pistoletazo de salida en la Ribera del Duero, coronando al c\u00e9lebre escritor como \u201cRey de las Letras\u201d en Bodegas Protos - Bodegas Protos\",\"isPartOf\":{\"@id\":\"https:\\\/\\\/www.bodegasprotos.com\\\/es\\\/#website\"},\"primaryImageOfPage\":{\"@id\":\"https:\\\/\\\/www.bodegasprotos.com\\\/es\\\/en-portada\\\/el-ano-delibes-da-su-pistoletazo-de-salida-en-la-ribera-del-duero-coronando-al-celebre-escritor-como-rey-de-las-letras-en-bodegas-protos\\\/#primaryimage\"},\"image\":{\"@id\":\"https:\\\/\\\/www.bodegasprotos.com\\\/es\\\/en-portada\\\/el-ano-delibes-da-su-pistoletazo-de-salida-en-la-ribera-del-duero-coronando-al-celebre-escritor-como-rey-de-las-letras-en-bodegas-protos\\\/#primaryimage\"},\"thumbnailUrl\":\"https:\\\/\\\/www.bodegasprotos.com\\\/wp-content\\\/uploads\\\/2020\\\/02\\\/IMG_5373.jpg\",\"datePublished\":\"2020-02-10T08:12:12+00:00\",\"dateModified\":\"2020-02-10T08:38:12+00:00\",\"description\":\"Un acto en el que la bodega ha querido homenajear a esta gran figura del mundo de la literatura en su Reino de las Letras en el a\u00f1o de su centenario. \u00a0El\",\"breadcrumb\":{\"@id\":\"https:\\\/\\\/www.bodegasprotos.com\\\/es\\\/en-portada\\\/el-ano-delibes-da-su-pistoletazo-de-salida-en-la-ribera-del-duero-coronando-al-celebre-escritor-como-rey-de-las-letras-en-bodegas-protos\\\/#breadcrumb\"},\"inLanguage\":\"es\",\"potentialAction\":[{\"@type\":\"ReadAction\",\"target\":[\"https:\\\/\\\/www.bodegasprotos.com\\\/es\\\/en-portada\\\/el-ano-delibes-da-su-pistoletazo-de-salida-en-la-ribera-del-duero-coronando-al-celebre-escritor-como-rey-de-las-letras-en-bodegas-protos\\\/\"]}]},{\"@type\":\"ImageObject\",\"inLanguage\":\"es\",\"@id\":\"https:\\\/\\\/www.bodegasprotos.com\\\/es\\\/en-portada\\\/el-ano-delibes-da-su-pistoletazo-de-salida-en-la-ribera-del-duero-coronando-al-celebre-escritor-como-rey-de-las-letras-en-bodegas-protos\\\/#primaryimage\",\"url\":\"https:\\\/\\\/www.bodegasprotos.com\\\/wp-content\\\/uploads\\\/2020\\\/02\\\/IMG_5373.jpg\",\"contentUrl\":\"https:\\\/\\\/www.bodegasprotos.com\\\/wp-content\\\/uploads\\\/2020\\\/02\\\/IMG_5373.jpg\",\"width\":1504,\"height\":2016,\"caption\":\"Bodegas Protos corona a Delibes como \u2018Rey de las Letras\u2019\"},{\"@type\":\"BreadcrumbList\",\"@id\":\"https:\\\/\\\/www.bodegasprotos.com\\\/es\\\/en-portada\\\/el-ano-delibes-da-su-pistoletazo-de-salida-en-la-ribera-del-duero-coronando-al-celebre-escritor-como-rey-de-las-letras-en-bodegas-protos\\\/#breadcrumb\",\"itemListElement\":[{\"@type\":\"ListItem\",\"position\":1,\"name\":\"Portada\",\"item\":\"https:\\\/\\\/www.bodegasprotos.com\\\/es\\\/\"},{\"@type\":\"ListItem\",\"position\":2,\"name\":\"El \u201cA\u00f1o Delibes\u201d da su pistoletazo de salida en la Ribera del Duero, coronando al c\u00e9lebre escritor como \u201cRey de las Letras\u201d en Bodegas Protos\"}]},{\"@type\":\"WebSite\",\"@id\":\"https:\\\/\\\/www.bodegasprotos.com\\\/es\\\/#website\",\"url\":\"https:\\\/\\\/www.bodegasprotos.com\\\/es\\\/\",\"name\":\"Bodegas Protos\",\"description\":\"Vinos de la Denominaci\u00f3n de Origen Ribera del Duero, Rueda y Cigales\",\"publisher\":{\"@id\":\"https:\\\/\\\/www.bodegasprotos.com\\\/es\\\/#organization\"},\"potentialAction\":[{\"@type\":\"SearchAction\",\"target\":{\"@type\":\"EntryPoint\",\"urlTemplate\":\"https:\\\/\\\/www.bodegasprotos.com\\\/es\\\/?s={search_term_string}\"},\"query-input\":{\"@type\":\"PropertyValueSpecification\",\"valueRequired\":true,\"valueName\":\"search_term_string\"}}],\"inLanguage\":\"es\"},{\"@type\":\"Organization\",\"@id\":\"https:\\\/\\\/www.bodegasprotos.com\\\/es\\\/#organization\",\"name\":\"Bodegas Protos\",\"url\":\"https:\\\/\\\/www.bodegasprotos.com\\\/es\\\/\",\"logo\":{\"@type\":\"ImageObject\",\"inLanguage\":\"es\",\"@id\":\"https:\\\/\\\/www.bodegasprotos.com\\\/es\\\/#\\\/schema\\\/logo\\\/image\\\/\",\"url\":\"https:\\\/\\\/www.bodegasprotos.com\\\/wp-content\\\/uploads\\\/2024\\\/06\\\/PROTOS-LOGOS-VERSIONES-13.png\",\"contentUrl\":\"https:\\\/\\\/www.bodegasprotos.com\\\/wp-content\\\/uploads\\\/2024\\\/06\\\/PROTOS-LOGOS-VERSIONES-13.png\",\"width\":2362,\"height\":2362,\"caption\":\"Bodegas Protos\"},\"image\":{\"@id\":\"https:\\\/\\\/www.bodegasprotos.com\\\/es\\\/#\\\/schema\\\/logo\\\/image\\\/\"},\"sameAs\":[\"https:\\\/\\\/www.facebook.com\\\/BodegasProtos\",\"https:\\\/\\\/x.com\\\/Bodegas_Protos\",\"https:\\\/\\\/www.instagram.com\\\/bodegasprotosoficial\\\/\",\"https:\\\/\\\/www.linkedin.com\\\/company\\\/bodegasprotos\\\/\",\"https:\\\/\\\/pinterest.com\\\/BodegasProtos\\\/\",\"http:\\\/\\\/www.youtube.com\\\/user\\\/BodegasProtos\",\"https:\\\/\\\/es.wikipedia.org\\\/wiki\\\/Bodegas_Protos\"]},{\"@type\":\"Person\",\"@id\":\"https:\\\/\\\/www.bodegasprotos.com\\\/es\\\/#\\\/schema\\\/person\\\/6cb69a08afa14171755cee0df7d20027\",\"name\":\"Bodegas Protos (F)\",\"image\":{\"@type\":\"ImageObject\",\"inLanguage\":\"es\",\"@id\":\"https:\\\/\\\/secure.gravatar.com\\\/avatar\\\/cc613a9fd2ee203f402357c1b4aa2b7c041016cbf1eab1e41bde410b2ebd7f94?s=96&d=mm&r=g\",\"url\":\"https:\\\/\\\/secure.gravatar.com\\\/avatar\\\/cc613a9fd2ee203f402357c1b4aa2b7c041016cbf1eab1e41bde410b2ebd7f94?s=96&d=mm&r=g\",\"contentUrl\":\"https:\\\/\\\/secure.gravatar.com\\\/avatar\\\/cc613a9fd2ee203f402357c1b4aa2b7c041016cbf1eab1e41bde410b2ebd7f94?s=96&d=mm&r=g\",\"caption\":\"Bodegas Protos (F)\"},\"sameAs\":[\"https:\\\/\\\/www.bodegasprotos.com\"]}]}<\/script>\n<!-- \/ Yoast SEO plugin. -->","yoast_head_json":{"title":"El \u201cA\u00f1o Delibes\u201d da su pistoletazo de salida en la Ribera del Duero, coronando al c\u00e9lebre escritor como \u201cRey de las Letras\u201d en Bodegas Protos - Bodegas Protos","description":"Un acto en el que la bodega ha querido homenajear a esta gran figura del mundo de la literatura en su Reino de las Letras en el a\u00f1o de su centenario. \u00a0El","robots":{"index":"index","follow":"follow","max-snippet":"max-snippet:-1","max-image-preview":"max-image-preview:large","max-video-preview":"max-video-preview:-1"},"canonical":"https:\/\/www.bodegasprotos.com\/es\/en-portada\/el-ano-delibes-da-su-pistoletazo-de-salida-en-la-ribera-del-duero-coronando-al-celebre-escritor-como-rey-de-las-letras-en-bodegas-protos\/","og_locale":"es_ES","og_type":"article","og_title":"El \u201cA\u00f1o Delibes\u201d da su pistoletazo de salida en la Ribera del Duero, coronando al c\u00e9lebre escritor como \u201cRey de las Letras\u201d en Bodegas Protos - Bodegas Protos","og_description":"Un acto en el que la bodega ha querido homenajear a esta gran figura del mundo de la literatura en su Reino de las Letras en el a\u00f1o de su centenario. \u00a0El","og_url":"https:\/\/www.bodegasprotos.com\/es\/en-portada\/el-ano-delibes-da-su-pistoletazo-de-salida-en-la-ribera-del-duero-coronando-al-celebre-escritor-como-rey-de-las-letras-en-bodegas-protos\/","og_site_name":"Bodegas Protos","article_publisher":"https:\/\/www.facebook.com\/BodegasProtos","article_published_time":"2020-02-10T08:12:12+00:00","article_modified_time":"2020-02-10T08:38:12+00:00","og_image":[{"width":1504,"height":2016,"url":"https:\/\/www.bodegasprotos.com\/wp-content\/uploads\/2020\/02\/IMG_5373.jpg","type":"image\/jpeg"}],"author":"Bodegas Protos (F)","twitter_card":"summary_large_image","twitter_creator":"@Bodegas_Protos","twitter_site":"@Bodegas_Protos","twitter_misc":{"Escrito por":"Bodegas Protos (F)","Tiempo de lectura":"3 minutos"},"schema":{"@context":"https:\/\/schema.org","@graph":[{"@type":"Article","@id":"https:\/\/www.bodegasprotos.com\/es\/en-portada\/el-ano-delibes-da-su-pistoletazo-de-salida-en-la-ribera-del-duero-coronando-al-celebre-escritor-como-rey-de-las-letras-en-bodegas-protos\/#article","isPartOf":{"@id":"https:\/\/www.bodegasprotos.com\/es\/en-portada\/el-ano-delibes-da-su-pistoletazo-de-salida-en-la-ribera-del-duero-coronando-al-celebre-escritor-como-rey-de-las-letras-en-bodegas-protos\/"},"author":{"name":"Bodegas Protos (F)","@id":"https:\/\/www.bodegasprotos.com\/es\/#\/schema\/person\/6cb69a08afa14171755cee0df7d20027"},"headline":"El \u201cA\u00f1o Delibes\u201d da su pistoletazo de salida en la Ribera del Duero, coronando al c\u00e9lebre escritor como \u201cRey de las Letras\u201d en Bodegas Protos","datePublished":"2020-02-10T08:12:12+00:00","dateModified":"2020-02-10T08:38:12+00:00","mainEntityOfPage":{"@id":"https:\/\/www.bodegasprotos.com\/es\/en-portada\/el-ano-delibes-da-su-pistoletazo-de-salida-en-la-ribera-del-duero-coronando-al-celebre-escritor-como-rey-de-las-letras-en-bodegas-protos\/"},"wordCount":617,"publisher":{"@id":"https:\/\/www.bodegasprotos.com\/es\/#organization"},"image":{"@id":"https:\/\/www.bodegasprotos.com\/es\/en-portada\/el-ano-delibes-da-su-pistoletazo-de-salida-en-la-ribera-del-duero-coronando-al-celebre-escritor-como-rey-de-las-letras-en-bodegas-protos\/#primaryimage"},"thumbnailUrl":"https:\/\/www.bodegasprotos.com\/wp-content\/uploads\/2020\/02\/IMG_5373.jpg","articleSection":["En portada","Notas de Prensa"],"inLanguage":"es"},{"@type":"WebPage","@id":"https:\/\/www.bodegasprotos.com\/es\/en-portada\/el-ano-delibes-da-su-pistoletazo-de-salida-en-la-ribera-del-duero-coronando-al-celebre-escritor-como-rey-de-las-letras-en-bodegas-protos\/","url":"https:\/\/www.bodegasprotos.com\/es\/en-portada\/el-ano-delibes-da-su-pistoletazo-de-salida-en-la-ribera-del-duero-coronando-al-celebre-escritor-como-rey-de-las-letras-en-bodegas-protos\/","name":"El \u201cA\u00f1o Delibes\u201d da su pistoletazo de salida en la Ribera del Duero, coronando al c\u00e9lebre escritor como \u201cRey de las Letras\u201d en Bodegas Protos - Bodegas Protos","isPartOf":{"@id":"https:\/\/www.bodegasprotos.com\/es\/#website"},"primaryImageOfPage":{"@id":"https:\/\/www.bodegasprotos.com\/es\/en-portada\/el-ano-delibes-da-su-pistoletazo-de-salida-en-la-ribera-del-duero-coronando-al-celebre-escritor-como-rey-de-las-letras-en-bodegas-protos\/#primaryimage"},"image":{"@id":"https:\/\/www.bodegasprotos.com\/es\/en-portada\/el-ano-delibes-da-su-pistoletazo-de-salida-en-la-ribera-del-duero-coronando-al-celebre-escritor-como-rey-de-las-letras-en-bodegas-protos\/#primaryimage"},"thumbnailUrl":"https:\/\/www.bodegasprotos.com\/wp-content\/uploads\/2020\/02\/IMG_5373.jpg","datePublished":"2020-02-10T08:12:12+00:00","dateModified":"2020-02-10T08:38:12+00:00","description":"Un acto en el que la bodega ha querido homenajear a esta gran figura del mundo de la literatura en su Reino de las Letras en el a\u00f1o de su centenario. \u00a0El","breadcrumb":{"@id":"https:\/\/www.bodegasprotos.com\/es\/en-portada\/el-ano-delibes-da-su-pistoletazo-de-salida-en-la-ribera-del-duero-coronando-al-celebre-escritor-como-rey-de-las-letras-en-bodegas-protos\/#breadcrumb"},"inLanguage":"es","potentialAction":[{"@type":"ReadAction","target":["https:\/\/www.bodegasprotos.com\/es\/en-portada\/el-ano-delibes-da-su-pistoletazo-de-salida-en-la-ribera-del-duero-coronando-al-celebre-escritor-como-rey-de-las-letras-en-bodegas-protos\/"]}]},{"@type":"ImageObject","inLanguage":"es","@id":"https:\/\/www.bodegasprotos.com\/es\/en-portada\/el-ano-delibes-da-su-pistoletazo-de-salida-en-la-ribera-del-duero-coronando-al-celebre-escritor-como-rey-de-las-letras-en-bodegas-protos\/#primaryimage","url":"https:\/\/www.bodegasprotos.com\/wp-content\/uploads\/2020\/02\/IMG_5373.jpg","contentUrl":"https:\/\/www.bodegasprotos.com\/wp-content\/uploads\/2020\/02\/IMG_5373.jpg","width":1504,"height":2016,"caption":"Bodegas Protos corona a Delibes como \u2018Rey de las Letras\u2019"},{"@type":"BreadcrumbList","@id":"https:\/\/www.bodegasprotos.com\/es\/en-portada\/el-ano-delibes-da-su-pistoletazo-de-salida-en-la-ribera-del-duero-coronando-al-celebre-escritor-como-rey-de-las-letras-en-bodegas-protos\/#breadcrumb","itemListElement":[{"@type":"ListItem","position":1,"name":"Portada","item":"https:\/\/www.bodegasprotos.com\/es\/"},{"@type":"ListItem","position":2,"name":"El \u201cA\u00f1o Delibes\u201d da su pistoletazo de salida en la Ribera del Duero, coronando al c\u00e9lebre escritor como \u201cRey de las Letras\u201d en Bodegas Protos"}]},{"@type":"WebSite","@id":"https:\/\/www.bodegasprotos.com\/es\/#website","url":"https:\/\/www.bodegasprotos.com\/es\/","name":"Bodegas Protos","description":"Vinos de la Denominaci\u00f3n de Origen Ribera del Duero, Rueda y Cigales","publisher":{"@id":"https:\/\/www.bodegasprotos.com\/es\/#organization"},"potentialAction":[{"@type":"SearchAction","target":{"@type":"EntryPoint","urlTemplate":"https:\/\/www.bodegasprotos.com\/es\/?s={search_term_string}"},"query-input":{"@type":"PropertyValueSpecification","valueRequired":true,"valueName":"search_term_string"}}],"inLanguage":"es"},{"@type":"Organization","@id":"https:\/\/www.bodegasprotos.com\/es\/#organization","name":"Bodegas Protos","url":"https:\/\/www.bodegasprotos.com\/es\/","logo":{"@type":"ImageObject","inLanguage":"es","@id":"https:\/\/www.bodegasprotos.com\/es\/#\/schema\/logo\/image\/","url":"https:\/\/www.bodegasprotos.com\/wp-content\/uploads\/2024\/06\/PROTOS-LOGOS-VERSIONES-13.png","contentUrl":"https:\/\/www.bodegasprotos.com\/wp-content\/uploads\/2024\/06\/PROTOS-LOGOS-VERSIONES-13.png","width":2362,"height":2362,"caption":"Bodegas Protos"},"image":{"@id":"https:\/\/www.bodegasprotos.com\/es\/#\/schema\/logo\/image\/"},"sameAs":["https:\/\/www.facebook.com\/BodegasProtos","https:\/\/x.com\/Bodegas_Protos","https:\/\/www.instagram.com\/bodegasprotosoficial\/","https:\/\/www.linkedin.com\/company\/bodegasprotos\/","https:\/\/pinterest.com\/BodegasProtos\/","http:\/\/www.youtube.com\/user\/BodegasProtos","https:\/\/es.wikipedia.org\/wiki\/Bodegas_Protos"]},{"@type":"Person","@id":"https:\/\/www.bodegasprotos.com\/es\/#\/schema\/person\/6cb69a08afa14171755cee0df7d20027","name":"Bodegas Protos (F)","image":{"@type":"ImageObject","inLanguage":"es","@id":"https:\/\/secure.gravatar.com\/avatar\/cc613a9fd2ee203f402357c1b4aa2b7c041016cbf1eab1e41bde410b2ebd7f94?s=96&d=mm&r=g","url":"https:\/\/secure.gravatar.com\/avatar\/cc613a9fd2ee203f402357c1b4aa2b7c041016cbf1eab1e41bde410b2ebd7f94?s=96&d=mm&r=g","contentUrl":"https:\/\/secure.gravatar.com\/avatar\/cc613a9fd2ee203f402357c1b4aa2b7c041016cbf1eab1e41bde410b2ebd7f94?s=96&d=mm&r=g","caption":"Bodegas Protos (F)"},"sameAs":["https:\/\/www.bodegasprotos.com"]}]}},"_links":{"self":[{"href":"https:\/\/www.bodegasprotos.com\/es\/wp-json\/wp\/v2\/posts\/27646","targetHints":{"allow":["GET"]}}],"collection":[{"href":"https:\/\/www.bodegasprotos.com\/es\/wp-json\/wp\/v2\/posts"}],"about":[{"href":"https:\/\/www.bodegasprotos.com\/es\/wp-json\/wp\/v2\/types\/post"}],"author":[{"embeddable":true,"href":"https:\/\/www.bodegasprotos.com\/es\/wp-json\/wp\/v2\/users\/3"}],"replies":[{"embeddable":true,"href":"https:\/\/www.bodegasprotos.com\/es\/wp-json\/wp\/v2\/comments?post=27646"}],"version-history":[{"count":0,"href":"https:\/\/www.bodegasprotos.com\/es\/wp-json\/wp\/v2\/posts\/27646\/revisions"}],"wp:featuredmedia":[{"embeddable":true,"href":"https:\/\/www.bodegasprotos.com\/es\/wp-json\/wp\/v2\/media\/27649"}],"wp:attachment":[{"href":"https:\/\/www.bodegasprotos.com\/es\/wp-json\/wp\/v2\/media?parent=27646"}],"wp:term":[{"taxonomy":"category","embeddable":true,"href":"https:\/\/www.bodegasprotos.com\/es\/wp-json\/wp\/v2\/categories?post=27646"},{"taxonomy":"post_tag","embeddable":true,"href":"https:\/\/www.bodegasprotos.com\/es\/wp-json\/wp\/v2\/tags?post=27646"}],"curies":[{"name":"wp","href":"https:\/\/api.w.org\/{rel}","templated":true}]}}