{"id":27224,"date":"2020-01-15T12:30:13","date_gmt":"2020-01-15T11:30:13","guid":{"rendered":"https:\/\/www.bodegasprotos.com\/?p=27224"},"modified":"2021-06-24T10:05:00","modified_gmt":"2021-06-24T08:05:00","slug":"conoce-la-uva-tempranillo-la-variedad-principal-de-ribera-del-duero","status":"publish","type":"post","link":"https:\/\/www.bodegasprotos.com\/es\/blog\/conoce-la-uva-tempranillo-la-variedad-principal-de-ribera-del-duero\/","title":{"rendered":"Conoce la uva tempranillo, la variedad principal de Ribera del Duero"},"content":{"rendered":"<p>Si hablamos de <strong>tipos de uva <\/strong>a la hora de elaborar un vino, no es de extra\u00f1ar que casi siempre nos venga a la mente la <strong>variedad tempranillo<\/strong>; a fin de cuentas es la segunda con mayor presencia en nuestro pa\u00eds despu\u00e9s de la air\u00e9n.<\/p>\n<p>Asimismo, la tempranillo no solo es la<strong> uva principal de Ribera del Duero,<\/strong> sino que est\u00e1 autorizada en numerosas Denominaciones de Origen. Es m\u00e1s, en muchas de ellas tiene preferencia debido a la variedad de producciones que ofrece al consumidor. Tanto es as\u00ed que de la tempranillo surgen los principales vinos de Espa\u00f1a, siendo tambi\u00e9n cultivada en otros pa\u00edses como Francia, Portugal, Australia, Argentina y Estados Unidos.<\/p>\n<p>Su nombre resulta bastante revelador si se tiene en cuenta que proviene de la pronta maduraci\u00f3n de la baya por las condiciones clim\u00e1ticas en las zonas cultivadas.<\/p>\n<h2><strong>Caracter\u00edsticas de la uva tempranillo<\/strong><\/h2>\n<p>Entrando de lleno en qu\u00e9 caracteriza a este tipo de uva, hemos de destacar los siguientes elementos. De este modo comprenderemos mejor la materia prima con la que se trabaja en una D.O. como Ribera del Duero.<\/p>\n<ul>\n<li>Los <strong>tipos de vinos<\/strong> que se consiguen tienen un cuerpo medio, con aromas a fruta roja madura y bayas del bosque, que dan un sabor persistente en boca. Sin duda aportan un tanino elegante y buenas caracter\u00edsticas para su maduraci\u00f3n.<\/li>\n<li>De la uva tempranillo surgen desde vinos j\u00f3venes hasta grandes reservas, ya que mejora bastante con la crianza en barrica, proporcionando productos bastante equilibrados en acidez y nivel de alcohol. El resultado son vinos m\u00e1s elaborados: Reservas, Grandes Reservas, Vinos de autor\u2026<\/li>\n<li>Asimismo, <strong>necesita mucho sol<\/strong> para conseguir llegar al punto de az\u00facar apropiado. Tras su fermentaci\u00f3n, esto se traducir\u00e1 en el nivel de alcohol adecuado. Una sobreexposici\u00f3n podr\u00eda dar como resultado el efecto contrario y reducir su acidez.<\/li>\n<li>La uva tempranillo es gruesa y de color negro azulado. Nace en racimos de tama\u00f1o grande, compactos y uniformes.<\/li>\n<li>Las condiciones clim\u00e1ticas en las que suele darse destacan por una alta insolaci\u00f3n y por temperaturas nocturnas fr\u00edas.<\/li>\n<\/ul>\n<h2><strong>\u00bfPor qu\u00e9 la uva tempranillo es la variedad principal de Ribera del Duero?<\/strong><\/h2>\n<p>Aunque dentro de esta Denominaci\u00f3n de Origen pueden crearse vinos con otras variedades, la uva tempranillo, tambi\u00e9n conocida como tinta del pa\u00eds, ull de llebre, vid de aranda, tinta de Toro, cencibel o tinto fino, es la principal. De hecho, hasta el 90% de los vinos Ribera del Duero se elaboran con ella.<\/p>\n<p>Seg\u00fan el <strong>Consejo Regulador de la Ribera del Duero<\/strong>, para que un vino sea considerado de denominaci\u00f3n de origen, al menos el 75% de su variedad ha de ser uva tempranillo, merlot, malbec, cabernet sauvignon y, en menor cantidad, garnacha y albillo, que pueden ser complementarias.<\/p>\n<p>No obstante, la calidad la suele conferir la tierra donde nace. Un buen ejemplo de ello son las vi\u00f1as de <strong>Protos<\/strong>, de donde surgen las uvas que dar\u00e1n como resultado excelentes vinos como el <a href=\"https:\/\/www.bodegasprotos.com\/es\/vino\/roble\/\">Protos Roble<\/a>, <a href=\"https:\/\/www.bodegasprotos.com\/es\/vino\/rosado\/\">Protos Rosado<\/a>, <a href=\"https:\/\/www.bodegasprotos.com\/es\/vino\/crianza\/\">Protos Crianza<\/a>, <a href=\"https:\/\/www.bodegasprotos.com\/es\/vino\/finca-grajo-viejo\/\">Protos Selecci\u00f3n \u201cFinca El Grajo Viejo\u201d<\/a> y <a href=\"https:\/\/www.bodegasprotos.com\/es\/vino\/reserva\/\">Protos Reserva<\/a>, entre otros, todos ellos elaborados al 100% con uva tempranillo.<\/p>\n<h2><strong>Vino elaborado con uva tempranillo<\/strong><\/h2>\n<p>Entre las caracter\u00edsticas diferenciadoras de los vinos elaborados con variedad tempranillo hay que se\u00f1alar su fino aroma y sabor. Es m\u00e1s, en su estado \u00f3ptimo de recolecci\u00f3n esta uva ofrece <strong>vinos frescos y secos al paladar<\/strong>.<\/p>\n<p>A esto hay que a\u00f1adir que su graduaci\u00f3n no suele bajar del 13%, con acidez media, mientras que el color oscila entre el p\u00farpura y el granate, con tonalidades naranjas, malvas y canelas.<\/p>\n<p>En cuanto al maridaje, el vino tempranillo puede acompa\u00f1arse con embutidos, quesos de todo tipo, arroces, pescados, guisos y cordero al horno.<\/p>\n<p>&nbsp;<\/p>\n","protected":false},"excerpt":{"rendered":"<p>Si hablamos de tipos de uva a la hora de elaborar un vino, no es de extra\u00f1ar que&#8230;<\/p>\n","protected":false},"author":3,"featured_media":27225,"comment_status":"closed","ping_status":"closed","sticky":false,"template":"","format":"standard","meta":{"_acf_changed":false,"footnotes":""},"categories":[87],"tags":[],"class_list":["post-27224","post","type-post","status-publish","format-standard","has-post-thumbnail","hentry","category-blog"],"acf":[],"yoast_head":"<!-- This site is optimized with the Yoast SEO plugin v27.5 - https:\/\/yoast.com\/product\/yoast-seo-wordpress\/ -->\n<title>Conoce la uva tempranillo, la variedad principal de Ribera del Duero - Bodegas Protos<\/title>\n<meta name=\"description\" content=\"\u00bfCu\u00e1l es la uva tempranillo? Es la variedad de uva principal de Ribera del Duero. Descubre todas sus caracter\u00edsticas en nuestro blog\" \/>\n<meta name=\"robots\" content=\"index, follow, max-snippet:-1, max-image-preview:large, max-video-preview:-1\" \/>\n<link rel=\"canonical\" href=\"https:\/\/www.bodegasprotos.com\/es\/blog\/conoce-la-uva-tempranillo-la-variedad-principal-de-ribera-del-duero\/\" \/>\n<meta property=\"og:locale\" content=\"es_ES\" \/>\n<meta property=\"og:type\" content=\"article\" \/>\n<meta property=\"og:title\" content=\"Conoce la uva tempranillo, la variedad principal de Ribera del Duero - Bodegas Protos\" \/>\n<meta property=\"og:description\" content=\"\u00bfCu\u00e1l es la uva tempranillo? Es la variedad de uva principal de Ribera del Duero. Descubre todas sus caracter\u00edsticas en nuestro blog\" \/>\n<meta property=\"og:url\" content=\"https:\/\/www.bodegasprotos.com\/es\/blog\/conoce-la-uva-tempranillo-la-variedad-principal-de-ribera-del-duero\/\" \/>\n<meta property=\"og:site_name\" content=\"Bodegas Protos\" \/>\n<meta property=\"article:publisher\" content=\"https:\/\/www.facebook.com\/BodegasProtos\" \/>\n<meta property=\"article:published_time\" content=\"2020-01-15T11:30:13+00:00\" \/>\n<meta property=\"article:modified_time\" content=\"2021-06-24T08:05:00+00:00\" \/>\n<meta property=\"og:image\" content=\"https:\/\/www.bodegasprotos.com\/wp-content\/uploads\/2020\/01\/racimo-tempranillo-e1579097644858.png\" \/>\n\t<meta property=\"og:image:width\" content=\"399\" \/>\n\t<meta property=\"og:image:height\" content=\"350\" \/>\n\t<meta property=\"og:image:type\" content=\"image\/png\" \/>\n<meta name=\"author\" content=\"Bodegas Protos (F)\" \/>\n<meta name=\"twitter:card\" content=\"summary_large_image\" \/>\n<meta name=\"twitter:creator\" content=\"@Bodegas_Protos\" \/>\n<meta name=\"twitter:site\" content=\"@Bodegas_Protos\" \/>\n<meta name=\"twitter:label1\" content=\"Escrito por\" \/>\n\t<meta name=\"twitter:data1\" content=\"Bodegas Protos (F)\" \/>\n\t<meta name=\"twitter:label2\" content=\"Tiempo de lectura\" \/>\n\t<meta name=\"twitter:data2\" content=\"3 minutos\" \/>\n<script type=\"application\/ld+json\" class=\"yoast-schema-graph\">{\"@context\":\"https:\\\/\\\/schema.org\",\"@graph\":[{\"@type\":\"Article\",\"@id\":\"https:\\\/\\\/www.bodegasprotos.com\\\/es\\\/blog\\\/conoce-la-uva-tempranillo-la-variedad-principal-de-ribera-del-duero\\\/#article\",\"isPartOf\":{\"@id\":\"https:\\\/\\\/www.bodegasprotos.com\\\/es\\\/blog\\\/conoce-la-uva-tempranillo-la-variedad-principal-de-ribera-del-duero\\\/\"},\"author\":{\"name\":\"Bodegas Protos (F)\",\"@id\":\"https:\\\/\\\/www.bodegasprotos.com\\\/es\\\/#\\\/schema\\\/person\\\/6cb69a08afa14171755cee0df7d20027\"},\"headline\":\"Conoce la uva tempranillo, la variedad principal de Ribera del Duero\",\"datePublished\":\"2020-01-15T11:30:13+00:00\",\"dateModified\":\"2021-06-24T08:05:00+00:00\",\"mainEntityOfPage\":{\"@id\":\"https:\\\/\\\/www.bodegasprotos.com\\\/es\\\/blog\\\/conoce-la-uva-tempranillo-la-variedad-principal-de-ribera-del-duero\\\/\"},\"wordCount\":652,\"publisher\":{\"@id\":\"https:\\\/\\\/www.bodegasprotos.com\\\/es\\\/#organization\"},\"image\":{\"@id\":\"https:\\\/\\\/www.bodegasprotos.com\\\/es\\\/blog\\\/conoce-la-uva-tempranillo-la-variedad-principal-de-ribera-del-duero\\\/#primaryimage\"},\"thumbnailUrl\":\"https:\\\/\\\/www.bodegasprotos.com\\\/wp-content\\\/uploads\\\/2020\\\/01\\\/racimo-tempranillo-e1579097644858.png\",\"articleSection\":[\"Blog\"],\"inLanguage\":\"es\"},{\"@type\":\"WebPage\",\"@id\":\"https:\\\/\\\/www.bodegasprotos.com\\\/es\\\/blog\\\/conoce-la-uva-tempranillo-la-variedad-principal-de-ribera-del-duero\\\/\",\"url\":\"https:\\\/\\\/www.bodegasprotos.com\\\/es\\\/blog\\\/conoce-la-uva-tempranillo-la-variedad-principal-de-ribera-del-duero\\\/\",\"name\":\"Conoce la uva tempranillo, la variedad principal de Ribera del Duero - Bodegas Protos\",\"isPartOf\":{\"@id\":\"https:\\\/\\\/www.bodegasprotos.com\\\/es\\\/#website\"},\"primaryImageOfPage\":{\"@id\":\"https:\\\/\\\/www.bodegasprotos.com\\\/es\\\/blog\\\/conoce-la-uva-tempranillo-la-variedad-principal-de-ribera-del-duero\\\/#primaryimage\"},\"image\":{\"@id\":\"https:\\\/\\\/www.bodegasprotos.com\\\/es\\\/blog\\\/conoce-la-uva-tempranillo-la-variedad-principal-de-ribera-del-duero\\\/#primaryimage\"},\"thumbnailUrl\":\"https:\\\/\\\/www.bodegasprotos.com\\\/wp-content\\\/uploads\\\/2020\\\/01\\\/racimo-tempranillo-e1579097644858.png\",\"datePublished\":\"2020-01-15T11:30:13+00:00\",\"dateModified\":\"2021-06-24T08:05:00+00:00\",\"description\":\"\u00bfCu\u00e1l es la uva tempranillo? Es la variedad de uva principal de Ribera del Duero. Descubre todas sus caracter\u00edsticas en nuestro blog\",\"breadcrumb\":{\"@id\":\"https:\\\/\\\/www.bodegasprotos.com\\\/es\\\/blog\\\/conoce-la-uva-tempranillo-la-variedad-principal-de-ribera-del-duero\\\/#breadcrumb\"},\"inLanguage\":\"es\",\"potentialAction\":[{\"@type\":\"ReadAction\",\"target\":[\"https:\\\/\\\/www.bodegasprotos.com\\\/es\\\/blog\\\/conoce-la-uva-tempranillo-la-variedad-principal-de-ribera-del-duero\\\/\"]}]},{\"@type\":\"ImageObject\",\"inLanguage\":\"es\",\"@id\":\"https:\\\/\\\/www.bodegasprotos.com\\\/es\\\/blog\\\/conoce-la-uva-tempranillo-la-variedad-principal-de-ribera-del-duero\\\/#primaryimage\",\"url\":\"https:\\\/\\\/www.bodegasprotos.com\\\/wp-content\\\/uploads\\\/2020\\\/01\\\/racimo-tempranillo-e1579097644858.png\",\"contentUrl\":\"https:\\\/\\\/www.bodegasprotos.com\\\/wp-content\\\/uploads\\\/2020\\\/01\\\/racimo-tempranillo-e1579097644858.png\",\"width\":399,\"height\":350,\"caption\":\"Uva tempranillo, la variedad principal de Ribera del Duero\"},{\"@type\":\"BreadcrumbList\",\"@id\":\"https:\\\/\\\/www.bodegasprotos.com\\\/es\\\/blog\\\/conoce-la-uva-tempranillo-la-variedad-principal-de-ribera-del-duero\\\/#breadcrumb\",\"itemListElement\":[{\"@type\":\"ListItem\",\"position\":1,\"name\":\"Portada\",\"item\":\"https:\\\/\\\/www.bodegasprotos.com\\\/es\\\/\"},{\"@type\":\"ListItem\",\"position\":2,\"name\":\"Conoce la uva tempranillo, la variedad principal de Ribera del Duero\"}]},{\"@type\":\"WebSite\",\"@id\":\"https:\\\/\\\/www.bodegasprotos.com\\\/es\\\/#website\",\"url\":\"https:\\\/\\\/www.bodegasprotos.com\\\/es\\\/\",\"name\":\"Bodegas Protos\",\"description\":\"Vinos de la Denominaci\u00f3n de Origen Ribera del Duero, Rueda y Cigales\",\"publisher\":{\"@id\":\"https:\\\/\\\/www.bodegasprotos.com\\\/es\\\/#organization\"},\"potentialAction\":[{\"@type\":\"SearchAction\",\"target\":{\"@type\":\"EntryPoint\",\"urlTemplate\":\"https:\\\/\\\/www.bodegasprotos.com\\\/es\\\/?s={search_term_string}\"},\"query-input\":{\"@type\":\"PropertyValueSpecification\",\"valueRequired\":true,\"valueName\":\"search_term_string\"}}],\"inLanguage\":\"es\"},{\"@type\":\"Organization\",\"@id\":\"https:\\\/\\\/www.bodegasprotos.com\\\/es\\\/#organization\",\"name\":\"Bodegas Protos\",\"url\":\"https:\\\/\\\/www.bodegasprotos.com\\\/es\\\/\",\"logo\":{\"@type\":\"ImageObject\",\"inLanguage\":\"es\",\"@id\":\"https:\\\/\\\/www.bodegasprotos.com\\\/es\\\/#\\\/schema\\\/logo\\\/image\\\/\",\"url\":\"https:\\\/\\\/www.bodegasprotos.com\\\/wp-content\\\/uploads\\\/2024\\\/06\\\/PROTOS-LOGOS-VERSIONES-13.png\",\"contentUrl\":\"https:\\\/\\\/www.bodegasprotos.com\\\/wp-content\\\/uploads\\\/2024\\\/06\\\/PROTOS-LOGOS-VERSIONES-13.png\",\"width\":2362,\"height\":2362,\"caption\":\"Bodegas Protos\"},\"image\":{\"@id\":\"https:\\\/\\\/www.bodegasprotos.com\\\/es\\\/#\\\/schema\\\/logo\\\/image\\\/\"},\"sameAs\":[\"https:\\\/\\\/www.facebook.com\\\/BodegasProtos\",\"https:\\\/\\\/x.com\\\/Bodegas_Protos\",\"https:\\\/\\\/www.instagram.com\\\/bodegasprotosoficial\\\/\",\"https:\\\/\\\/www.linkedin.com\\\/company\\\/bodegasprotos\\\/\",\"https:\\\/\\\/pinterest.com\\\/BodegasProtos\\\/\",\"http:\\\/\\\/www.youtube.com\\\/user\\\/BodegasProtos\",\"https:\\\/\\\/es.wikipedia.org\\\/wiki\\\/Bodegas_Protos\"]},{\"@type\":\"Person\",\"@id\":\"https:\\\/\\\/www.bodegasprotos.com\\\/es\\\/#\\\/schema\\\/person\\\/6cb69a08afa14171755cee0df7d20027\",\"name\":\"Bodegas Protos (F)\",\"image\":{\"@type\":\"ImageObject\",\"inLanguage\":\"es\",\"@id\":\"https:\\\/\\\/secure.gravatar.com\\\/avatar\\\/cc613a9fd2ee203f402357c1b4aa2b7c041016cbf1eab1e41bde410b2ebd7f94?s=96&d=mm&r=g\",\"url\":\"https:\\\/\\\/secure.gravatar.com\\\/avatar\\\/cc613a9fd2ee203f402357c1b4aa2b7c041016cbf1eab1e41bde410b2ebd7f94?s=96&d=mm&r=g\",\"contentUrl\":\"https:\\\/\\\/secure.gravatar.com\\\/avatar\\\/cc613a9fd2ee203f402357c1b4aa2b7c041016cbf1eab1e41bde410b2ebd7f94?s=96&d=mm&r=g\",\"caption\":\"Bodegas Protos (F)\"},\"sameAs\":[\"https:\\\/\\\/www.bodegasprotos.com\"]}]}<\/script>\n<!-- \/ Yoast SEO plugin. -->","yoast_head_json":{"title":"Conoce la uva tempranillo, la variedad principal de Ribera del Duero - Bodegas Protos","description":"\u00bfCu\u00e1l es la uva tempranillo? Es la variedad de uva principal de Ribera del Duero. Descubre todas sus caracter\u00edsticas en nuestro blog","robots":{"index":"index","follow":"follow","max-snippet":"max-snippet:-1","max-image-preview":"max-image-preview:large","max-video-preview":"max-video-preview:-1"},"canonical":"https:\/\/www.bodegasprotos.com\/es\/blog\/conoce-la-uva-tempranillo-la-variedad-principal-de-ribera-del-duero\/","og_locale":"es_ES","og_type":"article","og_title":"Conoce la uva tempranillo, la variedad principal de Ribera del Duero - Bodegas Protos","og_description":"\u00bfCu\u00e1l es la uva tempranillo? Es la variedad de uva principal de Ribera del Duero. Descubre todas sus caracter\u00edsticas en nuestro blog","og_url":"https:\/\/www.bodegasprotos.com\/es\/blog\/conoce-la-uva-tempranillo-la-variedad-principal-de-ribera-del-duero\/","og_site_name":"Bodegas Protos","article_publisher":"https:\/\/www.facebook.com\/BodegasProtos","article_published_time":"2020-01-15T11:30:13+00:00","article_modified_time":"2021-06-24T08:05:00+00:00","og_image":[{"width":399,"height":350,"url":"https:\/\/www.bodegasprotos.com\/wp-content\/uploads\/2020\/01\/racimo-tempranillo-e1579097644858.png","type":"image\/png"}],"author":"Bodegas Protos (F)","twitter_card":"summary_large_image","twitter_creator":"@Bodegas_Protos","twitter_site":"@Bodegas_Protos","twitter_misc":{"Escrito por":"Bodegas Protos (F)","Tiempo de lectura":"3 minutos"},"schema":{"@context":"https:\/\/schema.org","@graph":[{"@type":"Article","@id":"https:\/\/www.bodegasprotos.com\/es\/blog\/conoce-la-uva-tempranillo-la-variedad-principal-de-ribera-del-duero\/#article","isPartOf":{"@id":"https:\/\/www.bodegasprotos.com\/es\/blog\/conoce-la-uva-tempranillo-la-variedad-principal-de-ribera-del-duero\/"},"author":{"name":"Bodegas Protos (F)","@id":"https:\/\/www.bodegasprotos.com\/es\/#\/schema\/person\/6cb69a08afa14171755cee0df7d20027"},"headline":"Conoce la uva tempranillo, la variedad principal de Ribera del Duero","datePublished":"2020-01-15T11:30:13+00:00","dateModified":"2021-06-24T08:05:00+00:00","mainEntityOfPage":{"@id":"https:\/\/www.bodegasprotos.com\/es\/blog\/conoce-la-uva-tempranillo-la-variedad-principal-de-ribera-del-duero\/"},"wordCount":652,"publisher":{"@id":"https:\/\/www.bodegasprotos.com\/es\/#organization"},"image":{"@id":"https:\/\/www.bodegasprotos.com\/es\/blog\/conoce-la-uva-tempranillo-la-variedad-principal-de-ribera-del-duero\/#primaryimage"},"thumbnailUrl":"https:\/\/www.bodegasprotos.com\/wp-content\/uploads\/2020\/01\/racimo-tempranillo-e1579097644858.png","articleSection":["Blog"],"inLanguage":"es"},{"@type":"WebPage","@id":"https:\/\/www.bodegasprotos.com\/es\/blog\/conoce-la-uva-tempranillo-la-variedad-principal-de-ribera-del-duero\/","url":"https:\/\/www.bodegasprotos.com\/es\/blog\/conoce-la-uva-tempranillo-la-variedad-principal-de-ribera-del-duero\/","name":"Conoce la uva tempranillo, la variedad principal de Ribera del Duero - Bodegas Protos","isPartOf":{"@id":"https:\/\/www.bodegasprotos.com\/es\/#website"},"primaryImageOfPage":{"@id":"https:\/\/www.bodegasprotos.com\/es\/blog\/conoce-la-uva-tempranillo-la-variedad-principal-de-ribera-del-duero\/#primaryimage"},"image":{"@id":"https:\/\/www.bodegasprotos.com\/es\/blog\/conoce-la-uva-tempranillo-la-variedad-principal-de-ribera-del-duero\/#primaryimage"},"thumbnailUrl":"https:\/\/www.bodegasprotos.com\/wp-content\/uploads\/2020\/01\/racimo-tempranillo-e1579097644858.png","datePublished":"2020-01-15T11:30:13+00:00","dateModified":"2021-06-24T08:05:00+00:00","description":"\u00bfCu\u00e1l es la uva tempranillo? Es la variedad de uva principal de Ribera del Duero. Descubre todas sus caracter\u00edsticas en nuestro blog","breadcrumb":{"@id":"https:\/\/www.bodegasprotos.com\/es\/blog\/conoce-la-uva-tempranillo-la-variedad-principal-de-ribera-del-duero\/#breadcrumb"},"inLanguage":"es","potentialAction":[{"@type":"ReadAction","target":["https:\/\/www.bodegasprotos.com\/es\/blog\/conoce-la-uva-tempranillo-la-variedad-principal-de-ribera-del-duero\/"]}]},{"@type":"ImageObject","inLanguage":"es","@id":"https:\/\/www.bodegasprotos.com\/es\/blog\/conoce-la-uva-tempranillo-la-variedad-principal-de-ribera-del-duero\/#primaryimage","url":"https:\/\/www.bodegasprotos.com\/wp-content\/uploads\/2020\/01\/racimo-tempranillo-e1579097644858.png","contentUrl":"https:\/\/www.bodegasprotos.com\/wp-content\/uploads\/2020\/01\/racimo-tempranillo-e1579097644858.png","width":399,"height":350,"caption":"Uva tempranillo, la variedad principal de Ribera del Duero"},{"@type":"BreadcrumbList","@id":"https:\/\/www.bodegasprotos.com\/es\/blog\/conoce-la-uva-tempranillo-la-variedad-principal-de-ribera-del-duero\/#breadcrumb","itemListElement":[{"@type":"ListItem","position":1,"name":"Portada","item":"https:\/\/www.bodegasprotos.com\/es\/"},{"@type":"ListItem","position":2,"name":"Conoce la uva tempranillo, la variedad principal de Ribera del Duero"}]},{"@type":"WebSite","@id":"https:\/\/www.bodegasprotos.com\/es\/#website","url":"https:\/\/www.bodegasprotos.com\/es\/","name":"Bodegas Protos","description":"Vinos de la Denominaci\u00f3n de Origen Ribera del Duero, Rueda y Cigales","publisher":{"@id":"https:\/\/www.bodegasprotos.com\/es\/#organization"},"potentialAction":[{"@type":"SearchAction","target":{"@type":"EntryPoint","urlTemplate":"https:\/\/www.bodegasprotos.com\/es\/?s={search_term_string}"},"query-input":{"@type":"PropertyValueSpecification","valueRequired":true,"valueName":"search_term_string"}}],"inLanguage":"es"},{"@type":"Organization","@id":"https:\/\/www.bodegasprotos.com\/es\/#organization","name":"Bodegas Protos","url":"https:\/\/www.bodegasprotos.com\/es\/","logo":{"@type":"ImageObject","inLanguage":"es","@id":"https:\/\/www.bodegasprotos.com\/es\/#\/schema\/logo\/image\/","url":"https:\/\/www.bodegasprotos.com\/wp-content\/uploads\/2024\/06\/PROTOS-LOGOS-VERSIONES-13.png","contentUrl":"https:\/\/www.bodegasprotos.com\/wp-content\/uploads\/2024\/06\/PROTOS-LOGOS-VERSIONES-13.png","width":2362,"height":2362,"caption":"Bodegas Protos"},"image":{"@id":"https:\/\/www.bodegasprotos.com\/es\/#\/schema\/logo\/image\/"},"sameAs":["https:\/\/www.facebook.com\/BodegasProtos","https:\/\/x.com\/Bodegas_Protos","https:\/\/www.instagram.com\/bodegasprotosoficial\/","https:\/\/www.linkedin.com\/company\/bodegasprotos\/","https:\/\/pinterest.com\/BodegasProtos\/","http:\/\/www.youtube.com\/user\/BodegasProtos","https:\/\/es.wikipedia.org\/wiki\/Bodegas_Protos"]},{"@type":"Person","@id":"https:\/\/www.bodegasprotos.com\/es\/#\/schema\/person\/6cb69a08afa14171755cee0df7d20027","name":"Bodegas Protos (F)","image":{"@type":"ImageObject","inLanguage":"es","@id":"https:\/\/secure.gravatar.com\/avatar\/cc613a9fd2ee203f402357c1b4aa2b7c041016cbf1eab1e41bde410b2ebd7f94?s=96&d=mm&r=g","url":"https:\/\/secure.gravatar.com\/avatar\/cc613a9fd2ee203f402357c1b4aa2b7c041016cbf1eab1e41bde410b2ebd7f94?s=96&d=mm&r=g","contentUrl":"https:\/\/secure.gravatar.com\/avatar\/cc613a9fd2ee203f402357c1b4aa2b7c041016cbf1eab1e41bde410b2ebd7f94?s=96&d=mm&r=g","caption":"Bodegas Protos (F)"},"sameAs":["https:\/\/www.bodegasprotos.com"]}]}},"_links":{"self":[{"href":"https:\/\/www.bodegasprotos.com\/es\/wp-json\/wp\/v2\/posts\/27224","targetHints":{"allow":["GET"]}}],"collection":[{"href":"https:\/\/www.bodegasprotos.com\/es\/wp-json\/wp\/v2\/posts"}],"about":[{"href":"https:\/\/www.bodegasprotos.com\/es\/wp-json\/wp\/v2\/types\/post"}],"author":[{"embeddable":true,"href":"https:\/\/www.bodegasprotos.com\/es\/wp-json\/wp\/v2\/users\/3"}],"replies":[{"embeddable":true,"href":"https:\/\/www.bodegasprotos.com\/es\/wp-json\/wp\/v2\/comments?post=27224"}],"version-history":[{"count":0,"href":"https:\/\/www.bodegasprotos.com\/es\/wp-json\/wp\/v2\/posts\/27224\/revisions"}],"wp:featuredmedia":[{"embeddable":true,"href":"https:\/\/www.bodegasprotos.com\/es\/wp-json\/wp\/v2\/media\/27225"}],"wp:attachment":[{"href":"https:\/\/www.bodegasprotos.com\/es\/wp-json\/wp\/v2\/media?parent=27224"}],"wp:term":[{"taxonomy":"category","embeddable":true,"href":"https:\/\/www.bodegasprotos.com\/es\/wp-json\/wp\/v2\/categories?post=27224"},{"taxonomy":"post_tag","embeddable":true,"href":"https:\/\/www.bodegasprotos.com\/es\/wp-json\/wp\/v2\/tags?post=27224"}],"curies":[{"name":"wp","href":"https:\/\/api.w.org\/{rel}","templated":true}]}}