{"id":18993,"date":"2019-05-21T00:00:00","date_gmt":"2019-05-20T22:00:00","guid":{"rendered":"https:\/\/bodegasprotos.com\/2019\/05\/bodegas-protos-inaugura-centro-alta-tecnologia-elaboracion\/"},"modified":"2019-11-29T10:14:49","modified_gmt":"2019-11-29T09:14:49","slug":"bodegas-protos-inaugura-su-centro-de-alta-tecnologia-de-elaboracion","status":"publish","type":"post","link":"https:\/\/www.bodegasprotos.com\/es\/notas-de-prensa\/bodegas-protos-inaugura-su-centro-de-alta-tecnologia-de-elaboracion\/","title":{"rendered":"BODEGAS PROTOS INAUGURA SU CENTRO DE ALTA TECNOLOG\u00cdA DE ELABORACI\u00d3N"},"content":{"rendered":"<div class=\"coldcha\"><a class=\"lytebox lytebox01\" href=\"\/galeria\/fotto_not_709_1.jpg\"><img decoding=\"async\" class=\"wp-image_709_1 size-medium\" src=\"\/galeria\/minni_not_709_1.jpg\" alt=\"BODEGAS PROTOS INAUGURA SU CENTRO DE ALTA TECNOLOG\u00cdA DE ELABORACI\u00d3N\" \/><\/a><\/div>\n<p><strong>El Presidente de la Junta de Castilla y Le\u00f3n ha presidido el acto en compa\u00f1\u00eda de altos cargos del grupo bodeguero.<\/strong><\/p>\n<p>Esta ma\u00f1ana, Bodegas Protos ha inaugurado su Centro de Alta Tecnolog\u00eda de la Elaboraci\u00f3n, ubicado en Anguix (Burgos). El ambicioso proyecto que <strong>Bodegas Protos<\/strong> inici\u00f3 en 2016, tiene como objetivo contar con la tecnolog\u00eda m\u00e1s moderna para la elaboraci\u00f3n de vinos de calidad de la Denominaci\u00f3n de Origen Ribera del Duero.<\/p>\n<p>Edmundo Bay\u00f3n, presidente de Bodegas Protos, ha destacado que <em>\u201choy presentamos en sociedad una\u00a0 de nuestras bodegas m\u00e1s vanguardistas en t\u00e9cnicas de elaboraci\u00f3n, garantizando los mejores m\u00e9todos de trabajo.\u201d<\/em><\/p>\n<p>En palabra de Bay\u00f3n, \u201cel centro, que ha contado con una inversi\u00f3n de 9 millones de euros, va a suponer para <strong>Protos <\/strong>convertirse en el epicentro de su elaboraci\u00f3n\u201d, ya que cuenta con las \u00faltimas y mejores tecnolog\u00edas vin\u00edcolas, ofreciendo la posibilidad de elaborar mejor, mimando la uva desde su entrada, trabajando m\u00e1s eficientemente y ofreciendo el mejor servicio posible a los viticultores. La alta tecnolog\u00eda de elaboraci\u00f3n se refleja en su multitud de procesos t\u00e9cnicos: desde la c\u00e1mara de frio a\u00a0 las mesas de selecci\u00f3n manual, despalilladora-seleccionadora, tolvas de recepci\u00f3n vibrantes, triturador de rasp\u00f3n, bomba perist\u00e1ltica para impulsi\u00f3n de la pasta, y un programa que gestiona el control de remontados, control de temperatura y microoxigenaci\u00f2n de forma independiente para cada dep\u00f3sito, hasta el sistema innovador de remontado Oresteo. El nuevo centro de alta tecnolog\u00eda de elaboraci\u00f3n cuenta con 93 dep\u00f3sitos.<\/p>\n","protected":false},"excerpt":{"rendered":"<p>El Presidente de la Junta de Castilla y Le&oacute;n ha presidido el acto en compa&ntilde;&iacute;a de altos cargos del grupo bodeguero. Esta ma&ntilde;ana, Bodegas Protos ha inaugurado su Centro de Alta Tecnolog&iacute;a de la Elaboraci&oacute;n, ubicado en Anguix (Burgos). El ambicioso proyecto que Bodegas Protos inici&oacute; en 2016, tiene como objetivo contar con la tecnolog&iacute;a &#8230;<\/p>\n","protected":false},"author":3,"featured_media":19416,"comment_status":"closed","ping_status":"closed","sticky":false,"template":"","format":"standard","meta":{"_acf_changed":false,"footnotes":""},"categories":[94],"tags":[106],"class_list":["post-18993","post","type-post","status-publish","format-standard","has-post-thumbnail","hentry","category-notas-de-prensa","tag-notas-de-prensa"],"acf":[],"yoast_head":"<!-- This site is optimized with the Yoast SEO plugin v27.5 - https:\/\/yoast.com\/product\/yoast-seo-wordpress\/ -->\n<title>Bodegas Protos BODEGAS PROTOS INAUGURA SU CENTRO DE ALTA TECNOLOG\u00cdA DE ELABORACI\u00d3N<\/title>\n<meta name=\"description\" content=\"El Presidente de la Junta de Castilla y Le\u00f3n ha presidido el acto en compa\u00f1\u00eda de altos cargos del grupo bodeguero. Esta ...\" \/>\n<meta name=\"robots\" content=\"index, follow, max-snippet:-1, max-image-preview:large, max-video-preview:-1\" \/>\n<link rel=\"canonical\" href=\"https:\/\/www.bodegasprotos.com\/es\/notas-de-prensa\/bodegas-protos-inaugura-su-centro-de-alta-tecnologia-de-elaboracion\/\" \/>\n<meta property=\"og:locale\" content=\"es_ES\" \/>\n<meta property=\"og:type\" content=\"article\" \/>\n<meta property=\"og:title\" content=\"BODEGAS PROTOS INAUGURA SU CENTRO DE ALTA TECNOLOG\u00cdA DE ELABORACI\u00d3N\" \/>\n<meta property=\"og:description\" content=\"El Presidente de la Junta de Castilla y Le\u00f3n ha presidido el acto en compa\u00f1\u00eda de altos cargos del grupo bodeguero. Esta ...\" \/>\n<meta property=\"og:url\" content=\"https:\/\/www.bodegasprotos.com\/es\/notas-de-prensa\/bodegas-protos-inaugura-su-centro-de-alta-tecnologia-de-elaboracion\/\" \/>\n<meta property=\"og:site_name\" content=\"Bodegas Protos\" \/>\n<meta property=\"article:publisher\" content=\"https:\/\/www.facebook.com\/BodegasProtos\" \/>\n<meta property=\"article:published_time\" content=\"2019-05-20T22:00:00+00:00\" \/>\n<meta property=\"article:modified_time\" content=\"2019-11-29T09:14:49+00:00\" \/>\n<meta property=\"og:image\" content=\"https:\/\/www.bodegasprotos.com\/wp-content\/uploads\/2019\/06\/fotto_not_709_1.jpg\" \/>\n\t<meta property=\"og:image:width\" content=\"800\" \/>\n\t<meta property=\"og:image:height\" content=\"533\" \/>\n\t<meta property=\"og:image:type\" content=\"image\/jpeg\" \/>\n<meta name=\"author\" content=\"Bodegas Protos (F)\" \/>\n<meta name=\"twitter:card\" content=\"summary_large_image\" \/>\n<meta name=\"twitter:title\" content=\"BODEGAS PROTOS INAUGURA SU CENTRO DE ALTA TECNOLOG\u00cdA DE ELABORACI\u00d3N\" \/>\n<meta name=\"twitter:creator\" content=\"@Bodegas_Protos\" \/>\n<meta name=\"twitter:site\" content=\"@Bodegas_Protos\" \/>\n<meta name=\"twitter:label1\" content=\"Escrito por\" \/>\n\t<meta name=\"twitter:data1\" content=\"Bodegas Protos (F)\" \/>\n\t<meta name=\"twitter:label2\" content=\"Tiempo de lectura\" \/>\n\t<meta name=\"twitter:data2\" content=\"1 minuto\" \/>\n<script type=\"application\/ld+json\" class=\"yoast-schema-graph\">{\"@context\":\"https:\\\/\\\/schema.org\",\"@graph\":[{\"@type\":\"Article\",\"@id\":\"https:\\\/\\\/www.bodegasprotos.com\\\/es\\\/notas-de-prensa\\\/bodegas-protos-inaugura-su-centro-de-alta-tecnologia-de-elaboracion\\\/#article\",\"isPartOf\":{\"@id\":\"https:\\\/\\\/www.bodegasprotos.com\\\/es\\\/notas-de-prensa\\\/bodegas-protos-inaugura-su-centro-de-alta-tecnologia-de-elaboracion\\\/\"},\"author\":{\"name\":\"Bodegas Protos (F)\",\"@id\":\"https:\\\/\\\/www.bodegasprotos.com\\\/es\\\/#\\\/schema\\\/person\\\/6cb69a08afa14171755cee0df7d20027\"},\"headline\":\"BODEGAS PROTOS INAUGURA SU CENTRO DE ALTA TECNOLOG\u00cdA DE ELABORACI\u00d3N\",\"datePublished\":\"2019-05-20T22:00:00+00:00\",\"dateModified\":\"2019-11-29T09:14:49+00:00\",\"mainEntityOfPage\":{\"@id\":\"https:\\\/\\\/www.bodegasprotos.com\\\/es\\\/notas-de-prensa\\\/bodegas-protos-inaugura-su-centro-de-alta-tecnologia-de-elaboracion\\\/\"},\"wordCount\":285,\"publisher\":{\"@id\":\"https:\\\/\\\/www.bodegasprotos.com\\\/es\\\/#organization\"},\"image\":{\"@id\":\"https:\\\/\\\/www.bodegasprotos.com\\\/es\\\/notas-de-prensa\\\/bodegas-protos-inaugura-su-centro-de-alta-tecnologia-de-elaboracion\\\/#primaryimage\"},\"thumbnailUrl\":\"https:\\\/\\\/www.bodegasprotos.com\\\/wp-content\\\/uploads\\\/2019\\\/06\\\/fotto_not_709_1.jpg\",\"keywords\":[\"Notas de Prensa\"],\"articleSection\":[\"Notas de Prensa\"],\"inLanguage\":\"es\"},{\"@type\":\"WebPage\",\"@id\":\"https:\\\/\\\/www.bodegasprotos.com\\\/es\\\/notas-de-prensa\\\/bodegas-protos-inaugura-su-centro-de-alta-tecnologia-de-elaboracion\\\/\",\"url\":\"https:\\\/\\\/www.bodegasprotos.com\\\/es\\\/notas-de-prensa\\\/bodegas-protos-inaugura-su-centro-de-alta-tecnologia-de-elaboracion\\\/\",\"name\":\"Bodegas Protos BODEGAS PROTOS INAUGURA SU CENTRO DE ALTA TECNOLOG\u00cdA DE ELABORACI\u00d3N\",\"isPartOf\":{\"@id\":\"https:\\\/\\\/www.bodegasprotos.com\\\/es\\\/#website\"},\"primaryImageOfPage\":{\"@id\":\"https:\\\/\\\/www.bodegasprotos.com\\\/es\\\/notas-de-prensa\\\/bodegas-protos-inaugura-su-centro-de-alta-tecnologia-de-elaboracion\\\/#primaryimage\"},\"image\":{\"@id\":\"https:\\\/\\\/www.bodegasprotos.com\\\/es\\\/notas-de-prensa\\\/bodegas-protos-inaugura-su-centro-de-alta-tecnologia-de-elaboracion\\\/#primaryimage\"},\"thumbnailUrl\":\"https:\\\/\\\/www.bodegasprotos.com\\\/wp-content\\\/uploads\\\/2019\\\/06\\\/fotto_not_709_1.jpg\",\"datePublished\":\"2019-05-20T22:00:00+00:00\",\"dateModified\":\"2019-11-29T09:14:49+00:00\",\"description\":\"El Presidente de la Junta de Castilla y Le\u00f3n ha presidido el acto en compa\u00f1\u00eda de altos cargos del grupo bodeguero. Esta ...\",\"breadcrumb\":{\"@id\":\"https:\\\/\\\/www.bodegasprotos.com\\\/es\\\/notas-de-prensa\\\/bodegas-protos-inaugura-su-centro-de-alta-tecnologia-de-elaboracion\\\/#breadcrumb\"},\"inLanguage\":\"es\",\"potentialAction\":[{\"@type\":\"ReadAction\",\"target\":[\"https:\\\/\\\/www.bodegasprotos.com\\\/es\\\/notas-de-prensa\\\/bodegas-protos-inaugura-su-centro-de-alta-tecnologia-de-elaboracion\\\/\"]}]},{\"@type\":\"ImageObject\",\"inLanguage\":\"es\",\"@id\":\"https:\\\/\\\/www.bodegasprotos.com\\\/es\\\/notas-de-prensa\\\/bodegas-protos-inaugura-su-centro-de-alta-tecnologia-de-elaboracion\\\/#primaryimage\",\"url\":\"https:\\\/\\\/www.bodegasprotos.com\\\/wp-content\\\/uploads\\\/2019\\\/06\\\/fotto_not_709_1.jpg\",\"contentUrl\":\"https:\\\/\\\/www.bodegasprotos.com\\\/wp-content\\\/uploads\\\/2019\\\/06\\\/fotto_not_709_1.jpg\",\"width\":800,\"height\":533},{\"@type\":\"BreadcrumbList\",\"@id\":\"https:\\\/\\\/www.bodegasprotos.com\\\/es\\\/notas-de-prensa\\\/bodegas-protos-inaugura-su-centro-de-alta-tecnologia-de-elaboracion\\\/#breadcrumb\",\"itemListElement\":[{\"@type\":\"ListItem\",\"position\":1,\"name\":\"Portada\",\"item\":\"https:\\\/\\\/www.bodegasprotos.com\\\/es\\\/\"},{\"@type\":\"ListItem\",\"position\":2,\"name\":\"BODEGAS PROTOS INAUGURA SU CENTRO DE ALTA TECNOLOG\u00cdA DE ELABORACI\u00d3N\"}]},{\"@type\":\"WebSite\",\"@id\":\"https:\\\/\\\/www.bodegasprotos.com\\\/es\\\/#website\",\"url\":\"https:\\\/\\\/www.bodegasprotos.com\\\/es\\\/\",\"name\":\"Bodegas Protos\",\"description\":\"Vinos de la Denominaci\u00f3n de Origen Ribera del Duero, Rueda y Cigales\",\"publisher\":{\"@id\":\"https:\\\/\\\/www.bodegasprotos.com\\\/es\\\/#organization\"},\"potentialAction\":[{\"@type\":\"SearchAction\",\"target\":{\"@type\":\"EntryPoint\",\"urlTemplate\":\"https:\\\/\\\/www.bodegasprotos.com\\\/es\\\/?s={search_term_string}\"},\"query-input\":{\"@type\":\"PropertyValueSpecification\",\"valueRequired\":true,\"valueName\":\"search_term_string\"}}],\"inLanguage\":\"es\"},{\"@type\":\"Organization\",\"@id\":\"https:\\\/\\\/www.bodegasprotos.com\\\/es\\\/#organization\",\"name\":\"Bodegas Protos\",\"url\":\"https:\\\/\\\/www.bodegasprotos.com\\\/es\\\/\",\"logo\":{\"@type\":\"ImageObject\",\"inLanguage\":\"es\",\"@id\":\"https:\\\/\\\/www.bodegasprotos.com\\\/es\\\/#\\\/schema\\\/logo\\\/image\\\/\",\"url\":\"https:\\\/\\\/www.bodegasprotos.com\\\/wp-content\\\/uploads\\\/2024\\\/06\\\/PROTOS-LOGOS-VERSIONES-13.png\",\"contentUrl\":\"https:\\\/\\\/www.bodegasprotos.com\\\/wp-content\\\/uploads\\\/2024\\\/06\\\/PROTOS-LOGOS-VERSIONES-13.png\",\"width\":2362,\"height\":2362,\"caption\":\"Bodegas Protos\"},\"image\":{\"@id\":\"https:\\\/\\\/www.bodegasprotos.com\\\/es\\\/#\\\/schema\\\/logo\\\/image\\\/\"},\"sameAs\":[\"https:\\\/\\\/www.facebook.com\\\/BodegasProtos\",\"https:\\\/\\\/x.com\\\/Bodegas_Protos\",\"https:\\\/\\\/www.instagram.com\\\/bodegasprotosoficial\\\/\",\"https:\\\/\\\/www.linkedin.com\\\/company\\\/bodegasprotos\\\/\",\"https:\\\/\\\/pinterest.com\\\/BodegasProtos\\\/\",\"http:\\\/\\\/www.youtube.com\\\/user\\\/BodegasProtos\",\"https:\\\/\\\/es.wikipedia.org\\\/wiki\\\/Bodegas_Protos\"]},{\"@type\":\"Person\",\"@id\":\"https:\\\/\\\/www.bodegasprotos.com\\\/es\\\/#\\\/schema\\\/person\\\/6cb69a08afa14171755cee0df7d20027\",\"name\":\"Bodegas Protos (F)\",\"image\":{\"@type\":\"ImageObject\",\"inLanguage\":\"es\",\"@id\":\"https:\\\/\\\/secure.gravatar.com\\\/avatar\\\/cc613a9fd2ee203f402357c1b4aa2b7c041016cbf1eab1e41bde410b2ebd7f94?s=96&d=mm&r=g\",\"url\":\"https:\\\/\\\/secure.gravatar.com\\\/avatar\\\/cc613a9fd2ee203f402357c1b4aa2b7c041016cbf1eab1e41bde410b2ebd7f94?s=96&d=mm&r=g\",\"contentUrl\":\"https:\\\/\\\/secure.gravatar.com\\\/avatar\\\/cc613a9fd2ee203f402357c1b4aa2b7c041016cbf1eab1e41bde410b2ebd7f94?s=96&d=mm&r=g\",\"caption\":\"Bodegas Protos (F)\"},\"sameAs\":[\"https:\\\/\\\/www.bodegasprotos.com\"]}]}<\/script>\n<!-- \/ Yoast SEO plugin. -->","yoast_head_json":{"title":"Bodegas Protos BODEGAS PROTOS INAUGURA SU CENTRO DE ALTA TECNOLOG\u00cdA DE ELABORACI\u00d3N","description":"El Presidente de la Junta de Castilla y Le\u00f3n ha presidido el acto en compa\u00f1\u00eda de altos cargos del grupo bodeguero. Esta ...","robots":{"index":"index","follow":"follow","max-snippet":"max-snippet:-1","max-image-preview":"max-image-preview:large","max-video-preview":"max-video-preview:-1"},"canonical":"https:\/\/www.bodegasprotos.com\/es\/notas-de-prensa\/bodegas-protos-inaugura-su-centro-de-alta-tecnologia-de-elaboracion\/","og_locale":"es_ES","og_type":"article","og_title":"BODEGAS PROTOS INAUGURA SU CENTRO DE ALTA TECNOLOG\u00cdA DE ELABORACI\u00d3N","og_description":"El Presidente de la Junta de Castilla y Le\u00f3n ha presidido el acto en compa\u00f1\u00eda de altos cargos del grupo bodeguero. Esta ...","og_url":"https:\/\/www.bodegasprotos.com\/es\/notas-de-prensa\/bodegas-protos-inaugura-su-centro-de-alta-tecnologia-de-elaboracion\/","og_site_name":"Bodegas Protos","article_publisher":"https:\/\/www.facebook.com\/BodegasProtos","article_published_time":"2019-05-20T22:00:00+00:00","article_modified_time":"2019-11-29T09:14:49+00:00","og_image":[{"width":800,"height":533,"url":"https:\/\/www.bodegasprotos.com\/wp-content\/uploads\/2019\/06\/fotto_not_709_1.jpg","type":"image\/jpeg"}],"author":"Bodegas Protos (F)","twitter_card":"summary_large_image","twitter_title":"BODEGAS PROTOS INAUGURA SU CENTRO DE ALTA TECNOLOG\u00cdA DE ELABORACI\u00d3N","twitter_creator":"@Bodegas_Protos","twitter_site":"@Bodegas_Protos","twitter_misc":{"Escrito por":"Bodegas Protos (F)","Tiempo de lectura":"1 minuto"},"schema":{"@context":"https:\/\/schema.org","@graph":[{"@type":"Article","@id":"https:\/\/www.bodegasprotos.com\/es\/notas-de-prensa\/bodegas-protos-inaugura-su-centro-de-alta-tecnologia-de-elaboracion\/#article","isPartOf":{"@id":"https:\/\/www.bodegasprotos.com\/es\/notas-de-prensa\/bodegas-protos-inaugura-su-centro-de-alta-tecnologia-de-elaboracion\/"},"author":{"name":"Bodegas Protos (F)","@id":"https:\/\/www.bodegasprotos.com\/es\/#\/schema\/person\/6cb69a08afa14171755cee0df7d20027"},"headline":"BODEGAS PROTOS INAUGURA SU CENTRO DE ALTA TECNOLOG\u00cdA DE ELABORACI\u00d3N","datePublished":"2019-05-20T22:00:00+00:00","dateModified":"2019-11-29T09:14:49+00:00","mainEntityOfPage":{"@id":"https:\/\/www.bodegasprotos.com\/es\/notas-de-prensa\/bodegas-protos-inaugura-su-centro-de-alta-tecnologia-de-elaboracion\/"},"wordCount":285,"publisher":{"@id":"https:\/\/www.bodegasprotos.com\/es\/#organization"},"image":{"@id":"https:\/\/www.bodegasprotos.com\/es\/notas-de-prensa\/bodegas-protos-inaugura-su-centro-de-alta-tecnologia-de-elaboracion\/#primaryimage"},"thumbnailUrl":"https:\/\/www.bodegasprotos.com\/wp-content\/uploads\/2019\/06\/fotto_not_709_1.jpg","keywords":["Notas de Prensa"],"articleSection":["Notas de Prensa"],"inLanguage":"es"},{"@type":"WebPage","@id":"https:\/\/www.bodegasprotos.com\/es\/notas-de-prensa\/bodegas-protos-inaugura-su-centro-de-alta-tecnologia-de-elaboracion\/","url":"https:\/\/www.bodegasprotos.com\/es\/notas-de-prensa\/bodegas-protos-inaugura-su-centro-de-alta-tecnologia-de-elaboracion\/","name":"Bodegas Protos BODEGAS PROTOS INAUGURA SU CENTRO DE ALTA TECNOLOG\u00cdA DE ELABORACI\u00d3N","isPartOf":{"@id":"https:\/\/www.bodegasprotos.com\/es\/#website"},"primaryImageOfPage":{"@id":"https:\/\/www.bodegasprotos.com\/es\/notas-de-prensa\/bodegas-protos-inaugura-su-centro-de-alta-tecnologia-de-elaboracion\/#primaryimage"},"image":{"@id":"https:\/\/www.bodegasprotos.com\/es\/notas-de-prensa\/bodegas-protos-inaugura-su-centro-de-alta-tecnologia-de-elaboracion\/#primaryimage"},"thumbnailUrl":"https:\/\/www.bodegasprotos.com\/wp-content\/uploads\/2019\/06\/fotto_not_709_1.jpg","datePublished":"2019-05-20T22:00:00+00:00","dateModified":"2019-11-29T09:14:49+00:00","description":"El Presidente de la Junta de Castilla y Le\u00f3n ha presidido el acto en compa\u00f1\u00eda de altos cargos del grupo bodeguero. Esta ...","breadcrumb":{"@id":"https:\/\/www.bodegasprotos.com\/es\/notas-de-prensa\/bodegas-protos-inaugura-su-centro-de-alta-tecnologia-de-elaboracion\/#breadcrumb"},"inLanguage":"es","potentialAction":[{"@type":"ReadAction","target":["https:\/\/www.bodegasprotos.com\/es\/notas-de-prensa\/bodegas-protos-inaugura-su-centro-de-alta-tecnologia-de-elaboracion\/"]}]},{"@type":"ImageObject","inLanguage":"es","@id":"https:\/\/www.bodegasprotos.com\/es\/notas-de-prensa\/bodegas-protos-inaugura-su-centro-de-alta-tecnologia-de-elaboracion\/#primaryimage","url":"https:\/\/www.bodegasprotos.com\/wp-content\/uploads\/2019\/06\/fotto_not_709_1.jpg","contentUrl":"https:\/\/www.bodegasprotos.com\/wp-content\/uploads\/2019\/06\/fotto_not_709_1.jpg","width":800,"height":533},{"@type":"BreadcrumbList","@id":"https:\/\/www.bodegasprotos.com\/es\/notas-de-prensa\/bodegas-protos-inaugura-su-centro-de-alta-tecnologia-de-elaboracion\/#breadcrumb","itemListElement":[{"@type":"ListItem","position":1,"name":"Portada","item":"https:\/\/www.bodegasprotos.com\/es\/"},{"@type":"ListItem","position":2,"name":"BODEGAS PROTOS INAUGURA SU CENTRO DE ALTA TECNOLOG\u00cdA DE ELABORACI\u00d3N"}]},{"@type":"WebSite","@id":"https:\/\/www.bodegasprotos.com\/es\/#website","url":"https:\/\/www.bodegasprotos.com\/es\/","name":"Bodegas Protos","description":"Vinos de la Denominaci\u00f3n de Origen Ribera del Duero, Rueda y Cigales","publisher":{"@id":"https:\/\/www.bodegasprotos.com\/es\/#organization"},"potentialAction":[{"@type":"SearchAction","target":{"@type":"EntryPoint","urlTemplate":"https:\/\/www.bodegasprotos.com\/es\/?s={search_term_string}"},"query-input":{"@type":"PropertyValueSpecification","valueRequired":true,"valueName":"search_term_string"}}],"inLanguage":"es"},{"@type":"Organization","@id":"https:\/\/www.bodegasprotos.com\/es\/#organization","name":"Bodegas Protos","url":"https:\/\/www.bodegasprotos.com\/es\/","logo":{"@type":"ImageObject","inLanguage":"es","@id":"https:\/\/www.bodegasprotos.com\/es\/#\/schema\/logo\/image\/","url":"https:\/\/www.bodegasprotos.com\/wp-content\/uploads\/2024\/06\/PROTOS-LOGOS-VERSIONES-13.png","contentUrl":"https:\/\/www.bodegasprotos.com\/wp-content\/uploads\/2024\/06\/PROTOS-LOGOS-VERSIONES-13.png","width":2362,"height":2362,"caption":"Bodegas Protos"},"image":{"@id":"https:\/\/www.bodegasprotos.com\/es\/#\/schema\/logo\/image\/"},"sameAs":["https:\/\/www.facebook.com\/BodegasProtos","https:\/\/x.com\/Bodegas_Protos","https:\/\/www.instagram.com\/bodegasprotosoficial\/","https:\/\/www.linkedin.com\/company\/bodegasprotos\/","https:\/\/pinterest.com\/BodegasProtos\/","http:\/\/www.youtube.com\/user\/BodegasProtos","https:\/\/es.wikipedia.org\/wiki\/Bodegas_Protos"]},{"@type":"Person","@id":"https:\/\/www.bodegasprotos.com\/es\/#\/schema\/person\/6cb69a08afa14171755cee0df7d20027","name":"Bodegas Protos (F)","image":{"@type":"ImageObject","inLanguage":"es","@id":"https:\/\/secure.gravatar.com\/avatar\/cc613a9fd2ee203f402357c1b4aa2b7c041016cbf1eab1e41bde410b2ebd7f94?s=96&d=mm&r=g","url":"https:\/\/secure.gravatar.com\/avatar\/cc613a9fd2ee203f402357c1b4aa2b7c041016cbf1eab1e41bde410b2ebd7f94?s=96&d=mm&r=g","contentUrl":"https:\/\/secure.gravatar.com\/avatar\/cc613a9fd2ee203f402357c1b4aa2b7c041016cbf1eab1e41bde410b2ebd7f94?s=96&d=mm&r=g","caption":"Bodegas Protos (F)"},"sameAs":["https:\/\/www.bodegasprotos.com"]}]}},"_links":{"self":[{"href":"https:\/\/www.bodegasprotos.com\/es\/wp-json\/wp\/v2\/posts\/18993","targetHints":{"allow":["GET"]}}],"collection":[{"href":"https:\/\/www.bodegasprotos.com\/es\/wp-json\/wp\/v2\/posts"}],"about":[{"href":"https:\/\/www.bodegasprotos.com\/es\/wp-json\/wp\/v2\/types\/post"}],"author":[{"embeddable":true,"href":"https:\/\/www.bodegasprotos.com\/es\/wp-json\/wp\/v2\/users\/3"}],"replies":[{"embeddable":true,"href":"https:\/\/www.bodegasprotos.com\/es\/wp-json\/wp\/v2\/comments?post=18993"}],"version-history":[{"count":0,"href":"https:\/\/www.bodegasprotos.com\/es\/wp-json\/wp\/v2\/posts\/18993\/revisions"}],"wp:featuredmedia":[{"embeddable":true,"href":"https:\/\/www.bodegasprotos.com\/es\/wp-json\/wp\/v2\/media\/19416"}],"wp:attachment":[{"href":"https:\/\/www.bodegasprotos.com\/es\/wp-json\/wp\/v2\/media?parent=18993"}],"wp:term":[{"taxonomy":"category","embeddable":true,"href":"https:\/\/www.bodegasprotos.com\/es\/wp-json\/wp\/v2\/categories?post=18993"},{"taxonomy":"post_tag","embeddable":true,"href":"https:\/\/www.bodegasprotos.com\/es\/wp-json\/wp\/v2\/tags?post=18993"}],"curies":[{"name":"wp","href":"https:\/\/api.w.org\/{rel}","templated":true}]}}