{"id":18982,"date":"2019-02-19T00:00:00","date_gmt":"2019-02-18T23:00:00","guid":{"rendered":"https:\/\/bodegasprotos.com\/2019\/02\/pinta-rosa-tu-invierno-protos-rosado-2018-aire-protos-2018\/"},"modified":"2020-03-09T09:37:36","modified_gmt":"2020-03-09T08:37:36","slug":"pinta-de-rosa-tu-invierno-con-protos-rosado-2018-y-aire-de-protos-2018","status":"publish","type":"post","link":"https:\/\/www.bodegasprotos.com\/es\/notas-de-prensa\/pinta-de-rosa-tu-invierno-con-protos-rosado-2018-y-aire-de-protos-2018\/","title":{"rendered":"PINTA DE ROSA TU INVIERNO CON PROTOS ROSADO 2018 Y AIRE DE PROTOS 2018"},"content":{"rendered":"<div class=\"coldcha\"><a class=\"lytebox lytebox01\" href=\"\/galeria\/fotto_not_696_1.jpg\"><img decoding=\"async\" class=\"wp-image_696_1 size-medium\" src=\"\/galeria\/minni_not_696_1.jpg\" alt=\"PINTA DE ROSA TU INVIERNO CON PROTOS ROSADO 2018 Y AIRE DE PROTOS 2018\" \/><\/a><\/div>\n<p><strong>La bodega presenta sus nuevas a\u00f1adas para sus rosados<\/strong><\/p>\n<p>Bodegas Protos quiere poner la nota de color al fr\u00edo invierno, presentando sus nuevas a\u00f1adas sus 2 rosados, Protos Rosado 2018 y Aire de Protos 2018, ambos elaborados con uva Tempranillo.<\/p>\n<p>Este a\u00f1o, la cosecha se ha caracterizado por \u00a0unas uvas en excelente estado sanitario, con gran equilibrio y un importante componente arom\u00e1tico, lo cual ha permitido elaborar unos vinos de una marcada personalidad, elegancia y sutileza.<\/p>\n<p><strong>Protos Rosado 2018<\/strong> ha sido macerado en fr\u00edo durante unas 15 horas para extraer el m\u00e1ximo de sus aromas y ha permanecido en dep\u00f3sitos de acero inoxidable a una temperatura controlada de 15\u00baC.<\/p>\n<p>Es un vino de color rosa frambuesa con matices viol\u00e1ceos en capa fina. Muy limpio, brillante y de tonalidad muy atractiva. En nariz, alta intensidad arom\u00e1tica. Vino muy fragante, donde predominan los aromas de frutos rojos muy golosos (fresas, frambuesas, moras\u2026). En boca, tiene un perfecto equilibrio, una entrada muy fresca y un final frutal y persistente que deja recuerdos de frutos rojos.<\/p>\n<p>Por su parte, <strong>Aire de protos 2018<\/strong> ha sido vendimiado 10 d\u00edas antes que el resto, con el objetivo de aprovechar el m\u00e1ximo de aromas acumulados en la piel y a su vez, tener la m\u00ednima cantidad de polifenoles que aportan color.<\/p>\n<p>Aire de Protos 2018 es un vino brillante, con un atractivo color rosa nacarado. En nariz es delicado y sugerente, donde dominan aromas de frutas rojas, junto con toques de fruta blanca y melocot\u00f3n y sutiles notas florales, que hacen que Aire de Protos sea un vino complejo y de gran personalidad. En boca, un rosado de paladar sedoso, goloso y afrutado, que deja un largo y fresco postgusto.<\/p>\n<p>Ambos vinos es aconsejable consumirlos a temperatura de entre 8\u00ba y 9\u00ba, y son perfectos para maridar con pescados azules, arroces, con carnes, arroz con curry, pasta, carnes blancas, quesos suaves y tiernos.<\/p>\n","protected":false},"excerpt":{"rendered":"<p>La bodega presenta sus nuevas a&ntilde;adas para sus rosados Bodegas Protos quiere poner la nota de color al fr&iacute;o invierno, presentando sus nuevas a&ntilde;adas sus 2 rosados, Protos Rosado 2018 y Aire de Protos 2018, ambos elaborados con uva Tempranillo. Este a&ntilde;o, la cosecha se ha caracterizado por &nbsp;unas uvas en excelente estado sanitario, con gran equilibrio y un importante &#8230;<\/p>\n","protected":false},"author":3,"featured_media":0,"comment_status":"closed","ping_status":"closed","sticky":false,"template":"","format":"standard","meta":{"_acf_changed":false,"footnotes":""},"categories":[94],"tags":[106],"class_list":["post-18982","post","type-post","status-publish","format-standard","hentry","category-notas-de-prensa","tag-notas-de-prensa"],"acf":[],"yoast_head":"<!-- This site is optimized with the Yoast SEO plugin v27.5 - https:\/\/yoast.com\/product\/yoast-seo-wordpress\/ -->\n<title>Bodegas Protos PINTA DE ROSA TU INVIERNO CON PROTOS ROSADO 2018 Y AIRE DE PROTOS 2018<\/title>\n<meta name=\"description\" content=\"La bodega presenta sus nuevas a\u00f1adas para sus rosados Bodegas Protos quiere poner la nota de color al fr\u00edo invierno, presentando sus ...\" \/>\n<meta name=\"robots\" content=\"index, follow, max-snippet:-1, max-image-preview:large, max-video-preview:-1\" \/>\n<link rel=\"canonical\" href=\"https:\/\/www.bodegasprotos.com\/es\/notas-de-prensa\/pinta-de-rosa-tu-invierno-con-protos-rosado-2018-y-aire-de-protos-2018\/\" \/>\n<meta property=\"og:locale\" content=\"es_ES\" \/>\n<meta property=\"og:type\" content=\"article\" \/>\n<meta property=\"og:title\" content=\"PINTA DE ROSA TU INVIERNO CON PROTOS ROSADO 2018 Y AIRE DE PROTOS 2018\" \/>\n<meta property=\"og:description\" content=\"La bodega presenta sus nuevas a\u00f1adas para sus rosados Bodegas Protos quiere poner la nota de color al fr\u00edo invierno, presentando sus ...\" \/>\n<meta property=\"og:url\" content=\"https:\/\/www.bodegasprotos.com\/es\/notas-de-prensa\/pinta-de-rosa-tu-invierno-con-protos-rosado-2018-y-aire-de-protos-2018\/\" \/>\n<meta property=\"og:site_name\" content=\"Bodegas Protos\" \/>\n<meta property=\"article:publisher\" content=\"https:\/\/www.facebook.com\/BodegasProtos\" \/>\n<meta property=\"article:published_time\" content=\"2019-02-18T23:00:00+00:00\" \/>\n<meta property=\"article:modified_time\" content=\"2020-03-09T08:37:36+00:00\" \/>\n<meta property=\"og:image\" content=\"https:\/\/www.bodegasprotos.com\/galeria\/minni_not_696_1.jpg\" \/>\n<meta name=\"author\" content=\"Bodegas Protos (F)\" \/>\n<meta name=\"twitter:card\" content=\"summary_large_image\" \/>\n<meta name=\"twitter:title\" content=\"PINTA DE ROSA TU INVIERNO CON PROTOS ROSADO 2018 Y AIRE DE PROTOS 2018\" \/>\n<meta name=\"twitter:creator\" content=\"@Bodegas_Protos\" \/>\n<meta name=\"twitter:site\" content=\"@Bodegas_Protos\" \/>\n<meta name=\"twitter:label1\" content=\"Escrito por\" \/>\n\t<meta name=\"twitter:data1\" content=\"Bodegas Protos (F)\" \/>\n\t<meta name=\"twitter:label2\" content=\"Tiempo de lectura\" \/>\n\t<meta name=\"twitter:data2\" content=\"2 minutos\" \/>\n<script type=\"application\/ld+json\" class=\"yoast-schema-graph\">{\"@context\":\"https:\\\/\\\/schema.org\",\"@graph\":[{\"@type\":\"Article\",\"@id\":\"https:\\\/\\\/www.bodegasprotos.com\\\/es\\\/notas-de-prensa\\\/pinta-de-rosa-tu-invierno-con-protos-rosado-2018-y-aire-de-protos-2018\\\/#article\",\"isPartOf\":{\"@id\":\"https:\\\/\\\/www.bodegasprotos.com\\\/es\\\/notas-de-prensa\\\/pinta-de-rosa-tu-invierno-con-protos-rosado-2018-y-aire-de-protos-2018\\\/\"},\"author\":{\"name\":\"Bodegas Protos (F)\",\"@id\":\"https:\\\/\\\/www.bodegasprotos.com\\\/es\\\/#\\\/schema\\\/person\\\/6cb69a08afa14171755cee0df7d20027\"},\"headline\":\"PINTA DE ROSA TU INVIERNO CON PROTOS ROSADO 2018 Y AIRE DE PROTOS 2018\",\"datePublished\":\"2019-02-18T23:00:00+00:00\",\"dateModified\":\"2020-03-09T08:37:36+00:00\",\"mainEntityOfPage\":{\"@id\":\"https:\\\/\\\/www.bodegasprotos.com\\\/es\\\/notas-de-prensa\\\/pinta-de-rosa-tu-invierno-con-protos-rosado-2018-y-aire-de-protos-2018\\\/\"},\"wordCount\":332,\"publisher\":{\"@id\":\"https:\\\/\\\/www.bodegasprotos.com\\\/es\\\/#organization\"},\"keywords\":[\"Notas de Prensa\"],\"articleSection\":[\"Notas de Prensa\"],\"inLanguage\":\"es\"},{\"@type\":\"WebPage\",\"@id\":\"https:\\\/\\\/www.bodegasprotos.com\\\/es\\\/notas-de-prensa\\\/pinta-de-rosa-tu-invierno-con-protos-rosado-2018-y-aire-de-protos-2018\\\/\",\"url\":\"https:\\\/\\\/www.bodegasprotos.com\\\/es\\\/notas-de-prensa\\\/pinta-de-rosa-tu-invierno-con-protos-rosado-2018-y-aire-de-protos-2018\\\/\",\"name\":\"Bodegas Protos PINTA DE ROSA TU INVIERNO CON PROTOS ROSADO 2018 Y AIRE DE PROTOS 2018\",\"isPartOf\":{\"@id\":\"https:\\\/\\\/www.bodegasprotos.com\\\/es\\\/#website\"},\"datePublished\":\"2019-02-18T23:00:00+00:00\",\"dateModified\":\"2020-03-09T08:37:36+00:00\",\"description\":\"La bodega presenta sus nuevas a\u00f1adas para sus rosados Bodegas Protos quiere poner la nota de color al fr\u00edo invierno, presentando sus ...\",\"breadcrumb\":{\"@id\":\"https:\\\/\\\/www.bodegasprotos.com\\\/es\\\/notas-de-prensa\\\/pinta-de-rosa-tu-invierno-con-protos-rosado-2018-y-aire-de-protos-2018\\\/#breadcrumb\"},\"inLanguage\":\"es\",\"potentialAction\":[{\"@type\":\"ReadAction\",\"target\":[\"https:\\\/\\\/www.bodegasprotos.com\\\/es\\\/notas-de-prensa\\\/pinta-de-rosa-tu-invierno-con-protos-rosado-2018-y-aire-de-protos-2018\\\/\"]}]},{\"@type\":\"BreadcrumbList\",\"@id\":\"https:\\\/\\\/www.bodegasprotos.com\\\/es\\\/notas-de-prensa\\\/pinta-de-rosa-tu-invierno-con-protos-rosado-2018-y-aire-de-protos-2018\\\/#breadcrumb\",\"itemListElement\":[{\"@type\":\"ListItem\",\"position\":1,\"name\":\"Portada\",\"item\":\"https:\\\/\\\/www.bodegasprotos.com\\\/es\\\/\"},{\"@type\":\"ListItem\",\"position\":2,\"name\":\"PINTA DE ROSA TU INVIERNO CON PROTOS ROSADO 2018 Y AIRE DE PROTOS 2018\"}]},{\"@type\":\"WebSite\",\"@id\":\"https:\\\/\\\/www.bodegasprotos.com\\\/es\\\/#website\",\"url\":\"https:\\\/\\\/www.bodegasprotos.com\\\/es\\\/\",\"name\":\"Bodegas Protos\",\"description\":\"Vinos de la Denominaci\u00f3n de Origen Ribera del Duero, Rueda y Cigales\",\"publisher\":{\"@id\":\"https:\\\/\\\/www.bodegasprotos.com\\\/es\\\/#organization\"},\"potentialAction\":[{\"@type\":\"SearchAction\",\"target\":{\"@type\":\"EntryPoint\",\"urlTemplate\":\"https:\\\/\\\/www.bodegasprotos.com\\\/es\\\/?s={search_term_string}\"},\"query-input\":{\"@type\":\"PropertyValueSpecification\",\"valueRequired\":true,\"valueName\":\"search_term_string\"}}],\"inLanguage\":\"es\"},{\"@type\":\"Organization\",\"@id\":\"https:\\\/\\\/www.bodegasprotos.com\\\/es\\\/#organization\",\"name\":\"Bodegas Protos\",\"url\":\"https:\\\/\\\/www.bodegasprotos.com\\\/es\\\/\",\"logo\":{\"@type\":\"ImageObject\",\"inLanguage\":\"es\",\"@id\":\"https:\\\/\\\/www.bodegasprotos.com\\\/es\\\/#\\\/schema\\\/logo\\\/image\\\/\",\"url\":\"https:\\\/\\\/www.bodegasprotos.com\\\/wp-content\\\/uploads\\\/2024\\\/06\\\/PROTOS-LOGOS-VERSIONES-13.png\",\"contentUrl\":\"https:\\\/\\\/www.bodegasprotos.com\\\/wp-content\\\/uploads\\\/2024\\\/06\\\/PROTOS-LOGOS-VERSIONES-13.png\",\"width\":2362,\"height\":2362,\"caption\":\"Bodegas Protos\"},\"image\":{\"@id\":\"https:\\\/\\\/www.bodegasprotos.com\\\/es\\\/#\\\/schema\\\/logo\\\/image\\\/\"},\"sameAs\":[\"https:\\\/\\\/www.facebook.com\\\/BodegasProtos\",\"https:\\\/\\\/x.com\\\/Bodegas_Protos\",\"https:\\\/\\\/www.instagram.com\\\/bodegasprotosoficial\\\/\",\"https:\\\/\\\/www.linkedin.com\\\/company\\\/bodegasprotos\\\/\",\"https:\\\/\\\/pinterest.com\\\/BodegasProtos\\\/\",\"http:\\\/\\\/www.youtube.com\\\/user\\\/BodegasProtos\",\"https:\\\/\\\/es.wikipedia.org\\\/wiki\\\/Bodegas_Protos\"]},{\"@type\":\"Person\",\"@id\":\"https:\\\/\\\/www.bodegasprotos.com\\\/es\\\/#\\\/schema\\\/person\\\/6cb69a08afa14171755cee0df7d20027\",\"name\":\"Bodegas Protos (F)\",\"image\":{\"@type\":\"ImageObject\",\"inLanguage\":\"es\",\"@id\":\"https:\\\/\\\/secure.gravatar.com\\\/avatar\\\/cc613a9fd2ee203f402357c1b4aa2b7c041016cbf1eab1e41bde410b2ebd7f94?s=96&d=mm&r=g\",\"url\":\"https:\\\/\\\/secure.gravatar.com\\\/avatar\\\/cc613a9fd2ee203f402357c1b4aa2b7c041016cbf1eab1e41bde410b2ebd7f94?s=96&d=mm&r=g\",\"contentUrl\":\"https:\\\/\\\/secure.gravatar.com\\\/avatar\\\/cc613a9fd2ee203f402357c1b4aa2b7c041016cbf1eab1e41bde410b2ebd7f94?s=96&d=mm&r=g\",\"caption\":\"Bodegas Protos (F)\"},\"sameAs\":[\"https:\\\/\\\/www.bodegasprotos.com\"]}]}<\/script>\n<!-- \/ Yoast SEO plugin. -->","yoast_head_json":{"title":"Bodegas Protos PINTA DE ROSA TU INVIERNO CON PROTOS ROSADO 2018 Y AIRE DE PROTOS 2018","description":"La bodega presenta sus nuevas a\u00f1adas para sus rosados Bodegas Protos quiere poner la nota de color al fr\u00edo invierno, presentando sus ...","robots":{"index":"index","follow":"follow","max-snippet":"max-snippet:-1","max-image-preview":"max-image-preview:large","max-video-preview":"max-video-preview:-1"},"canonical":"https:\/\/www.bodegasprotos.com\/es\/notas-de-prensa\/pinta-de-rosa-tu-invierno-con-protos-rosado-2018-y-aire-de-protos-2018\/","og_locale":"es_ES","og_type":"article","og_title":"PINTA DE ROSA TU INVIERNO CON PROTOS ROSADO 2018 Y AIRE DE PROTOS 2018","og_description":"La bodega presenta sus nuevas a\u00f1adas para sus rosados Bodegas Protos quiere poner la nota de color al fr\u00edo invierno, presentando sus ...","og_url":"https:\/\/www.bodegasprotos.com\/es\/notas-de-prensa\/pinta-de-rosa-tu-invierno-con-protos-rosado-2018-y-aire-de-protos-2018\/","og_site_name":"Bodegas Protos","article_publisher":"https:\/\/www.facebook.com\/BodegasProtos","article_published_time":"2019-02-18T23:00:00+00:00","article_modified_time":"2020-03-09T08:37:36+00:00","og_image":[{"url":"https:\/\/www.bodegasprotos.com\/galeria\/minni_not_696_1.jpg","type":"","width":"","height":""}],"author":"Bodegas Protos (F)","twitter_card":"summary_large_image","twitter_title":"PINTA DE ROSA TU INVIERNO CON PROTOS ROSADO 2018 Y AIRE DE PROTOS 2018","twitter_creator":"@Bodegas_Protos","twitter_site":"@Bodegas_Protos","twitter_misc":{"Escrito por":"Bodegas Protos (F)","Tiempo de lectura":"2 minutos"},"schema":{"@context":"https:\/\/schema.org","@graph":[{"@type":"Article","@id":"https:\/\/www.bodegasprotos.com\/es\/notas-de-prensa\/pinta-de-rosa-tu-invierno-con-protos-rosado-2018-y-aire-de-protos-2018\/#article","isPartOf":{"@id":"https:\/\/www.bodegasprotos.com\/es\/notas-de-prensa\/pinta-de-rosa-tu-invierno-con-protos-rosado-2018-y-aire-de-protos-2018\/"},"author":{"name":"Bodegas Protos (F)","@id":"https:\/\/www.bodegasprotos.com\/es\/#\/schema\/person\/6cb69a08afa14171755cee0df7d20027"},"headline":"PINTA DE ROSA TU INVIERNO CON PROTOS ROSADO 2018 Y AIRE DE PROTOS 2018","datePublished":"2019-02-18T23:00:00+00:00","dateModified":"2020-03-09T08:37:36+00:00","mainEntityOfPage":{"@id":"https:\/\/www.bodegasprotos.com\/es\/notas-de-prensa\/pinta-de-rosa-tu-invierno-con-protos-rosado-2018-y-aire-de-protos-2018\/"},"wordCount":332,"publisher":{"@id":"https:\/\/www.bodegasprotos.com\/es\/#organization"},"keywords":["Notas de Prensa"],"articleSection":["Notas de Prensa"],"inLanguage":"es"},{"@type":"WebPage","@id":"https:\/\/www.bodegasprotos.com\/es\/notas-de-prensa\/pinta-de-rosa-tu-invierno-con-protos-rosado-2018-y-aire-de-protos-2018\/","url":"https:\/\/www.bodegasprotos.com\/es\/notas-de-prensa\/pinta-de-rosa-tu-invierno-con-protos-rosado-2018-y-aire-de-protos-2018\/","name":"Bodegas Protos PINTA DE ROSA TU INVIERNO CON PROTOS ROSADO 2018 Y AIRE DE PROTOS 2018","isPartOf":{"@id":"https:\/\/www.bodegasprotos.com\/es\/#website"},"datePublished":"2019-02-18T23:00:00+00:00","dateModified":"2020-03-09T08:37:36+00:00","description":"La bodega presenta sus nuevas a\u00f1adas para sus rosados Bodegas Protos quiere poner la nota de color al fr\u00edo invierno, presentando sus ...","breadcrumb":{"@id":"https:\/\/www.bodegasprotos.com\/es\/notas-de-prensa\/pinta-de-rosa-tu-invierno-con-protos-rosado-2018-y-aire-de-protos-2018\/#breadcrumb"},"inLanguage":"es","potentialAction":[{"@type":"ReadAction","target":["https:\/\/www.bodegasprotos.com\/es\/notas-de-prensa\/pinta-de-rosa-tu-invierno-con-protos-rosado-2018-y-aire-de-protos-2018\/"]}]},{"@type":"BreadcrumbList","@id":"https:\/\/www.bodegasprotos.com\/es\/notas-de-prensa\/pinta-de-rosa-tu-invierno-con-protos-rosado-2018-y-aire-de-protos-2018\/#breadcrumb","itemListElement":[{"@type":"ListItem","position":1,"name":"Portada","item":"https:\/\/www.bodegasprotos.com\/es\/"},{"@type":"ListItem","position":2,"name":"PINTA DE ROSA TU INVIERNO CON PROTOS ROSADO 2018 Y AIRE DE PROTOS 2018"}]},{"@type":"WebSite","@id":"https:\/\/www.bodegasprotos.com\/es\/#website","url":"https:\/\/www.bodegasprotos.com\/es\/","name":"Bodegas Protos","description":"Vinos de la Denominaci\u00f3n de Origen Ribera del Duero, Rueda y Cigales","publisher":{"@id":"https:\/\/www.bodegasprotos.com\/es\/#organization"},"potentialAction":[{"@type":"SearchAction","target":{"@type":"EntryPoint","urlTemplate":"https:\/\/www.bodegasprotos.com\/es\/?s={search_term_string}"},"query-input":{"@type":"PropertyValueSpecification","valueRequired":true,"valueName":"search_term_string"}}],"inLanguage":"es"},{"@type":"Organization","@id":"https:\/\/www.bodegasprotos.com\/es\/#organization","name":"Bodegas Protos","url":"https:\/\/www.bodegasprotos.com\/es\/","logo":{"@type":"ImageObject","inLanguage":"es","@id":"https:\/\/www.bodegasprotos.com\/es\/#\/schema\/logo\/image\/","url":"https:\/\/www.bodegasprotos.com\/wp-content\/uploads\/2024\/06\/PROTOS-LOGOS-VERSIONES-13.png","contentUrl":"https:\/\/www.bodegasprotos.com\/wp-content\/uploads\/2024\/06\/PROTOS-LOGOS-VERSIONES-13.png","width":2362,"height":2362,"caption":"Bodegas Protos"},"image":{"@id":"https:\/\/www.bodegasprotos.com\/es\/#\/schema\/logo\/image\/"},"sameAs":["https:\/\/www.facebook.com\/BodegasProtos","https:\/\/x.com\/Bodegas_Protos","https:\/\/www.instagram.com\/bodegasprotosoficial\/","https:\/\/www.linkedin.com\/company\/bodegasprotos\/","https:\/\/pinterest.com\/BodegasProtos\/","http:\/\/www.youtube.com\/user\/BodegasProtos","https:\/\/es.wikipedia.org\/wiki\/Bodegas_Protos"]},{"@type":"Person","@id":"https:\/\/www.bodegasprotos.com\/es\/#\/schema\/person\/6cb69a08afa14171755cee0df7d20027","name":"Bodegas Protos (F)","image":{"@type":"ImageObject","inLanguage":"es","@id":"https:\/\/secure.gravatar.com\/avatar\/cc613a9fd2ee203f402357c1b4aa2b7c041016cbf1eab1e41bde410b2ebd7f94?s=96&d=mm&r=g","url":"https:\/\/secure.gravatar.com\/avatar\/cc613a9fd2ee203f402357c1b4aa2b7c041016cbf1eab1e41bde410b2ebd7f94?s=96&d=mm&r=g","contentUrl":"https:\/\/secure.gravatar.com\/avatar\/cc613a9fd2ee203f402357c1b4aa2b7c041016cbf1eab1e41bde410b2ebd7f94?s=96&d=mm&r=g","caption":"Bodegas Protos (F)"},"sameAs":["https:\/\/www.bodegasprotos.com"]}]}},"_links":{"self":[{"href":"https:\/\/www.bodegasprotos.com\/es\/wp-json\/wp\/v2\/posts\/18982","targetHints":{"allow":["GET"]}}],"collection":[{"href":"https:\/\/www.bodegasprotos.com\/es\/wp-json\/wp\/v2\/posts"}],"about":[{"href":"https:\/\/www.bodegasprotos.com\/es\/wp-json\/wp\/v2\/types\/post"}],"author":[{"embeddable":true,"href":"https:\/\/www.bodegasprotos.com\/es\/wp-json\/wp\/v2\/users\/3"}],"replies":[{"embeddable":true,"href":"https:\/\/www.bodegasprotos.com\/es\/wp-json\/wp\/v2\/comments?post=18982"}],"version-history":[{"count":0,"href":"https:\/\/www.bodegasprotos.com\/es\/wp-json\/wp\/v2\/posts\/18982\/revisions"}],"wp:attachment":[{"href":"https:\/\/www.bodegasprotos.com\/es\/wp-json\/wp\/v2\/media?parent=18982"}],"wp:term":[{"taxonomy":"category","embeddable":true,"href":"https:\/\/www.bodegasprotos.com\/es\/wp-json\/wp\/v2\/categories?post=18982"},{"taxonomy":"post_tag","embeddable":true,"href":"https:\/\/www.bodegasprotos.com\/es\/wp-json\/wp\/v2\/tags?post=18982"}],"curies":[{"name":"wp","href":"https:\/\/api.w.org\/{rel}","templated":true}]}}