{"id":18968,"date":"2018-09-04T00:00:00","date_gmt":"2018-09-03T22:00:00","guid":{"rendered":"https:\/\/bodegasprotos.com\/2018\/09\/ganadores-sorteo-presentacion-protos-gira-el-sentido-humor-dos-tontos-yo\/"},"modified":"2020-03-09T09:30:32","modified_gmt":"2020-03-09T08:30:32","slug":"ganadores-sorteo-presentacion-de-protos-gira-el-sentido-del-humor-dos-tontos-y-yo","status":"publish","type":"post","link":"https:\/\/www.bodegasprotos.com\/es\/notas-de-prensa\/ganadores-sorteo-presentacion-de-protos-gira-el-sentido-del-humor-dos-tontos-y-yo\/","title":{"rendered":"GANADORES SORTEO PRESENTACI\u00d3N DE PROTOS GIRA &quot;EL SENTIDO DEL HUMOR: DOS TONTOS Y YO&quot;"},"content":{"rendered":"<div class=\"coldcha\"><\/div>\n<p>Ya tenemos ganadores de nuestro \u00faltimo concurso.<\/p>\n<p>Los afortunados que nos acompa\u00f1ar\u00e1n ma\u00f1ana en Madrid para la presentaci\u00f3n de Protos de la gira \u00abEl Sentido del Humor: Dos tontos y yo\u00bb\u00a0,para re\u00edr junto a nosotros de la mano de los genios Santiago Segura, Florentino Fern\u00e1ndez\u00a0 y Jos\u00e9 Mota son:<\/p>\n<ul>\n<li>@agdelucio<\/li>\n<li>@ZararetCastillo<\/li>\n<li>@MariaManuela_28<\/li>\n<li>@patula73<\/li>\n<li>olipichiflu<\/li>\n<\/ul>\n<p>Gracias!<\/p>\n","protected":false},"excerpt":{"rendered":"<p>Ya tenemos ganadores de nuestro &uacute;ltimo concurso. Los afortunados que nos acompa&ntilde;ar&aacute;n ma&ntilde;ana en Madrid para la presentaci&oacute;n de Protos de la gira &quot;El Sentido del Humor: Dos tontos y yo&quot;&nbsp;,para re&iacute;r junto a nosotros de la mano de los genios Santiago Segura, Florentino Fern&aacute;ndez&nbsp; y Jos&eacute; Mota son:  &#8230;<\/p>\n","protected":false},"author":3,"featured_media":0,"comment_status":"closed","ping_status":"closed","sticky":false,"template":"","format":"standard","meta":{"_acf_changed":false,"footnotes":""},"categories":[94],"tags":[106],"class_list":["post-18968","post","type-post","status-publish","format-standard","hentry","category-notas-de-prensa","tag-notas-de-prensa"],"acf":[],"yoast_head":"<!-- This site is optimized with the Yoast SEO plugin v27.5 - https:\/\/yoast.com\/product\/yoast-seo-wordpress\/ -->\n<title>Bodegas Protos GANADORES SORTEO PRESENTACI\u00d3N DE PROTOS GIRA &quot;EL SENTIDO DEL HUMOR: DOS TONTOS Y YO&quot;<\/title>\n<meta name=\"description\" content=\"Ya tenemos ganadores de nuestro \u00faltimo concurso. Los afortunados que nos acompa\u00f1ar\u00e1n ma\u00f1ana en Madrid para la ...\" \/>\n<meta name=\"robots\" content=\"index, follow, max-snippet:-1, max-image-preview:large, max-video-preview:-1\" \/>\n<link rel=\"canonical\" href=\"https:\/\/www.bodegasprotos.com\/es\/notas-de-prensa\/ganadores-sorteo-presentacion-de-protos-gira-el-sentido-del-humor-dos-tontos-y-yo\/\" \/>\n<meta property=\"og:locale\" content=\"es_ES\" \/>\n<meta property=\"og:type\" content=\"article\" \/>\n<meta property=\"og:title\" content=\"GANADORES SORTEO PRESENTACI\u00d3N DE PROTOS GIRA &quot;EL SENTIDO DEL HUMOR: DOS TONTOS Y YO&quot;\" \/>\n<meta property=\"og:description\" content=\"Ya tenemos ganadores de nuestro \u00faltimo concurso. Los afortunados que nos acompa\u00f1ar\u00e1n ma\u00f1ana en Madrid para la ...\" \/>\n<meta property=\"og:url\" content=\"https:\/\/www.bodegasprotos.com\/es\/notas-de-prensa\/ganadores-sorteo-presentacion-de-protos-gira-el-sentido-del-humor-dos-tontos-y-yo\/\" \/>\n<meta property=\"og:site_name\" content=\"Bodegas Protos\" \/>\n<meta property=\"article:publisher\" content=\"https:\/\/www.facebook.com\/BodegasProtos\" \/>\n<meta property=\"article:published_time\" content=\"2018-09-03T22:00:00+00:00\" \/>\n<meta property=\"article:modified_time\" content=\"2020-03-09T08:30:32+00:00\" \/>\n<meta name=\"author\" content=\"Bodegas Protos (F)\" \/>\n<meta name=\"twitter:card\" content=\"summary_large_image\" \/>\n<meta name=\"twitter:title\" content=\"GANADORES SORTEO PRESENTACI\u00d3N DE PROTOS GIRA &quot;EL SENTIDO DEL HUMOR: DOS TONTOS Y YO&quot;\" \/>\n<meta name=\"twitter:creator\" content=\"@Bodegas_Protos\" \/>\n<meta name=\"twitter:site\" content=\"@Bodegas_Protos\" \/>\n<meta name=\"twitter:label1\" content=\"Escrito por\" \/>\n\t<meta name=\"twitter:data1\" content=\"Bodegas Protos (F)\" \/>\n<script type=\"application\/ld+json\" class=\"yoast-schema-graph\">{\"@context\":\"https:\\\/\\\/schema.org\",\"@graph\":[{\"@type\":\"Article\",\"@id\":\"https:\\\/\\\/www.bodegasprotos.com\\\/es\\\/notas-de-prensa\\\/ganadores-sorteo-presentacion-de-protos-gira-el-sentido-del-humor-dos-tontos-y-yo\\\/#article\",\"isPartOf\":{\"@id\":\"https:\\\/\\\/www.bodegasprotos.com\\\/es\\\/notas-de-prensa\\\/ganadores-sorteo-presentacion-de-protos-gira-el-sentido-del-humor-dos-tontos-y-yo\\\/\"},\"author\":{\"name\":\"Bodegas Protos (F)\",\"@id\":\"https:\\\/\\\/www.bodegasprotos.com\\\/es\\\/#\\\/schema\\\/person\\\/6cb69a08afa14171755cee0df7d20027\"},\"headline\":\"GANADORES SORTEO PRESENTACI\u00d3N DE PROTOS GIRA &quot;EL SENTIDO DEL HUMOR: DOS TONTOS Y YO&quot;\",\"datePublished\":\"2018-09-03T22:00:00+00:00\",\"dateModified\":\"2020-03-09T08:30:32+00:00\",\"mainEntityOfPage\":{\"@id\":\"https:\\\/\\\/www.bodegasprotos.com\\\/es\\\/notas-de-prensa\\\/ganadores-sorteo-presentacion-de-protos-gira-el-sentido-del-humor-dos-tontos-y-yo\\\/\"},\"wordCount\":79,\"publisher\":{\"@id\":\"https:\\\/\\\/www.bodegasprotos.com\\\/es\\\/#organization\"},\"keywords\":[\"Notas de Prensa\"],\"articleSection\":[\"Notas de Prensa\"],\"inLanguage\":\"es\"},{\"@type\":\"WebPage\",\"@id\":\"https:\\\/\\\/www.bodegasprotos.com\\\/es\\\/notas-de-prensa\\\/ganadores-sorteo-presentacion-de-protos-gira-el-sentido-del-humor-dos-tontos-y-yo\\\/\",\"url\":\"https:\\\/\\\/www.bodegasprotos.com\\\/es\\\/notas-de-prensa\\\/ganadores-sorteo-presentacion-de-protos-gira-el-sentido-del-humor-dos-tontos-y-yo\\\/\",\"name\":\"Bodegas Protos GANADORES SORTEO PRESENTACI\u00d3N DE PROTOS GIRA \\\"EL SENTIDO DEL HUMOR: DOS TONTOS Y YO\\\"\",\"isPartOf\":{\"@id\":\"https:\\\/\\\/www.bodegasprotos.com\\\/es\\\/#website\"},\"datePublished\":\"2018-09-03T22:00:00+00:00\",\"dateModified\":\"2020-03-09T08:30:32+00:00\",\"description\":\"Ya tenemos ganadores de nuestro \u00faltimo concurso. Los afortunados que nos acompa\u00f1ar\u00e1n ma\u00f1ana en Madrid para la ...\",\"breadcrumb\":{\"@id\":\"https:\\\/\\\/www.bodegasprotos.com\\\/es\\\/notas-de-prensa\\\/ganadores-sorteo-presentacion-de-protos-gira-el-sentido-del-humor-dos-tontos-y-yo\\\/#breadcrumb\"},\"inLanguage\":\"es\",\"potentialAction\":[{\"@type\":\"ReadAction\",\"target\":[\"https:\\\/\\\/www.bodegasprotos.com\\\/es\\\/notas-de-prensa\\\/ganadores-sorteo-presentacion-de-protos-gira-el-sentido-del-humor-dos-tontos-y-yo\\\/\"]}]},{\"@type\":\"BreadcrumbList\",\"@id\":\"https:\\\/\\\/www.bodegasprotos.com\\\/es\\\/notas-de-prensa\\\/ganadores-sorteo-presentacion-de-protos-gira-el-sentido-del-humor-dos-tontos-y-yo\\\/#breadcrumb\",\"itemListElement\":[{\"@type\":\"ListItem\",\"position\":1,\"name\":\"Portada\",\"item\":\"https:\\\/\\\/www.bodegasprotos.com\\\/es\\\/\"},{\"@type\":\"ListItem\",\"position\":2,\"name\":\"GANADORES SORTEO PRESENTACI\u00d3N DE PROTOS GIRA &quot;EL SENTIDO DEL HUMOR: DOS TONTOS Y YO&quot;\"}]},{\"@type\":\"WebSite\",\"@id\":\"https:\\\/\\\/www.bodegasprotos.com\\\/es\\\/#website\",\"url\":\"https:\\\/\\\/www.bodegasprotos.com\\\/es\\\/\",\"name\":\"Bodegas Protos\",\"description\":\"Vinos de la Denominaci\u00f3n de Origen Ribera del Duero, Rueda y Cigales\",\"publisher\":{\"@id\":\"https:\\\/\\\/www.bodegasprotos.com\\\/es\\\/#organization\"},\"potentialAction\":[{\"@type\":\"SearchAction\",\"target\":{\"@type\":\"EntryPoint\",\"urlTemplate\":\"https:\\\/\\\/www.bodegasprotos.com\\\/es\\\/?s={search_term_string}\"},\"query-input\":{\"@type\":\"PropertyValueSpecification\",\"valueRequired\":true,\"valueName\":\"search_term_string\"}}],\"inLanguage\":\"es\"},{\"@type\":\"Organization\",\"@id\":\"https:\\\/\\\/www.bodegasprotos.com\\\/es\\\/#organization\",\"name\":\"Bodegas Protos\",\"url\":\"https:\\\/\\\/www.bodegasprotos.com\\\/es\\\/\",\"logo\":{\"@type\":\"ImageObject\",\"inLanguage\":\"es\",\"@id\":\"https:\\\/\\\/www.bodegasprotos.com\\\/es\\\/#\\\/schema\\\/logo\\\/image\\\/\",\"url\":\"https:\\\/\\\/www.bodegasprotos.com\\\/wp-content\\\/uploads\\\/2024\\\/06\\\/PROTOS-LOGOS-VERSIONES-13.png\",\"contentUrl\":\"https:\\\/\\\/www.bodegasprotos.com\\\/wp-content\\\/uploads\\\/2024\\\/06\\\/PROTOS-LOGOS-VERSIONES-13.png\",\"width\":2362,\"height\":2362,\"caption\":\"Bodegas Protos\"},\"image\":{\"@id\":\"https:\\\/\\\/www.bodegasprotos.com\\\/es\\\/#\\\/schema\\\/logo\\\/image\\\/\"},\"sameAs\":[\"https:\\\/\\\/www.facebook.com\\\/BodegasProtos\",\"https:\\\/\\\/x.com\\\/Bodegas_Protos\",\"https:\\\/\\\/www.instagram.com\\\/bodegasprotosoficial\\\/\",\"https:\\\/\\\/www.linkedin.com\\\/company\\\/bodegasprotos\\\/\",\"https:\\\/\\\/pinterest.com\\\/BodegasProtos\\\/\",\"http:\\\/\\\/www.youtube.com\\\/user\\\/BodegasProtos\",\"https:\\\/\\\/es.wikipedia.org\\\/wiki\\\/Bodegas_Protos\"]},{\"@type\":\"Person\",\"@id\":\"https:\\\/\\\/www.bodegasprotos.com\\\/es\\\/#\\\/schema\\\/person\\\/6cb69a08afa14171755cee0df7d20027\",\"name\":\"Bodegas Protos (F)\",\"image\":{\"@type\":\"ImageObject\",\"inLanguage\":\"es\",\"@id\":\"https:\\\/\\\/secure.gravatar.com\\\/avatar\\\/cc613a9fd2ee203f402357c1b4aa2b7c041016cbf1eab1e41bde410b2ebd7f94?s=96&d=mm&r=g\",\"url\":\"https:\\\/\\\/secure.gravatar.com\\\/avatar\\\/cc613a9fd2ee203f402357c1b4aa2b7c041016cbf1eab1e41bde410b2ebd7f94?s=96&d=mm&r=g\",\"contentUrl\":\"https:\\\/\\\/secure.gravatar.com\\\/avatar\\\/cc613a9fd2ee203f402357c1b4aa2b7c041016cbf1eab1e41bde410b2ebd7f94?s=96&d=mm&r=g\",\"caption\":\"Bodegas Protos (F)\"},\"sameAs\":[\"https:\\\/\\\/www.bodegasprotos.com\"]}]}<\/script>\n<!-- \/ Yoast SEO plugin. -->","yoast_head_json":{"title":"Bodegas Protos GANADORES SORTEO PRESENTACI\u00d3N DE PROTOS GIRA \"EL SENTIDO DEL HUMOR: DOS TONTOS Y YO\"","description":"Ya tenemos ganadores de nuestro \u00faltimo concurso. Los afortunados que nos acompa\u00f1ar\u00e1n ma\u00f1ana en Madrid para la ...","robots":{"index":"index","follow":"follow","max-snippet":"max-snippet:-1","max-image-preview":"max-image-preview:large","max-video-preview":"max-video-preview:-1"},"canonical":"https:\/\/www.bodegasprotos.com\/es\/notas-de-prensa\/ganadores-sorteo-presentacion-de-protos-gira-el-sentido-del-humor-dos-tontos-y-yo\/","og_locale":"es_ES","og_type":"article","og_title":"GANADORES SORTEO PRESENTACI\u00d3N DE PROTOS GIRA \"EL SENTIDO DEL HUMOR: DOS TONTOS Y YO\"","og_description":"Ya tenemos ganadores de nuestro \u00faltimo concurso. Los afortunados que nos acompa\u00f1ar\u00e1n ma\u00f1ana en Madrid para la ...","og_url":"https:\/\/www.bodegasprotos.com\/es\/notas-de-prensa\/ganadores-sorteo-presentacion-de-protos-gira-el-sentido-del-humor-dos-tontos-y-yo\/","og_site_name":"Bodegas Protos","article_publisher":"https:\/\/www.facebook.com\/BodegasProtos","article_published_time":"2018-09-03T22:00:00+00:00","article_modified_time":"2020-03-09T08:30:32+00:00","author":"Bodegas Protos (F)","twitter_card":"summary_large_image","twitter_title":"GANADORES SORTEO PRESENTACI\u00d3N DE PROTOS GIRA \"EL SENTIDO DEL HUMOR: DOS TONTOS Y YO\"","twitter_creator":"@Bodegas_Protos","twitter_site":"@Bodegas_Protos","twitter_misc":{"Escrito por":"Bodegas Protos (F)"},"schema":{"@context":"https:\/\/schema.org","@graph":[{"@type":"Article","@id":"https:\/\/www.bodegasprotos.com\/es\/notas-de-prensa\/ganadores-sorteo-presentacion-de-protos-gira-el-sentido-del-humor-dos-tontos-y-yo\/#article","isPartOf":{"@id":"https:\/\/www.bodegasprotos.com\/es\/notas-de-prensa\/ganadores-sorteo-presentacion-de-protos-gira-el-sentido-del-humor-dos-tontos-y-yo\/"},"author":{"name":"Bodegas Protos (F)","@id":"https:\/\/www.bodegasprotos.com\/es\/#\/schema\/person\/6cb69a08afa14171755cee0df7d20027"},"headline":"GANADORES SORTEO PRESENTACI\u00d3N DE PROTOS GIRA &quot;EL SENTIDO DEL HUMOR: DOS TONTOS Y YO&quot;","datePublished":"2018-09-03T22:00:00+00:00","dateModified":"2020-03-09T08:30:32+00:00","mainEntityOfPage":{"@id":"https:\/\/www.bodegasprotos.com\/es\/notas-de-prensa\/ganadores-sorteo-presentacion-de-protos-gira-el-sentido-del-humor-dos-tontos-y-yo\/"},"wordCount":79,"publisher":{"@id":"https:\/\/www.bodegasprotos.com\/es\/#organization"},"keywords":["Notas de Prensa"],"articleSection":["Notas de Prensa"],"inLanguage":"es"},{"@type":"WebPage","@id":"https:\/\/www.bodegasprotos.com\/es\/notas-de-prensa\/ganadores-sorteo-presentacion-de-protos-gira-el-sentido-del-humor-dos-tontos-y-yo\/","url":"https:\/\/www.bodegasprotos.com\/es\/notas-de-prensa\/ganadores-sorteo-presentacion-de-protos-gira-el-sentido-del-humor-dos-tontos-y-yo\/","name":"Bodegas Protos GANADORES SORTEO PRESENTACI\u00d3N DE PROTOS GIRA \"EL SENTIDO DEL HUMOR: DOS TONTOS Y YO\"","isPartOf":{"@id":"https:\/\/www.bodegasprotos.com\/es\/#website"},"datePublished":"2018-09-03T22:00:00+00:00","dateModified":"2020-03-09T08:30:32+00:00","description":"Ya tenemos ganadores de nuestro \u00faltimo concurso. Los afortunados que nos acompa\u00f1ar\u00e1n ma\u00f1ana en Madrid para la ...","breadcrumb":{"@id":"https:\/\/www.bodegasprotos.com\/es\/notas-de-prensa\/ganadores-sorteo-presentacion-de-protos-gira-el-sentido-del-humor-dos-tontos-y-yo\/#breadcrumb"},"inLanguage":"es","potentialAction":[{"@type":"ReadAction","target":["https:\/\/www.bodegasprotos.com\/es\/notas-de-prensa\/ganadores-sorteo-presentacion-de-protos-gira-el-sentido-del-humor-dos-tontos-y-yo\/"]}]},{"@type":"BreadcrumbList","@id":"https:\/\/www.bodegasprotos.com\/es\/notas-de-prensa\/ganadores-sorteo-presentacion-de-protos-gira-el-sentido-del-humor-dos-tontos-y-yo\/#breadcrumb","itemListElement":[{"@type":"ListItem","position":1,"name":"Portada","item":"https:\/\/www.bodegasprotos.com\/es\/"},{"@type":"ListItem","position":2,"name":"GANADORES SORTEO PRESENTACI\u00d3N DE PROTOS GIRA &quot;EL SENTIDO DEL HUMOR: DOS TONTOS Y YO&quot;"}]},{"@type":"WebSite","@id":"https:\/\/www.bodegasprotos.com\/es\/#website","url":"https:\/\/www.bodegasprotos.com\/es\/","name":"Bodegas Protos","description":"Vinos de la Denominaci\u00f3n de Origen Ribera del Duero, Rueda y Cigales","publisher":{"@id":"https:\/\/www.bodegasprotos.com\/es\/#organization"},"potentialAction":[{"@type":"SearchAction","target":{"@type":"EntryPoint","urlTemplate":"https:\/\/www.bodegasprotos.com\/es\/?s={search_term_string}"},"query-input":{"@type":"PropertyValueSpecification","valueRequired":true,"valueName":"search_term_string"}}],"inLanguage":"es"},{"@type":"Organization","@id":"https:\/\/www.bodegasprotos.com\/es\/#organization","name":"Bodegas Protos","url":"https:\/\/www.bodegasprotos.com\/es\/","logo":{"@type":"ImageObject","inLanguage":"es","@id":"https:\/\/www.bodegasprotos.com\/es\/#\/schema\/logo\/image\/","url":"https:\/\/www.bodegasprotos.com\/wp-content\/uploads\/2024\/06\/PROTOS-LOGOS-VERSIONES-13.png","contentUrl":"https:\/\/www.bodegasprotos.com\/wp-content\/uploads\/2024\/06\/PROTOS-LOGOS-VERSIONES-13.png","width":2362,"height":2362,"caption":"Bodegas Protos"},"image":{"@id":"https:\/\/www.bodegasprotos.com\/es\/#\/schema\/logo\/image\/"},"sameAs":["https:\/\/www.facebook.com\/BodegasProtos","https:\/\/x.com\/Bodegas_Protos","https:\/\/www.instagram.com\/bodegasprotosoficial\/","https:\/\/www.linkedin.com\/company\/bodegasprotos\/","https:\/\/pinterest.com\/BodegasProtos\/","http:\/\/www.youtube.com\/user\/BodegasProtos","https:\/\/es.wikipedia.org\/wiki\/Bodegas_Protos"]},{"@type":"Person","@id":"https:\/\/www.bodegasprotos.com\/es\/#\/schema\/person\/6cb69a08afa14171755cee0df7d20027","name":"Bodegas Protos (F)","image":{"@type":"ImageObject","inLanguage":"es","@id":"https:\/\/secure.gravatar.com\/avatar\/cc613a9fd2ee203f402357c1b4aa2b7c041016cbf1eab1e41bde410b2ebd7f94?s=96&d=mm&r=g","url":"https:\/\/secure.gravatar.com\/avatar\/cc613a9fd2ee203f402357c1b4aa2b7c041016cbf1eab1e41bde410b2ebd7f94?s=96&d=mm&r=g","contentUrl":"https:\/\/secure.gravatar.com\/avatar\/cc613a9fd2ee203f402357c1b4aa2b7c041016cbf1eab1e41bde410b2ebd7f94?s=96&d=mm&r=g","caption":"Bodegas Protos (F)"},"sameAs":["https:\/\/www.bodegasprotos.com"]}]}},"_links":{"self":[{"href":"https:\/\/www.bodegasprotos.com\/es\/wp-json\/wp\/v2\/posts\/18968","targetHints":{"allow":["GET"]}}],"collection":[{"href":"https:\/\/www.bodegasprotos.com\/es\/wp-json\/wp\/v2\/posts"}],"about":[{"href":"https:\/\/www.bodegasprotos.com\/es\/wp-json\/wp\/v2\/types\/post"}],"author":[{"embeddable":true,"href":"https:\/\/www.bodegasprotos.com\/es\/wp-json\/wp\/v2\/users\/3"}],"replies":[{"embeddable":true,"href":"https:\/\/www.bodegasprotos.com\/es\/wp-json\/wp\/v2\/comments?post=18968"}],"version-history":[{"count":0,"href":"https:\/\/www.bodegasprotos.com\/es\/wp-json\/wp\/v2\/posts\/18968\/revisions"}],"wp:attachment":[{"href":"https:\/\/www.bodegasprotos.com\/es\/wp-json\/wp\/v2\/media?parent=18968"}],"wp:term":[{"taxonomy":"category","embeddable":true,"href":"https:\/\/www.bodegasprotos.com\/es\/wp-json\/wp\/v2\/categories?post=18968"},{"taxonomy":"post_tag","embeddable":true,"href":"https:\/\/www.bodegasprotos.com\/es\/wp-json\/wp\/v2\/tags?post=18968"}],"curies":[{"name":"wp","href":"https:\/\/api.w.org\/{rel}","templated":true}]}}