{"id":18967,"date":"2018-08-28T00:00:00","date_gmt":"2018-08-27T22:00:00","guid":{"rendered":"https:\/\/bodegasprotos.com\/2018\/08\/bases-promocion-sentido-humor-dos-tontos-yo\/"},"modified":"2020-03-09T09:29:30","modified_gmt":"2020-03-09T08:29:30","slug":"bases-de-la-promocion-el-sentido-del-humor-dos-tontos-y-yo","status":"publish","type":"post","link":"https:\/\/www.bodegasprotos.com\/es\/notas-de-prensa\/bases-de-la-promocion-el-sentido-del-humor-dos-tontos-y-yo\/","title":{"rendered":"BASES DE LA PROMOCI\u00d3N &quot; EL SENTIDO DEL HUMOR: DOS TONTOS Y YO&quot;"},"content":{"rendered":"<div class=\"coldcha\"><a class=\"lytebox lytebox01\" href=\"\/galeria\/fotto_not_679_1.jpg\"><img decoding=\"async\" class=\"wp-image_679_1 size-medium\" src=\"\/galeria\/minni_not_679_1.jpg\" alt=\"BASES DE LA PROMOCI\u00d3N &quot; EL SENTIDO DEL HUMOR: DOS TONTOS Y YO&quot;\" \/><\/a><\/div>\n<p><strong>Bases de la Promoci\u00f3n \u00abEl sentido del humor: dos tontos y yo\u00bb<\/strong><\/p>\n<ol>\n<li><strong>\u00c1mbito de la Promoci\u00f3n y Participaci\u00f3n on line:<\/strong> Promoci\u00f3n organizada por Bodegas Protos.<\/li>\n<\/ol>\n<p>Promoci\u00f3n de \u00e1mbito nacional, dirigida a todo participante residente en Madrid.<\/p>\n<p>S\u00f3lo se podr\u00e1 participar a trav\u00e9s de la p\u00e1gina oficial de Bodegas Protos en Facebook, Twitter y\/o Instagram.<\/p>\n<p>Quedan excluidos de la participaci\u00f3n los trabajadores de Bodegas Protos, as\u00ed como los empleados de las agencias colaboradoras de la promoci\u00f3n.<\/p>\n<ol>\n<li><strong>Requisitos de participaci\u00f3n: <\/strong>Los participantes deber\u00e1n de ser mayores de edad y tener cumplidos los 18 a\u00f1os en el momento de participaci\u00f3n en el sorteo.<\/li>\n<\/ol>\n<ul>\n<li><strong>En Facebook<\/strong>: es necesario tener un perfil verdadero en la plataforma con al menos 5 amigos. Los participantes tendr\u00e1n que escribir un comentario en el post del v\u00eddeo diciendo si tiene ganas de ir a la presentacion de Protos en Madrid de la gira de la\u00a0obra \u00abEl Sentido del Humor: Dos tontos y yo\u00bb.<\/li>\n<\/ul>\n<ul>\n<li><strong>En Twitter<\/strong>: es necesario tener un perfil verdadero y contestar al tweet de Protos que tenga el hashtag <strong>#ElSentidoDelHumorDeProtos <\/strong>comentando si tiene ganas de ir a la presentacion de Protos en Madrid de la gira de la\u00a0obra..<\/li>\n<\/ul>\n<ul>\n<li><strong>En Instagram<\/strong>: es necesario tener un perfil verdadero y comentar el v\u00eddeo del sorteo de Protos.<\/li>\n<\/ul>\n<ol>\n<li><strong>Duraci\u00f3n de la acci\u00f3n promocional<\/strong>. La promoci\u00f3n dar\u00e1 comienzo el <strong>28\u00a0de agosto y terminar\u00e1 el 2 de septiembre de 2018 a las 23.59 horas.<\/strong><\/li>\n<\/ol>\n<p>Los ganadores se dar\u00e1n a conocer a partir del 3 de septiembre de 2018.<\/p>\n<ol>\n<li><strong>Premio<\/strong>. &#8211; La promoci\u00f3n tendr\u00e1 por objeto el sorteo de 5 entradas dobles para la presentaci\u00f3n de Protos en Madrid de la gira de la obra \u201cEl sentido del humor: dos tontos y yo\u201d. El acto ser\u00e1 presentado por los protagonistas de la obra Jos\u00e9 Mota, Santiago Segura y Florentino Fern\u00e1ndez. Es un premio valorado en 25\u20ac cada entrada.<\/li>\n<\/ol>\n<p>El premio es personal e intransferible y no podr\u00e1 ser objeto de cambio, alteraci\u00f3n, compensaci\u00f3n, venta o cesi\u00f3n por cualquier concepto a terceros. Tampoco ser\u00e1 canjeable por dinero en met\u00e1lico o cualquier otra prestaci\u00f3n en especie.<\/p>\n<ol>\n<li><strong>Mec\u00e1nica de la promoci\u00f3n.<\/strong> &#8211; \u00a0A cada participante que cumpla con los requisitos exigidos se le asignar\u00e1 un n\u00famero. El total de n\u00fameros asignados a los participantes se introducir\u00e1 en la aplicaci\u00f3n dise\u00f1ada para esta finalidad en la\u00a0web \u201cCooltabs\u201d, que seleccionar\u00e1 de forma aleatoria los 5 ganadores<strong>.\u00a0 <\/strong>La selecci\u00f3n de los ganadores a trav\u00e9s de la mencionada aplicaci\u00f3n se realizar\u00e1 a partir el d\u00eda 3 de septiembre de 2018 en los canales oficiales de informaci\u00f3n de Bodegas Protos.<\/li>\n<\/ol>\n<p>Siguiendo el mismo procedimiento, se seleccionar\u00e1n 5 n\u00fameros m\u00e1s como reservas. Los reservas, por su orden de extracci\u00f3n, sustituir\u00e1n a los ganadores en los siguientes casos:<\/p>\n<ul>\n<li>Por imposibilidad de identificar y\/o localizar al ganador en el plazo de 3 d\u00edas h\u00e1biles a contar desde el sorteo, cualquiera que sea la causa.<\/li>\n<li>Por renuncia expresa del ganador al premio.<\/li>\n<\/ul>\n<p>El premio quedar\u00e1 desierto en caso de no ser posible, en \u00faltimo t\u00e9rmino, su adjudicaci\u00f3n a los reservas.<\/p>\n<p><strong>El hecho de participar en la promoci\u00f3n llevar\u00e1 consigo la aceptaci\u00f3n del premio<\/strong> <strong>en caso de resultar agraciado, salvo renuncia expresa al mismo<\/strong>, <strong>lo que deber\u00e1 comunicar el ganador en el plazo de 72 horas siguientes a la publicaci\u00f3n de su identidad.<\/strong><\/p>\n<ol>\n<li><strong>Publicidad de la identidad de los Ganadores y derechos de imagen<\/strong>. &#8211; Seleccionados los ganadores, \u00e9stos se har\u00e1n p\u00fablicos (haciendo constar su nombre, apellidos, localidad y, si fuere el caso, su foto de perfil) a trav\u00e9s de los soportes oficiales de Bodegas Protos (Facebook, Twitter, Instagram, Pinterest y Web).<\/li>\n<\/ol>\n<p><strong>La participaci\u00f3n en la presente promoci\u00f3n llevar\u00e1 impl\u00edcita la autorizaci\u00f3n para dicha publicidad, sin derecho a contraprestaci\u00f3n alguna.<\/strong><\/p>\n<p>Sin perjuicio de hacer p\u00fablica la identidad de los ganadores, la entidad organizadora les enviar\u00e1 un email notific\u00e1ndoles su condici\u00f3n de ganadores.<\/p>\n<ol>\n<li><strong>Tratamiento fiscal. &#8211; <\/strong>El premio objeto de promoci\u00f3n no est\u00e1 sujeto a retenci\u00f3n o ingreso a cuenta, dado que de conformidad con el Reglamento del Impuesto de la Renta de las Personas F\u00edsicas, seg\u00fan redacci\u00f3n dada por el R.D. 439\/2007 de 30 de marzo) (art.75.3.f), se excepcionan de retenci\u00f3n los premios cuya base de retenci\u00f3n no exceda de 300 euros.<\/li>\n<\/ol>\n<ol>\n<li><strong>Tratamiento de datos personales y derechos de imagen<\/strong>. &#8211; De conformidad con previsto en la Ley Org\u00e1nica 15\/1999 de 13 de diciembre de Protecci\u00f3n de Datos de Car\u00e1cter Personal y el Real Decreto 1720\/2007 de 21 de diciembre, por el que se aprueba el Reglamento de desarrollo de la LOPD, se informa a los participantes de la promoci\u00f3n, que los datos personales facilitados <strong>NO<\/strong> ser\u00e1n incorporados permanentemente a ning\u00fan fichero. Una vez finalizada la promoci\u00f3n, los datos de los participantes ser\u00e1n destruidos y\/o borrados.<\/li>\n<\/ol>\n<ol>\n<li><strong>Aceptaci\u00f3n normas: <\/strong>Participar en una promoci\u00f3n de esta naturaleza conlleva la aceptaci\u00f3n de las normas de los medios on line de participaci\u00f3n en los que se desarrolla la promoci\u00f3n.<\/li>\n<\/ol>\n<ol>\n<li><strong>Aceptaci\u00f3n de las Bases<\/strong>. La participaci\u00f3n en esta acci\u00f3n promocional supone la aceptaci\u00f3n plena e incondicional de estas Bases y la sumisi\u00f3n expresa de las decisiones interpretativas que de las mismas efect\u00fae Bodegas Protos.<\/li>\n<\/ol>\n<p>En caso de divergencia entre los participantes en la promoci\u00f3n y la interpretaci\u00f3n de las presentes Bases por Bodegas Protos ser\u00e1n competentes para conocer de los litigios que puedan, en su caso plantearse, los Juzgados y Tribunales de la ciudad de Madrid renunciando expresamente los participantes en esta promoci\u00f3n a su propio fuero y domicilio, de resultar distinto al aqu\u00ed pactado.<\/p>\n<ol>\n<li><strong>Modificaci\u00f3n de Bases:<\/strong> Bodegas Protos se reserva el derecho a efectuar cualquier cambio que redunde en el buen fin de la promoci\u00f3n cuando concurra justa causa o motivos de fuerza mayor que impidan llevarla a t\u00e9rmino en la forma prevista en las presentes bases.<\/li>\n<\/ol>\n","protected":false},"excerpt":{"rendered":"<p>Bases de la Promoci&oacute;n &quot;El sentido del humor: dos tontos y yo&quot;  &Aacute;mbito de la Promoci&oacute;n y Participaci&oacute;n on line: Promoci&oacute;n organizada por Bodegas Protos.  Promoci&oacute;n de &aacute;mbito nacional, dirigida a todo participante residente en Madrid. S&oacute;lo se podr&aacute; participar a trav&eacute;s de la p&aacute;gina oficial de Bodegas Protos en &#8230;<\/p>\n","protected":false},"author":3,"featured_media":0,"comment_status":"closed","ping_status":"closed","sticky":false,"template":"","format":"standard","meta":{"_acf_changed":false,"footnotes":""},"categories":[94],"tags":[106],"class_list":["post-18967","post","type-post","status-publish","format-standard","hentry","category-notas-de-prensa","tag-notas-de-prensa"],"acf":[],"yoast_head":"<!-- This site is optimized with the Yoast SEO plugin v27.5 - https:\/\/yoast.com\/product\/yoast-seo-wordpress\/ -->\n<title>Bodegas Protos BASES DE LA PROMOCI\u00d3N &quot; EL SENTIDO DEL HUMOR: DOS TONTOS Y YO&quot;<\/title>\n<meta name=\"description\" content=\"Bases de la Promoci\u00f3n &quot;El sentido del humor: dos tontos y yo&quot; \u00c1mbito de la Promoci\u00f3n y Participaci\u00f3n on line: ...\" \/>\n<meta name=\"robots\" content=\"index, follow, max-snippet:-1, max-image-preview:large, max-video-preview:-1\" \/>\n<link rel=\"canonical\" href=\"https:\/\/www.bodegasprotos.com\/es\/notas-de-prensa\/bases-de-la-promocion-el-sentido-del-humor-dos-tontos-y-yo\/\" \/>\n<meta property=\"og:locale\" content=\"es_ES\" \/>\n<meta property=\"og:type\" content=\"article\" \/>\n<meta property=\"og:title\" content=\"BASES DE LA PROMOCI\u00d3N &quot; EL SENTIDO DEL HUMOR: DOS TONTOS Y YO&quot;\" \/>\n<meta property=\"og:description\" content=\"Bases de la Promoci\u00f3n &quot;El sentido del humor: dos tontos y yo&quot; \u00c1mbito de la Promoci\u00f3n y Participaci\u00f3n on line: ...\" \/>\n<meta property=\"og:url\" content=\"https:\/\/www.bodegasprotos.com\/es\/notas-de-prensa\/bases-de-la-promocion-el-sentido-del-humor-dos-tontos-y-yo\/\" \/>\n<meta property=\"og:site_name\" content=\"Bodegas Protos\" \/>\n<meta property=\"article:publisher\" content=\"https:\/\/www.facebook.com\/BodegasProtos\" \/>\n<meta property=\"article:published_time\" content=\"2018-08-27T22:00:00+00:00\" \/>\n<meta property=\"article:modified_time\" content=\"2020-03-09T08:29:30+00:00\" \/>\n<meta property=\"og:image\" content=\"https:\/\/www.bodegasprotos.com\/galeria\/minni_not_679_1.jpg\" \/>\n<meta name=\"author\" content=\"Bodegas Protos (F)\" \/>\n<meta name=\"twitter:card\" content=\"summary_large_image\" \/>\n<meta name=\"twitter:title\" content=\"BASES DE LA PROMOCI\u00d3N &quot; EL SENTIDO DEL HUMOR: DOS TONTOS Y YO&quot;\" \/>\n<meta name=\"twitter:creator\" content=\"@Bodegas_Protos\" \/>\n<meta name=\"twitter:site\" content=\"@Bodegas_Protos\" \/>\n<meta name=\"twitter:label1\" content=\"Escrito por\" \/>\n\t<meta name=\"twitter:data1\" content=\"Bodegas Protos (F)\" \/>\n\t<meta name=\"twitter:label2\" content=\"Tiempo de lectura\" \/>\n\t<meta name=\"twitter:data2\" content=\"5 minutos\" \/>\n<script type=\"application\/ld+json\" class=\"yoast-schema-graph\">{\"@context\":\"https:\\\/\\\/schema.org\",\"@graph\":[{\"@type\":\"Article\",\"@id\":\"https:\\\/\\\/www.bodegasprotos.com\\\/es\\\/notas-de-prensa\\\/bases-de-la-promocion-el-sentido-del-humor-dos-tontos-y-yo\\\/#article\",\"isPartOf\":{\"@id\":\"https:\\\/\\\/www.bodegasprotos.com\\\/es\\\/notas-de-prensa\\\/bases-de-la-promocion-el-sentido-del-humor-dos-tontos-y-yo\\\/\"},\"author\":{\"name\":\"Bodegas Protos (F)\",\"@id\":\"https:\\\/\\\/www.bodegasprotos.com\\\/es\\\/#\\\/schema\\\/person\\\/6cb69a08afa14171755cee0df7d20027\"},\"headline\":\"BASES DE LA PROMOCI\u00d3N &quot; EL SENTIDO DEL HUMOR: DOS TONTOS Y YO&quot;\",\"datePublished\":\"2018-08-27T22:00:00+00:00\",\"dateModified\":\"2020-03-09T08:29:30+00:00\",\"mainEntityOfPage\":{\"@id\":\"https:\\\/\\\/www.bodegasprotos.com\\\/es\\\/notas-de-prensa\\\/bases-de-la-promocion-el-sentido-del-humor-dos-tontos-y-yo\\\/\"},\"wordCount\":1034,\"publisher\":{\"@id\":\"https:\\\/\\\/www.bodegasprotos.com\\\/es\\\/#organization\"},\"keywords\":[\"Notas de Prensa\"],\"articleSection\":[\"Notas de Prensa\"],\"inLanguage\":\"es\"},{\"@type\":\"WebPage\",\"@id\":\"https:\\\/\\\/www.bodegasprotos.com\\\/es\\\/notas-de-prensa\\\/bases-de-la-promocion-el-sentido-del-humor-dos-tontos-y-yo\\\/\",\"url\":\"https:\\\/\\\/www.bodegasprotos.com\\\/es\\\/notas-de-prensa\\\/bases-de-la-promocion-el-sentido-del-humor-dos-tontos-y-yo\\\/\",\"name\":\"Bodegas Protos BASES DE LA PROMOCI\u00d3N \\\" EL SENTIDO DEL HUMOR: DOS TONTOS Y YO\\\"\",\"isPartOf\":{\"@id\":\"https:\\\/\\\/www.bodegasprotos.com\\\/es\\\/#website\"},\"datePublished\":\"2018-08-27T22:00:00+00:00\",\"dateModified\":\"2020-03-09T08:29:30+00:00\",\"description\":\"Bases de la Promoci\u00f3n \\\"El sentido del humor: dos tontos y yo\\\" \u00c1mbito de la Promoci\u00f3n y Participaci\u00f3n on line: ...\",\"breadcrumb\":{\"@id\":\"https:\\\/\\\/www.bodegasprotos.com\\\/es\\\/notas-de-prensa\\\/bases-de-la-promocion-el-sentido-del-humor-dos-tontos-y-yo\\\/#breadcrumb\"},\"inLanguage\":\"es\",\"potentialAction\":[{\"@type\":\"ReadAction\",\"target\":[\"https:\\\/\\\/www.bodegasprotos.com\\\/es\\\/notas-de-prensa\\\/bases-de-la-promocion-el-sentido-del-humor-dos-tontos-y-yo\\\/\"]}]},{\"@type\":\"BreadcrumbList\",\"@id\":\"https:\\\/\\\/www.bodegasprotos.com\\\/es\\\/notas-de-prensa\\\/bases-de-la-promocion-el-sentido-del-humor-dos-tontos-y-yo\\\/#breadcrumb\",\"itemListElement\":[{\"@type\":\"ListItem\",\"position\":1,\"name\":\"Portada\",\"item\":\"https:\\\/\\\/www.bodegasprotos.com\\\/es\\\/\"},{\"@type\":\"ListItem\",\"position\":2,\"name\":\"BASES DE LA PROMOCI\u00d3N &quot; EL SENTIDO DEL HUMOR: DOS TONTOS Y YO&quot;\"}]},{\"@type\":\"WebSite\",\"@id\":\"https:\\\/\\\/www.bodegasprotos.com\\\/es\\\/#website\",\"url\":\"https:\\\/\\\/www.bodegasprotos.com\\\/es\\\/\",\"name\":\"Bodegas Protos\",\"description\":\"Vinos de la Denominaci\u00f3n de Origen Ribera del Duero, Rueda y Cigales\",\"publisher\":{\"@id\":\"https:\\\/\\\/www.bodegasprotos.com\\\/es\\\/#organization\"},\"potentialAction\":[{\"@type\":\"SearchAction\",\"target\":{\"@type\":\"EntryPoint\",\"urlTemplate\":\"https:\\\/\\\/www.bodegasprotos.com\\\/es\\\/?s={search_term_string}\"},\"query-input\":{\"@type\":\"PropertyValueSpecification\",\"valueRequired\":true,\"valueName\":\"search_term_string\"}}],\"inLanguage\":\"es\"},{\"@type\":\"Organization\",\"@id\":\"https:\\\/\\\/www.bodegasprotos.com\\\/es\\\/#organization\",\"name\":\"Bodegas Protos\",\"url\":\"https:\\\/\\\/www.bodegasprotos.com\\\/es\\\/\",\"logo\":{\"@type\":\"ImageObject\",\"inLanguage\":\"es\",\"@id\":\"https:\\\/\\\/www.bodegasprotos.com\\\/es\\\/#\\\/schema\\\/logo\\\/image\\\/\",\"url\":\"https:\\\/\\\/www.bodegasprotos.com\\\/wp-content\\\/uploads\\\/2024\\\/06\\\/PROTOS-LOGOS-VERSIONES-13.png\",\"contentUrl\":\"https:\\\/\\\/www.bodegasprotos.com\\\/wp-content\\\/uploads\\\/2024\\\/06\\\/PROTOS-LOGOS-VERSIONES-13.png\",\"width\":2362,\"height\":2362,\"caption\":\"Bodegas Protos\"},\"image\":{\"@id\":\"https:\\\/\\\/www.bodegasprotos.com\\\/es\\\/#\\\/schema\\\/logo\\\/image\\\/\"},\"sameAs\":[\"https:\\\/\\\/www.facebook.com\\\/BodegasProtos\",\"https:\\\/\\\/x.com\\\/Bodegas_Protos\",\"https:\\\/\\\/www.instagram.com\\\/bodegasprotosoficial\\\/\",\"https:\\\/\\\/www.linkedin.com\\\/company\\\/bodegasprotos\\\/\",\"https:\\\/\\\/pinterest.com\\\/BodegasProtos\\\/\",\"http:\\\/\\\/www.youtube.com\\\/user\\\/BodegasProtos\",\"https:\\\/\\\/es.wikipedia.org\\\/wiki\\\/Bodegas_Protos\"]},{\"@type\":\"Person\",\"@id\":\"https:\\\/\\\/www.bodegasprotos.com\\\/es\\\/#\\\/schema\\\/person\\\/6cb69a08afa14171755cee0df7d20027\",\"name\":\"Bodegas Protos (F)\",\"image\":{\"@type\":\"ImageObject\",\"inLanguage\":\"es\",\"@id\":\"https:\\\/\\\/secure.gravatar.com\\\/avatar\\\/cc613a9fd2ee203f402357c1b4aa2b7c041016cbf1eab1e41bde410b2ebd7f94?s=96&d=mm&r=g\",\"url\":\"https:\\\/\\\/secure.gravatar.com\\\/avatar\\\/cc613a9fd2ee203f402357c1b4aa2b7c041016cbf1eab1e41bde410b2ebd7f94?s=96&d=mm&r=g\",\"contentUrl\":\"https:\\\/\\\/secure.gravatar.com\\\/avatar\\\/cc613a9fd2ee203f402357c1b4aa2b7c041016cbf1eab1e41bde410b2ebd7f94?s=96&d=mm&r=g\",\"caption\":\"Bodegas Protos (F)\"},\"sameAs\":[\"https:\\\/\\\/www.bodegasprotos.com\"]}]}<\/script>\n<!-- \/ Yoast SEO plugin. -->","yoast_head_json":{"title":"Bodegas Protos BASES DE LA PROMOCI\u00d3N \" EL SENTIDO DEL HUMOR: DOS TONTOS Y YO\"","description":"Bases de la Promoci\u00f3n \"El sentido del humor: dos tontos y yo\" \u00c1mbito de la Promoci\u00f3n y Participaci\u00f3n on line: ...","robots":{"index":"index","follow":"follow","max-snippet":"max-snippet:-1","max-image-preview":"max-image-preview:large","max-video-preview":"max-video-preview:-1"},"canonical":"https:\/\/www.bodegasprotos.com\/es\/notas-de-prensa\/bases-de-la-promocion-el-sentido-del-humor-dos-tontos-y-yo\/","og_locale":"es_ES","og_type":"article","og_title":"BASES DE LA PROMOCI\u00d3N \" EL SENTIDO DEL HUMOR: DOS TONTOS Y YO\"","og_description":"Bases de la Promoci\u00f3n \"El sentido del humor: dos tontos y yo\" \u00c1mbito de la Promoci\u00f3n y Participaci\u00f3n on line: ...","og_url":"https:\/\/www.bodegasprotos.com\/es\/notas-de-prensa\/bases-de-la-promocion-el-sentido-del-humor-dos-tontos-y-yo\/","og_site_name":"Bodegas Protos","article_publisher":"https:\/\/www.facebook.com\/BodegasProtos","article_published_time":"2018-08-27T22:00:00+00:00","article_modified_time":"2020-03-09T08:29:30+00:00","og_image":[{"url":"https:\/\/www.bodegasprotos.com\/galeria\/minni_not_679_1.jpg","type":"","width":"","height":""}],"author":"Bodegas Protos (F)","twitter_card":"summary_large_image","twitter_title":"BASES DE LA PROMOCI\u00d3N \" EL SENTIDO DEL HUMOR: DOS TONTOS Y YO\"","twitter_creator":"@Bodegas_Protos","twitter_site":"@Bodegas_Protos","twitter_misc":{"Escrito por":"Bodegas Protos (F)","Tiempo de lectura":"5 minutos"},"schema":{"@context":"https:\/\/schema.org","@graph":[{"@type":"Article","@id":"https:\/\/www.bodegasprotos.com\/es\/notas-de-prensa\/bases-de-la-promocion-el-sentido-del-humor-dos-tontos-y-yo\/#article","isPartOf":{"@id":"https:\/\/www.bodegasprotos.com\/es\/notas-de-prensa\/bases-de-la-promocion-el-sentido-del-humor-dos-tontos-y-yo\/"},"author":{"name":"Bodegas Protos (F)","@id":"https:\/\/www.bodegasprotos.com\/es\/#\/schema\/person\/6cb69a08afa14171755cee0df7d20027"},"headline":"BASES DE LA PROMOCI\u00d3N &quot; EL SENTIDO DEL HUMOR: DOS TONTOS Y YO&quot;","datePublished":"2018-08-27T22:00:00+00:00","dateModified":"2020-03-09T08:29:30+00:00","mainEntityOfPage":{"@id":"https:\/\/www.bodegasprotos.com\/es\/notas-de-prensa\/bases-de-la-promocion-el-sentido-del-humor-dos-tontos-y-yo\/"},"wordCount":1034,"publisher":{"@id":"https:\/\/www.bodegasprotos.com\/es\/#organization"},"keywords":["Notas de Prensa"],"articleSection":["Notas de Prensa"],"inLanguage":"es"},{"@type":"WebPage","@id":"https:\/\/www.bodegasprotos.com\/es\/notas-de-prensa\/bases-de-la-promocion-el-sentido-del-humor-dos-tontos-y-yo\/","url":"https:\/\/www.bodegasprotos.com\/es\/notas-de-prensa\/bases-de-la-promocion-el-sentido-del-humor-dos-tontos-y-yo\/","name":"Bodegas Protos BASES DE LA PROMOCI\u00d3N \" EL SENTIDO DEL HUMOR: DOS TONTOS Y YO\"","isPartOf":{"@id":"https:\/\/www.bodegasprotos.com\/es\/#website"},"datePublished":"2018-08-27T22:00:00+00:00","dateModified":"2020-03-09T08:29:30+00:00","description":"Bases de la Promoci\u00f3n \"El sentido del humor: dos tontos y yo\" \u00c1mbito de la Promoci\u00f3n y Participaci\u00f3n on line: ...","breadcrumb":{"@id":"https:\/\/www.bodegasprotos.com\/es\/notas-de-prensa\/bases-de-la-promocion-el-sentido-del-humor-dos-tontos-y-yo\/#breadcrumb"},"inLanguage":"es","potentialAction":[{"@type":"ReadAction","target":["https:\/\/www.bodegasprotos.com\/es\/notas-de-prensa\/bases-de-la-promocion-el-sentido-del-humor-dos-tontos-y-yo\/"]}]},{"@type":"BreadcrumbList","@id":"https:\/\/www.bodegasprotos.com\/es\/notas-de-prensa\/bases-de-la-promocion-el-sentido-del-humor-dos-tontos-y-yo\/#breadcrumb","itemListElement":[{"@type":"ListItem","position":1,"name":"Portada","item":"https:\/\/www.bodegasprotos.com\/es\/"},{"@type":"ListItem","position":2,"name":"BASES DE LA PROMOCI\u00d3N &quot; EL SENTIDO DEL HUMOR: DOS TONTOS Y YO&quot;"}]},{"@type":"WebSite","@id":"https:\/\/www.bodegasprotos.com\/es\/#website","url":"https:\/\/www.bodegasprotos.com\/es\/","name":"Bodegas Protos","description":"Vinos de la Denominaci\u00f3n de Origen Ribera del Duero, Rueda y Cigales","publisher":{"@id":"https:\/\/www.bodegasprotos.com\/es\/#organization"},"potentialAction":[{"@type":"SearchAction","target":{"@type":"EntryPoint","urlTemplate":"https:\/\/www.bodegasprotos.com\/es\/?s={search_term_string}"},"query-input":{"@type":"PropertyValueSpecification","valueRequired":true,"valueName":"search_term_string"}}],"inLanguage":"es"},{"@type":"Organization","@id":"https:\/\/www.bodegasprotos.com\/es\/#organization","name":"Bodegas Protos","url":"https:\/\/www.bodegasprotos.com\/es\/","logo":{"@type":"ImageObject","inLanguage":"es","@id":"https:\/\/www.bodegasprotos.com\/es\/#\/schema\/logo\/image\/","url":"https:\/\/www.bodegasprotos.com\/wp-content\/uploads\/2024\/06\/PROTOS-LOGOS-VERSIONES-13.png","contentUrl":"https:\/\/www.bodegasprotos.com\/wp-content\/uploads\/2024\/06\/PROTOS-LOGOS-VERSIONES-13.png","width":2362,"height":2362,"caption":"Bodegas Protos"},"image":{"@id":"https:\/\/www.bodegasprotos.com\/es\/#\/schema\/logo\/image\/"},"sameAs":["https:\/\/www.facebook.com\/BodegasProtos","https:\/\/x.com\/Bodegas_Protos","https:\/\/www.instagram.com\/bodegasprotosoficial\/","https:\/\/www.linkedin.com\/company\/bodegasprotos\/","https:\/\/pinterest.com\/BodegasProtos\/","http:\/\/www.youtube.com\/user\/BodegasProtos","https:\/\/es.wikipedia.org\/wiki\/Bodegas_Protos"]},{"@type":"Person","@id":"https:\/\/www.bodegasprotos.com\/es\/#\/schema\/person\/6cb69a08afa14171755cee0df7d20027","name":"Bodegas Protos (F)","image":{"@type":"ImageObject","inLanguage":"es","@id":"https:\/\/secure.gravatar.com\/avatar\/cc613a9fd2ee203f402357c1b4aa2b7c041016cbf1eab1e41bde410b2ebd7f94?s=96&d=mm&r=g","url":"https:\/\/secure.gravatar.com\/avatar\/cc613a9fd2ee203f402357c1b4aa2b7c041016cbf1eab1e41bde410b2ebd7f94?s=96&d=mm&r=g","contentUrl":"https:\/\/secure.gravatar.com\/avatar\/cc613a9fd2ee203f402357c1b4aa2b7c041016cbf1eab1e41bde410b2ebd7f94?s=96&d=mm&r=g","caption":"Bodegas Protos (F)"},"sameAs":["https:\/\/www.bodegasprotos.com"]}]}},"_links":{"self":[{"href":"https:\/\/www.bodegasprotos.com\/es\/wp-json\/wp\/v2\/posts\/18967","targetHints":{"allow":["GET"]}}],"collection":[{"href":"https:\/\/www.bodegasprotos.com\/es\/wp-json\/wp\/v2\/posts"}],"about":[{"href":"https:\/\/www.bodegasprotos.com\/es\/wp-json\/wp\/v2\/types\/post"}],"author":[{"embeddable":true,"href":"https:\/\/www.bodegasprotos.com\/es\/wp-json\/wp\/v2\/users\/3"}],"replies":[{"embeddable":true,"href":"https:\/\/www.bodegasprotos.com\/es\/wp-json\/wp\/v2\/comments?post=18967"}],"version-history":[{"count":0,"href":"https:\/\/www.bodegasprotos.com\/es\/wp-json\/wp\/v2\/posts\/18967\/revisions"}],"wp:attachment":[{"href":"https:\/\/www.bodegasprotos.com\/es\/wp-json\/wp\/v2\/media?parent=18967"}],"wp:term":[{"taxonomy":"category","embeddable":true,"href":"https:\/\/www.bodegasprotos.com\/es\/wp-json\/wp\/v2\/categories?post=18967"},{"taxonomy":"post_tag","embeddable":true,"href":"https:\/\/www.bodegasprotos.com\/es\/wp-json\/wp\/v2\/tags?post=18967"}],"curies":[{"name":"wp","href":"https:\/\/api.w.org\/{rel}","templated":true}]}}