{"id":18962,"date":"2018-03-27T00:00:00","date_gmt":"2018-03-26T22:00:00","guid":{"rendered":"https:\/\/bodegasprotos.com\/2018\/03\/protos-lanza-mercado-verdejo-2017-afianzandose-como-referencia-calidad-do-rueda\/"},"modified":"2020-04-13T10:33:11","modified_gmt":"2020-04-13T08:33:11","slug":"protos-lanza-al-mercado-su-verdejo-2017-afianzandose-como-referencia-de-calidad-en-la-do-rueda","status":"publish","type":"post","link":"https:\/\/www.bodegasprotos.com\/es\/notas-de-prensa\/protos-lanza-al-mercado-su-verdejo-2017-afianzandose-como-referencia-de-calidad-en-la-do-rueda\/","title":{"rendered":"PROTOS LANZA AL MERCADO SU VERDEJO 2017  AFIANZ\u00c1NDOSE COMO REFERENCIA DE CALIDAD EN LA DO RUEDA"},"content":{"rendered":"<div class=\"coldcha\"><a class=\"lytebox lytebox01\" href=\"\/galeria\/fotto_not_674_1.jpg\"><img decoding=\"async\" class=\"wp-image_674_1 size-medium\" src=\"\/galeria\/minni_not_674_1.jpg\" alt=\"PROTOS LANZA AL MERCADO SU VERDEJO 2017 AFIANZ\u00c1NDOSE COMO REFERENCIA DE CALIDAD EN LA DO RUEDA\" \/><\/a><\/div>\n<p><strong>Criado sobre l\u00edas finas, la a\u00f1ada 2017 \u00a0se presenta como una de las mejores de los \u00faltimos a\u00f1os, obteniendo el Premio Sarmiento al mejor vino joven de la denominaci\u00f3n<\/strong><\/p>\n<p>Bodegas Protos lanza <strong>Protos Verdejo 2017<\/strong> \u00a0posicionado como referencia de calidad en la Denominaci\u00f3n de Origen Rueda. Se trata de un vino elaborado 100% de uva Verdejo procedente en su mayor\u00eda de vi\u00f1edos de m\u00e1s de 15 a\u00f1os de edad cultivados en secano.<\/p>\n<p>Protos Verdejo 2017 ha contado con una crianza durante 3 meses sobre l\u00edas finas. Esto, unido a su caracter\u00edstica vendimia nocturna, se refleja en el car\u00e1cter fresco y equilibrado que deja el vino. La a\u00f1ada 2017, adem\u00e1s, ha sido una de las mejores de los \u00faltimos a\u00f1os, presentado la m\u00e1xima calidad.<\/p>\n<p>Como es habitual, su color amarillo pajizo con matices verdosos ofrece un aspecto muy limpio y brillante que refleja juventud y osad\u00eda.<\/p>\n<p>En nariz ofrece un aspecto potente donde las frutas tropicales y el hinojo se dan de la mano. En boca, consigue un vino seco que sorprende por unir la frescura y acidez natural moderada y equilibrada con la redondez, cuerpo y estructura que aporta la crianza sobre l\u00edas finas. Ligeramente amargo, caracter\u00edstico del Verdejo y con una larga persistencia que deja un grato recuerdo del vino en la boca.<\/p>\n<p>Para maridaje, es un vino que puede ir con todo, pero en especial funciona con todo tipo de pescados, quesos frescos o semicurados, pastas, arroces o verduras como, por ejemplo, la crema de guisantes. La temperatura perfecta a la que debe servirse es entre 6-7\u00ba.<\/p>\n<p>Lo puedes encontrar en nuestra <a href=\"https:\/\/tienda.bodegasprotos.com\/\">tienda online<\/a> o en puntos de venta especializados.<\/p>\n","protected":false},"excerpt":{"rendered":"<p>Criado sobre l&iacute;as finas, la a&ntilde;ada 2017 &nbsp;se presenta como una de las mejores de los &uacute;ltimos a&ntilde;os, obteniendo el Premio Sarmiento al mejor vino joven de la denominaci&oacute;n Bodegas Protos lanza Protos Verdejo 2017 &nbsp;posicionado como referencia de calidad en la Denominaci&oacute;n de Origen Rueda. Se trata de un vino elaborado 100% de uva Verdejo procedente &#8230;<\/p>\n","protected":false},"author":3,"featured_media":0,"comment_status":"closed","ping_status":"closed","sticky":false,"template":"","format":"standard","meta":{"_acf_changed":false,"footnotes":""},"categories":[94],"tags":[106],"class_list":["post-18962","post","type-post","status-publish","format-standard","hentry","category-notas-de-prensa","tag-notas-de-prensa"],"acf":[],"yoast_head":"<!-- This site is optimized with the Yoast SEO plugin v27.5 - https:\/\/yoast.com\/product\/yoast-seo-wordpress\/ -->\n<title>Bodegas Protos PROTOS LANZA AL MERCADO SU VERDEJO 2017 AFIANZ\u00c1NDOSE COMO REFERENCIA DE CALIDAD EN LA DO RUEDA<\/title>\n<meta name=\"description\" content=\"Criado sobre l\u00edas finas, la a\u00f1ada 2017 \u00a0se presenta como una de las mejores de los \u00faltimos a\u00f1os, obteniendo el ...\" \/>\n<meta name=\"robots\" content=\"index, follow, max-snippet:-1, max-image-preview:large, max-video-preview:-1\" \/>\n<link rel=\"canonical\" href=\"https:\/\/www.bodegasprotos.com\/es\/notas-de-prensa\/protos-lanza-al-mercado-su-verdejo-2017-afianzandose-como-referencia-de-calidad-en-la-do-rueda\/\" \/>\n<meta property=\"og:locale\" content=\"es_ES\" \/>\n<meta property=\"og:type\" content=\"article\" \/>\n<meta property=\"og:title\" content=\"PROTOS LANZA AL MERCADO SU VERDEJO 2017 AFIANZ\u00c1NDOSE COMO REFERENCIA DE CALIDAD EN LA DO RUEDA\" \/>\n<meta property=\"og:description\" content=\"Criado sobre l\u00edas finas, la a\u00f1ada 2017 \u00a0se presenta como una de las mejores de los \u00faltimos a\u00f1os, obteniendo el ...\" \/>\n<meta property=\"og:url\" content=\"https:\/\/www.bodegasprotos.com\/es\/notas-de-prensa\/protos-lanza-al-mercado-su-verdejo-2017-afianzandose-como-referencia-de-calidad-en-la-do-rueda\/\" \/>\n<meta property=\"og:site_name\" content=\"Bodegas Protos\" \/>\n<meta property=\"article:publisher\" content=\"https:\/\/www.facebook.com\/BodegasProtos\" \/>\n<meta property=\"article:published_time\" content=\"2018-03-26T22:00:00+00:00\" \/>\n<meta property=\"article:modified_time\" content=\"2020-04-13T08:33:11+00:00\" \/>\n<meta property=\"og:image\" content=\"https:\/\/www.bodegasprotos.com\/galeria\/minni_not_674_1.jpg\" \/>\n<meta name=\"author\" content=\"Bodegas Protos (F)\" \/>\n<meta name=\"twitter:card\" content=\"summary_large_image\" \/>\n<meta name=\"twitter:title\" content=\"PROTOS LANZA AL MERCADO SU VERDEJO 2017 AFIANZ\u00c1NDOSE COMO REFERENCIA DE CALIDAD EN LA DO RUEDA\" \/>\n<meta name=\"twitter:creator\" content=\"@Bodegas_Protos\" \/>\n<meta name=\"twitter:site\" content=\"@Bodegas_Protos\" \/>\n<meta name=\"twitter:label1\" content=\"Escrito por\" \/>\n\t<meta name=\"twitter:data1\" content=\"Bodegas Protos (F)\" \/>\n\t<meta name=\"twitter:label2\" content=\"Tiempo de lectura\" \/>\n\t<meta name=\"twitter:data2\" content=\"1 minuto\" \/>\n<script type=\"application\/ld+json\" class=\"yoast-schema-graph\">{\"@context\":\"https:\\\/\\\/schema.org\",\"@graph\":[{\"@type\":\"Article\",\"@id\":\"https:\\\/\\\/www.bodegasprotos.com\\\/es\\\/notas-de-prensa\\\/protos-lanza-al-mercado-su-verdejo-2017-afianzandose-como-referencia-de-calidad-en-la-do-rueda\\\/#article\",\"isPartOf\":{\"@id\":\"https:\\\/\\\/www.bodegasprotos.com\\\/es\\\/notas-de-prensa\\\/protos-lanza-al-mercado-su-verdejo-2017-afianzandose-como-referencia-de-calidad-en-la-do-rueda\\\/\"},\"author\":{\"name\":\"Bodegas Protos (F)\",\"@id\":\"https:\\\/\\\/www.bodegasprotos.com\\\/es\\\/#\\\/schema\\\/person\\\/6cb69a08afa14171755cee0df7d20027\"},\"headline\":\"PROTOS LANZA AL MERCADO SU VERDEJO 2017 AFIANZ\u00c1NDOSE COMO REFERENCIA DE CALIDAD EN LA DO RUEDA\",\"datePublished\":\"2018-03-26T22:00:00+00:00\",\"dateModified\":\"2020-04-13T08:33:11+00:00\",\"mainEntityOfPage\":{\"@id\":\"https:\\\/\\\/www.bodegasprotos.com\\\/es\\\/notas-de-prensa\\\/protos-lanza-al-mercado-su-verdejo-2017-afianzandose-como-referencia-de-calidad-en-la-do-rueda\\\/\"},\"wordCount\":300,\"publisher\":{\"@id\":\"https:\\\/\\\/www.bodegasprotos.com\\\/es\\\/#organization\"},\"keywords\":[\"Notas de Prensa\"],\"articleSection\":[\"Notas de Prensa\"],\"inLanguage\":\"es\"},{\"@type\":\"WebPage\",\"@id\":\"https:\\\/\\\/www.bodegasprotos.com\\\/es\\\/notas-de-prensa\\\/protos-lanza-al-mercado-su-verdejo-2017-afianzandose-como-referencia-de-calidad-en-la-do-rueda\\\/\",\"url\":\"https:\\\/\\\/www.bodegasprotos.com\\\/es\\\/notas-de-prensa\\\/protos-lanza-al-mercado-su-verdejo-2017-afianzandose-como-referencia-de-calidad-en-la-do-rueda\\\/\",\"name\":\"Bodegas Protos PROTOS LANZA AL MERCADO SU VERDEJO 2017 AFIANZ\u00c1NDOSE COMO REFERENCIA DE CALIDAD EN LA DO RUEDA\",\"isPartOf\":{\"@id\":\"https:\\\/\\\/www.bodegasprotos.com\\\/es\\\/#website\"},\"datePublished\":\"2018-03-26T22:00:00+00:00\",\"dateModified\":\"2020-04-13T08:33:11+00:00\",\"description\":\"Criado sobre l\u00edas finas, la a\u00f1ada 2017 \u00a0se presenta como una de las mejores de los \u00faltimos a\u00f1os, obteniendo el ...\",\"breadcrumb\":{\"@id\":\"https:\\\/\\\/www.bodegasprotos.com\\\/es\\\/notas-de-prensa\\\/protos-lanza-al-mercado-su-verdejo-2017-afianzandose-como-referencia-de-calidad-en-la-do-rueda\\\/#breadcrumb\"},\"inLanguage\":\"es\",\"potentialAction\":[{\"@type\":\"ReadAction\",\"target\":[\"https:\\\/\\\/www.bodegasprotos.com\\\/es\\\/notas-de-prensa\\\/protos-lanza-al-mercado-su-verdejo-2017-afianzandose-como-referencia-de-calidad-en-la-do-rueda\\\/\"]}]},{\"@type\":\"BreadcrumbList\",\"@id\":\"https:\\\/\\\/www.bodegasprotos.com\\\/es\\\/notas-de-prensa\\\/protos-lanza-al-mercado-su-verdejo-2017-afianzandose-como-referencia-de-calidad-en-la-do-rueda\\\/#breadcrumb\",\"itemListElement\":[{\"@type\":\"ListItem\",\"position\":1,\"name\":\"Portada\",\"item\":\"https:\\\/\\\/www.bodegasprotos.com\\\/es\\\/\"},{\"@type\":\"ListItem\",\"position\":2,\"name\":\"PROTOS LANZA AL MERCADO SU VERDEJO 2017 AFIANZ\u00c1NDOSE COMO REFERENCIA DE CALIDAD EN LA DO RUEDA\"}]},{\"@type\":\"WebSite\",\"@id\":\"https:\\\/\\\/www.bodegasprotos.com\\\/es\\\/#website\",\"url\":\"https:\\\/\\\/www.bodegasprotos.com\\\/es\\\/\",\"name\":\"Bodegas Protos\",\"description\":\"Vinos de la Denominaci\u00f3n de Origen Ribera del Duero, Rueda y Cigales\",\"publisher\":{\"@id\":\"https:\\\/\\\/www.bodegasprotos.com\\\/es\\\/#organization\"},\"potentialAction\":[{\"@type\":\"SearchAction\",\"target\":{\"@type\":\"EntryPoint\",\"urlTemplate\":\"https:\\\/\\\/www.bodegasprotos.com\\\/es\\\/?s={search_term_string}\"},\"query-input\":{\"@type\":\"PropertyValueSpecification\",\"valueRequired\":true,\"valueName\":\"search_term_string\"}}],\"inLanguage\":\"es\"},{\"@type\":\"Organization\",\"@id\":\"https:\\\/\\\/www.bodegasprotos.com\\\/es\\\/#organization\",\"name\":\"Bodegas Protos\",\"url\":\"https:\\\/\\\/www.bodegasprotos.com\\\/es\\\/\",\"logo\":{\"@type\":\"ImageObject\",\"inLanguage\":\"es\",\"@id\":\"https:\\\/\\\/www.bodegasprotos.com\\\/es\\\/#\\\/schema\\\/logo\\\/image\\\/\",\"url\":\"https:\\\/\\\/www.bodegasprotos.com\\\/wp-content\\\/uploads\\\/2024\\\/06\\\/PROTOS-LOGOS-VERSIONES-13.png\",\"contentUrl\":\"https:\\\/\\\/www.bodegasprotos.com\\\/wp-content\\\/uploads\\\/2024\\\/06\\\/PROTOS-LOGOS-VERSIONES-13.png\",\"width\":2362,\"height\":2362,\"caption\":\"Bodegas Protos\"},\"image\":{\"@id\":\"https:\\\/\\\/www.bodegasprotos.com\\\/es\\\/#\\\/schema\\\/logo\\\/image\\\/\"},\"sameAs\":[\"https:\\\/\\\/www.facebook.com\\\/BodegasProtos\",\"https:\\\/\\\/x.com\\\/Bodegas_Protos\",\"https:\\\/\\\/www.instagram.com\\\/bodegasprotosoficial\\\/\",\"https:\\\/\\\/www.linkedin.com\\\/company\\\/bodegasprotos\\\/\",\"https:\\\/\\\/pinterest.com\\\/BodegasProtos\\\/\",\"http:\\\/\\\/www.youtube.com\\\/user\\\/BodegasProtos\",\"https:\\\/\\\/es.wikipedia.org\\\/wiki\\\/Bodegas_Protos\"]},{\"@type\":\"Person\",\"@id\":\"https:\\\/\\\/www.bodegasprotos.com\\\/es\\\/#\\\/schema\\\/person\\\/6cb69a08afa14171755cee0df7d20027\",\"name\":\"Bodegas Protos (F)\",\"image\":{\"@type\":\"ImageObject\",\"inLanguage\":\"es\",\"@id\":\"https:\\\/\\\/secure.gravatar.com\\\/avatar\\\/cc613a9fd2ee203f402357c1b4aa2b7c041016cbf1eab1e41bde410b2ebd7f94?s=96&d=mm&r=g\",\"url\":\"https:\\\/\\\/secure.gravatar.com\\\/avatar\\\/cc613a9fd2ee203f402357c1b4aa2b7c041016cbf1eab1e41bde410b2ebd7f94?s=96&d=mm&r=g\",\"contentUrl\":\"https:\\\/\\\/secure.gravatar.com\\\/avatar\\\/cc613a9fd2ee203f402357c1b4aa2b7c041016cbf1eab1e41bde410b2ebd7f94?s=96&d=mm&r=g\",\"caption\":\"Bodegas Protos (F)\"},\"sameAs\":[\"https:\\\/\\\/www.bodegasprotos.com\"]}]}<\/script>\n<!-- \/ Yoast SEO plugin. -->","yoast_head_json":{"title":"Bodegas Protos PROTOS LANZA AL MERCADO SU VERDEJO 2017 AFIANZ\u00c1NDOSE COMO REFERENCIA DE CALIDAD EN LA DO RUEDA","description":"Criado sobre l\u00edas finas, la a\u00f1ada 2017 \u00a0se presenta como una de las mejores de los \u00faltimos a\u00f1os, obteniendo el ...","robots":{"index":"index","follow":"follow","max-snippet":"max-snippet:-1","max-image-preview":"max-image-preview:large","max-video-preview":"max-video-preview:-1"},"canonical":"https:\/\/www.bodegasprotos.com\/es\/notas-de-prensa\/protos-lanza-al-mercado-su-verdejo-2017-afianzandose-como-referencia-de-calidad-en-la-do-rueda\/","og_locale":"es_ES","og_type":"article","og_title":"PROTOS LANZA AL MERCADO SU VERDEJO 2017 AFIANZ\u00c1NDOSE COMO REFERENCIA DE CALIDAD EN LA DO RUEDA","og_description":"Criado sobre l\u00edas finas, la a\u00f1ada 2017 \u00a0se presenta como una de las mejores de los \u00faltimos a\u00f1os, obteniendo el ...","og_url":"https:\/\/www.bodegasprotos.com\/es\/notas-de-prensa\/protos-lanza-al-mercado-su-verdejo-2017-afianzandose-como-referencia-de-calidad-en-la-do-rueda\/","og_site_name":"Bodegas Protos","article_publisher":"https:\/\/www.facebook.com\/BodegasProtos","article_published_time":"2018-03-26T22:00:00+00:00","article_modified_time":"2020-04-13T08:33:11+00:00","og_image":[{"url":"https:\/\/www.bodegasprotos.com\/galeria\/minni_not_674_1.jpg","type":"","width":"","height":""}],"author":"Bodegas Protos (F)","twitter_card":"summary_large_image","twitter_title":"PROTOS LANZA AL MERCADO SU VERDEJO 2017 AFIANZ\u00c1NDOSE COMO REFERENCIA DE CALIDAD EN LA DO RUEDA","twitter_creator":"@Bodegas_Protos","twitter_site":"@Bodegas_Protos","twitter_misc":{"Escrito por":"Bodegas Protos (F)","Tiempo de lectura":"1 minuto"},"schema":{"@context":"https:\/\/schema.org","@graph":[{"@type":"Article","@id":"https:\/\/www.bodegasprotos.com\/es\/notas-de-prensa\/protos-lanza-al-mercado-su-verdejo-2017-afianzandose-como-referencia-de-calidad-en-la-do-rueda\/#article","isPartOf":{"@id":"https:\/\/www.bodegasprotos.com\/es\/notas-de-prensa\/protos-lanza-al-mercado-su-verdejo-2017-afianzandose-como-referencia-de-calidad-en-la-do-rueda\/"},"author":{"name":"Bodegas Protos (F)","@id":"https:\/\/www.bodegasprotos.com\/es\/#\/schema\/person\/6cb69a08afa14171755cee0df7d20027"},"headline":"PROTOS LANZA AL MERCADO SU VERDEJO 2017 AFIANZ\u00c1NDOSE COMO REFERENCIA DE CALIDAD EN LA DO RUEDA","datePublished":"2018-03-26T22:00:00+00:00","dateModified":"2020-04-13T08:33:11+00:00","mainEntityOfPage":{"@id":"https:\/\/www.bodegasprotos.com\/es\/notas-de-prensa\/protos-lanza-al-mercado-su-verdejo-2017-afianzandose-como-referencia-de-calidad-en-la-do-rueda\/"},"wordCount":300,"publisher":{"@id":"https:\/\/www.bodegasprotos.com\/es\/#organization"},"keywords":["Notas de Prensa"],"articleSection":["Notas de Prensa"],"inLanguage":"es"},{"@type":"WebPage","@id":"https:\/\/www.bodegasprotos.com\/es\/notas-de-prensa\/protos-lanza-al-mercado-su-verdejo-2017-afianzandose-como-referencia-de-calidad-en-la-do-rueda\/","url":"https:\/\/www.bodegasprotos.com\/es\/notas-de-prensa\/protos-lanza-al-mercado-su-verdejo-2017-afianzandose-como-referencia-de-calidad-en-la-do-rueda\/","name":"Bodegas Protos PROTOS LANZA AL MERCADO SU VERDEJO 2017 AFIANZ\u00c1NDOSE COMO REFERENCIA DE CALIDAD EN LA DO RUEDA","isPartOf":{"@id":"https:\/\/www.bodegasprotos.com\/es\/#website"},"datePublished":"2018-03-26T22:00:00+00:00","dateModified":"2020-04-13T08:33:11+00:00","description":"Criado sobre l\u00edas finas, la a\u00f1ada 2017 \u00a0se presenta como una de las mejores de los \u00faltimos a\u00f1os, obteniendo el ...","breadcrumb":{"@id":"https:\/\/www.bodegasprotos.com\/es\/notas-de-prensa\/protos-lanza-al-mercado-su-verdejo-2017-afianzandose-como-referencia-de-calidad-en-la-do-rueda\/#breadcrumb"},"inLanguage":"es","potentialAction":[{"@type":"ReadAction","target":["https:\/\/www.bodegasprotos.com\/es\/notas-de-prensa\/protos-lanza-al-mercado-su-verdejo-2017-afianzandose-como-referencia-de-calidad-en-la-do-rueda\/"]}]},{"@type":"BreadcrumbList","@id":"https:\/\/www.bodegasprotos.com\/es\/notas-de-prensa\/protos-lanza-al-mercado-su-verdejo-2017-afianzandose-como-referencia-de-calidad-en-la-do-rueda\/#breadcrumb","itemListElement":[{"@type":"ListItem","position":1,"name":"Portada","item":"https:\/\/www.bodegasprotos.com\/es\/"},{"@type":"ListItem","position":2,"name":"PROTOS LANZA AL MERCADO SU VERDEJO 2017 AFIANZ\u00c1NDOSE COMO REFERENCIA DE CALIDAD EN LA DO RUEDA"}]},{"@type":"WebSite","@id":"https:\/\/www.bodegasprotos.com\/es\/#website","url":"https:\/\/www.bodegasprotos.com\/es\/","name":"Bodegas Protos","description":"Vinos de la Denominaci\u00f3n de Origen Ribera del Duero, Rueda y Cigales","publisher":{"@id":"https:\/\/www.bodegasprotos.com\/es\/#organization"},"potentialAction":[{"@type":"SearchAction","target":{"@type":"EntryPoint","urlTemplate":"https:\/\/www.bodegasprotos.com\/es\/?s={search_term_string}"},"query-input":{"@type":"PropertyValueSpecification","valueRequired":true,"valueName":"search_term_string"}}],"inLanguage":"es"},{"@type":"Organization","@id":"https:\/\/www.bodegasprotos.com\/es\/#organization","name":"Bodegas Protos","url":"https:\/\/www.bodegasprotos.com\/es\/","logo":{"@type":"ImageObject","inLanguage":"es","@id":"https:\/\/www.bodegasprotos.com\/es\/#\/schema\/logo\/image\/","url":"https:\/\/www.bodegasprotos.com\/wp-content\/uploads\/2024\/06\/PROTOS-LOGOS-VERSIONES-13.png","contentUrl":"https:\/\/www.bodegasprotos.com\/wp-content\/uploads\/2024\/06\/PROTOS-LOGOS-VERSIONES-13.png","width":2362,"height":2362,"caption":"Bodegas Protos"},"image":{"@id":"https:\/\/www.bodegasprotos.com\/es\/#\/schema\/logo\/image\/"},"sameAs":["https:\/\/www.facebook.com\/BodegasProtos","https:\/\/x.com\/Bodegas_Protos","https:\/\/www.instagram.com\/bodegasprotosoficial\/","https:\/\/www.linkedin.com\/company\/bodegasprotos\/","https:\/\/pinterest.com\/BodegasProtos\/","http:\/\/www.youtube.com\/user\/BodegasProtos","https:\/\/es.wikipedia.org\/wiki\/Bodegas_Protos"]},{"@type":"Person","@id":"https:\/\/www.bodegasprotos.com\/es\/#\/schema\/person\/6cb69a08afa14171755cee0df7d20027","name":"Bodegas Protos (F)","image":{"@type":"ImageObject","inLanguage":"es","@id":"https:\/\/secure.gravatar.com\/avatar\/cc613a9fd2ee203f402357c1b4aa2b7c041016cbf1eab1e41bde410b2ebd7f94?s=96&d=mm&r=g","url":"https:\/\/secure.gravatar.com\/avatar\/cc613a9fd2ee203f402357c1b4aa2b7c041016cbf1eab1e41bde410b2ebd7f94?s=96&d=mm&r=g","contentUrl":"https:\/\/secure.gravatar.com\/avatar\/cc613a9fd2ee203f402357c1b4aa2b7c041016cbf1eab1e41bde410b2ebd7f94?s=96&d=mm&r=g","caption":"Bodegas Protos (F)"},"sameAs":["https:\/\/www.bodegasprotos.com"]}]}},"_links":{"self":[{"href":"https:\/\/www.bodegasprotos.com\/es\/wp-json\/wp\/v2\/posts\/18962","targetHints":{"allow":["GET"]}}],"collection":[{"href":"https:\/\/www.bodegasprotos.com\/es\/wp-json\/wp\/v2\/posts"}],"about":[{"href":"https:\/\/www.bodegasprotos.com\/es\/wp-json\/wp\/v2\/types\/post"}],"author":[{"embeddable":true,"href":"https:\/\/www.bodegasprotos.com\/es\/wp-json\/wp\/v2\/users\/3"}],"replies":[{"embeddable":true,"href":"https:\/\/www.bodegasprotos.com\/es\/wp-json\/wp\/v2\/comments?post=18962"}],"version-history":[{"count":0,"href":"https:\/\/www.bodegasprotos.com\/es\/wp-json\/wp\/v2\/posts\/18962\/revisions"}],"wp:attachment":[{"href":"https:\/\/www.bodegasprotos.com\/es\/wp-json\/wp\/v2\/media?parent=18962"}],"wp:term":[{"taxonomy":"category","embeddable":true,"href":"https:\/\/www.bodegasprotos.com\/es\/wp-json\/wp\/v2\/categories?post=18962"},{"taxonomy":"post_tag","embeddable":true,"href":"https:\/\/www.bodegasprotos.com\/es\/wp-json\/wp\/v2\/tags?post=18962"}],"curies":[{"name":"wp","href":"https:\/\/api.w.org\/{rel}","templated":true}]}}