{"id":18947,"date":"2018-01-11T00:00:00","date_gmt":"2018-01-10T23:00:00","guid":{"rendered":"https:\/\/bodegasprotos.com\/2018\/01\/el-director-fernando-leon-aranoa-une-el-circulo-primeros\/"},"modified":"2020-03-09T09:20:03","modified_gmt":"2020-03-09T08:20:03","slug":"el-director-fernando-leon-de-aranoa-se-une-a-el-circulo-de-los-primeros","status":"publish","type":"post","link":"https:\/\/www.bodegasprotos.com\/es\/notas-de-prensa\/el-director-fernando-leon-de-aranoa-se-une-a-el-circulo-de-los-primeros\/","title":{"rendered":"EL DIRECTOR FERNANDO LE\u00d3N DE ARANOA SE UNE A &quot;EL C\u00cdRCULO DE LOS PRIMEROS&quot;"},"content":{"rendered":"<div class=\"coldcha\"><a class=\"lytebox lytebox01\" href=\"\/galeria\/fotto_not_660_1.jpg\"><img decoding=\"async\" class=\"wp-image_660_1 size-medium\" src=\"\/galeria\/minni_not_660_1.jpg\" alt=\"EL DIRECTOR FERNANDO LE\u00d3N DE ARANOA SE UNE A &quot;EL C\u00cdRCULO DE LOS PRIMEROS&quot;\" \/><\/a><\/div>\n<p>El director de cine y guionista espa\u00f1ol, <strong>Fernando L\u00e9on de Aranoa<\/strong>, se ha incorporado esta misma ma\u00f1ana al selecto grupo de personalidades que re\u00fane <strong>\u201cEl C\u00edrculo de los Primeros\u201d<\/strong> de Protos.<\/p>\n<p><strong>Fernando L\u00e9on de Aranoa<\/strong> ha recibido a lo largo de su carrera importantes galardones, entre ellos cinco Premios Goya o la Concha de Oro y Plata en el Festival de Cine de San Sebasti\u00e1n. Entre su filmograf\u00eda destacan los largometrajes <em>\u201cBario\u201d<\/em>, <em>\u201cLos lunes al sol\u201d<\/em> y <em>\u201cPrincesas\u201d.<\/em><\/p>\n<p><strong>EL C\u00cdRCULO DE LOS PRIMEROS<\/strong><\/p>\n<p><strong>\u201cEl C\u00edrculo de la Primeros\u201d<\/strong> es un santuario destinado a homenajear la trayectoria profesional de personalidades que encarnan el esp\u00edritu \u201cSer Primero\u201d de <strong>Bodegas Protos<\/strong> y recibe ese nombre en honor al esp\u00edritu pionero de los once viticultores que crearon la primera bodega de la Ribera. Los condecorados cuentan con un espacio propio, identificado con una placa personalizada en el santuario y una estudiada selecci\u00f3n de vinos de la bodega, como muestra de la admiraci\u00f3n que merecen al ser l\u00edderes en sus respectivos campos.<\/p>\n<p>El reci\u00e9n espacio otorgado al director de cine, se suma a los concedidos con anterioridad al paleont\u00f3logo Juan Luis Arsuaga, al fil\u00f3sofo Fernando Savater, a Vicente del Bosque, seleccionador nacional de f\u00fatbol, V\u00edctor Ullate, core\u00f3grafo y director de espect\u00e1culos de danza,\u00a0 Antonio Mu\u00f1oz Molina, escritor y Premio Pr\u00edncipe de Asturias de la Letras 2013, David Cal, m\u00e1ximo medallista espa\u00f1ol en los Juegos Ol\u00edmpicos, Richard Rogers, arquitecto de la nueva bodega de Protos, y Juan Vicente Herrera, en representaci\u00f3n de la Junta de Castilla y Le\u00f3n.<\/p>\n<p>Inaugurado en 2015 por la ministra de Agricultura, Alimentaci\u00f3n y Medio Ambiente, Isabel Garc\u00eda Tejerina, <strong>\u201cEl C\u00edrculo de los Primeros\u201d<\/strong> es una iniciativa de <strong>Bodegas Protos<\/strong> orientada a impulsar una de las principales actividades de la Ribera del Duero, el enoturismo, pr\u00e1ctica con una evidente repercusi\u00f3n econ\u00f3mica en la zona.<\/p>\n","protected":false},"excerpt":{"rendered":"<p>El director de cine y guionista espa&ntilde;ol, Fernando L&eacute;on de Aranoa, se ha incorporado esta misma ma&ntilde;ana al selecto grupo de personalidades que re&uacute;ne &ldquo;El C&iacute;rculo de los Primeros&rdquo; de Protos.&nbsp; Fernando L&eacute;on de Aranoa ha recibido a lo largo de su carrera importantes galardones, entre ellos cinco Premios Goya o la Concha de Oro y Plata en el &#8230;<\/p>\n","protected":false},"author":3,"featured_media":0,"comment_status":"closed","ping_status":"closed","sticky":false,"template":"","format":"standard","meta":{"_acf_changed":false,"footnotes":""},"categories":[94],"tags":[106],"class_list":["post-18947","post","type-post","status-publish","format-standard","hentry","category-notas-de-prensa","tag-notas-de-prensa"],"acf":[],"yoast_head":"<!-- This site is optimized with the Yoast SEO plugin v27.4 - https:\/\/yoast.com\/product\/yoast-seo-wordpress\/ -->\n<title>Bodegas Protos EL DIRECTOR FERNANDO LE\u00d3N DE ARANOA SE UNE A &quot;EL C\u00cdRCULO DE LOS PRIMEROS&quot;<\/title>\n<meta name=\"description\" content=\"El director de cine y guionista espa\u00f1ol, Fernando L\u00e9on de Aranoa, se ha incorporado esta misma ma\u00f1ana al selecto grupo de ...\" \/>\n<meta name=\"robots\" content=\"index, follow, max-snippet:-1, max-image-preview:large, max-video-preview:-1\" \/>\n<link rel=\"canonical\" href=\"https:\/\/www.bodegasprotos.com\/es\/notas-de-prensa\/el-director-fernando-leon-de-aranoa-se-une-a-el-circulo-de-los-primeros\/\" \/>\n<meta property=\"og:locale\" content=\"es_ES\" \/>\n<meta property=\"og:type\" content=\"article\" \/>\n<meta property=\"og:title\" content=\"EL DIRECTOR FERNANDO LE\u00d3N DE ARANOA SE UNE A &quot;EL C\u00cdRCULO DE LOS PRIMEROS&quot;\" \/>\n<meta property=\"og:description\" content=\"El director de cine y guionista espa\u00f1ol, Fernando L\u00e9on de Aranoa, se ha incorporado esta misma ma\u00f1ana al selecto grupo de ...\" \/>\n<meta property=\"og:url\" content=\"https:\/\/www.bodegasprotos.com\/es\/notas-de-prensa\/el-director-fernando-leon-de-aranoa-se-une-a-el-circulo-de-los-primeros\/\" \/>\n<meta property=\"og:site_name\" content=\"Bodegas Protos\" \/>\n<meta property=\"article:publisher\" content=\"https:\/\/www.facebook.com\/BodegasProtos\" \/>\n<meta property=\"article:published_time\" content=\"2018-01-10T23:00:00+00:00\" \/>\n<meta property=\"article:modified_time\" content=\"2020-03-09T08:20:03+00:00\" \/>\n<meta property=\"og:image\" content=\"https:\/\/www.bodegasprotos.com\/galeria\/minni_not_660_1.jpg\" \/>\n<meta name=\"author\" content=\"Bodegas Protos (F)\" \/>\n<meta name=\"twitter:card\" content=\"summary_large_image\" \/>\n<meta name=\"twitter:title\" content=\"EL DIRECTOR FERNANDO LE\u00d3N DE ARANOA SE UNE A &quot;EL C\u00cdRCULO DE LOS PRIMEROS&quot;\" \/>\n<meta name=\"twitter:creator\" content=\"@Bodegas_Protos\" \/>\n<meta name=\"twitter:site\" content=\"@Bodegas_Protos\" \/>\n<meta name=\"twitter:label1\" content=\"Escrito por\" \/>\n\t<meta name=\"twitter:data1\" content=\"Bodegas Protos (F)\" \/>\n\t<meta name=\"twitter:label2\" content=\"Tiempo de lectura\" \/>\n\t<meta name=\"twitter:data2\" content=\"2 minutos\" \/>\n<script type=\"application\/ld+json\" class=\"yoast-schema-graph\">{\"@context\":\"https:\\\/\\\/schema.org\",\"@graph\":[{\"@type\":\"Article\",\"@id\":\"https:\\\/\\\/www.bodegasprotos.com\\\/es\\\/notas-de-prensa\\\/el-director-fernando-leon-de-aranoa-se-une-a-el-circulo-de-los-primeros\\\/#article\",\"isPartOf\":{\"@id\":\"https:\\\/\\\/www.bodegasprotos.com\\\/es\\\/notas-de-prensa\\\/el-director-fernando-leon-de-aranoa-se-une-a-el-circulo-de-los-primeros\\\/\"},\"author\":{\"name\":\"Bodegas Protos (F)\",\"@id\":\"https:\\\/\\\/www.bodegasprotos.com\\\/es\\\/#\\\/schema\\\/person\\\/6cb69a08afa14171755cee0df7d20027\"},\"headline\":\"EL DIRECTOR FERNANDO LE\u00d3N DE ARANOA SE UNE A &quot;EL C\u00cdRCULO DE LOS PRIMEROS&quot;\",\"datePublished\":\"2018-01-10T23:00:00+00:00\",\"dateModified\":\"2020-03-09T08:20:03+00:00\",\"mainEntityOfPage\":{\"@id\":\"https:\\\/\\\/www.bodegasprotos.com\\\/es\\\/notas-de-prensa\\\/el-director-fernando-leon-de-aranoa-se-une-a-el-circulo-de-los-primeros\\\/\"},\"wordCount\":353,\"publisher\":{\"@id\":\"https:\\\/\\\/www.bodegasprotos.com\\\/es\\\/#organization\"},\"keywords\":[\"Notas de Prensa\"],\"articleSection\":[\"Notas de Prensa\"],\"inLanguage\":\"es\"},{\"@type\":\"WebPage\",\"@id\":\"https:\\\/\\\/www.bodegasprotos.com\\\/es\\\/notas-de-prensa\\\/el-director-fernando-leon-de-aranoa-se-une-a-el-circulo-de-los-primeros\\\/\",\"url\":\"https:\\\/\\\/www.bodegasprotos.com\\\/es\\\/notas-de-prensa\\\/el-director-fernando-leon-de-aranoa-se-une-a-el-circulo-de-los-primeros\\\/\",\"name\":\"Bodegas Protos EL DIRECTOR FERNANDO LE\u00d3N DE ARANOA SE UNE A \\\"EL C\u00cdRCULO DE LOS PRIMEROS\\\"\",\"isPartOf\":{\"@id\":\"https:\\\/\\\/www.bodegasprotos.com\\\/es\\\/#website\"},\"datePublished\":\"2018-01-10T23:00:00+00:00\",\"dateModified\":\"2020-03-09T08:20:03+00:00\",\"description\":\"El director de cine y guionista espa\u00f1ol, Fernando L\u00e9on de Aranoa, se ha incorporado esta misma ma\u00f1ana al selecto grupo de ...\",\"breadcrumb\":{\"@id\":\"https:\\\/\\\/www.bodegasprotos.com\\\/es\\\/notas-de-prensa\\\/el-director-fernando-leon-de-aranoa-se-une-a-el-circulo-de-los-primeros\\\/#breadcrumb\"},\"inLanguage\":\"es\",\"potentialAction\":[{\"@type\":\"ReadAction\",\"target\":[\"https:\\\/\\\/www.bodegasprotos.com\\\/es\\\/notas-de-prensa\\\/el-director-fernando-leon-de-aranoa-se-une-a-el-circulo-de-los-primeros\\\/\"]}]},{\"@type\":\"BreadcrumbList\",\"@id\":\"https:\\\/\\\/www.bodegasprotos.com\\\/es\\\/notas-de-prensa\\\/el-director-fernando-leon-de-aranoa-se-une-a-el-circulo-de-los-primeros\\\/#breadcrumb\",\"itemListElement\":[{\"@type\":\"ListItem\",\"position\":1,\"name\":\"Portada\",\"item\":\"https:\\\/\\\/www.bodegasprotos.com\\\/es\\\/\"},{\"@type\":\"ListItem\",\"position\":2,\"name\":\"EL DIRECTOR FERNANDO LE\u00d3N DE ARANOA SE UNE A &quot;EL C\u00cdRCULO DE LOS PRIMEROS&quot;\"}]},{\"@type\":\"WebSite\",\"@id\":\"https:\\\/\\\/www.bodegasprotos.com\\\/es\\\/#website\",\"url\":\"https:\\\/\\\/www.bodegasprotos.com\\\/es\\\/\",\"name\":\"Bodegas Protos\",\"description\":\"Vinos de la Denominaci\u00f3n de Origen Ribera del Duero, Rueda y Cigales\",\"publisher\":{\"@id\":\"https:\\\/\\\/www.bodegasprotos.com\\\/es\\\/#organization\"},\"potentialAction\":[{\"@type\":\"SearchAction\",\"target\":{\"@type\":\"EntryPoint\",\"urlTemplate\":\"https:\\\/\\\/www.bodegasprotos.com\\\/es\\\/?s={search_term_string}\"},\"query-input\":{\"@type\":\"PropertyValueSpecification\",\"valueRequired\":true,\"valueName\":\"search_term_string\"}}],\"inLanguage\":\"es\"},{\"@type\":\"Organization\",\"@id\":\"https:\\\/\\\/www.bodegasprotos.com\\\/es\\\/#organization\",\"name\":\"Bodegas Protos\",\"url\":\"https:\\\/\\\/www.bodegasprotos.com\\\/es\\\/\",\"logo\":{\"@type\":\"ImageObject\",\"inLanguage\":\"es\",\"@id\":\"https:\\\/\\\/www.bodegasprotos.com\\\/es\\\/#\\\/schema\\\/logo\\\/image\\\/\",\"url\":\"https:\\\/\\\/www.bodegasprotos.com\\\/wp-content\\\/uploads\\\/2024\\\/06\\\/PROTOS-LOGOS-VERSIONES-13.png\",\"contentUrl\":\"https:\\\/\\\/www.bodegasprotos.com\\\/wp-content\\\/uploads\\\/2024\\\/06\\\/PROTOS-LOGOS-VERSIONES-13.png\",\"width\":2362,\"height\":2362,\"caption\":\"Bodegas Protos\"},\"image\":{\"@id\":\"https:\\\/\\\/www.bodegasprotos.com\\\/es\\\/#\\\/schema\\\/logo\\\/image\\\/\"},\"sameAs\":[\"https:\\\/\\\/www.facebook.com\\\/BodegasProtos\",\"https:\\\/\\\/x.com\\\/Bodegas_Protos\",\"https:\\\/\\\/www.instagram.com\\\/bodegasprotosoficial\\\/\",\"https:\\\/\\\/www.linkedin.com\\\/company\\\/bodegasprotos\\\/\",\"https:\\\/\\\/pinterest.com\\\/BodegasProtos\\\/\",\"http:\\\/\\\/www.youtube.com\\\/user\\\/BodegasProtos\",\"https:\\\/\\\/es.wikipedia.org\\\/wiki\\\/Bodegas_Protos\"]},{\"@type\":\"Person\",\"@id\":\"https:\\\/\\\/www.bodegasprotos.com\\\/es\\\/#\\\/schema\\\/person\\\/6cb69a08afa14171755cee0df7d20027\",\"name\":\"Bodegas Protos (F)\",\"image\":{\"@type\":\"ImageObject\",\"inLanguage\":\"es\",\"@id\":\"https:\\\/\\\/secure.gravatar.com\\\/avatar\\\/cc613a9fd2ee203f402357c1b4aa2b7c041016cbf1eab1e41bde410b2ebd7f94?s=96&d=mm&r=g\",\"url\":\"https:\\\/\\\/secure.gravatar.com\\\/avatar\\\/cc613a9fd2ee203f402357c1b4aa2b7c041016cbf1eab1e41bde410b2ebd7f94?s=96&d=mm&r=g\",\"contentUrl\":\"https:\\\/\\\/secure.gravatar.com\\\/avatar\\\/cc613a9fd2ee203f402357c1b4aa2b7c041016cbf1eab1e41bde410b2ebd7f94?s=96&d=mm&r=g\",\"caption\":\"Bodegas Protos (F)\"},\"sameAs\":[\"https:\\\/\\\/www.bodegasprotos.com\"]}]}<\/script>\n<!-- \/ Yoast SEO plugin. -->","yoast_head_json":{"title":"Bodegas Protos EL DIRECTOR FERNANDO LE\u00d3N DE ARANOA SE UNE A \"EL C\u00cdRCULO DE LOS PRIMEROS\"","description":"El director de cine y guionista espa\u00f1ol, Fernando L\u00e9on de Aranoa, se ha incorporado esta misma ma\u00f1ana al selecto grupo de ...","robots":{"index":"index","follow":"follow","max-snippet":"max-snippet:-1","max-image-preview":"max-image-preview:large","max-video-preview":"max-video-preview:-1"},"canonical":"https:\/\/www.bodegasprotos.com\/es\/notas-de-prensa\/el-director-fernando-leon-de-aranoa-se-une-a-el-circulo-de-los-primeros\/","og_locale":"es_ES","og_type":"article","og_title":"EL DIRECTOR FERNANDO LE\u00d3N DE ARANOA SE UNE A \"EL C\u00cdRCULO DE LOS PRIMEROS\"","og_description":"El director de cine y guionista espa\u00f1ol, Fernando L\u00e9on de Aranoa, se ha incorporado esta misma ma\u00f1ana al selecto grupo de ...","og_url":"https:\/\/www.bodegasprotos.com\/es\/notas-de-prensa\/el-director-fernando-leon-de-aranoa-se-une-a-el-circulo-de-los-primeros\/","og_site_name":"Bodegas Protos","article_publisher":"https:\/\/www.facebook.com\/BodegasProtos","article_published_time":"2018-01-10T23:00:00+00:00","article_modified_time":"2020-03-09T08:20:03+00:00","og_image":[{"url":"https:\/\/www.bodegasprotos.com\/galeria\/minni_not_660_1.jpg","type":"","width":"","height":""}],"author":"Bodegas Protos (F)","twitter_card":"summary_large_image","twitter_title":"EL DIRECTOR FERNANDO LE\u00d3N DE ARANOA SE UNE A \"EL C\u00cdRCULO DE LOS PRIMEROS\"","twitter_creator":"@Bodegas_Protos","twitter_site":"@Bodegas_Protos","twitter_misc":{"Escrito por":"Bodegas Protos (F)","Tiempo de lectura":"2 minutos"},"schema":{"@context":"https:\/\/schema.org","@graph":[{"@type":"Article","@id":"https:\/\/www.bodegasprotos.com\/es\/notas-de-prensa\/el-director-fernando-leon-de-aranoa-se-une-a-el-circulo-de-los-primeros\/#article","isPartOf":{"@id":"https:\/\/www.bodegasprotos.com\/es\/notas-de-prensa\/el-director-fernando-leon-de-aranoa-se-une-a-el-circulo-de-los-primeros\/"},"author":{"name":"Bodegas Protos (F)","@id":"https:\/\/www.bodegasprotos.com\/es\/#\/schema\/person\/6cb69a08afa14171755cee0df7d20027"},"headline":"EL DIRECTOR FERNANDO LE\u00d3N DE ARANOA SE UNE A &quot;EL C\u00cdRCULO DE LOS PRIMEROS&quot;","datePublished":"2018-01-10T23:00:00+00:00","dateModified":"2020-03-09T08:20:03+00:00","mainEntityOfPage":{"@id":"https:\/\/www.bodegasprotos.com\/es\/notas-de-prensa\/el-director-fernando-leon-de-aranoa-se-une-a-el-circulo-de-los-primeros\/"},"wordCount":353,"publisher":{"@id":"https:\/\/www.bodegasprotos.com\/es\/#organization"},"keywords":["Notas de Prensa"],"articleSection":["Notas de Prensa"],"inLanguage":"es"},{"@type":"WebPage","@id":"https:\/\/www.bodegasprotos.com\/es\/notas-de-prensa\/el-director-fernando-leon-de-aranoa-se-une-a-el-circulo-de-los-primeros\/","url":"https:\/\/www.bodegasprotos.com\/es\/notas-de-prensa\/el-director-fernando-leon-de-aranoa-se-une-a-el-circulo-de-los-primeros\/","name":"Bodegas Protos EL DIRECTOR FERNANDO LE\u00d3N DE ARANOA SE UNE A \"EL C\u00cdRCULO DE LOS PRIMEROS\"","isPartOf":{"@id":"https:\/\/www.bodegasprotos.com\/es\/#website"},"datePublished":"2018-01-10T23:00:00+00:00","dateModified":"2020-03-09T08:20:03+00:00","description":"El director de cine y guionista espa\u00f1ol, Fernando L\u00e9on de Aranoa, se ha incorporado esta misma ma\u00f1ana al selecto grupo de ...","breadcrumb":{"@id":"https:\/\/www.bodegasprotos.com\/es\/notas-de-prensa\/el-director-fernando-leon-de-aranoa-se-une-a-el-circulo-de-los-primeros\/#breadcrumb"},"inLanguage":"es","potentialAction":[{"@type":"ReadAction","target":["https:\/\/www.bodegasprotos.com\/es\/notas-de-prensa\/el-director-fernando-leon-de-aranoa-se-une-a-el-circulo-de-los-primeros\/"]}]},{"@type":"BreadcrumbList","@id":"https:\/\/www.bodegasprotos.com\/es\/notas-de-prensa\/el-director-fernando-leon-de-aranoa-se-une-a-el-circulo-de-los-primeros\/#breadcrumb","itemListElement":[{"@type":"ListItem","position":1,"name":"Portada","item":"https:\/\/www.bodegasprotos.com\/es\/"},{"@type":"ListItem","position":2,"name":"EL DIRECTOR FERNANDO LE\u00d3N DE ARANOA SE UNE A &quot;EL C\u00cdRCULO DE LOS PRIMEROS&quot;"}]},{"@type":"WebSite","@id":"https:\/\/www.bodegasprotos.com\/es\/#website","url":"https:\/\/www.bodegasprotos.com\/es\/","name":"Bodegas Protos","description":"Vinos de la Denominaci\u00f3n de Origen Ribera del Duero, Rueda y Cigales","publisher":{"@id":"https:\/\/www.bodegasprotos.com\/es\/#organization"},"potentialAction":[{"@type":"SearchAction","target":{"@type":"EntryPoint","urlTemplate":"https:\/\/www.bodegasprotos.com\/es\/?s={search_term_string}"},"query-input":{"@type":"PropertyValueSpecification","valueRequired":true,"valueName":"search_term_string"}}],"inLanguage":"es"},{"@type":"Organization","@id":"https:\/\/www.bodegasprotos.com\/es\/#organization","name":"Bodegas Protos","url":"https:\/\/www.bodegasprotos.com\/es\/","logo":{"@type":"ImageObject","inLanguage":"es","@id":"https:\/\/www.bodegasprotos.com\/es\/#\/schema\/logo\/image\/","url":"https:\/\/www.bodegasprotos.com\/wp-content\/uploads\/2024\/06\/PROTOS-LOGOS-VERSIONES-13.png","contentUrl":"https:\/\/www.bodegasprotos.com\/wp-content\/uploads\/2024\/06\/PROTOS-LOGOS-VERSIONES-13.png","width":2362,"height":2362,"caption":"Bodegas Protos"},"image":{"@id":"https:\/\/www.bodegasprotos.com\/es\/#\/schema\/logo\/image\/"},"sameAs":["https:\/\/www.facebook.com\/BodegasProtos","https:\/\/x.com\/Bodegas_Protos","https:\/\/www.instagram.com\/bodegasprotosoficial\/","https:\/\/www.linkedin.com\/company\/bodegasprotos\/","https:\/\/pinterest.com\/BodegasProtos\/","http:\/\/www.youtube.com\/user\/BodegasProtos","https:\/\/es.wikipedia.org\/wiki\/Bodegas_Protos"]},{"@type":"Person","@id":"https:\/\/www.bodegasprotos.com\/es\/#\/schema\/person\/6cb69a08afa14171755cee0df7d20027","name":"Bodegas Protos (F)","image":{"@type":"ImageObject","inLanguage":"es","@id":"https:\/\/secure.gravatar.com\/avatar\/cc613a9fd2ee203f402357c1b4aa2b7c041016cbf1eab1e41bde410b2ebd7f94?s=96&d=mm&r=g","url":"https:\/\/secure.gravatar.com\/avatar\/cc613a9fd2ee203f402357c1b4aa2b7c041016cbf1eab1e41bde410b2ebd7f94?s=96&d=mm&r=g","contentUrl":"https:\/\/secure.gravatar.com\/avatar\/cc613a9fd2ee203f402357c1b4aa2b7c041016cbf1eab1e41bde410b2ebd7f94?s=96&d=mm&r=g","caption":"Bodegas Protos (F)"},"sameAs":["https:\/\/www.bodegasprotos.com"]}]}},"_links":{"self":[{"href":"https:\/\/www.bodegasprotos.com\/es\/wp-json\/wp\/v2\/posts\/18947","targetHints":{"allow":["GET"]}}],"collection":[{"href":"https:\/\/www.bodegasprotos.com\/es\/wp-json\/wp\/v2\/posts"}],"about":[{"href":"https:\/\/www.bodegasprotos.com\/es\/wp-json\/wp\/v2\/types\/post"}],"author":[{"embeddable":true,"href":"https:\/\/www.bodegasprotos.com\/es\/wp-json\/wp\/v2\/users\/3"}],"replies":[{"embeddable":true,"href":"https:\/\/www.bodegasprotos.com\/es\/wp-json\/wp\/v2\/comments?post=18947"}],"version-history":[{"count":0,"href":"https:\/\/www.bodegasprotos.com\/es\/wp-json\/wp\/v2\/posts\/18947\/revisions"}],"wp:attachment":[{"href":"https:\/\/www.bodegasprotos.com\/es\/wp-json\/wp\/v2\/media?parent=18947"}],"wp:term":[{"taxonomy":"category","embeddable":true,"href":"https:\/\/www.bodegasprotos.com\/es\/wp-json\/wp\/v2\/categories?post=18947"},{"taxonomy":"post_tag","embeddable":true,"href":"https:\/\/www.bodegasprotos.com\/es\/wp-json\/wp\/v2\/tags?post=18947"}],"curies":[{"name":"wp","href":"https:\/\/api.w.org\/{rel}","templated":true}]}}