{"id":18934,"date":"2017-09-26T00:00:00","date_gmt":"2017-09-25T22:00:00","guid":{"rendered":"https:\/\/bodegasprotos.com\/2017\/09\/bodegas-protos-celebra-90-aniversario-rodeado-ilustres-amigos\/"},"modified":"2019-12-27T13:56:14","modified_gmt":"2019-12-27T12:56:14","slug":"bodegas-protos-celebra-su-90-aniversario-rodeado-de-ilustres-amigos","status":"publish","type":"post","link":"https:\/\/www.bodegasprotos.com\/es\/notas-de-prensa\/bodegas-protos-celebra-su-90-aniversario-rodeado-de-ilustres-amigos\/","title":{"rendered":"BODEGAS PROTOS CELEBRA SU 90 ANIVERSARIO  RODEADO DE ILUSTRES AMIGOS"},"content":{"rendered":"<div class=\"coldcha\"><a class=\"lytebox lytebox01\" href=\"\/galeria\/fotto_not_648_1.jpg\"><img decoding=\"async\" class=\"wp-image_648_1 size-medium\" src=\"\/galeria\/minni_not_648_1.jpg\" alt=\"BODEGAS PROTOS CELEBRA SU 90 ANIVERSARIO RODEADO DE ILUSTRES AMIGOS\" \/><\/a><\/div>\n<p><strong>David Cal, Vicente del Bosque, Victor Ullate, Juan Luis Arsuaga y Fernando Savater, conducidos por Pepa Fern\u00e1ndez, \u00a0han participado en el evento rememorando sus inicios y los cimientos sobre los que construyeron sus carreras.<\/strong><\/p>\n<p><strong>La ministra de Agricultura, Isabel Garcia Tejerina y el Presidente de la Junta de Castilla y Le\u00f3n, Juan Vicente Herrera, estuvieron presentes en el acto como muestra de apoyo a la prestigiosa bodega.\u00a0<\/strong><\/p>\n<p><!--more--><\/p>\n<p><strong><em>\u201c<\/em><\/strong><em>La Clave est\u00e1 en los Or\u00edgenes\u201d. <\/em>En torno a este lema <strong>Bodegas Protos <\/strong>ha celebrado la ma\u00f1ana del lunes 25 de septiembre en sus instalaciones de Pe\u00f1afiel (Valladolid) uno de sus cumplea\u00f1os m\u00e1s especiales, su 90 aniversario. Un evento que seg\u00fan palabras del presidente del grupo bodeguero, Edmundo Bay\u00f3n,\u00a0 <em>\u201chonra la iniciativa y actitud visionaria que aquellos pioneros pusieron en pr\u00e1ctica y que nosotros como humildes herederos hemos aceptado como propia a trav\u00e9s del esfuerzo. \u00a0<\/em>Enfatizando la importancia de sus inicios, Bay\u00f3n ha declarado que \u201c<em>los 11 fundadores de la bodega dejaron trazadas las l\u00edneas a seguir para que aquella peque\u00f1a bodega que nac\u00eda en Pe\u00f1afiel en 1927 como \u201cla primera en la ribera\u201d, fuese 90 a\u00f1os despu\u00e9s reconocida a nivel nacional e internacional como una prestigiosa marca vitivin\u00edcola llamada Protos\u201d.<\/em><\/p>\n<p>Este orgullo hacia sus or\u00edgenes es lo que ha motivado a <strong>Bodegas Protos<\/strong> a festejar su efem\u00e9ride acompa\u00f1ados de grandes amigos, todos ellos miembros del santuario \u201cEl C\u00edrculo de los Primeros\u201d ubicado en sus galer\u00edas subterr\u00e1neas. C\u00e9lebres figuras del panorama art\u00edstico, moral, cient\u00edfico, deportivo o period\u00edstico que, al igual que la bodega, basan el \u00e9xito de sus carreras en sus primeros pasos y representan el esp\u00edritu de liderazgo de Protos. <strong>David Cal, Vicente del Bosque, V\u00edctor Ullate, Juan Luis Arsuaga y Fernando Savater, <\/strong>moderados por la periodista radiof\u00f3nica <strong>Pepa Fern\u00e1ndez<\/strong>, han protagonizado un excepcional coloquio acerca del valor y la trascendencia de sus ra\u00edces.<\/p>\n<p>La jornada ha regalado grandes momentos protagonizados por cada uno de los invitados al coloquio que, seg\u00fan palabras de Isabel Garcia Tejerina, ministra de Agricultura, ha sido toda una \u201cclase magistral\u201d. Vicente del Bosque ha recalcado la importancia del \u201cesfuerzo y la unidad, tanto en el deporte como en la vida, para alcanzar el \u00e9xito\u201d. \u00a0Adem\u00e1s, echando la vista atr\u00e1s para recordar sus or\u00edgenes ha manifestado que para \u00e9l era impensable llegar hasta donde ha llegado pues cuando de ni\u00f1o jugaba con el bal\u00f3n \u201cno ve\u00eda el profesionalismo\u201d. Por su parte, Fernando Savater ha puesto el acento en que \u201cen la vida uno gana o pierde, pues el verdadero fracaso es no aprovechar las derrotas\u201d.<\/p>\n<p>El deportista espa\u00f1ol con m\u00e1s medallas ol\u00edmpicas, David Cal, ha relato como fueron sus or\u00edgenes en un peque\u00f1o pueblo gallego, a\u00f1os en los nunca imagin\u00f3 su exitoso futuro. Uno logros que han sido fruto de un m\u00e9todo de trabajo basado en el sacrificio, la fe y la ambici\u00f3n. Juan Luis Arsuaga, reconocido paleontrop\u00f3logo, ha dedicado toda su vida a explorar los or\u00edgenes de todos. Su vasta experiencia en el ser humano le lleva a poder afirmar que \u201cla felicidad se encuentra en hacer lo que a uno le gusta\u201d y en consecuencia \u201csomos nosotros quienes construimos el futuro, depende de nosotros\u201d. El core\u00f3grafo y bailar\u00edn, V\u00edctor Ullate, ha se\u00f1alado como la clave de sus or\u00edgenes \u201cel tes\u00f3n, voluntad e ilusi\u00f3n\u201d que le inculc\u00f3 su padre.<\/p>\n<p>Tras el coloquio Juan Vicente Herrera declar\u00f3 que estar en el 90 aniversario de Bodegas Protos es \u201cun privilegio y un enorme motivo de alegr\u00eda\u201d. En su discurso quiso hacer una menci\u00f3n especial a los valores de tradici\u00f3n, como palanca de avance, y unidad que han definido a Bodegas Protos durante todos estos a\u00f1os.<\/p>\n<p>Isabel Garc\u00eda Tejerina, ministra de Agricultura, Alimentaci\u00f3n y Medio Ambiente, fue la encargada de clausurar el acto y dedic\u00f3 unas palabras a los all\u00ed congregados en las que destac\u00f3 \u201cel origen de Bodegas Protos ligado a su tierra, a los 11 viticultores que supieron anticiparse al futuro\u201d. En su discurso tambi\u00e9n quiso resaltar que \u201cla preservaci\u00f3n de sus valores es lo que les ha llevado a recorrer este largo camino\u201d.<\/p>\n<p>Como broche final de esta especial fiesta de cumplea\u00f1os,\u00a0 la directiva de la compa\u00f1\u00eda y sus invitados brindaron por el pasado, presente y futuro de la bodega con un vino muy especial,<strong> Protos \u201927 2014<\/strong>. Una nueva referencia elaborada con motivo de sus noventa a\u00f1os y resultado de un complejo proyecto de I+D+i\u00a0 que se basa en un ambicioso estudio de levaduras aut\u00f3ctonas seleccionadas de los mejores vi\u00f1edos de Bodegas Protos. En definitiva, un vino complejo, intenso y elegante que marca un nuevo punto de inflexi\u00f3n en la historia de la bodega.<\/p>\n","protected":false},"excerpt":{"rendered":"<p>David Cal, Vicente del Bosque, Victor Ullate, Juan Luis Arsuaga y Fernando Savater, conducidos por Pepa Fern&aacute;ndez, &nbsp;han participado en el evento rememorando sus inicios y los cimientos sobre los que construyeron sus carreras. La ministra de Agricultura, Isabel Garcia Tejerina y el Presidente de la Junta de Castilla y Le&oacute;n, Juan Vicente Herrera, estuvieron presentes en el acto &#8230;<\/p>\n","protected":false},"author":3,"featured_media":0,"comment_status":"closed","ping_status":"closed","sticky":false,"template":"","format":"standard","meta":{"_acf_changed":false,"footnotes":""},"categories":[94],"tags":[106],"class_list":["post-18934","post","type-post","status-publish","format-standard","hentry","category-notas-de-prensa","tag-notas-de-prensa"],"acf":[],"yoast_head":"<!-- This site is optimized with the Yoast SEO plugin v27.4 - https:\/\/yoast.com\/product\/yoast-seo-wordpress\/ -->\n<title>Bodegas Protos BODEGAS PROTOS CELEBRA SU 90 ANIVERSARIO RODEADO DE ILUSTRES AMIGOS<\/title>\n<meta name=\"description\" content=\"David Cal, Vicente del Bosque, Victor Ullate, Juan Luis Arsuaga y Fernando Savater, conducidos por Pepa Fern\u00e1ndez, \u00a0han participado en ...\" \/>\n<meta name=\"robots\" content=\"index, follow, max-snippet:-1, max-image-preview:large, max-video-preview:-1\" \/>\n<link rel=\"canonical\" href=\"https:\/\/www.bodegasprotos.com\/es\/notas-de-prensa\/bodegas-protos-celebra-su-90-aniversario-rodeado-de-ilustres-amigos\/\" \/>\n<meta property=\"og:locale\" content=\"es_ES\" \/>\n<meta property=\"og:type\" content=\"article\" \/>\n<meta property=\"og:title\" content=\"BODEGAS PROTOS CELEBRA SU 90 ANIVERSARIO RODEADO DE ILUSTRES AMIGOS\" \/>\n<meta property=\"og:description\" content=\"David Cal, Vicente del Bosque, Victor Ullate, Juan Luis Arsuaga y Fernando Savater, conducidos por Pepa Fern\u00e1ndez, \u00a0han participado en ...\" \/>\n<meta property=\"og:url\" content=\"https:\/\/www.bodegasprotos.com\/es\/notas-de-prensa\/bodegas-protos-celebra-su-90-aniversario-rodeado-de-ilustres-amigos\/\" \/>\n<meta property=\"og:site_name\" content=\"Bodegas Protos\" \/>\n<meta property=\"article:publisher\" content=\"https:\/\/www.facebook.com\/BodegasProtos\" \/>\n<meta property=\"article:published_time\" content=\"2017-09-25T22:00:00+00:00\" \/>\n<meta property=\"article:modified_time\" content=\"2019-12-27T12:56:14+00:00\" \/>\n<meta property=\"og:image\" content=\"https:\/\/www.bodegasprotos.com\/galeria\/minni_not_648_1.jpg\" \/>\n<meta name=\"author\" content=\"Bodegas Protos (F)\" \/>\n<meta name=\"twitter:card\" content=\"summary_large_image\" \/>\n<meta name=\"twitter:title\" content=\"BODEGAS PROTOS CELEBRA SU 90 ANIVERSARIO RODEADO DE ILUSTRES AMIGOS\" \/>\n<meta name=\"twitter:creator\" content=\"@Bodegas_Protos\" \/>\n<meta name=\"twitter:site\" content=\"@Bodegas_Protos\" \/>\n<meta name=\"twitter:label1\" content=\"Escrito por\" \/>\n\t<meta name=\"twitter:data1\" content=\"Bodegas Protos (F)\" \/>\n\t<meta name=\"twitter:label2\" content=\"Tiempo de lectura\" \/>\n\t<meta name=\"twitter:data2\" content=\"4 minutos\" \/>\n<script type=\"application\/ld+json\" class=\"yoast-schema-graph\">{\"@context\":\"https:\\\/\\\/schema.org\",\"@graph\":[{\"@type\":\"Article\",\"@id\":\"https:\\\/\\\/www.bodegasprotos.com\\\/es\\\/notas-de-prensa\\\/bodegas-protos-celebra-su-90-aniversario-rodeado-de-ilustres-amigos\\\/#article\",\"isPartOf\":{\"@id\":\"https:\\\/\\\/www.bodegasprotos.com\\\/es\\\/notas-de-prensa\\\/bodegas-protos-celebra-su-90-aniversario-rodeado-de-ilustres-amigos\\\/\"},\"author\":{\"name\":\"Bodegas Protos (F)\",\"@id\":\"https:\\\/\\\/www.bodegasprotos.com\\\/es\\\/#\\\/schema\\\/person\\\/6cb69a08afa14171755cee0df7d20027\"},\"headline\":\"BODEGAS PROTOS CELEBRA SU 90 ANIVERSARIO RODEADO DE ILUSTRES AMIGOS\",\"datePublished\":\"2017-09-25T22:00:00+00:00\",\"dateModified\":\"2019-12-27T12:56:14+00:00\",\"mainEntityOfPage\":{\"@id\":\"https:\\\/\\\/www.bodegasprotos.com\\\/es\\\/notas-de-prensa\\\/bodegas-protos-celebra-su-90-aniversario-rodeado-de-ilustres-amigos\\\/\"},\"wordCount\":832,\"publisher\":{\"@id\":\"https:\\\/\\\/www.bodegasprotos.com\\\/es\\\/#organization\"},\"keywords\":[\"Notas de Prensa\"],\"articleSection\":[\"Notas de Prensa\"],\"inLanguage\":\"es\"},{\"@type\":\"WebPage\",\"@id\":\"https:\\\/\\\/www.bodegasprotos.com\\\/es\\\/notas-de-prensa\\\/bodegas-protos-celebra-su-90-aniversario-rodeado-de-ilustres-amigos\\\/\",\"url\":\"https:\\\/\\\/www.bodegasprotos.com\\\/es\\\/notas-de-prensa\\\/bodegas-protos-celebra-su-90-aniversario-rodeado-de-ilustres-amigos\\\/\",\"name\":\"Bodegas Protos BODEGAS PROTOS CELEBRA SU 90 ANIVERSARIO RODEADO DE ILUSTRES AMIGOS\",\"isPartOf\":{\"@id\":\"https:\\\/\\\/www.bodegasprotos.com\\\/es\\\/#website\"},\"datePublished\":\"2017-09-25T22:00:00+00:00\",\"dateModified\":\"2019-12-27T12:56:14+00:00\",\"description\":\"David Cal, Vicente del Bosque, Victor Ullate, Juan Luis Arsuaga y Fernando Savater, conducidos por Pepa Fern\u00e1ndez, \u00a0han participado en ...\",\"breadcrumb\":{\"@id\":\"https:\\\/\\\/www.bodegasprotos.com\\\/es\\\/notas-de-prensa\\\/bodegas-protos-celebra-su-90-aniversario-rodeado-de-ilustres-amigos\\\/#breadcrumb\"},\"inLanguage\":\"es\",\"potentialAction\":[{\"@type\":\"ReadAction\",\"target\":[\"https:\\\/\\\/www.bodegasprotos.com\\\/es\\\/notas-de-prensa\\\/bodegas-protos-celebra-su-90-aniversario-rodeado-de-ilustres-amigos\\\/\"]}]},{\"@type\":\"BreadcrumbList\",\"@id\":\"https:\\\/\\\/www.bodegasprotos.com\\\/es\\\/notas-de-prensa\\\/bodegas-protos-celebra-su-90-aniversario-rodeado-de-ilustres-amigos\\\/#breadcrumb\",\"itemListElement\":[{\"@type\":\"ListItem\",\"position\":1,\"name\":\"Portada\",\"item\":\"https:\\\/\\\/www.bodegasprotos.com\\\/es\\\/\"},{\"@type\":\"ListItem\",\"position\":2,\"name\":\"BODEGAS PROTOS CELEBRA SU 90 ANIVERSARIO RODEADO DE ILUSTRES AMIGOS\"}]},{\"@type\":\"WebSite\",\"@id\":\"https:\\\/\\\/www.bodegasprotos.com\\\/es\\\/#website\",\"url\":\"https:\\\/\\\/www.bodegasprotos.com\\\/es\\\/\",\"name\":\"Bodegas Protos\",\"description\":\"Vinos de la Denominaci\u00f3n de Origen Ribera del Duero, Rueda y Cigales\",\"publisher\":{\"@id\":\"https:\\\/\\\/www.bodegasprotos.com\\\/es\\\/#organization\"},\"potentialAction\":[{\"@type\":\"SearchAction\",\"target\":{\"@type\":\"EntryPoint\",\"urlTemplate\":\"https:\\\/\\\/www.bodegasprotos.com\\\/es\\\/?s={search_term_string}\"},\"query-input\":{\"@type\":\"PropertyValueSpecification\",\"valueRequired\":true,\"valueName\":\"search_term_string\"}}],\"inLanguage\":\"es\"},{\"@type\":\"Organization\",\"@id\":\"https:\\\/\\\/www.bodegasprotos.com\\\/es\\\/#organization\",\"name\":\"Bodegas Protos\",\"url\":\"https:\\\/\\\/www.bodegasprotos.com\\\/es\\\/\",\"logo\":{\"@type\":\"ImageObject\",\"inLanguage\":\"es\",\"@id\":\"https:\\\/\\\/www.bodegasprotos.com\\\/es\\\/#\\\/schema\\\/logo\\\/image\\\/\",\"url\":\"https:\\\/\\\/www.bodegasprotos.com\\\/wp-content\\\/uploads\\\/2024\\\/06\\\/PROTOS-LOGOS-VERSIONES-13.png\",\"contentUrl\":\"https:\\\/\\\/www.bodegasprotos.com\\\/wp-content\\\/uploads\\\/2024\\\/06\\\/PROTOS-LOGOS-VERSIONES-13.png\",\"width\":2362,\"height\":2362,\"caption\":\"Bodegas Protos\"},\"image\":{\"@id\":\"https:\\\/\\\/www.bodegasprotos.com\\\/es\\\/#\\\/schema\\\/logo\\\/image\\\/\"},\"sameAs\":[\"https:\\\/\\\/www.facebook.com\\\/BodegasProtos\",\"https:\\\/\\\/x.com\\\/Bodegas_Protos\",\"https:\\\/\\\/www.instagram.com\\\/bodegasprotosoficial\\\/\",\"https:\\\/\\\/www.linkedin.com\\\/company\\\/bodegasprotos\\\/\",\"https:\\\/\\\/pinterest.com\\\/BodegasProtos\\\/\",\"http:\\\/\\\/www.youtube.com\\\/user\\\/BodegasProtos\",\"https:\\\/\\\/es.wikipedia.org\\\/wiki\\\/Bodegas_Protos\"]},{\"@type\":\"Person\",\"@id\":\"https:\\\/\\\/www.bodegasprotos.com\\\/es\\\/#\\\/schema\\\/person\\\/6cb69a08afa14171755cee0df7d20027\",\"name\":\"Bodegas Protos (F)\",\"image\":{\"@type\":\"ImageObject\",\"inLanguage\":\"es\",\"@id\":\"https:\\\/\\\/secure.gravatar.com\\\/avatar\\\/cc613a9fd2ee203f402357c1b4aa2b7c041016cbf1eab1e41bde410b2ebd7f94?s=96&d=mm&r=g\",\"url\":\"https:\\\/\\\/secure.gravatar.com\\\/avatar\\\/cc613a9fd2ee203f402357c1b4aa2b7c041016cbf1eab1e41bde410b2ebd7f94?s=96&d=mm&r=g\",\"contentUrl\":\"https:\\\/\\\/secure.gravatar.com\\\/avatar\\\/cc613a9fd2ee203f402357c1b4aa2b7c041016cbf1eab1e41bde410b2ebd7f94?s=96&d=mm&r=g\",\"caption\":\"Bodegas Protos (F)\"},\"sameAs\":[\"https:\\\/\\\/www.bodegasprotos.com\"]}]}<\/script>\n<!-- \/ Yoast SEO plugin. -->","yoast_head_json":{"title":"Bodegas Protos BODEGAS PROTOS CELEBRA SU 90 ANIVERSARIO RODEADO DE ILUSTRES AMIGOS","description":"David Cal, Vicente del Bosque, Victor Ullate, Juan Luis Arsuaga y Fernando Savater, conducidos por Pepa Fern\u00e1ndez, \u00a0han participado en ...","robots":{"index":"index","follow":"follow","max-snippet":"max-snippet:-1","max-image-preview":"max-image-preview:large","max-video-preview":"max-video-preview:-1"},"canonical":"https:\/\/www.bodegasprotos.com\/es\/notas-de-prensa\/bodegas-protos-celebra-su-90-aniversario-rodeado-de-ilustres-amigos\/","og_locale":"es_ES","og_type":"article","og_title":"BODEGAS PROTOS CELEBRA SU 90 ANIVERSARIO RODEADO DE ILUSTRES AMIGOS","og_description":"David Cal, Vicente del Bosque, Victor Ullate, Juan Luis Arsuaga y Fernando Savater, conducidos por Pepa Fern\u00e1ndez, \u00a0han participado en ...","og_url":"https:\/\/www.bodegasprotos.com\/es\/notas-de-prensa\/bodegas-protos-celebra-su-90-aniversario-rodeado-de-ilustres-amigos\/","og_site_name":"Bodegas Protos","article_publisher":"https:\/\/www.facebook.com\/BodegasProtos","article_published_time":"2017-09-25T22:00:00+00:00","article_modified_time":"2019-12-27T12:56:14+00:00","og_image":[{"url":"https:\/\/www.bodegasprotos.com\/galeria\/minni_not_648_1.jpg","type":"","width":"","height":""}],"author":"Bodegas Protos (F)","twitter_card":"summary_large_image","twitter_title":"BODEGAS PROTOS CELEBRA SU 90 ANIVERSARIO RODEADO DE ILUSTRES AMIGOS","twitter_creator":"@Bodegas_Protos","twitter_site":"@Bodegas_Protos","twitter_misc":{"Escrito por":"Bodegas Protos (F)","Tiempo de lectura":"4 minutos"},"schema":{"@context":"https:\/\/schema.org","@graph":[{"@type":"Article","@id":"https:\/\/www.bodegasprotos.com\/es\/notas-de-prensa\/bodegas-protos-celebra-su-90-aniversario-rodeado-de-ilustres-amigos\/#article","isPartOf":{"@id":"https:\/\/www.bodegasprotos.com\/es\/notas-de-prensa\/bodegas-protos-celebra-su-90-aniversario-rodeado-de-ilustres-amigos\/"},"author":{"name":"Bodegas Protos (F)","@id":"https:\/\/www.bodegasprotos.com\/es\/#\/schema\/person\/6cb69a08afa14171755cee0df7d20027"},"headline":"BODEGAS PROTOS CELEBRA SU 90 ANIVERSARIO RODEADO DE ILUSTRES AMIGOS","datePublished":"2017-09-25T22:00:00+00:00","dateModified":"2019-12-27T12:56:14+00:00","mainEntityOfPage":{"@id":"https:\/\/www.bodegasprotos.com\/es\/notas-de-prensa\/bodegas-protos-celebra-su-90-aniversario-rodeado-de-ilustres-amigos\/"},"wordCount":832,"publisher":{"@id":"https:\/\/www.bodegasprotos.com\/es\/#organization"},"keywords":["Notas de Prensa"],"articleSection":["Notas de Prensa"],"inLanguage":"es"},{"@type":"WebPage","@id":"https:\/\/www.bodegasprotos.com\/es\/notas-de-prensa\/bodegas-protos-celebra-su-90-aniversario-rodeado-de-ilustres-amigos\/","url":"https:\/\/www.bodegasprotos.com\/es\/notas-de-prensa\/bodegas-protos-celebra-su-90-aniversario-rodeado-de-ilustres-amigos\/","name":"Bodegas Protos BODEGAS PROTOS CELEBRA SU 90 ANIVERSARIO RODEADO DE ILUSTRES AMIGOS","isPartOf":{"@id":"https:\/\/www.bodegasprotos.com\/es\/#website"},"datePublished":"2017-09-25T22:00:00+00:00","dateModified":"2019-12-27T12:56:14+00:00","description":"David Cal, Vicente del Bosque, Victor Ullate, Juan Luis Arsuaga y Fernando Savater, conducidos por Pepa Fern\u00e1ndez, \u00a0han participado en ...","breadcrumb":{"@id":"https:\/\/www.bodegasprotos.com\/es\/notas-de-prensa\/bodegas-protos-celebra-su-90-aniversario-rodeado-de-ilustres-amigos\/#breadcrumb"},"inLanguage":"es","potentialAction":[{"@type":"ReadAction","target":["https:\/\/www.bodegasprotos.com\/es\/notas-de-prensa\/bodegas-protos-celebra-su-90-aniversario-rodeado-de-ilustres-amigos\/"]}]},{"@type":"BreadcrumbList","@id":"https:\/\/www.bodegasprotos.com\/es\/notas-de-prensa\/bodegas-protos-celebra-su-90-aniversario-rodeado-de-ilustres-amigos\/#breadcrumb","itemListElement":[{"@type":"ListItem","position":1,"name":"Portada","item":"https:\/\/www.bodegasprotos.com\/es\/"},{"@type":"ListItem","position":2,"name":"BODEGAS PROTOS CELEBRA SU 90 ANIVERSARIO RODEADO DE ILUSTRES AMIGOS"}]},{"@type":"WebSite","@id":"https:\/\/www.bodegasprotos.com\/es\/#website","url":"https:\/\/www.bodegasprotos.com\/es\/","name":"Bodegas Protos","description":"Vinos de la Denominaci\u00f3n de Origen Ribera del Duero, Rueda y Cigales","publisher":{"@id":"https:\/\/www.bodegasprotos.com\/es\/#organization"},"potentialAction":[{"@type":"SearchAction","target":{"@type":"EntryPoint","urlTemplate":"https:\/\/www.bodegasprotos.com\/es\/?s={search_term_string}"},"query-input":{"@type":"PropertyValueSpecification","valueRequired":true,"valueName":"search_term_string"}}],"inLanguage":"es"},{"@type":"Organization","@id":"https:\/\/www.bodegasprotos.com\/es\/#organization","name":"Bodegas Protos","url":"https:\/\/www.bodegasprotos.com\/es\/","logo":{"@type":"ImageObject","inLanguage":"es","@id":"https:\/\/www.bodegasprotos.com\/es\/#\/schema\/logo\/image\/","url":"https:\/\/www.bodegasprotos.com\/wp-content\/uploads\/2024\/06\/PROTOS-LOGOS-VERSIONES-13.png","contentUrl":"https:\/\/www.bodegasprotos.com\/wp-content\/uploads\/2024\/06\/PROTOS-LOGOS-VERSIONES-13.png","width":2362,"height":2362,"caption":"Bodegas Protos"},"image":{"@id":"https:\/\/www.bodegasprotos.com\/es\/#\/schema\/logo\/image\/"},"sameAs":["https:\/\/www.facebook.com\/BodegasProtos","https:\/\/x.com\/Bodegas_Protos","https:\/\/www.instagram.com\/bodegasprotosoficial\/","https:\/\/www.linkedin.com\/company\/bodegasprotos\/","https:\/\/pinterest.com\/BodegasProtos\/","http:\/\/www.youtube.com\/user\/BodegasProtos","https:\/\/es.wikipedia.org\/wiki\/Bodegas_Protos"]},{"@type":"Person","@id":"https:\/\/www.bodegasprotos.com\/es\/#\/schema\/person\/6cb69a08afa14171755cee0df7d20027","name":"Bodegas Protos (F)","image":{"@type":"ImageObject","inLanguage":"es","@id":"https:\/\/secure.gravatar.com\/avatar\/cc613a9fd2ee203f402357c1b4aa2b7c041016cbf1eab1e41bde410b2ebd7f94?s=96&d=mm&r=g","url":"https:\/\/secure.gravatar.com\/avatar\/cc613a9fd2ee203f402357c1b4aa2b7c041016cbf1eab1e41bde410b2ebd7f94?s=96&d=mm&r=g","contentUrl":"https:\/\/secure.gravatar.com\/avatar\/cc613a9fd2ee203f402357c1b4aa2b7c041016cbf1eab1e41bde410b2ebd7f94?s=96&d=mm&r=g","caption":"Bodegas Protos (F)"},"sameAs":["https:\/\/www.bodegasprotos.com"]}]}},"_links":{"self":[{"href":"https:\/\/www.bodegasprotos.com\/es\/wp-json\/wp\/v2\/posts\/18934","targetHints":{"allow":["GET"]}}],"collection":[{"href":"https:\/\/www.bodegasprotos.com\/es\/wp-json\/wp\/v2\/posts"}],"about":[{"href":"https:\/\/www.bodegasprotos.com\/es\/wp-json\/wp\/v2\/types\/post"}],"author":[{"embeddable":true,"href":"https:\/\/www.bodegasprotos.com\/es\/wp-json\/wp\/v2\/users\/3"}],"replies":[{"embeddable":true,"href":"https:\/\/www.bodegasprotos.com\/es\/wp-json\/wp\/v2\/comments?post=18934"}],"version-history":[{"count":0,"href":"https:\/\/www.bodegasprotos.com\/es\/wp-json\/wp\/v2\/posts\/18934\/revisions"}],"wp:attachment":[{"href":"https:\/\/www.bodegasprotos.com\/es\/wp-json\/wp\/v2\/media?parent=18934"}],"wp:term":[{"taxonomy":"category","embeddable":true,"href":"https:\/\/www.bodegasprotos.com\/es\/wp-json\/wp\/v2\/categories?post=18934"},{"taxonomy":"post_tag","embeddable":true,"href":"https:\/\/www.bodegasprotos.com\/es\/wp-json\/wp\/v2\/tags?post=18934"}],"curies":[{"name":"wp","href":"https:\/\/api.w.org\/{rel}","templated":true}]}}