{"id":18904,"date":"2016-07-29T00:00:00","date_gmt":"2016-07-28T22:00:00","guid":{"rendered":"https:\/\/bodegasprotos.com\/2016\/07\/los-grandes-reservas-protos-mostraron-todo-potencial-guarda-peru\/"},"modified":"2020-03-09T09:35:43","modified_gmt":"2020-03-09T08:35:43","slug":"los-grandes-reservas-de-protos-mostraron-todo-su-potencial-de-guarda-en-peru","status":"publish","type":"post","link":"https:\/\/www.bodegasprotos.com\/es\/notas-de-prensa\/los-grandes-reservas-de-protos-mostraron-todo-su-potencial-de-guarda-en-peru\/","title":{"rendered":"LOS GRANDES RESERVAS DE PROTOS MOSTRARON TODO SU POTENCIAL DE GUARDA EN PERU"},"content":{"rendered":"<div class=\"coldcha\"><a class=\"lytebox lytebox01\" href=\"\/galeria\/fotto_not_616_1.jpg\"><img decoding=\"async\" class=\"wp-image_616_1 size-medium\" src=\"\/galeria\/minni_not_616_1.jpg\" alt=\"LOS GRANDES RESERVAS DE PROTOS MOSTRARON TODO SU POTENCIAL DE GUARDA EN PERU\" \/><\/a> <a class=\"lytebox lytebox02\" href=\"\/galeria\/fotto_not_616_2.jpg\"><img decoding=\"async\" class=\"wp-image_616_2 size-medium\" src=\"\/galeria\/minni_not_616_2.jpg\" alt=\"LOS GRANDES RESERVAS DE PROTOS MOSTRARON TODO SU POTENCIAL DE GUARDA EN PERU\" \/><\/a> <a class=\"lytebox lytebox03\" href=\"\/galeria\/fotto_not_616_3.jpg\"><img decoding=\"async\" class=\"wp-image_616_3 size-medium\" src=\"\/galeria\/minni_not_616_3.jpg\" alt=\"LOS GRANDES RESERVAS DE PROTOS MOSTRARON TODO SU POTENCIAL DE GUARDA EN PERU\" \/><\/a><\/div>\n<p>Las mejores a\u00f1adas de los\u00a0<strong>Gran Reserva del siglo XXI<\/strong>\u00a0de Bodegas Protos\u00a0han sido las protagonistas de una cata vertical ofrecida en el\u00a0prestigioso restaurante <a href=\"https:\/\/www.facebook.com\/restaurantelacarreta.pe\/?fref=ts\">La Carreta<\/a> en Lima.<\/p>\n<p>La encargada de dirigir dicha cata vertical fue Luisa de Paz, Export Manager de Protos desde 2006.\u00a0A la cata assistieron prestigiosos\u00a0periodistas y especialistas del mundo del vino en Per\u00fa como\u00a0Jose Bracamonte, Carlos\u00a0De Pierola,\u00a0Melina Bertochi,\u00a0Mirtha Noceda y Soledad\u00a0Marroquin.<\/p>\n<p>Durante la\u00a0vertical \u00fanica se\u00a0degustaron joyas de la bodega como el\u00a0Gran Reserva 2001, Gran Reserva 2004, Gran Reserva 2005, \u00a0Gran Reserva 2006, \u00a0Gran Reserva 2009 y Gran Reserva 2010.<\/p>\n<p>En Bodegas Protos solo elaboramos Grandes Reservas cuando la a\u00f1ada es excepcional. Para ello utilizamos las mejores uvas, provenientes de vi\u00f1edos con m\u00e1s de 60 a\u00f1os de antig\u00fcedad, vendimiadas de forma manual y seleccionas por racimo y por grano en mesa.<\/p>\n<p>La cata comenz\u00f3 con el \u201c<strong>Protos Gran Reserva 2001<\/strong>\u201c, Un vino\u00a0\u00fanico elaborado en una a\u00f1ada calificada por los expertos como hist\u00f3rica, en un a\u00f1o con bajo rendimiento de los vi\u00f1edos. De color teja pronunciado y gran intensidad arom\u00e1tica, este vino en boca sorprende por sus matices y sabores muy equilibrados.<\/p>\n<p>Seguidamente\u00a0se cat\u00f3\u00a0el <strong>Protos Gran Reserva 2004<\/strong>. Una a\u00f1ada t\u00edpica\u00a0tanto por\u00a0pluviometr\u00eda y como por temperatura, que se tradujo\u00a0como resultado una uva perfecta para hacer un Gran Reserva \u201ccl\u00e1sico\u201d que todav\u00eda muestra un\u00a0gran recorrido en botella.<\/p>\n<p>A continuaci\u00f3n degustamos uno de los vinos que\u00a0m\u00e1s destac\u00f3, el <strong>Protos Gran Reserva 2005<\/strong>. Se trata de un vino intenso y complejo en nariz y\u00a0muy potente en boca. Lo podemos calificar como\u00a0un vino \u201celegante, amable y c\u00e1lido\u201d.<\/p>\n<p>El a\u00f1o 2006 fue un a\u00f1o especialmente particular para Protos ya que se realiz\u00f3 una de las vendimias m\u00e1s tempranas de la bodega. Fue a finales de septiembre cuando se empez\u00f3 a recoger la uva, la cosecha\u00a0tuvo\u00a0una menor concentraci\u00f3n de az\u00facares y rendimientos muy altos. Esto dio como resultado el <strong>Protos Gran Reserva 200<\/strong>6, un vino agradable, sedoso, voluminoso, fresco y estructurado..<\/p>\n<p>En 2007 y 2008 las a\u00f1adas no fueron lo suficientemente buenas para elaborar Grandes Reservas.<\/p>\n<p>El 2009 fue otro a\u00f1o particularmente at\u00edpico, sin apenas lluvias y muy caluros. Esto hizo que el rendimiento de la uva fuera m\u00e1s bajo de lo esperado. Esto se refleja en el\u00a0vino de esa a\u00f1ada, un vino sin duda muy\u00a0especial. El <strong>Protos Gran Reserva 2009 <\/strong>es un Gran Reserva de libro, elegante, complejo y frutal.<\/p>\n<p>La vertical concluy\u00f3\u00a0con\u00a0el <strong>Protos Gran Reserva 2010<\/strong>. Un vino con buena estructura y alta intensidad. De color brillante y con notas de fruta muy madura en nariz. En boca es redondo, persistente, frutal, fresco, con un tanino muy agradable.<\/p>\n","protected":false},"excerpt":{"rendered":"<p>Las mejores a&ntilde;adas de los&nbsp;Gran Reserva del siglo XXI&nbsp;de Bodegas Protos&nbsp;han sido las protagonistas de una cata vertical ofrecida en el&nbsp;prestigioso restaurante La Carreta en Lima. La encargada de dirigir dicha cata vertical fue Luisa de Paz, Export Manager de Protos desde 2006.&nbsp;A la cata assistieron prestigiosos&nbsp;periodistas y especialistas del mundo del vino en &#8230;<\/p>\n","protected":false},"author":3,"featured_media":0,"comment_status":"closed","ping_status":"closed","sticky":false,"template":"","format":"standard","meta":{"_acf_changed":false,"footnotes":""},"categories":[94],"tags":[106],"class_list":["post-18904","post","type-post","status-publish","format-standard","hentry","category-notas-de-prensa","tag-notas-de-prensa"],"acf":[],"yoast_head":"<!-- This site is optimized with the Yoast SEO plugin v27.5 - https:\/\/yoast.com\/product\/yoast-seo-wordpress\/ -->\n<title>Bodegas Protos LOS GRANDES RESERVAS DE PROTOS MOSTRARON TODO SU POTENCIAL DE GUARDA EN PERU<\/title>\n<meta name=\"description\" content=\"Las mejores a\u00f1adas de los\u00a0Gran Reserva del siglo XXI\u00a0de Bodegas Protos\u00a0han sido las protagonistas de una cata vertical ...\" \/>\n<meta name=\"robots\" content=\"index, follow, max-snippet:-1, max-image-preview:large, max-video-preview:-1\" \/>\n<link rel=\"canonical\" href=\"https:\/\/www.bodegasprotos.com\/es\/notas-de-prensa\/los-grandes-reservas-de-protos-mostraron-todo-su-potencial-de-guarda-en-peru\/\" \/>\n<meta property=\"og:locale\" content=\"es_ES\" \/>\n<meta property=\"og:type\" content=\"article\" \/>\n<meta property=\"og:title\" content=\"LOS GRANDES RESERVAS DE PROTOS MOSTRARON TODO SU POTENCIAL DE GUARDA EN PERU\" \/>\n<meta property=\"og:description\" content=\"Las mejores a\u00f1adas de los\u00a0Gran Reserva del siglo XXI\u00a0de Bodegas Protos\u00a0han sido las protagonistas de una cata vertical ...\" \/>\n<meta property=\"og:url\" content=\"https:\/\/www.bodegasprotos.com\/es\/notas-de-prensa\/los-grandes-reservas-de-protos-mostraron-todo-su-potencial-de-guarda-en-peru\/\" \/>\n<meta property=\"og:site_name\" content=\"Bodegas Protos\" \/>\n<meta property=\"article:publisher\" content=\"https:\/\/www.facebook.com\/BodegasProtos\" \/>\n<meta property=\"article:published_time\" content=\"2016-07-28T22:00:00+00:00\" \/>\n<meta property=\"article:modified_time\" content=\"2020-03-09T08:35:43+00:00\" \/>\n<meta property=\"og:image\" content=\"https:\/\/www.bodegasprotos.com\/galeria\/minni_not_616_1.jpg\" \/>\n<meta name=\"author\" content=\"Bodegas Protos (F)\" \/>\n<meta name=\"twitter:card\" content=\"summary_large_image\" \/>\n<meta name=\"twitter:title\" content=\"LOS GRANDES RESERVAS DE PROTOS MOSTRARON TODO SU POTENCIAL DE GUARDA EN PERU\" \/>\n<meta name=\"twitter:creator\" content=\"@Bodegas_Protos\" \/>\n<meta name=\"twitter:site\" content=\"@Bodegas_Protos\" \/>\n<meta name=\"twitter:label1\" content=\"Escrito por\" \/>\n\t<meta name=\"twitter:data1\" content=\"Bodegas Protos (F)\" \/>\n\t<meta name=\"twitter:label2\" content=\"Tiempo de lectura\" \/>\n\t<meta name=\"twitter:data2\" content=\"2 minutos\" \/>\n<script type=\"application\/ld+json\" class=\"yoast-schema-graph\">{\"@context\":\"https:\\\/\\\/schema.org\",\"@graph\":[{\"@type\":\"Article\",\"@id\":\"https:\\\/\\\/www.bodegasprotos.com\\\/es\\\/notas-de-prensa\\\/los-grandes-reservas-de-protos-mostraron-todo-su-potencial-de-guarda-en-peru\\\/#article\",\"isPartOf\":{\"@id\":\"https:\\\/\\\/www.bodegasprotos.com\\\/es\\\/notas-de-prensa\\\/los-grandes-reservas-de-protos-mostraron-todo-su-potencial-de-guarda-en-peru\\\/\"},\"author\":{\"name\":\"Bodegas Protos (F)\",\"@id\":\"https:\\\/\\\/www.bodegasprotos.com\\\/es\\\/#\\\/schema\\\/person\\\/6cb69a08afa14171755cee0df7d20027\"},\"headline\":\"LOS GRANDES RESERVAS DE PROTOS MOSTRARON TODO SU POTENCIAL DE GUARDA EN PERU\",\"datePublished\":\"2016-07-28T22:00:00+00:00\",\"dateModified\":\"2020-03-09T08:35:43+00:00\",\"mainEntityOfPage\":{\"@id\":\"https:\\\/\\\/www.bodegasprotos.com\\\/es\\\/notas-de-prensa\\\/los-grandes-reservas-de-protos-mostraron-todo-su-potencial-de-guarda-en-peru\\\/\"},\"wordCount\":478,\"publisher\":{\"@id\":\"https:\\\/\\\/www.bodegasprotos.com\\\/es\\\/#organization\"},\"keywords\":[\"Notas de Prensa\"],\"articleSection\":[\"Notas de Prensa\"],\"inLanguage\":\"es\"},{\"@type\":\"WebPage\",\"@id\":\"https:\\\/\\\/www.bodegasprotos.com\\\/es\\\/notas-de-prensa\\\/los-grandes-reservas-de-protos-mostraron-todo-su-potencial-de-guarda-en-peru\\\/\",\"url\":\"https:\\\/\\\/www.bodegasprotos.com\\\/es\\\/notas-de-prensa\\\/los-grandes-reservas-de-protos-mostraron-todo-su-potencial-de-guarda-en-peru\\\/\",\"name\":\"Bodegas Protos LOS GRANDES RESERVAS DE PROTOS MOSTRARON TODO SU POTENCIAL DE GUARDA EN PERU\",\"isPartOf\":{\"@id\":\"https:\\\/\\\/www.bodegasprotos.com\\\/es\\\/#website\"},\"datePublished\":\"2016-07-28T22:00:00+00:00\",\"dateModified\":\"2020-03-09T08:35:43+00:00\",\"description\":\"Las mejores a\u00f1adas de los\u00a0Gran Reserva del siglo XXI\u00a0de Bodegas Protos\u00a0han sido las protagonistas de una cata vertical ...\",\"breadcrumb\":{\"@id\":\"https:\\\/\\\/www.bodegasprotos.com\\\/es\\\/notas-de-prensa\\\/los-grandes-reservas-de-protos-mostraron-todo-su-potencial-de-guarda-en-peru\\\/#breadcrumb\"},\"inLanguage\":\"es\",\"potentialAction\":[{\"@type\":\"ReadAction\",\"target\":[\"https:\\\/\\\/www.bodegasprotos.com\\\/es\\\/notas-de-prensa\\\/los-grandes-reservas-de-protos-mostraron-todo-su-potencial-de-guarda-en-peru\\\/\"]}]},{\"@type\":\"BreadcrumbList\",\"@id\":\"https:\\\/\\\/www.bodegasprotos.com\\\/es\\\/notas-de-prensa\\\/los-grandes-reservas-de-protos-mostraron-todo-su-potencial-de-guarda-en-peru\\\/#breadcrumb\",\"itemListElement\":[{\"@type\":\"ListItem\",\"position\":1,\"name\":\"Portada\",\"item\":\"https:\\\/\\\/www.bodegasprotos.com\\\/es\\\/\"},{\"@type\":\"ListItem\",\"position\":2,\"name\":\"LOS GRANDES RESERVAS DE PROTOS MOSTRARON TODO SU POTENCIAL DE GUARDA EN PERU\"}]},{\"@type\":\"WebSite\",\"@id\":\"https:\\\/\\\/www.bodegasprotos.com\\\/es\\\/#website\",\"url\":\"https:\\\/\\\/www.bodegasprotos.com\\\/es\\\/\",\"name\":\"Bodegas Protos\",\"description\":\"Vinos de la Denominaci\u00f3n de Origen Ribera del Duero, Rueda y Cigales\",\"publisher\":{\"@id\":\"https:\\\/\\\/www.bodegasprotos.com\\\/es\\\/#organization\"},\"potentialAction\":[{\"@type\":\"SearchAction\",\"target\":{\"@type\":\"EntryPoint\",\"urlTemplate\":\"https:\\\/\\\/www.bodegasprotos.com\\\/es\\\/?s={search_term_string}\"},\"query-input\":{\"@type\":\"PropertyValueSpecification\",\"valueRequired\":true,\"valueName\":\"search_term_string\"}}],\"inLanguage\":\"es\"},{\"@type\":\"Organization\",\"@id\":\"https:\\\/\\\/www.bodegasprotos.com\\\/es\\\/#organization\",\"name\":\"Bodegas Protos\",\"url\":\"https:\\\/\\\/www.bodegasprotos.com\\\/es\\\/\",\"logo\":{\"@type\":\"ImageObject\",\"inLanguage\":\"es\",\"@id\":\"https:\\\/\\\/www.bodegasprotos.com\\\/es\\\/#\\\/schema\\\/logo\\\/image\\\/\",\"url\":\"https:\\\/\\\/www.bodegasprotos.com\\\/wp-content\\\/uploads\\\/2024\\\/06\\\/PROTOS-LOGOS-VERSIONES-13.png\",\"contentUrl\":\"https:\\\/\\\/www.bodegasprotos.com\\\/wp-content\\\/uploads\\\/2024\\\/06\\\/PROTOS-LOGOS-VERSIONES-13.png\",\"width\":2362,\"height\":2362,\"caption\":\"Bodegas Protos\"},\"image\":{\"@id\":\"https:\\\/\\\/www.bodegasprotos.com\\\/es\\\/#\\\/schema\\\/logo\\\/image\\\/\"},\"sameAs\":[\"https:\\\/\\\/www.facebook.com\\\/BodegasProtos\",\"https:\\\/\\\/x.com\\\/Bodegas_Protos\",\"https:\\\/\\\/www.instagram.com\\\/bodegasprotosoficial\\\/\",\"https:\\\/\\\/www.linkedin.com\\\/company\\\/bodegasprotos\\\/\",\"https:\\\/\\\/pinterest.com\\\/BodegasProtos\\\/\",\"http:\\\/\\\/www.youtube.com\\\/user\\\/BodegasProtos\",\"https:\\\/\\\/es.wikipedia.org\\\/wiki\\\/Bodegas_Protos\"]},{\"@type\":\"Person\",\"@id\":\"https:\\\/\\\/www.bodegasprotos.com\\\/es\\\/#\\\/schema\\\/person\\\/6cb69a08afa14171755cee0df7d20027\",\"name\":\"Bodegas Protos (F)\",\"image\":{\"@type\":\"ImageObject\",\"inLanguage\":\"es\",\"@id\":\"https:\\\/\\\/secure.gravatar.com\\\/avatar\\\/cc613a9fd2ee203f402357c1b4aa2b7c041016cbf1eab1e41bde410b2ebd7f94?s=96&d=mm&r=g\",\"url\":\"https:\\\/\\\/secure.gravatar.com\\\/avatar\\\/cc613a9fd2ee203f402357c1b4aa2b7c041016cbf1eab1e41bde410b2ebd7f94?s=96&d=mm&r=g\",\"contentUrl\":\"https:\\\/\\\/secure.gravatar.com\\\/avatar\\\/cc613a9fd2ee203f402357c1b4aa2b7c041016cbf1eab1e41bde410b2ebd7f94?s=96&d=mm&r=g\",\"caption\":\"Bodegas Protos (F)\"},\"sameAs\":[\"https:\\\/\\\/www.bodegasprotos.com\"]}]}<\/script>\n<!-- \/ Yoast SEO plugin. -->","yoast_head_json":{"title":"Bodegas Protos LOS GRANDES RESERVAS DE PROTOS MOSTRARON TODO SU POTENCIAL DE GUARDA EN PERU","description":"Las mejores a\u00f1adas de los\u00a0Gran Reserva del siglo XXI\u00a0de Bodegas Protos\u00a0han sido las protagonistas de una cata vertical ...","robots":{"index":"index","follow":"follow","max-snippet":"max-snippet:-1","max-image-preview":"max-image-preview:large","max-video-preview":"max-video-preview:-1"},"canonical":"https:\/\/www.bodegasprotos.com\/es\/notas-de-prensa\/los-grandes-reservas-de-protos-mostraron-todo-su-potencial-de-guarda-en-peru\/","og_locale":"es_ES","og_type":"article","og_title":"LOS GRANDES RESERVAS DE PROTOS MOSTRARON TODO SU POTENCIAL DE GUARDA EN PERU","og_description":"Las mejores a\u00f1adas de los\u00a0Gran Reserva del siglo XXI\u00a0de Bodegas Protos\u00a0han sido las protagonistas de una cata vertical ...","og_url":"https:\/\/www.bodegasprotos.com\/es\/notas-de-prensa\/los-grandes-reservas-de-protos-mostraron-todo-su-potencial-de-guarda-en-peru\/","og_site_name":"Bodegas Protos","article_publisher":"https:\/\/www.facebook.com\/BodegasProtos","article_published_time":"2016-07-28T22:00:00+00:00","article_modified_time":"2020-03-09T08:35:43+00:00","og_image":[{"url":"https:\/\/www.bodegasprotos.com\/galeria\/minni_not_616_1.jpg","type":"","width":"","height":""}],"author":"Bodegas Protos (F)","twitter_card":"summary_large_image","twitter_title":"LOS GRANDES RESERVAS DE PROTOS MOSTRARON TODO SU POTENCIAL DE GUARDA EN PERU","twitter_creator":"@Bodegas_Protos","twitter_site":"@Bodegas_Protos","twitter_misc":{"Escrito por":"Bodegas Protos (F)","Tiempo de lectura":"2 minutos"},"schema":{"@context":"https:\/\/schema.org","@graph":[{"@type":"Article","@id":"https:\/\/www.bodegasprotos.com\/es\/notas-de-prensa\/los-grandes-reservas-de-protos-mostraron-todo-su-potencial-de-guarda-en-peru\/#article","isPartOf":{"@id":"https:\/\/www.bodegasprotos.com\/es\/notas-de-prensa\/los-grandes-reservas-de-protos-mostraron-todo-su-potencial-de-guarda-en-peru\/"},"author":{"name":"Bodegas Protos (F)","@id":"https:\/\/www.bodegasprotos.com\/es\/#\/schema\/person\/6cb69a08afa14171755cee0df7d20027"},"headline":"LOS GRANDES RESERVAS DE PROTOS MOSTRARON TODO SU POTENCIAL DE GUARDA EN PERU","datePublished":"2016-07-28T22:00:00+00:00","dateModified":"2020-03-09T08:35:43+00:00","mainEntityOfPage":{"@id":"https:\/\/www.bodegasprotos.com\/es\/notas-de-prensa\/los-grandes-reservas-de-protos-mostraron-todo-su-potencial-de-guarda-en-peru\/"},"wordCount":478,"publisher":{"@id":"https:\/\/www.bodegasprotos.com\/es\/#organization"},"keywords":["Notas de Prensa"],"articleSection":["Notas de Prensa"],"inLanguage":"es"},{"@type":"WebPage","@id":"https:\/\/www.bodegasprotos.com\/es\/notas-de-prensa\/los-grandes-reservas-de-protos-mostraron-todo-su-potencial-de-guarda-en-peru\/","url":"https:\/\/www.bodegasprotos.com\/es\/notas-de-prensa\/los-grandes-reservas-de-protos-mostraron-todo-su-potencial-de-guarda-en-peru\/","name":"Bodegas Protos LOS GRANDES RESERVAS DE PROTOS MOSTRARON TODO SU POTENCIAL DE GUARDA EN PERU","isPartOf":{"@id":"https:\/\/www.bodegasprotos.com\/es\/#website"},"datePublished":"2016-07-28T22:00:00+00:00","dateModified":"2020-03-09T08:35:43+00:00","description":"Las mejores a\u00f1adas de los\u00a0Gran Reserva del siglo XXI\u00a0de Bodegas Protos\u00a0han sido las protagonistas de una cata vertical ...","breadcrumb":{"@id":"https:\/\/www.bodegasprotos.com\/es\/notas-de-prensa\/los-grandes-reservas-de-protos-mostraron-todo-su-potencial-de-guarda-en-peru\/#breadcrumb"},"inLanguage":"es","potentialAction":[{"@type":"ReadAction","target":["https:\/\/www.bodegasprotos.com\/es\/notas-de-prensa\/los-grandes-reservas-de-protos-mostraron-todo-su-potencial-de-guarda-en-peru\/"]}]},{"@type":"BreadcrumbList","@id":"https:\/\/www.bodegasprotos.com\/es\/notas-de-prensa\/los-grandes-reservas-de-protos-mostraron-todo-su-potencial-de-guarda-en-peru\/#breadcrumb","itemListElement":[{"@type":"ListItem","position":1,"name":"Portada","item":"https:\/\/www.bodegasprotos.com\/es\/"},{"@type":"ListItem","position":2,"name":"LOS GRANDES RESERVAS DE PROTOS MOSTRARON TODO SU POTENCIAL DE GUARDA EN PERU"}]},{"@type":"WebSite","@id":"https:\/\/www.bodegasprotos.com\/es\/#website","url":"https:\/\/www.bodegasprotos.com\/es\/","name":"Bodegas Protos","description":"Vinos de la Denominaci\u00f3n de Origen Ribera del Duero, Rueda y Cigales","publisher":{"@id":"https:\/\/www.bodegasprotos.com\/es\/#organization"},"potentialAction":[{"@type":"SearchAction","target":{"@type":"EntryPoint","urlTemplate":"https:\/\/www.bodegasprotos.com\/es\/?s={search_term_string}"},"query-input":{"@type":"PropertyValueSpecification","valueRequired":true,"valueName":"search_term_string"}}],"inLanguage":"es"},{"@type":"Organization","@id":"https:\/\/www.bodegasprotos.com\/es\/#organization","name":"Bodegas Protos","url":"https:\/\/www.bodegasprotos.com\/es\/","logo":{"@type":"ImageObject","inLanguage":"es","@id":"https:\/\/www.bodegasprotos.com\/es\/#\/schema\/logo\/image\/","url":"https:\/\/www.bodegasprotos.com\/wp-content\/uploads\/2024\/06\/PROTOS-LOGOS-VERSIONES-13.png","contentUrl":"https:\/\/www.bodegasprotos.com\/wp-content\/uploads\/2024\/06\/PROTOS-LOGOS-VERSIONES-13.png","width":2362,"height":2362,"caption":"Bodegas Protos"},"image":{"@id":"https:\/\/www.bodegasprotos.com\/es\/#\/schema\/logo\/image\/"},"sameAs":["https:\/\/www.facebook.com\/BodegasProtos","https:\/\/x.com\/Bodegas_Protos","https:\/\/www.instagram.com\/bodegasprotosoficial\/","https:\/\/www.linkedin.com\/company\/bodegasprotos\/","https:\/\/pinterest.com\/BodegasProtos\/","http:\/\/www.youtube.com\/user\/BodegasProtos","https:\/\/es.wikipedia.org\/wiki\/Bodegas_Protos"]},{"@type":"Person","@id":"https:\/\/www.bodegasprotos.com\/es\/#\/schema\/person\/6cb69a08afa14171755cee0df7d20027","name":"Bodegas Protos (F)","image":{"@type":"ImageObject","inLanguage":"es","@id":"https:\/\/secure.gravatar.com\/avatar\/cc613a9fd2ee203f402357c1b4aa2b7c041016cbf1eab1e41bde410b2ebd7f94?s=96&d=mm&r=g","url":"https:\/\/secure.gravatar.com\/avatar\/cc613a9fd2ee203f402357c1b4aa2b7c041016cbf1eab1e41bde410b2ebd7f94?s=96&d=mm&r=g","contentUrl":"https:\/\/secure.gravatar.com\/avatar\/cc613a9fd2ee203f402357c1b4aa2b7c041016cbf1eab1e41bde410b2ebd7f94?s=96&d=mm&r=g","caption":"Bodegas Protos (F)"},"sameAs":["https:\/\/www.bodegasprotos.com"]}]}},"_links":{"self":[{"href":"https:\/\/www.bodegasprotos.com\/es\/wp-json\/wp\/v2\/posts\/18904","targetHints":{"allow":["GET"]}}],"collection":[{"href":"https:\/\/www.bodegasprotos.com\/es\/wp-json\/wp\/v2\/posts"}],"about":[{"href":"https:\/\/www.bodegasprotos.com\/es\/wp-json\/wp\/v2\/types\/post"}],"author":[{"embeddable":true,"href":"https:\/\/www.bodegasprotos.com\/es\/wp-json\/wp\/v2\/users\/3"}],"replies":[{"embeddable":true,"href":"https:\/\/www.bodegasprotos.com\/es\/wp-json\/wp\/v2\/comments?post=18904"}],"version-history":[{"count":0,"href":"https:\/\/www.bodegasprotos.com\/es\/wp-json\/wp\/v2\/posts\/18904\/revisions"}],"wp:attachment":[{"href":"https:\/\/www.bodegasprotos.com\/es\/wp-json\/wp\/v2\/media?parent=18904"}],"wp:term":[{"taxonomy":"category","embeddable":true,"href":"https:\/\/www.bodegasprotos.com\/es\/wp-json\/wp\/v2\/categories?post=18904"},{"taxonomy":"post_tag","embeddable":true,"href":"https:\/\/www.bodegasprotos.com\/es\/wp-json\/wp\/v2\/tags?post=18904"}],"curies":[{"name":"wp","href":"https:\/\/api.w.org\/{rel}","templated":true}]}}