{"id":18900,"date":"2016-09-15T00:00:00","date_gmt":"2016-09-14T22:00:00","guid":{"rendered":"https:\/\/bodegasprotos.com\/2016\/09\/vive-vendimia-bodegas-protos\/"},"modified":"2020-03-05T16:44:01","modified_gmt":"2020-03-05T15:44:01","slug":"vive-la-vendimia-en-bodegas-protos","status":"publish","type":"post","link":"https:\/\/www.bodegasprotos.com\/es\/notas-de-prensa\/vive-la-vendimia-en-bodegas-protos\/","title":{"rendered":"VIVE LA VENDIMIA EN BODEGAS PROTOS"},"content":{"rendered":"<div class=\"coldcha\"><a class=\"lytebox lytebox01\" href=\"\/galeria\/fotto_not_612_1.jpg\"><img decoding=\"async\" class=\"wp-image_612_1 size-medium\" src=\"\/galeria\/minni_not_612_1.jpg\" alt=\"VIVE LA VENDIMIA EN BODEGAS PROTOS\" \/><\/a><\/div>\n<p><strong>La bodega ribere\u00f1a ha dise\u00f1ado unas jornadas especiales de enoturismo en las que los visitantes experimentan de primera mano las labores de vendimia.<\/strong><\/p>\n<p>Nada mejor para conocer el apasionante mundo del vino que haci\u00e9ndolo desde el origen, o lo que es lo mismo, vendimiando. Eso es lo que propone <strong>Bodegas Protos <\/strong>con estas jornadas, convertir a sus visitantes en part\u00edcipes de una de las labores m\u00e1s importantes del a\u00f1o, la recolecta de la uva, y con ello trasladarles el valor de esta minuciosa actividad en el proceso de elaboraci\u00f3n de vinos de calidad.<\/p>\n<p>Un broche final a la visita que se desarrollar\u00e1 en el vi\u00f1edo experimental que la bodega tiene ubicado en las inmediaciones de sus instalaciones en Pe\u00f1afiel. Una parcela muy especial que cuenta con distintas variedades para que los enoturistas, adem\u00e1s de aprender las t\u00e9cnicas m\u00e1s efectivas de la vendimia, aprecien las diferencias que existen entre las vides.<\/p>\n<p>En definitiva, una oportunidad \u00fanica para conocer los secretos de la vendimia que cautivar\u00e1, tanto a los apasionados de la enolog\u00eda, como a aquellos que acaban de adentrarse en este emocionante universo.<\/p>\n<p><strong>JORNADAS DE VENDIMIA 2016:<\/strong> Martes 27, mi\u00e9rcoles 28 y jueves 29 de septiembre a las 11:30 horas.<\/p>\n<p><strong>AGENDA:<\/strong><\/p>\n<ul>\n<li>Recorrido por las instalaciones de Bodegas Protos: visita bodega de crianza + nueva bodega dise\u00f1ada por el arquitecto Richard Rogers.<\/li>\n<li>Cata comentada de dos vinos de Bodegas Protos.<\/li>\n<li>Actividad en vi\u00f1edo.<\/li>\n<li>Obsequio al finalizar la jornada.<\/li>\n<\/ul>\n<p><strong>DURACI\u00d3N:<\/strong> 2 horas.<\/p>\n<p><strong>PRECIO:<\/strong> 15 euros por persona (IVA incluido).<\/p>\n<p><strong>IMPRESCINDIBLE RESERVA PREVIA:<\/strong> <a href=\"mailto:enoturismo@bodegasprotos.com\">enoturismo@bodegasprotos.com<\/a> o llamando al 659 843 463. Plazas limitadas. Visita disponible s\u00f3lo para mayores de 18 a\u00f1os.<\/p>\n<p><strong>LOCALIZACI\u00d3N:<\/strong> C\/Bodegas Protos, 24-28. E-47300 Pe\u00f1afiel (Valladolid).<\/p>\n","protected":false},"excerpt":{"rendered":"<p>La bodega ribere&ntilde;a ha dise&ntilde;ado unas jornadas especiales de enoturismo en las que los visitantes experimentan de primera mano las labores de vendimia. Nada mejor para conocer el apasionante mundo del vino que haci&eacute;ndolo desde el origen, o lo que es lo mismo, vendimiando. Eso es lo que propone Bodegas Protos con estas jornadas, convertir a sus visitantes en part&iacute;cipes &#8230;<\/p>\n","protected":false},"author":3,"featured_media":0,"comment_status":"closed","ping_status":"closed","sticky":false,"template":"","format":"standard","meta":{"_acf_changed":false,"footnotes":""},"categories":[94],"tags":[106],"class_list":["post-18900","post","type-post","status-publish","format-standard","hentry","category-notas-de-prensa","tag-notas-de-prensa"],"acf":[],"yoast_head":"<!-- This site is optimized with the Yoast SEO plugin v27.5 - https:\/\/yoast.com\/product\/yoast-seo-wordpress\/ -->\n<title>Bodegas Protos VIVE LA VENDIMIA EN BODEGAS PROTOS<\/title>\n<meta name=\"description\" content=\"La bodega ribere\u00f1a ha dise\u00f1ado unas jornadas especiales de enoturismo en las que los visitantes experimentan de primera mano las ...\" \/>\n<meta name=\"robots\" content=\"index, follow, max-snippet:-1, max-image-preview:large, max-video-preview:-1\" \/>\n<link rel=\"canonical\" href=\"https:\/\/www.bodegasprotos.com\/es\/notas-de-prensa\/vive-la-vendimia-en-bodegas-protos\/\" \/>\n<meta property=\"og:locale\" content=\"es_ES\" \/>\n<meta property=\"og:type\" content=\"article\" \/>\n<meta property=\"og:title\" content=\"VIVE LA VENDIMIA EN BODEGAS PROTOS\" \/>\n<meta property=\"og:description\" content=\"La bodega ribere\u00f1a ha dise\u00f1ado unas jornadas especiales de enoturismo en las que los visitantes experimentan de primera mano las ...\" \/>\n<meta property=\"og:url\" content=\"https:\/\/www.bodegasprotos.com\/es\/notas-de-prensa\/vive-la-vendimia-en-bodegas-protos\/\" \/>\n<meta property=\"og:site_name\" content=\"Bodegas Protos\" \/>\n<meta property=\"article:publisher\" content=\"https:\/\/www.facebook.com\/BodegasProtos\" \/>\n<meta property=\"article:published_time\" content=\"2016-09-14T22:00:00+00:00\" \/>\n<meta property=\"article:modified_time\" content=\"2020-03-05T15:44:01+00:00\" \/>\n<meta property=\"og:image\" content=\"https:\/\/www.bodegasprotos.com\/galeria\/minni_not_612_1.jpg\" \/>\n<meta name=\"author\" content=\"Bodegas Protos (F)\" \/>\n<meta name=\"twitter:card\" content=\"summary_large_image\" \/>\n<meta name=\"twitter:title\" content=\"VIVE LA VENDIMIA EN BODEGAS PROTOS\" \/>\n<meta name=\"twitter:creator\" content=\"@Bodegas_Protos\" \/>\n<meta name=\"twitter:site\" content=\"@Bodegas_Protos\" \/>\n<meta name=\"twitter:label1\" content=\"Escrito por\" \/>\n\t<meta name=\"twitter:data1\" content=\"Bodegas Protos (F)\" \/>\n\t<meta name=\"twitter:label2\" content=\"Tiempo de lectura\" \/>\n\t<meta name=\"twitter:data2\" content=\"1 minuto\" \/>\n<script type=\"application\/ld+json\" class=\"yoast-schema-graph\">{\"@context\":\"https:\\\/\\\/schema.org\",\"@graph\":[{\"@type\":\"Article\",\"@id\":\"https:\\\/\\\/www.bodegasprotos.com\\\/es\\\/notas-de-prensa\\\/vive-la-vendimia-en-bodegas-protos\\\/#article\",\"isPartOf\":{\"@id\":\"https:\\\/\\\/www.bodegasprotos.com\\\/es\\\/notas-de-prensa\\\/vive-la-vendimia-en-bodegas-protos\\\/\"},\"author\":{\"name\":\"Bodegas Protos (F)\",\"@id\":\"https:\\\/\\\/www.bodegasprotos.com\\\/es\\\/#\\\/schema\\\/person\\\/6cb69a08afa14171755cee0df7d20027\"},\"headline\":\"VIVE LA VENDIMIA EN BODEGAS PROTOS\",\"datePublished\":\"2016-09-14T22:00:00+00:00\",\"dateModified\":\"2020-03-05T15:44:01+00:00\",\"mainEntityOfPage\":{\"@id\":\"https:\\\/\\\/www.bodegasprotos.com\\\/es\\\/notas-de-prensa\\\/vive-la-vendimia-en-bodegas-protos\\\/\"},\"wordCount\":291,\"publisher\":{\"@id\":\"https:\\\/\\\/www.bodegasprotos.com\\\/es\\\/#organization\"},\"keywords\":[\"Notas de Prensa\"],\"articleSection\":[\"Notas de Prensa\"],\"inLanguage\":\"es\"},{\"@type\":\"WebPage\",\"@id\":\"https:\\\/\\\/www.bodegasprotos.com\\\/es\\\/notas-de-prensa\\\/vive-la-vendimia-en-bodegas-protos\\\/\",\"url\":\"https:\\\/\\\/www.bodegasprotos.com\\\/es\\\/notas-de-prensa\\\/vive-la-vendimia-en-bodegas-protos\\\/\",\"name\":\"Bodegas Protos VIVE LA VENDIMIA EN BODEGAS PROTOS\",\"isPartOf\":{\"@id\":\"https:\\\/\\\/www.bodegasprotos.com\\\/es\\\/#website\"},\"datePublished\":\"2016-09-14T22:00:00+00:00\",\"dateModified\":\"2020-03-05T15:44:01+00:00\",\"description\":\"La bodega ribere\u00f1a ha dise\u00f1ado unas jornadas especiales de enoturismo en las que los visitantes experimentan de primera mano las ...\",\"breadcrumb\":{\"@id\":\"https:\\\/\\\/www.bodegasprotos.com\\\/es\\\/notas-de-prensa\\\/vive-la-vendimia-en-bodegas-protos\\\/#breadcrumb\"},\"inLanguage\":\"es\",\"potentialAction\":[{\"@type\":\"ReadAction\",\"target\":[\"https:\\\/\\\/www.bodegasprotos.com\\\/es\\\/notas-de-prensa\\\/vive-la-vendimia-en-bodegas-protos\\\/\"]}]},{\"@type\":\"BreadcrumbList\",\"@id\":\"https:\\\/\\\/www.bodegasprotos.com\\\/es\\\/notas-de-prensa\\\/vive-la-vendimia-en-bodegas-protos\\\/#breadcrumb\",\"itemListElement\":[{\"@type\":\"ListItem\",\"position\":1,\"name\":\"Portada\",\"item\":\"https:\\\/\\\/www.bodegasprotos.com\\\/es\\\/\"},{\"@type\":\"ListItem\",\"position\":2,\"name\":\"VIVE LA VENDIMIA EN BODEGAS PROTOS\"}]},{\"@type\":\"WebSite\",\"@id\":\"https:\\\/\\\/www.bodegasprotos.com\\\/es\\\/#website\",\"url\":\"https:\\\/\\\/www.bodegasprotos.com\\\/es\\\/\",\"name\":\"Bodegas Protos\",\"description\":\"Vinos de la Denominaci\u00f3n de Origen Ribera del Duero, Rueda y Cigales\",\"publisher\":{\"@id\":\"https:\\\/\\\/www.bodegasprotos.com\\\/es\\\/#organization\"},\"potentialAction\":[{\"@type\":\"SearchAction\",\"target\":{\"@type\":\"EntryPoint\",\"urlTemplate\":\"https:\\\/\\\/www.bodegasprotos.com\\\/es\\\/?s={search_term_string}\"},\"query-input\":{\"@type\":\"PropertyValueSpecification\",\"valueRequired\":true,\"valueName\":\"search_term_string\"}}],\"inLanguage\":\"es\"},{\"@type\":\"Organization\",\"@id\":\"https:\\\/\\\/www.bodegasprotos.com\\\/es\\\/#organization\",\"name\":\"Bodegas Protos\",\"url\":\"https:\\\/\\\/www.bodegasprotos.com\\\/es\\\/\",\"logo\":{\"@type\":\"ImageObject\",\"inLanguage\":\"es\",\"@id\":\"https:\\\/\\\/www.bodegasprotos.com\\\/es\\\/#\\\/schema\\\/logo\\\/image\\\/\",\"url\":\"https:\\\/\\\/www.bodegasprotos.com\\\/wp-content\\\/uploads\\\/2024\\\/06\\\/PROTOS-LOGOS-VERSIONES-13.png\",\"contentUrl\":\"https:\\\/\\\/www.bodegasprotos.com\\\/wp-content\\\/uploads\\\/2024\\\/06\\\/PROTOS-LOGOS-VERSIONES-13.png\",\"width\":2362,\"height\":2362,\"caption\":\"Bodegas Protos\"},\"image\":{\"@id\":\"https:\\\/\\\/www.bodegasprotos.com\\\/es\\\/#\\\/schema\\\/logo\\\/image\\\/\"},\"sameAs\":[\"https:\\\/\\\/www.facebook.com\\\/BodegasProtos\",\"https:\\\/\\\/x.com\\\/Bodegas_Protos\",\"https:\\\/\\\/www.instagram.com\\\/bodegasprotosoficial\\\/\",\"https:\\\/\\\/www.linkedin.com\\\/company\\\/bodegasprotos\\\/\",\"https:\\\/\\\/pinterest.com\\\/BodegasProtos\\\/\",\"http:\\\/\\\/www.youtube.com\\\/user\\\/BodegasProtos\",\"https:\\\/\\\/es.wikipedia.org\\\/wiki\\\/Bodegas_Protos\"]},{\"@type\":\"Person\",\"@id\":\"https:\\\/\\\/www.bodegasprotos.com\\\/es\\\/#\\\/schema\\\/person\\\/6cb69a08afa14171755cee0df7d20027\",\"name\":\"Bodegas Protos (F)\",\"image\":{\"@type\":\"ImageObject\",\"inLanguage\":\"es\",\"@id\":\"https:\\\/\\\/secure.gravatar.com\\\/avatar\\\/cc613a9fd2ee203f402357c1b4aa2b7c041016cbf1eab1e41bde410b2ebd7f94?s=96&d=mm&r=g\",\"url\":\"https:\\\/\\\/secure.gravatar.com\\\/avatar\\\/cc613a9fd2ee203f402357c1b4aa2b7c041016cbf1eab1e41bde410b2ebd7f94?s=96&d=mm&r=g\",\"contentUrl\":\"https:\\\/\\\/secure.gravatar.com\\\/avatar\\\/cc613a9fd2ee203f402357c1b4aa2b7c041016cbf1eab1e41bde410b2ebd7f94?s=96&d=mm&r=g\",\"caption\":\"Bodegas Protos (F)\"},\"sameAs\":[\"https:\\\/\\\/www.bodegasprotos.com\"]}]}<\/script>\n<!-- \/ Yoast SEO plugin. -->","yoast_head_json":{"title":"Bodegas Protos VIVE LA VENDIMIA EN BODEGAS PROTOS","description":"La bodega ribere\u00f1a ha dise\u00f1ado unas jornadas especiales de enoturismo en las que los visitantes experimentan de primera mano las ...","robots":{"index":"index","follow":"follow","max-snippet":"max-snippet:-1","max-image-preview":"max-image-preview:large","max-video-preview":"max-video-preview:-1"},"canonical":"https:\/\/www.bodegasprotos.com\/es\/notas-de-prensa\/vive-la-vendimia-en-bodegas-protos\/","og_locale":"es_ES","og_type":"article","og_title":"VIVE LA VENDIMIA EN BODEGAS PROTOS","og_description":"La bodega ribere\u00f1a ha dise\u00f1ado unas jornadas especiales de enoturismo en las que los visitantes experimentan de primera mano las ...","og_url":"https:\/\/www.bodegasprotos.com\/es\/notas-de-prensa\/vive-la-vendimia-en-bodegas-protos\/","og_site_name":"Bodegas Protos","article_publisher":"https:\/\/www.facebook.com\/BodegasProtos","article_published_time":"2016-09-14T22:00:00+00:00","article_modified_time":"2020-03-05T15:44:01+00:00","og_image":[{"url":"https:\/\/www.bodegasprotos.com\/galeria\/minni_not_612_1.jpg","type":"","width":"","height":""}],"author":"Bodegas Protos (F)","twitter_card":"summary_large_image","twitter_title":"VIVE LA VENDIMIA EN BODEGAS PROTOS","twitter_creator":"@Bodegas_Protos","twitter_site":"@Bodegas_Protos","twitter_misc":{"Escrito por":"Bodegas Protos (F)","Tiempo de lectura":"1 minuto"},"schema":{"@context":"https:\/\/schema.org","@graph":[{"@type":"Article","@id":"https:\/\/www.bodegasprotos.com\/es\/notas-de-prensa\/vive-la-vendimia-en-bodegas-protos\/#article","isPartOf":{"@id":"https:\/\/www.bodegasprotos.com\/es\/notas-de-prensa\/vive-la-vendimia-en-bodegas-protos\/"},"author":{"name":"Bodegas Protos (F)","@id":"https:\/\/www.bodegasprotos.com\/es\/#\/schema\/person\/6cb69a08afa14171755cee0df7d20027"},"headline":"VIVE LA VENDIMIA EN BODEGAS PROTOS","datePublished":"2016-09-14T22:00:00+00:00","dateModified":"2020-03-05T15:44:01+00:00","mainEntityOfPage":{"@id":"https:\/\/www.bodegasprotos.com\/es\/notas-de-prensa\/vive-la-vendimia-en-bodegas-protos\/"},"wordCount":291,"publisher":{"@id":"https:\/\/www.bodegasprotos.com\/es\/#organization"},"keywords":["Notas de Prensa"],"articleSection":["Notas de Prensa"],"inLanguage":"es"},{"@type":"WebPage","@id":"https:\/\/www.bodegasprotos.com\/es\/notas-de-prensa\/vive-la-vendimia-en-bodegas-protos\/","url":"https:\/\/www.bodegasprotos.com\/es\/notas-de-prensa\/vive-la-vendimia-en-bodegas-protos\/","name":"Bodegas Protos VIVE LA VENDIMIA EN BODEGAS PROTOS","isPartOf":{"@id":"https:\/\/www.bodegasprotos.com\/es\/#website"},"datePublished":"2016-09-14T22:00:00+00:00","dateModified":"2020-03-05T15:44:01+00:00","description":"La bodega ribere\u00f1a ha dise\u00f1ado unas jornadas especiales de enoturismo en las que los visitantes experimentan de primera mano las ...","breadcrumb":{"@id":"https:\/\/www.bodegasprotos.com\/es\/notas-de-prensa\/vive-la-vendimia-en-bodegas-protos\/#breadcrumb"},"inLanguage":"es","potentialAction":[{"@type":"ReadAction","target":["https:\/\/www.bodegasprotos.com\/es\/notas-de-prensa\/vive-la-vendimia-en-bodegas-protos\/"]}]},{"@type":"BreadcrumbList","@id":"https:\/\/www.bodegasprotos.com\/es\/notas-de-prensa\/vive-la-vendimia-en-bodegas-protos\/#breadcrumb","itemListElement":[{"@type":"ListItem","position":1,"name":"Portada","item":"https:\/\/www.bodegasprotos.com\/es\/"},{"@type":"ListItem","position":2,"name":"VIVE LA VENDIMIA EN BODEGAS PROTOS"}]},{"@type":"WebSite","@id":"https:\/\/www.bodegasprotos.com\/es\/#website","url":"https:\/\/www.bodegasprotos.com\/es\/","name":"Bodegas Protos","description":"Vinos de la Denominaci\u00f3n de Origen Ribera del Duero, Rueda y Cigales","publisher":{"@id":"https:\/\/www.bodegasprotos.com\/es\/#organization"},"potentialAction":[{"@type":"SearchAction","target":{"@type":"EntryPoint","urlTemplate":"https:\/\/www.bodegasprotos.com\/es\/?s={search_term_string}"},"query-input":{"@type":"PropertyValueSpecification","valueRequired":true,"valueName":"search_term_string"}}],"inLanguage":"es"},{"@type":"Organization","@id":"https:\/\/www.bodegasprotos.com\/es\/#organization","name":"Bodegas Protos","url":"https:\/\/www.bodegasprotos.com\/es\/","logo":{"@type":"ImageObject","inLanguage":"es","@id":"https:\/\/www.bodegasprotos.com\/es\/#\/schema\/logo\/image\/","url":"https:\/\/www.bodegasprotos.com\/wp-content\/uploads\/2024\/06\/PROTOS-LOGOS-VERSIONES-13.png","contentUrl":"https:\/\/www.bodegasprotos.com\/wp-content\/uploads\/2024\/06\/PROTOS-LOGOS-VERSIONES-13.png","width":2362,"height":2362,"caption":"Bodegas Protos"},"image":{"@id":"https:\/\/www.bodegasprotos.com\/es\/#\/schema\/logo\/image\/"},"sameAs":["https:\/\/www.facebook.com\/BodegasProtos","https:\/\/x.com\/Bodegas_Protos","https:\/\/www.instagram.com\/bodegasprotosoficial\/","https:\/\/www.linkedin.com\/company\/bodegasprotos\/","https:\/\/pinterest.com\/BodegasProtos\/","http:\/\/www.youtube.com\/user\/BodegasProtos","https:\/\/es.wikipedia.org\/wiki\/Bodegas_Protos"]},{"@type":"Person","@id":"https:\/\/www.bodegasprotos.com\/es\/#\/schema\/person\/6cb69a08afa14171755cee0df7d20027","name":"Bodegas Protos (F)","image":{"@type":"ImageObject","inLanguage":"es","@id":"https:\/\/secure.gravatar.com\/avatar\/cc613a9fd2ee203f402357c1b4aa2b7c041016cbf1eab1e41bde410b2ebd7f94?s=96&d=mm&r=g","url":"https:\/\/secure.gravatar.com\/avatar\/cc613a9fd2ee203f402357c1b4aa2b7c041016cbf1eab1e41bde410b2ebd7f94?s=96&d=mm&r=g","contentUrl":"https:\/\/secure.gravatar.com\/avatar\/cc613a9fd2ee203f402357c1b4aa2b7c041016cbf1eab1e41bde410b2ebd7f94?s=96&d=mm&r=g","caption":"Bodegas Protos (F)"},"sameAs":["https:\/\/www.bodegasprotos.com"]}]}},"_links":{"self":[{"href":"https:\/\/www.bodegasprotos.com\/es\/wp-json\/wp\/v2\/posts\/18900","targetHints":{"allow":["GET"]}}],"collection":[{"href":"https:\/\/www.bodegasprotos.com\/es\/wp-json\/wp\/v2\/posts"}],"about":[{"href":"https:\/\/www.bodegasprotos.com\/es\/wp-json\/wp\/v2\/types\/post"}],"author":[{"embeddable":true,"href":"https:\/\/www.bodegasprotos.com\/es\/wp-json\/wp\/v2\/users\/3"}],"replies":[{"embeddable":true,"href":"https:\/\/www.bodegasprotos.com\/es\/wp-json\/wp\/v2\/comments?post=18900"}],"version-history":[{"count":0,"href":"https:\/\/www.bodegasprotos.com\/es\/wp-json\/wp\/v2\/posts\/18900\/revisions"}],"wp:attachment":[{"href":"https:\/\/www.bodegasprotos.com\/es\/wp-json\/wp\/v2\/media?parent=18900"}],"wp:term":[{"taxonomy":"category","embeddable":true,"href":"https:\/\/www.bodegasprotos.com\/es\/wp-json\/wp\/v2\/categories?post=18900"},{"taxonomy":"post_tag","embeddable":true,"href":"https:\/\/www.bodegasprotos.com\/es\/wp-json\/wp\/v2\/tags?post=18900"}],"curies":[{"name":"wp","href":"https:\/\/api.w.org\/{rel}","templated":true}]}}