{"id":18886,"date":"2016-05-25T00:00:00","date_gmt":"2016-05-24T22:00:00","guid":{"rendered":"https:\/\/bodegasprotos.com\/2016\/05\/bodegas-protos-dona-10000e-alianza-espanola-familias-von-hippel-lindau\/"},"modified":"2020-01-23T11:41:15","modified_gmt":"2020-01-23T10:41:15","slug":"bodegas-protos-dona-10000e-a-alianza-espanola-de-familias-de-von-hippel-lindau","status":"publish","type":"post","link":"https:\/\/www.bodegasprotos.com\/es\/notas-de-prensa\/bodegas-protos-dona-10000e-a-alianza-espanola-de-familias-de-von-hippel-lindau\/","title":{"rendered":"BODEGAS PROTOS DONA 10.000\u20ac  A ALIANZA ESPA\u00d1OLA DE FAMILIAS  DE VON HIPPEL-LINDAU"},"content":{"rendered":"<div class=\"coldcha\"><a class=\"lytebox lytebox01\" href=\"\/galeria\/fotto_not_598_1.jpg\"><img decoding=\"async\" class=\"wp-image_598_1 size-medium\" src=\"\/galeria\/minni_not_598_1.jpg\" alt=\"BODEGAS PROTOS DONA 10.000\u20ac A ALIANZA ESPA\u00d1OLA DE FAMILIAS DE VON HIPPEL-LINDAU\" \/><\/a><\/div>\n<ul>\n<li><strong>Brindis Solidario es una acci\u00f3n de Responsabilidad Social Corporativa de Bodegas Protos que reconoce la labor que realizan las entidades no lucrativas en nuestro pa\u00eds.<\/strong><\/li>\n<\/ul>\n<ul>\n<li><strong>Los internautas han elegido con sus votos a trav\u00e9s de Facebook, a la Alianza espa\u00f1ola de familias de Von Hippel-Lindau como ONG beneficiaria de la donaci\u00f3n de 10.000\u20ac en esta segunda edici\u00f3n.\u00a0<\/strong><\/li>\n<\/ul>\n<p><!--more--><\/p>\n<p><strong>26 de mayo de 2016.\u00a0 <\/strong>La ceremonia tuvo lugar ayer, 25 de mayo en la Fundaci\u00f3n Pons (Madrid) donde la directiva de <strong>Bodegas Protos<\/strong> ha hecho entrega a Cristina Arnaldo, vocal y portavoz de la <strong>Alianza Espa\u00f1ola de familias de Von Hippel-Lindau<\/strong>, de un cheque por importe de 10.000\u20ac. La donaci\u00f3n ser\u00e1 destinada a desarrollar un \u201cEnsayo Cl\u00ednico Oftalmol\u00f3gico con f\u00e1rmaco para tumores de retina\u201d, patolog\u00eda para la cual actualmente no existe tratamiento.<\/p>\n<p>Edmundo Bay\u00f3n, Presidente del grupo bodeguero, destac\u00f3 en su discurso que esta iniciativa solidaria \u201c<em>es nuestro peque\u00f1o grano de arena para intentar construir un mundo mejor<\/em>\u201d. En sus palabras, Bay\u00f3n tambi\u00e9n subray\u00f3 el \u201caf\u00e1n de superaci\u00f3n\u201d que a lo largo de su historia les ha acompa\u00f1ando y que tambi\u00e9n ha regido esta iniciativa; \u201c<em>nuestro capital humano, desde directivos a trabajadores, ha sido siempre el primero en creer en este proyecto solidario y gracias a su convicci\u00f3n, Brindis Solidario ha crecido de la mano de todos\u201d. <\/em><\/p>\n<p>Por su parte, Cristina Arnaldo, representante de la \u00a0<strong>Alianza Espa\u00f1ola de familias de Von Hippel-Lindau<\/strong> emocion\u00f3 a los asistentes con sus palabras al expresar en primera persona lo que supone esta enfermedad que afecta a una de cada 3.000 personas y que provoca la formaci\u00f3n de tumores en zonas del cuerpo que contienen un gran n\u00famero de vasos sangu\u00edneos, como es el caso de los ojos. La ONG destinar\u00e1 los 10.000 euros a financiar un ensayo cl\u00ednico oftalmol\u00f3gico con f\u00e1rmacos para tumores de retina, y entre otras acciones sufragar\u00e1n los gastos de los viajes de los afectados.\u00a0 <em>\u00abOjal\u00e1 m\u00e1s empresas privadas replicaran iniciativas como la de Protos\u00bb<\/em>, asegur\u00f3 Arnaldo en su discurso.<\/p>\n<p>El acto ha sido conducido por la conocida periodista <strong>Beatriz Cort\u00e1zar<\/strong> y, como muestra de su apoyo a esta solidaria iniciativa, asistieron al acto varias caras del panorama social como el cantante <strong>Juan Pe\u00f1a<\/strong>, la ex modelo <strong>Paquita Torres<\/strong>, la estilista y relaciones p\u00fablicas <strong>Natalia \u00c1lvarez <\/strong>y el tambi\u00e9n relaciones p\u00fablicas <strong>Curi Gallardo. <\/strong><\/p>\n<p><strong>Brindis Solidario<\/strong> es una acci\u00f3n de <strong>Responsabilidad Social Corporativa<\/strong> que \u00a0<strong>Bodegas Protos <\/strong>puso en marcha hace ya dos a\u00f1os con el \u00fanico fin de recompensar a la sociedad espa\u00f1ola por todo su apoyo mostrado en estos \u00faltimos tiempos de crisis. La fidelidad incondicional de sus seguidores ha permitido a la bodega cosechar grandes \u00e9xitos en un contexto complicado y merecen que ese esfuerzo sea recompensado. Por ello <strong>Bodegas Protos<\/strong> dise\u00f1\u00f3 esta iniciativa para, seg\u00fan palabras de su Director General, Carlos Villar, \u201c<em>devolver a la sociedad lo que cada a\u00f1o recibimos de ella, y que mejor manera de hacerlo, que a trav\u00e9s de personas que desinteresadamente ayudan a los m\u00e1s necesitados\u201d<\/em>.\u00a0 A lo que a\u00f1ade, <em>\u201cten\u00edamos claro que no quer\u00edamos ser protagonistas y por ello buscamos la ayuda de nuestros seguidores de Facebook, para que fueran ellos quienes decidieran el proyecto merecedor de la donaci\u00f3n\u201d <\/em><\/p>\n<p>La primera fase de esta II edici\u00f3n de <strong>Brindis Solidario<\/strong> se desarroll\u00f3 de septiembre a diciembre de 2015, periodo en el cu\u00e1l las ONGs presentaban sus proyectos a trav\u00e9s de una ficha de inscripci\u00f3n alojada en la p\u00e1gina web <strong><a href=\"http:\/\/www.brindissolidario.es\/\">www.brindissolidario.es<\/a>. <\/strong>Los requisitos: el proyecto deb\u00eda ser desarrollado por una entidad no lucrativa, tratarse de una acci\u00f3n de inter\u00e9s general que aportara un beneficio para la sociedad y desarrollarse \u00edntegramente en Espa\u00f1a.<\/p>\n<p>La respuesta de las ONGs super\u00f3 con creces los exitosos resultados cosechados en la edici\u00f3n anterior llegando a multiplicarse por cinco las candidaturas hasta alcanzar a los 150 proyectos v\u00e1lidos registrados. Una vez recopiladas todas las candidaturas, los seguidores de la bodega votaron a trav\u00e9s de una aplicaci\u00f3n alojada en la p\u00e1gina oficial de <strong>Bodegas Protos<\/strong> en Facebook por su o sus proyectos favoritos.<\/p>\n<p>Finalizado el plazo de votaci\u00f3n, entre febrero y marzo de 2016 se registraron m\u00e1s de 135.000 votos, la <strong>Alianza Espa\u00f1ola de familias de Von Hippel-Lindau <\/strong>se posicion\u00f3 en primer lugar consiguiendo con su \u201cEnsayo Cl\u00ednico Oftalmol\u00f3gico con f\u00e1rmaco para tumores de retina\u201d ser la organizaci\u00f3n con m\u00e1s apoyos, en concreto el 18% de la totalidad de los votos.<\/p>\n<p><strong>TOP TEN VOTACIONES II BRINDIS SOLIDARIO<\/strong><\/p>\n<p><strong>ENTIDAD Y\u00a0<\/strong><strong>VOTOS REGISTRADOS<\/strong><\/p>\n<p>ALIANZA ESPA\u00d1OLA DE FAMILIAS DE VON HIPPEL-LINDAU<\/p>\n<p>25232<\/p>\n<p>ASOCIACI\u00d3N MASCOTEROS SOLIDARIOS<\/p>\n<p>20570<\/p>\n<p>AYUDAR A QUIEN AYUDA<\/p>\n<p>4594<\/p>\n<p>AFANAS C\u00c1DIZ<\/p>\n<p>4053<\/p>\n<p>ASISCAN<\/p>\n<p>3643<\/p>\n<p>ASOCIACI\u00d3N CONQUISTANDO ESCALONES<\/p>\n<p>3186<\/p>\n<p>FUNDACI\u00d3N ALADINA<\/p>\n<p>2892<\/p>\n<p>FUNDACI\u00d3N CRIS<\/p>\n<p>2825<\/p>\n<p>ANA<\/p>\n<p>2653<\/p>\n<p>ASOCIACI\u00d3N NENA PAINE<\/p>\n<p>2260<\/p>\n<p>&nbsp;<\/p>\n","protected":false},"excerpt":{"rendered":"<p> Brindis Solidario es una acci&oacute;n de Responsabilidad Social Corporativa de Bodegas Protos que reconoce la labor que realizan las entidades no lucrativas en nuestro pa&iacute;s.   Los internautas han elegido con sus votos a trav&eacute;s de Facebook, a la Alianza espa&ntilde;ola de familias de Von Hippel-Lindau como ONG beneficiaria de la donaci&oacute;n de 10.000&euro; en esta segunda &#8230;<\/p>\n","protected":false},"author":3,"featured_media":0,"comment_status":"closed","ping_status":"closed","sticky":false,"template":"","format":"standard","meta":{"_acf_changed":false,"footnotes":""},"categories":[94],"tags":[140,106],"class_list":["post-18886","post","type-post","status-publish","format-standard","hentry","category-notas-de-prensa","tag-brindis-solidario","tag-notas-de-prensa"],"acf":[],"yoast_head":"<!-- This site is optimized with the Yoast SEO plugin v27.5 - https:\/\/yoast.com\/product\/yoast-seo-wordpress\/ -->\n<title>Bodegas Protos BODEGAS PROTOS DONA 10.000\u20ac A ALIANZA ESPA\u00d1OLA DE FAMILIAS DE VON HIPPEL-LINDAU<\/title>\n<meta name=\"description\" content=\"Brindis Solidario es una acci\u00f3n de Responsabilidad Social Corporativa de Bodegas Protos que reconoce la labor que realizan las entidades no ...\" \/>\n<meta name=\"robots\" content=\"index, follow, max-snippet:-1, max-image-preview:large, max-video-preview:-1\" \/>\n<link rel=\"canonical\" href=\"https:\/\/www.bodegasprotos.com\/es\/notas-de-prensa\/bodegas-protos-dona-10000e-a-alianza-espanola-de-familias-de-von-hippel-lindau\/\" \/>\n<meta property=\"og:locale\" content=\"es_ES\" \/>\n<meta property=\"og:type\" content=\"article\" \/>\n<meta property=\"og:title\" content=\"BODEGAS PROTOS DONA 10.000\u20ac A ALIANZA ESPA\u00d1OLA DE FAMILIAS DE VON HIPPEL-LINDAU\" \/>\n<meta property=\"og:description\" content=\"Brindis Solidario es una acci\u00f3n de Responsabilidad Social Corporativa de Bodegas Protos que reconoce la labor que realizan las entidades no ...\" \/>\n<meta property=\"og:url\" content=\"https:\/\/www.bodegasprotos.com\/es\/notas-de-prensa\/bodegas-protos-dona-10000e-a-alianza-espanola-de-familias-de-von-hippel-lindau\/\" \/>\n<meta property=\"og:site_name\" content=\"Bodegas Protos\" \/>\n<meta property=\"article:publisher\" content=\"https:\/\/www.facebook.com\/BodegasProtos\" \/>\n<meta property=\"article:published_time\" content=\"2016-05-24T22:00:00+00:00\" \/>\n<meta property=\"article:modified_time\" content=\"2020-01-23T10:41:15+00:00\" \/>\n<meta property=\"og:image\" content=\"https:\/\/www.bodegasprotos.com\/galeria\/minni_not_598_1.jpg\" \/>\n<meta name=\"author\" content=\"Bodegas Protos (F)\" \/>\n<meta name=\"twitter:card\" content=\"summary_large_image\" \/>\n<meta name=\"twitter:title\" content=\"BODEGAS PROTOS DONA 10.000\u20ac A ALIANZA ESPA\u00d1OLA DE FAMILIAS DE VON HIPPEL-LINDAU\" \/>\n<meta name=\"twitter:creator\" content=\"@Bodegas_Protos\" \/>\n<meta name=\"twitter:site\" content=\"@Bodegas_Protos\" \/>\n<meta name=\"twitter:label1\" content=\"Escrito por\" \/>\n\t<meta name=\"twitter:data1\" content=\"Bodegas Protos (F)\" \/>\n\t<meta name=\"twitter:label2\" content=\"Tiempo de lectura\" \/>\n\t<meta name=\"twitter:data2\" content=\"4 minutos\" \/>\n<script type=\"application\/ld+json\" class=\"yoast-schema-graph\">{\"@context\":\"https:\\\/\\\/schema.org\",\"@graph\":[{\"@type\":\"Article\",\"@id\":\"https:\\\/\\\/www.bodegasprotos.com\\\/es\\\/notas-de-prensa\\\/bodegas-protos-dona-10000e-a-alianza-espanola-de-familias-de-von-hippel-lindau\\\/#article\",\"isPartOf\":{\"@id\":\"https:\\\/\\\/www.bodegasprotos.com\\\/es\\\/notas-de-prensa\\\/bodegas-protos-dona-10000e-a-alianza-espanola-de-familias-de-von-hippel-lindau\\\/\"},\"author\":{\"name\":\"Bodegas Protos (F)\",\"@id\":\"https:\\\/\\\/www.bodegasprotos.com\\\/es\\\/#\\\/schema\\\/person\\\/6cb69a08afa14171755cee0df7d20027\"},\"headline\":\"BODEGAS PROTOS DONA 10.000\u20ac A ALIANZA ESPA\u00d1OLA DE FAMILIAS DE VON HIPPEL-LINDAU\",\"datePublished\":\"2016-05-24T22:00:00+00:00\",\"dateModified\":\"2020-01-23T10:41:15+00:00\",\"mainEntityOfPage\":{\"@id\":\"https:\\\/\\\/www.bodegasprotos.com\\\/es\\\/notas-de-prensa\\\/bodegas-protos-dona-10000e-a-alianza-espanola-de-familias-de-von-hippel-lindau\\\/\"},\"wordCount\":834,\"publisher\":{\"@id\":\"https:\\\/\\\/www.bodegasprotos.com\\\/es\\\/#organization\"},\"keywords\":[\"Brindis Solidario\",\"Notas de Prensa\"],\"articleSection\":[\"Notas de Prensa\"],\"inLanguage\":\"es\"},{\"@type\":\"WebPage\",\"@id\":\"https:\\\/\\\/www.bodegasprotos.com\\\/es\\\/notas-de-prensa\\\/bodegas-protos-dona-10000e-a-alianza-espanola-de-familias-de-von-hippel-lindau\\\/\",\"url\":\"https:\\\/\\\/www.bodegasprotos.com\\\/es\\\/notas-de-prensa\\\/bodegas-protos-dona-10000e-a-alianza-espanola-de-familias-de-von-hippel-lindau\\\/\",\"name\":\"Bodegas Protos BODEGAS PROTOS DONA 10.000\u20ac A ALIANZA ESPA\u00d1OLA DE FAMILIAS DE VON HIPPEL-LINDAU\",\"isPartOf\":{\"@id\":\"https:\\\/\\\/www.bodegasprotos.com\\\/es\\\/#website\"},\"datePublished\":\"2016-05-24T22:00:00+00:00\",\"dateModified\":\"2020-01-23T10:41:15+00:00\",\"description\":\"Brindis Solidario es una acci\u00f3n de Responsabilidad Social Corporativa de Bodegas Protos que reconoce la labor que realizan las entidades no ...\",\"breadcrumb\":{\"@id\":\"https:\\\/\\\/www.bodegasprotos.com\\\/es\\\/notas-de-prensa\\\/bodegas-protos-dona-10000e-a-alianza-espanola-de-familias-de-von-hippel-lindau\\\/#breadcrumb\"},\"inLanguage\":\"es\",\"potentialAction\":[{\"@type\":\"ReadAction\",\"target\":[\"https:\\\/\\\/www.bodegasprotos.com\\\/es\\\/notas-de-prensa\\\/bodegas-protos-dona-10000e-a-alianza-espanola-de-familias-de-von-hippel-lindau\\\/\"]}]},{\"@type\":\"BreadcrumbList\",\"@id\":\"https:\\\/\\\/www.bodegasprotos.com\\\/es\\\/notas-de-prensa\\\/bodegas-protos-dona-10000e-a-alianza-espanola-de-familias-de-von-hippel-lindau\\\/#breadcrumb\",\"itemListElement\":[{\"@type\":\"ListItem\",\"position\":1,\"name\":\"Portada\",\"item\":\"https:\\\/\\\/www.bodegasprotos.com\\\/es\\\/\"},{\"@type\":\"ListItem\",\"position\":2,\"name\":\"BODEGAS PROTOS DONA 10.000\u20ac A ALIANZA ESPA\u00d1OLA DE FAMILIAS DE VON HIPPEL-LINDAU\"}]},{\"@type\":\"WebSite\",\"@id\":\"https:\\\/\\\/www.bodegasprotos.com\\\/es\\\/#website\",\"url\":\"https:\\\/\\\/www.bodegasprotos.com\\\/es\\\/\",\"name\":\"Bodegas Protos\",\"description\":\"Vinos de la Denominaci\u00f3n de Origen Ribera del Duero, Rueda y Cigales\",\"publisher\":{\"@id\":\"https:\\\/\\\/www.bodegasprotos.com\\\/es\\\/#organization\"},\"potentialAction\":[{\"@type\":\"SearchAction\",\"target\":{\"@type\":\"EntryPoint\",\"urlTemplate\":\"https:\\\/\\\/www.bodegasprotos.com\\\/es\\\/?s={search_term_string}\"},\"query-input\":{\"@type\":\"PropertyValueSpecification\",\"valueRequired\":true,\"valueName\":\"search_term_string\"}}],\"inLanguage\":\"es\"},{\"@type\":\"Organization\",\"@id\":\"https:\\\/\\\/www.bodegasprotos.com\\\/es\\\/#organization\",\"name\":\"Bodegas Protos\",\"url\":\"https:\\\/\\\/www.bodegasprotos.com\\\/es\\\/\",\"logo\":{\"@type\":\"ImageObject\",\"inLanguage\":\"es\",\"@id\":\"https:\\\/\\\/www.bodegasprotos.com\\\/es\\\/#\\\/schema\\\/logo\\\/image\\\/\",\"url\":\"https:\\\/\\\/www.bodegasprotos.com\\\/wp-content\\\/uploads\\\/2024\\\/06\\\/PROTOS-LOGOS-VERSIONES-13.png\",\"contentUrl\":\"https:\\\/\\\/www.bodegasprotos.com\\\/wp-content\\\/uploads\\\/2024\\\/06\\\/PROTOS-LOGOS-VERSIONES-13.png\",\"width\":2362,\"height\":2362,\"caption\":\"Bodegas Protos\"},\"image\":{\"@id\":\"https:\\\/\\\/www.bodegasprotos.com\\\/es\\\/#\\\/schema\\\/logo\\\/image\\\/\"},\"sameAs\":[\"https:\\\/\\\/www.facebook.com\\\/BodegasProtos\",\"https:\\\/\\\/x.com\\\/Bodegas_Protos\",\"https:\\\/\\\/www.instagram.com\\\/bodegasprotosoficial\\\/\",\"https:\\\/\\\/www.linkedin.com\\\/company\\\/bodegasprotos\\\/\",\"https:\\\/\\\/pinterest.com\\\/BodegasProtos\\\/\",\"http:\\\/\\\/www.youtube.com\\\/user\\\/BodegasProtos\",\"https:\\\/\\\/es.wikipedia.org\\\/wiki\\\/Bodegas_Protos\"]},{\"@type\":\"Person\",\"@id\":\"https:\\\/\\\/www.bodegasprotos.com\\\/es\\\/#\\\/schema\\\/person\\\/6cb69a08afa14171755cee0df7d20027\",\"name\":\"Bodegas Protos (F)\",\"image\":{\"@type\":\"ImageObject\",\"inLanguage\":\"es\",\"@id\":\"https:\\\/\\\/secure.gravatar.com\\\/avatar\\\/cc613a9fd2ee203f402357c1b4aa2b7c041016cbf1eab1e41bde410b2ebd7f94?s=96&d=mm&r=g\",\"url\":\"https:\\\/\\\/secure.gravatar.com\\\/avatar\\\/cc613a9fd2ee203f402357c1b4aa2b7c041016cbf1eab1e41bde410b2ebd7f94?s=96&d=mm&r=g\",\"contentUrl\":\"https:\\\/\\\/secure.gravatar.com\\\/avatar\\\/cc613a9fd2ee203f402357c1b4aa2b7c041016cbf1eab1e41bde410b2ebd7f94?s=96&d=mm&r=g\",\"caption\":\"Bodegas Protos (F)\"},\"sameAs\":[\"https:\\\/\\\/www.bodegasprotos.com\"]}]}<\/script>\n<!-- \/ Yoast SEO plugin. -->","yoast_head_json":{"title":"Bodegas Protos BODEGAS PROTOS DONA 10.000\u20ac A ALIANZA ESPA\u00d1OLA DE FAMILIAS DE VON HIPPEL-LINDAU","description":"Brindis Solidario es una acci\u00f3n de Responsabilidad Social Corporativa de Bodegas Protos que reconoce la labor que realizan las entidades no ...","robots":{"index":"index","follow":"follow","max-snippet":"max-snippet:-1","max-image-preview":"max-image-preview:large","max-video-preview":"max-video-preview:-1"},"canonical":"https:\/\/www.bodegasprotos.com\/es\/notas-de-prensa\/bodegas-protos-dona-10000e-a-alianza-espanola-de-familias-de-von-hippel-lindau\/","og_locale":"es_ES","og_type":"article","og_title":"BODEGAS PROTOS DONA 10.000\u20ac A ALIANZA ESPA\u00d1OLA DE FAMILIAS DE VON HIPPEL-LINDAU","og_description":"Brindis Solidario es una acci\u00f3n de Responsabilidad Social Corporativa de Bodegas Protos que reconoce la labor que realizan las entidades no ...","og_url":"https:\/\/www.bodegasprotos.com\/es\/notas-de-prensa\/bodegas-protos-dona-10000e-a-alianza-espanola-de-familias-de-von-hippel-lindau\/","og_site_name":"Bodegas Protos","article_publisher":"https:\/\/www.facebook.com\/BodegasProtos","article_published_time":"2016-05-24T22:00:00+00:00","article_modified_time":"2020-01-23T10:41:15+00:00","og_image":[{"url":"https:\/\/www.bodegasprotos.com\/galeria\/minni_not_598_1.jpg","type":"","width":"","height":""}],"author":"Bodegas Protos (F)","twitter_card":"summary_large_image","twitter_title":"BODEGAS PROTOS DONA 10.000\u20ac A ALIANZA ESPA\u00d1OLA DE FAMILIAS DE VON HIPPEL-LINDAU","twitter_creator":"@Bodegas_Protos","twitter_site":"@Bodegas_Protos","twitter_misc":{"Escrito por":"Bodegas Protos (F)","Tiempo de lectura":"4 minutos"},"schema":{"@context":"https:\/\/schema.org","@graph":[{"@type":"Article","@id":"https:\/\/www.bodegasprotos.com\/es\/notas-de-prensa\/bodegas-protos-dona-10000e-a-alianza-espanola-de-familias-de-von-hippel-lindau\/#article","isPartOf":{"@id":"https:\/\/www.bodegasprotos.com\/es\/notas-de-prensa\/bodegas-protos-dona-10000e-a-alianza-espanola-de-familias-de-von-hippel-lindau\/"},"author":{"name":"Bodegas Protos (F)","@id":"https:\/\/www.bodegasprotos.com\/es\/#\/schema\/person\/6cb69a08afa14171755cee0df7d20027"},"headline":"BODEGAS PROTOS DONA 10.000\u20ac A ALIANZA ESPA\u00d1OLA DE FAMILIAS DE VON HIPPEL-LINDAU","datePublished":"2016-05-24T22:00:00+00:00","dateModified":"2020-01-23T10:41:15+00:00","mainEntityOfPage":{"@id":"https:\/\/www.bodegasprotos.com\/es\/notas-de-prensa\/bodegas-protos-dona-10000e-a-alianza-espanola-de-familias-de-von-hippel-lindau\/"},"wordCount":834,"publisher":{"@id":"https:\/\/www.bodegasprotos.com\/es\/#organization"},"keywords":["Brindis Solidario","Notas de Prensa"],"articleSection":["Notas de Prensa"],"inLanguage":"es"},{"@type":"WebPage","@id":"https:\/\/www.bodegasprotos.com\/es\/notas-de-prensa\/bodegas-protos-dona-10000e-a-alianza-espanola-de-familias-de-von-hippel-lindau\/","url":"https:\/\/www.bodegasprotos.com\/es\/notas-de-prensa\/bodegas-protos-dona-10000e-a-alianza-espanola-de-familias-de-von-hippel-lindau\/","name":"Bodegas Protos BODEGAS PROTOS DONA 10.000\u20ac A ALIANZA ESPA\u00d1OLA DE FAMILIAS DE VON HIPPEL-LINDAU","isPartOf":{"@id":"https:\/\/www.bodegasprotos.com\/es\/#website"},"datePublished":"2016-05-24T22:00:00+00:00","dateModified":"2020-01-23T10:41:15+00:00","description":"Brindis Solidario es una acci\u00f3n de Responsabilidad Social Corporativa de Bodegas Protos que reconoce la labor que realizan las entidades no ...","breadcrumb":{"@id":"https:\/\/www.bodegasprotos.com\/es\/notas-de-prensa\/bodegas-protos-dona-10000e-a-alianza-espanola-de-familias-de-von-hippel-lindau\/#breadcrumb"},"inLanguage":"es","potentialAction":[{"@type":"ReadAction","target":["https:\/\/www.bodegasprotos.com\/es\/notas-de-prensa\/bodegas-protos-dona-10000e-a-alianza-espanola-de-familias-de-von-hippel-lindau\/"]}]},{"@type":"BreadcrumbList","@id":"https:\/\/www.bodegasprotos.com\/es\/notas-de-prensa\/bodegas-protos-dona-10000e-a-alianza-espanola-de-familias-de-von-hippel-lindau\/#breadcrumb","itemListElement":[{"@type":"ListItem","position":1,"name":"Portada","item":"https:\/\/www.bodegasprotos.com\/es\/"},{"@type":"ListItem","position":2,"name":"BODEGAS PROTOS DONA 10.000\u20ac A ALIANZA ESPA\u00d1OLA DE FAMILIAS DE VON HIPPEL-LINDAU"}]},{"@type":"WebSite","@id":"https:\/\/www.bodegasprotos.com\/es\/#website","url":"https:\/\/www.bodegasprotos.com\/es\/","name":"Bodegas Protos","description":"Vinos de la Denominaci\u00f3n de Origen Ribera del Duero, Rueda y Cigales","publisher":{"@id":"https:\/\/www.bodegasprotos.com\/es\/#organization"},"potentialAction":[{"@type":"SearchAction","target":{"@type":"EntryPoint","urlTemplate":"https:\/\/www.bodegasprotos.com\/es\/?s={search_term_string}"},"query-input":{"@type":"PropertyValueSpecification","valueRequired":true,"valueName":"search_term_string"}}],"inLanguage":"es"},{"@type":"Organization","@id":"https:\/\/www.bodegasprotos.com\/es\/#organization","name":"Bodegas Protos","url":"https:\/\/www.bodegasprotos.com\/es\/","logo":{"@type":"ImageObject","inLanguage":"es","@id":"https:\/\/www.bodegasprotos.com\/es\/#\/schema\/logo\/image\/","url":"https:\/\/www.bodegasprotos.com\/wp-content\/uploads\/2024\/06\/PROTOS-LOGOS-VERSIONES-13.png","contentUrl":"https:\/\/www.bodegasprotos.com\/wp-content\/uploads\/2024\/06\/PROTOS-LOGOS-VERSIONES-13.png","width":2362,"height":2362,"caption":"Bodegas Protos"},"image":{"@id":"https:\/\/www.bodegasprotos.com\/es\/#\/schema\/logo\/image\/"},"sameAs":["https:\/\/www.facebook.com\/BodegasProtos","https:\/\/x.com\/Bodegas_Protos","https:\/\/www.instagram.com\/bodegasprotosoficial\/","https:\/\/www.linkedin.com\/company\/bodegasprotos\/","https:\/\/pinterest.com\/BodegasProtos\/","http:\/\/www.youtube.com\/user\/BodegasProtos","https:\/\/es.wikipedia.org\/wiki\/Bodegas_Protos"]},{"@type":"Person","@id":"https:\/\/www.bodegasprotos.com\/es\/#\/schema\/person\/6cb69a08afa14171755cee0df7d20027","name":"Bodegas Protos (F)","image":{"@type":"ImageObject","inLanguage":"es","@id":"https:\/\/secure.gravatar.com\/avatar\/cc613a9fd2ee203f402357c1b4aa2b7c041016cbf1eab1e41bde410b2ebd7f94?s=96&d=mm&r=g","url":"https:\/\/secure.gravatar.com\/avatar\/cc613a9fd2ee203f402357c1b4aa2b7c041016cbf1eab1e41bde410b2ebd7f94?s=96&d=mm&r=g","contentUrl":"https:\/\/secure.gravatar.com\/avatar\/cc613a9fd2ee203f402357c1b4aa2b7c041016cbf1eab1e41bde410b2ebd7f94?s=96&d=mm&r=g","caption":"Bodegas Protos (F)"},"sameAs":["https:\/\/www.bodegasprotos.com"]}]}},"_links":{"self":[{"href":"https:\/\/www.bodegasprotos.com\/es\/wp-json\/wp\/v2\/posts\/18886","targetHints":{"allow":["GET"]}}],"collection":[{"href":"https:\/\/www.bodegasprotos.com\/es\/wp-json\/wp\/v2\/posts"}],"about":[{"href":"https:\/\/www.bodegasprotos.com\/es\/wp-json\/wp\/v2\/types\/post"}],"author":[{"embeddable":true,"href":"https:\/\/www.bodegasprotos.com\/es\/wp-json\/wp\/v2\/users\/3"}],"replies":[{"embeddable":true,"href":"https:\/\/www.bodegasprotos.com\/es\/wp-json\/wp\/v2\/comments?post=18886"}],"version-history":[{"count":0,"href":"https:\/\/www.bodegasprotos.com\/es\/wp-json\/wp\/v2\/posts\/18886\/revisions"}],"wp:attachment":[{"href":"https:\/\/www.bodegasprotos.com\/es\/wp-json\/wp\/v2\/media?parent=18886"}],"wp:term":[{"taxonomy":"category","embeddable":true,"href":"https:\/\/www.bodegasprotos.com\/es\/wp-json\/wp\/v2\/categories?post=18886"},{"taxonomy":"post_tag","embeddable":true,"href":"https:\/\/www.bodegasprotos.com\/es\/wp-json\/wp\/v2\/tags?post=18886"}],"curies":[{"name":"wp","href":"https:\/\/api.w.org\/{rel}","templated":true}]}}