{"id":18884,"date":"2016-05-03T00:00:00","date_gmt":"2016-05-02T22:00:00","guid":{"rendered":"https:\/\/bodegasprotos.com\/2016\/05\/homenaje-paganini-protos-sabado-14-mayo\/"},"modified":"2020-01-31T11:27:07","modified_gmt":"2020-01-31T10:27:07","slug":"homenaje-a-paganini-en-protos-el-sabado-14-de-mayo","status":"publish","type":"post","link":"https:\/\/www.bodegasprotos.com\/es\/notas-de-prensa\/homenaje-a-paganini-en-protos-el-sabado-14-de-mayo\/","title":{"rendered":"HOMENAJE A PAGANINI EN PROTOS EL S\u00c1BADO 14 DE MAYO"},"content":{"rendered":"<div class=\"coldcha\"><a class=\"lytebox lytebox01\" href=\"\/galeria\/fotto_not_596_1.jpg\"><img decoding=\"async\" class=\"wp-image_596_1 size-medium\" src=\"\/galeria\/minni_not_596_1.jpg\" alt=\"HOMENAJE A PAGANINI EN PROTOS EL S\u00c1BADO 14 DE MAYO\" \/><\/a><\/div>\n<p><strong>ENOTURISMO, VINO Y M\u00daSICA EN BODEGAS PROTOS<\/strong><\/p>\n<p><strong>La violinista Elena Mikhailova<\/strong> <strong>ofrecer\u00e1 en Bodegas Protos un recital de viol\u00edn como cierre de la visita de enoturismo.<\/strong><\/p>\n<p>El pr\u00f3ximo s\u00e1bado 14 de mayo la visita a <strong>Bodega Protos<\/strong> tendr\u00e1 un final diferente. La violinista solista hispano-rusa, <strong>Elena Mikhailova<\/strong>, ofrecer\u00e1 un recital de viol\u00edn solo, homenaje al compositor italiano Nicolo Paganini.<\/p>\n<p>La visita arrancar\u00e1 a las 12.30 horas y, tras recorrer las legendarias galer\u00edas de la bodega y catar 3 de sus vinos, <strong>Mikhailova<\/strong> pondr\u00e1 la nota final ofreciendo un extraordinario concierto. Los Caprichos de Nicolo Paganini ser\u00e1 la pieza que interpretar\u00e1 la artista, una obra que requiere de un virtuosismo del m\u00e1s alto nivel, as\u00ed como de una t\u00e9cnica en el manejo del viol\u00edn de lo m\u00e1s depurada.<\/p>\n<p>Con este recital la afamada violinista se baja de los escenarios m\u00e1s prestigiosos, como el Auditorio Nacional de Madrid o el Teatro Monumental, para acercarse al p\u00fablico y eliminar toda barrera entre la gente y la m\u00fasica cl\u00e1sica.<\/p>\n<p><strong>Elena Mikhailova <\/strong><\/p>\n<p>Elena Mikhailova, de origen ruso-armenio y de nacionalidad espa\u00f1ola, cuenta con m\u00e1s de 20 premios nacionales e internacionales. Con 4 discos en el mercado, destaca Seduction con el pianista y compositor Manolo Carrasco, y Entre Jotas y Zapateados con Victoria Mikhailova, en homenaje a Sarasate, que nace de la colaboraci\u00f3n MUSICA Y MODA con la firma Agatha Ruiz de la Prada. En 2010 funda su propia orquesta de c\u00e1mara, MiSCO, en la que Elena ejerce de solista y directora, concediendo conciertos por toda Espa\u00f1a. Entre sus pr\u00f3ximos planes figura presentar su nuevo disco con la firma de moda espa\u00f1ola en Mil\u00e1n, Par\u00eds y Nueva York, as\u00ed como ofrecer una gira en Yucat\u00e1n (M\u00e9xico), actuando adem\u00e1s como solista con la Orquesta Sinf\u00f3nica de Yucat\u00e1n, y en San Petersburgo y Mosc\u00fa, junto con el reconocido pianista Manolo Carrasco.<\/p>\n<p><strong>Reserva previa<\/strong><\/p>\n<p>La visita se realizar\u00e1 el s\u00e1bado 14 de mayo a las 12:30 horas e incluye recorrido por las instalaciones, cata de 3 vinos, obsequio y concierto. El precio es de 13 euros. Imprescindible reserva previa en <a href=\"mailto:enoturismo@bodegasprotos.com\">enoturismo@bodegasprotos.com<\/a> o llamando al 659 843 463. Plazas limitadas.<\/p>\n","protected":false},"excerpt":{"rendered":"<p>ENOTURISMO, VINO Y M&Uacute;SICA EN BODEGAS PROTOS La violinista Elena Mikhailova ofrecer&aacute; en Bodegas Protos un recital de viol&iacute;n como cierre de la visita de enoturismo. El pr&oacute;ximo s&aacute;bado 14 de mayo la visita a Bodega Protos tendr&aacute; un final diferente. La violinista solista hispano-rusa, Elena Mikhailova, ofrecer&aacute; un recital de viol&iacute;n solo, &#8230;<\/p>\n","protected":false},"author":3,"featured_media":0,"comment_status":"closed","ping_status":"closed","sticky":false,"template":"","format":"standard","meta":{"_acf_changed":false,"footnotes":""},"categories":[94],"tags":[106],"class_list":["post-18884","post","type-post","status-publish","format-standard","hentry","category-notas-de-prensa","tag-notas-de-prensa"],"acf":[],"yoast_head":"<!-- This site is optimized with the Yoast SEO plugin v27.5 - https:\/\/yoast.com\/product\/yoast-seo-wordpress\/ -->\n<title>Bodegas Protos HOMENAJE A PAGANINI EN PROTOS EL S\u00c1BADO 14 DE MAYO<\/title>\n<meta name=\"description\" content=\"ENOTURISMO, VINO Y M\u00daSICA EN BODEGAS PROTOS La violinista Elena Mikhailova ofrecer\u00e1 en Bodegas Protos un recital de viol\u00edn como ...\" \/>\n<meta name=\"robots\" content=\"index, follow, max-snippet:-1, max-image-preview:large, max-video-preview:-1\" \/>\n<link rel=\"canonical\" href=\"https:\/\/www.bodegasprotos.com\/es\/notas-de-prensa\/homenaje-a-paganini-en-protos-el-sabado-14-de-mayo\/\" \/>\n<meta property=\"og:locale\" content=\"es_ES\" \/>\n<meta property=\"og:type\" content=\"article\" \/>\n<meta property=\"og:title\" content=\"HOMENAJE A PAGANINI EN PROTOS EL S\u00c1BADO 14 DE MAYO\" \/>\n<meta property=\"og:description\" content=\"ENOTURISMO, VINO Y M\u00daSICA EN BODEGAS PROTOS La violinista Elena Mikhailova ofrecer\u00e1 en Bodegas Protos un recital de viol\u00edn como ...\" \/>\n<meta property=\"og:url\" content=\"https:\/\/www.bodegasprotos.com\/es\/notas-de-prensa\/homenaje-a-paganini-en-protos-el-sabado-14-de-mayo\/\" \/>\n<meta property=\"og:site_name\" content=\"Bodegas Protos\" \/>\n<meta property=\"article:publisher\" content=\"https:\/\/www.facebook.com\/BodegasProtos\" \/>\n<meta property=\"article:published_time\" content=\"2016-05-02T22:00:00+00:00\" \/>\n<meta property=\"article:modified_time\" content=\"2020-01-31T10:27:07+00:00\" \/>\n<meta property=\"og:image\" content=\"https:\/\/www.bodegasprotos.com\/galeria\/minni_not_596_1.jpg\" \/>\n<meta name=\"author\" content=\"Bodegas Protos (F)\" \/>\n<meta name=\"twitter:card\" content=\"summary_large_image\" \/>\n<meta name=\"twitter:title\" content=\"HOMENAJE A PAGANINI EN PROTOS EL S\u00c1BADO 14 DE MAYO\" \/>\n<meta name=\"twitter:creator\" content=\"@Bodegas_Protos\" \/>\n<meta name=\"twitter:site\" content=\"@Bodegas_Protos\" \/>\n<meta name=\"twitter:label1\" content=\"Escrito por\" \/>\n\t<meta name=\"twitter:data1\" content=\"Bodegas Protos (F)\" \/>\n\t<meta name=\"twitter:label2\" content=\"Tiempo de lectura\" \/>\n\t<meta name=\"twitter:data2\" content=\"2 minutos\" \/>\n<script type=\"application\/ld+json\" class=\"yoast-schema-graph\">{\"@context\":\"https:\\\/\\\/schema.org\",\"@graph\":[{\"@type\":\"Article\",\"@id\":\"https:\\\/\\\/www.bodegasprotos.com\\\/es\\\/notas-de-prensa\\\/homenaje-a-paganini-en-protos-el-sabado-14-de-mayo\\\/#article\",\"isPartOf\":{\"@id\":\"https:\\\/\\\/www.bodegasprotos.com\\\/es\\\/notas-de-prensa\\\/homenaje-a-paganini-en-protos-el-sabado-14-de-mayo\\\/\"},\"author\":{\"name\":\"Bodegas Protos (F)\",\"@id\":\"https:\\\/\\\/www.bodegasprotos.com\\\/es\\\/#\\\/schema\\\/person\\\/6cb69a08afa14171755cee0df7d20027\"},\"headline\":\"HOMENAJE A PAGANINI EN PROTOS EL S\u00c1BADO 14 DE MAYO\",\"datePublished\":\"2016-05-02T22:00:00+00:00\",\"dateModified\":\"2020-01-31T10:27:07+00:00\",\"mainEntityOfPage\":{\"@id\":\"https:\\\/\\\/www.bodegasprotos.com\\\/es\\\/notas-de-prensa\\\/homenaje-a-paganini-en-protos-el-sabado-14-de-mayo\\\/\"},\"wordCount\":378,\"publisher\":{\"@id\":\"https:\\\/\\\/www.bodegasprotos.com\\\/es\\\/#organization\"},\"keywords\":[\"Notas de Prensa\"],\"articleSection\":[\"Notas de Prensa\"],\"inLanguage\":\"es\"},{\"@type\":\"WebPage\",\"@id\":\"https:\\\/\\\/www.bodegasprotos.com\\\/es\\\/notas-de-prensa\\\/homenaje-a-paganini-en-protos-el-sabado-14-de-mayo\\\/\",\"url\":\"https:\\\/\\\/www.bodegasprotos.com\\\/es\\\/notas-de-prensa\\\/homenaje-a-paganini-en-protos-el-sabado-14-de-mayo\\\/\",\"name\":\"Bodegas Protos HOMENAJE A PAGANINI EN PROTOS EL S\u00c1BADO 14 DE MAYO\",\"isPartOf\":{\"@id\":\"https:\\\/\\\/www.bodegasprotos.com\\\/es\\\/#website\"},\"datePublished\":\"2016-05-02T22:00:00+00:00\",\"dateModified\":\"2020-01-31T10:27:07+00:00\",\"description\":\"ENOTURISMO, VINO Y M\u00daSICA EN BODEGAS PROTOS La violinista Elena Mikhailova ofrecer\u00e1 en Bodegas Protos un recital de viol\u00edn como ...\",\"breadcrumb\":{\"@id\":\"https:\\\/\\\/www.bodegasprotos.com\\\/es\\\/notas-de-prensa\\\/homenaje-a-paganini-en-protos-el-sabado-14-de-mayo\\\/#breadcrumb\"},\"inLanguage\":\"es\",\"potentialAction\":[{\"@type\":\"ReadAction\",\"target\":[\"https:\\\/\\\/www.bodegasprotos.com\\\/es\\\/notas-de-prensa\\\/homenaje-a-paganini-en-protos-el-sabado-14-de-mayo\\\/\"]}]},{\"@type\":\"BreadcrumbList\",\"@id\":\"https:\\\/\\\/www.bodegasprotos.com\\\/es\\\/notas-de-prensa\\\/homenaje-a-paganini-en-protos-el-sabado-14-de-mayo\\\/#breadcrumb\",\"itemListElement\":[{\"@type\":\"ListItem\",\"position\":1,\"name\":\"Portada\",\"item\":\"https:\\\/\\\/www.bodegasprotos.com\\\/es\\\/\"},{\"@type\":\"ListItem\",\"position\":2,\"name\":\"HOMENAJE A PAGANINI EN PROTOS EL S\u00c1BADO 14 DE MAYO\"}]},{\"@type\":\"WebSite\",\"@id\":\"https:\\\/\\\/www.bodegasprotos.com\\\/es\\\/#website\",\"url\":\"https:\\\/\\\/www.bodegasprotos.com\\\/es\\\/\",\"name\":\"Bodegas Protos\",\"description\":\"Vinos de la Denominaci\u00f3n de Origen Ribera del Duero, Rueda y Cigales\",\"publisher\":{\"@id\":\"https:\\\/\\\/www.bodegasprotos.com\\\/es\\\/#organization\"},\"potentialAction\":[{\"@type\":\"SearchAction\",\"target\":{\"@type\":\"EntryPoint\",\"urlTemplate\":\"https:\\\/\\\/www.bodegasprotos.com\\\/es\\\/?s={search_term_string}\"},\"query-input\":{\"@type\":\"PropertyValueSpecification\",\"valueRequired\":true,\"valueName\":\"search_term_string\"}}],\"inLanguage\":\"es\"},{\"@type\":\"Organization\",\"@id\":\"https:\\\/\\\/www.bodegasprotos.com\\\/es\\\/#organization\",\"name\":\"Bodegas Protos\",\"url\":\"https:\\\/\\\/www.bodegasprotos.com\\\/es\\\/\",\"logo\":{\"@type\":\"ImageObject\",\"inLanguage\":\"es\",\"@id\":\"https:\\\/\\\/www.bodegasprotos.com\\\/es\\\/#\\\/schema\\\/logo\\\/image\\\/\",\"url\":\"https:\\\/\\\/www.bodegasprotos.com\\\/wp-content\\\/uploads\\\/2024\\\/06\\\/PROTOS-LOGOS-VERSIONES-13.png\",\"contentUrl\":\"https:\\\/\\\/www.bodegasprotos.com\\\/wp-content\\\/uploads\\\/2024\\\/06\\\/PROTOS-LOGOS-VERSIONES-13.png\",\"width\":2362,\"height\":2362,\"caption\":\"Bodegas Protos\"},\"image\":{\"@id\":\"https:\\\/\\\/www.bodegasprotos.com\\\/es\\\/#\\\/schema\\\/logo\\\/image\\\/\"},\"sameAs\":[\"https:\\\/\\\/www.facebook.com\\\/BodegasProtos\",\"https:\\\/\\\/x.com\\\/Bodegas_Protos\",\"https:\\\/\\\/www.instagram.com\\\/bodegasprotosoficial\\\/\",\"https:\\\/\\\/www.linkedin.com\\\/company\\\/bodegasprotos\\\/\",\"https:\\\/\\\/pinterest.com\\\/BodegasProtos\\\/\",\"http:\\\/\\\/www.youtube.com\\\/user\\\/BodegasProtos\",\"https:\\\/\\\/es.wikipedia.org\\\/wiki\\\/Bodegas_Protos\"]},{\"@type\":\"Person\",\"@id\":\"https:\\\/\\\/www.bodegasprotos.com\\\/es\\\/#\\\/schema\\\/person\\\/6cb69a08afa14171755cee0df7d20027\",\"name\":\"Bodegas Protos (F)\",\"image\":{\"@type\":\"ImageObject\",\"inLanguage\":\"es\",\"@id\":\"https:\\\/\\\/secure.gravatar.com\\\/avatar\\\/cc613a9fd2ee203f402357c1b4aa2b7c041016cbf1eab1e41bde410b2ebd7f94?s=96&d=mm&r=g\",\"url\":\"https:\\\/\\\/secure.gravatar.com\\\/avatar\\\/cc613a9fd2ee203f402357c1b4aa2b7c041016cbf1eab1e41bde410b2ebd7f94?s=96&d=mm&r=g\",\"contentUrl\":\"https:\\\/\\\/secure.gravatar.com\\\/avatar\\\/cc613a9fd2ee203f402357c1b4aa2b7c041016cbf1eab1e41bde410b2ebd7f94?s=96&d=mm&r=g\",\"caption\":\"Bodegas Protos (F)\"},\"sameAs\":[\"https:\\\/\\\/www.bodegasprotos.com\"]}]}<\/script>\n<!-- \/ Yoast SEO plugin. -->","yoast_head_json":{"title":"Bodegas Protos HOMENAJE A PAGANINI EN PROTOS EL S\u00c1BADO 14 DE MAYO","description":"ENOTURISMO, VINO Y M\u00daSICA EN BODEGAS PROTOS La violinista Elena Mikhailova ofrecer\u00e1 en Bodegas Protos un recital de viol\u00edn como ...","robots":{"index":"index","follow":"follow","max-snippet":"max-snippet:-1","max-image-preview":"max-image-preview:large","max-video-preview":"max-video-preview:-1"},"canonical":"https:\/\/www.bodegasprotos.com\/es\/notas-de-prensa\/homenaje-a-paganini-en-protos-el-sabado-14-de-mayo\/","og_locale":"es_ES","og_type":"article","og_title":"HOMENAJE A PAGANINI EN PROTOS EL S\u00c1BADO 14 DE MAYO","og_description":"ENOTURISMO, VINO Y M\u00daSICA EN BODEGAS PROTOS La violinista Elena Mikhailova ofrecer\u00e1 en Bodegas Protos un recital de viol\u00edn como ...","og_url":"https:\/\/www.bodegasprotos.com\/es\/notas-de-prensa\/homenaje-a-paganini-en-protos-el-sabado-14-de-mayo\/","og_site_name":"Bodegas Protos","article_publisher":"https:\/\/www.facebook.com\/BodegasProtos","article_published_time":"2016-05-02T22:00:00+00:00","article_modified_time":"2020-01-31T10:27:07+00:00","og_image":[{"url":"https:\/\/www.bodegasprotos.com\/galeria\/minni_not_596_1.jpg","type":"","width":"","height":""}],"author":"Bodegas Protos (F)","twitter_card":"summary_large_image","twitter_title":"HOMENAJE A PAGANINI EN PROTOS EL S\u00c1BADO 14 DE MAYO","twitter_creator":"@Bodegas_Protos","twitter_site":"@Bodegas_Protos","twitter_misc":{"Escrito por":"Bodegas Protos (F)","Tiempo de lectura":"2 minutos"},"schema":{"@context":"https:\/\/schema.org","@graph":[{"@type":"Article","@id":"https:\/\/www.bodegasprotos.com\/es\/notas-de-prensa\/homenaje-a-paganini-en-protos-el-sabado-14-de-mayo\/#article","isPartOf":{"@id":"https:\/\/www.bodegasprotos.com\/es\/notas-de-prensa\/homenaje-a-paganini-en-protos-el-sabado-14-de-mayo\/"},"author":{"name":"Bodegas Protos (F)","@id":"https:\/\/www.bodegasprotos.com\/es\/#\/schema\/person\/6cb69a08afa14171755cee0df7d20027"},"headline":"HOMENAJE A PAGANINI EN PROTOS EL S\u00c1BADO 14 DE MAYO","datePublished":"2016-05-02T22:00:00+00:00","dateModified":"2020-01-31T10:27:07+00:00","mainEntityOfPage":{"@id":"https:\/\/www.bodegasprotos.com\/es\/notas-de-prensa\/homenaje-a-paganini-en-protos-el-sabado-14-de-mayo\/"},"wordCount":378,"publisher":{"@id":"https:\/\/www.bodegasprotos.com\/es\/#organization"},"keywords":["Notas de Prensa"],"articleSection":["Notas de Prensa"],"inLanguage":"es"},{"@type":"WebPage","@id":"https:\/\/www.bodegasprotos.com\/es\/notas-de-prensa\/homenaje-a-paganini-en-protos-el-sabado-14-de-mayo\/","url":"https:\/\/www.bodegasprotos.com\/es\/notas-de-prensa\/homenaje-a-paganini-en-protos-el-sabado-14-de-mayo\/","name":"Bodegas Protos HOMENAJE A PAGANINI EN PROTOS EL S\u00c1BADO 14 DE MAYO","isPartOf":{"@id":"https:\/\/www.bodegasprotos.com\/es\/#website"},"datePublished":"2016-05-02T22:00:00+00:00","dateModified":"2020-01-31T10:27:07+00:00","description":"ENOTURISMO, VINO Y M\u00daSICA EN BODEGAS PROTOS La violinista Elena Mikhailova ofrecer\u00e1 en Bodegas Protos un recital de viol\u00edn como ...","breadcrumb":{"@id":"https:\/\/www.bodegasprotos.com\/es\/notas-de-prensa\/homenaje-a-paganini-en-protos-el-sabado-14-de-mayo\/#breadcrumb"},"inLanguage":"es","potentialAction":[{"@type":"ReadAction","target":["https:\/\/www.bodegasprotos.com\/es\/notas-de-prensa\/homenaje-a-paganini-en-protos-el-sabado-14-de-mayo\/"]}]},{"@type":"BreadcrumbList","@id":"https:\/\/www.bodegasprotos.com\/es\/notas-de-prensa\/homenaje-a-paganini-en-protos-el-sabado-14-de-mayo\/#breadcrumb","itemListElement":[{"@type":"ListItem","position":1,"name":"Portada","item":"https:\/\/www.bodegasprotos.com\/es\/"},{"@type":"ListItem","position":2,"name":"HOMENAJE A PAGANINI EN PROTOS EL S\u00c1BADO 14 DE MAYO"}]},{"@type":"WebSite","@id":"https:\/\/www.bodegasprotos.com\/es\/#website","url":"https:\/\/www.bodegasprotos.com\/es\/","name":"Bodegas Protos","description":"Vinos de la Denominaci\u00f3n de Origen Ribera del Duero, Rueda y Cigales","publisher":{"@id":"https:\/\/www.bodegasprotos.com\/es\/#organization"},"potentialAction":[{"@type":"SearchAction","target":{"@type":"EntryPoint","urlTemplate":"https:\/\/www.bodegasprotos.com\/es\/?s={search_term_string}"},"query-input":{"@type":"PropertyValueSpecification","valueRequired":true,"valueName":"search_term_string"}}],"inLanguage":"es"},{"@type":"Organization","@id":"https:\/\/www.bodegasprotos.com\/es\/#organization","name":"Bodegas Protos","url":"https:\/\/www.bodegasprotos.com\/es\/","logo":{"@type":"ImageObject","inLanguage":"es","@id":"https:\/\/www.bodegasprotos.com\/es\/#\/schema\/logo\/image\/","url":"https:\/\/www.bodegasprotos.com\/wp-content\/uploads\/2024\/06\/PROTOS-LOGOS-VERSIONES-13.png","contentUrl":"https:\/\/www.bodegasprotos.com\/wp-content\/uploads\/2024\/06\/PROTOS-LOGOS-VERSIONES-13.png","width":2362,"height":2362,"caption":"Bodegas Protos"},"image":{"@id":"https:\/\/www.bodegasprotos.com\/es\/#\/schema\/logo\/image\/"},"sameAs":["https:\/\/www.facebook.com\/BodegasProtos","https:\/\/x.com\/Bodegas_Protos","https:\/\/www.instagram.com\/bodegasprotosoficial\/","https:\/\/www.linkedin.com\/company\/bodegasprotos\/","https:\/\/pinterest.com\/BodegasProtos\/","http:\/\/www.youtube.com\/user\/BodegasProtos","https:\/\/es.wikipedia.org\/wiki\/Bodegas_Protos"]},{"@type":"Person","@id":"https:\/\/www.bodegasprotos.com\/es\/#\/schema\/person\/6cb69a08afa14171755cee0df7d20027","name":"Bodegas Protos (F)","image":{"@type":"ImageObject","inLanguage":"es","@id":"https:\/\/secure.gravatar.com\/avatar\/cc613a9fd2ee203f402357c1b4aa2b7c041016cbf1eab1e41bde410b2ebd7f94?s=96&d=mm&r=g","url":"https:\/\/secure.gravatar.com\/avatar\/cc613a9fd2ee203f402357c1b4aa2b7c041016cbf1eab1e41bde410b2ebd7f94?s=96&d=mm&r=g","contentUrl":"https:\/\/secure.gravatar.com\/avatar\/cc613a9fd2ee203f402357c1b4aa2b7c041016cbf1eab1e41bde410b2ebd7f94?s=96&d=mm&r=g","caption":"Bodegas Protos (F)"},"sameAs":["https:\/\/www.bodegasprotos.com"]}]}},"_links":{"self":[{"href":"https:\/\/www.bodegasprotos.com\/es\/wp-json\/wp\/v2\/posts\/18884","targetHints":{"allow":["GET"]}}],"collection":[{"href":"https:\/\/www.bodegasprotos.com\/es\/wp-json\/wp\/v2\/posts"}],"about":[{"href":"https:\/\/www.bodegasprotos.com\/es\/wp-json\/wp\/v2\/types\/post"}],"author":[{"embeddable":true,"href":"https:\/\/www.bodegasprotos.com\/es\/wp-json\/wp\/v2\/users\/3"}],"replies":[{"embeddable":true,"href":"https:\/\/www.bodegasprotos.com\/es\/wp-json\/wp\/v2\/comments?post=18884"}],"version-history":[{"count":0,"href":"https:\/\/www.bodegasprotos.com\/es\/wp-json\/wp\/v2\/posts\/18884\/revisions"}],"wp:attachment":[{"href":"https:\/\/www.bodegasprotos.com\/es\/wp-json\/wp\/v2\/media?parent=18884"}],"wp:term":[{"taxonomy":"category","embeddable":true,"href":"https:\/\/www.bodegasprotos.com\/es\/wp-json\/wp\/v2\/categories?post=18884"},{"taxonomy":"post_tag","embeddable":true,"href":"https:\/\/www.bodegasprotos.com\/es\/wp-json\/wp\/v2\/tags?post=18884"}],"curies":[{"name":"wp","href":"https:\/\/api.w.org\/{rel}","templated":true}]}}