{"id":18880,"date":"2016-04-01T00:00:00","date_gmt":"2016-03-31T22:00:00","guid":{"rendered":"https:\/\/bodegasprotos.com\/2016\/04\/premio-internacional-para-brindis-solidario-bodegas-protos\/"},"modified":"2020-01-31T11:25:06","modified_gmt":"2020-01-31T10:25:06","slug":"premio-internacional-para-el-brindis-solidario-de-bodegas-protos","status":"publish","type":"post","link":"https:\/\/www.bodegasprotos.com\/es\/notas-de-prensa\/premio-internacional-para-el-brindis-solidario-de-bodegas-protos\/","title":{"rendered":"PREMIO INTERNACIONAL PARA  EL BRINDIS SOLIDARIO DE BODEGAS PROTOS"},"content":{"rendered":"<div class=\"coldcha\"><a class=\"lytebox lytebox01\" href=\"\/galeria\/fotto_not_591_1.jpg\"><img decoding=\"async\" class=\"wp-image_591_1 size-medium\" src=\"\/galeria\/minni_not_591_1.jpg\" alt=\"PREMIO INTERNACIONAL PARA EL BRINDIS SOLIDARIO DE BODEGAS PROTOS\" \/><\/a><\/div>\n<p><strong>Los prestigiosos Wine Marketing Awards reconocen el amplio alcance conseguido por la iniciativa en los medios de comunicaci\u00f3n.<\/strong><\/p>\n<p><strong>La original e innovadora f\u00f3rmula de incentivar la participaci\u00f3n de la opini\u00f3n p\u00fablica en la acci\u00f3n y su manera estimular su grado de compromiso para premiar la labor de otra organizaci\u00f3n, han sido piezas claves para que el jurado fallara a favor de Brindis Solidario.\u00a0<\/strong><\/p>\n<p><!--more--><\/p>\n<p>La acci\u00f3n de RSC <strong>Brindis Solidario<\/strong> de <strong>Bodegas Protos<\/strong> ha conseguido alzarse con el primer puesto el categor\u00eda de <strong>Mejor Campa\u00f1a de Medios Digitales y Sociales <\/strong>del concurso <strong>Wine Marketing Awards 2016<\/strong>. Los premios est\u00e1n organizados por <strong>Drinks International<\/strong>, una de las revistas m\u00e1s respetadas en la industria mundial de bebidas, y reconocen la creaci\u00f3n y mantenimiento de los valores asociados al vino por parte de distintas compa\u00f1\u00edas.<\/p>\n<p>El reconocimiento concedido a <strong>Brindis Solidario<\/strong> distingue la labor por parte de <strong>Protos<\/strong> de implementar con \u00e9xito una campa\u00f1a de relaciones p\u00fablicas, hacerla viral y animar al p\u00fablico a compartirla a trav\u00e9s de sus redes sociales.\u00a0 Adem\u00e1s, cabe a\u00f1adir el hecho de que la bodega haya sido capaz de ligar la campa\u00f1a con una acci\u00f3n solidaria sin contraprestaci\u00f3n para la compa\u00f1\u00eda, ya que el fin de la acci\u00f3n es donar una cantidad econ\u00f3mica a una ONG, elegida de manera popular por los usuarios de redes sociales.<\/p>\n<p><strong>Brindis Solidario de Bodegas Protos<\/strong><\/p>\n<p><strong>Brindis Solidario<\/strong> naci\u00f3 en 2014 con la intenci\u00f3n de apoyar la labor desarrollada por las entidades no lucrativas en nuestro pa\u00eds a trav\u00e9s de una donaci\u00f3n econ\u00f3mica de 10.000\u20ac. Se trata de una iniciativa que invita a las ONGs a presentar sus proyectos solidarios, que ser\u00e1n expuestos posteriormente a los usuarios de Facebook para que con sus votos decidan la candidatura ganadora de la donaci\u00f3n.<\/p>\n<p>La segunda edici\u00f3n de <strong>Brindis Solidario<\/strong>, campa\u00f1a galardonada en los <strong>Wine Marketing Awards 2016, <\/strong>ha triplicado el n\u00famero de proyectos presentados con respecto a la primera candidatura, llegando a los 150, y el n\u00famero de votos ha superado ampliamente las expectativas de la organizaci\u00f3n superando los 135.000 votos.<\/p>\n","protected":false},"excerpt":{"rendered":"<p>Los prestigiosos Wine Marketing Awards reconocen el amplio alcance conseguido por la iniciativa en los medios de comunicaci&oacute;n. La original e innovadora f&oacute;rmula de incentivar la participaci&oacute;n de la opini&oacute;n p&uacute;blica en la acci&oacute;n y su manera estimular su grado de compromiso para premiar la labor de otra organizaci&oacute;n, han sido piezas claves para que el &#8230;<\/p>\n","protected":false},"author":3,"featured_media":0,"comment_status":"closed","ping_status":"closed","sticky":false,"template":"","format":"standard","meta":{"_acf_changed":false,"footnotes":""},"categories":[94],"tags":[140,106],"class_list":["post-18880","post","type-post","status-publish","format-standard","hentry","category-notas-de-prensa","tag-brindis-solidario","tag-notas-de-prensa"],"acf":[],"yoast_head":"<!-- This site is optimized with the Yoast SEO plugin v27.5 - https:\/\/yoast.com\/product\/yoast-seo-wordpress\/ -->\n<title>Bodegas Protos PREMIO INTERNACIONAL PARA EL BRINDIS SOLIDARIO DE BODEGAS PROTOS<\/title>\n<meta name=\"description\" content=\"Los prestigiosos Wine Marketing Awards reconocen el amplio alcance conseguido por la iniciativa en los medios de comunicaci\u00f3n. La original e ...\" \/>\n<meta name=\"robots\" content=\"index, follow, max-snippet:-1, max-image-preview:large, max-video-preview:-1\" \/>\n<link rel=\"canonical\" href=\"https:\/\/www.bodegasprotos.com\/es\/notas-de-prensa\/premio-internacional-para-el-brindis-solidario-de-bodegas-protos\/\" \/>\n<meta property=\"og:locale\" content=\"es_ES\" \/>\n<meta property=\"og:type\" content=\"article\" \/>\n<meta property=\"og:title\" content=\"PREMIO INTERNACIONAL PARA EL BRINDIS SOLIDARIO DE BODEGAS PROTOS\" \/>\n<meta property=\"og:description\" content=\"Los prestigiosos Wine Marketing Awards reconocen el amplio alcance conseguido por la iniciativa en los medios de comunicaci\u00f3n. La original e ...\" \/>\n<meta property=\"og:url\" content=\"https:\/\/www.bodegasprotos.com\/es\/notas-de-prensa\/premio-internacional-para-el-brindis-solidario-de-bodegas-protos\/\" \/>\n<meta property=\"og:site_name\" content=\"Bodegas Protos\" \/>\n<meta property=\"article:publisher\" content=\"https:\/\/www.facebook.com\/BodegasProtos\" \/>\n<meta property=\"article:published_time\" content=\"2016-03-31T22:00:00+00:00\" \/>\n<meta property=\"article:modified_time\" content=\"2020-01-31T10:25:06+00:00\" \/>\n<meta property=\"og:image\" content=\"https:\/\/www.bodegasprotos.com\/galeria\/minni_not_591_1.jpg\" \/>\n<meta name=\"author\" content=\"Bodegas Protos (F)\" \/>\n<meta name=\"twitter:card\" content=\"summary_large_image\" \/>\n<meta name=\"twitter:title\" content=\"PREMIO INTERNACIONAL PARA EL BRINDIS SOLIDARIO DE BODEGAS PROTOS\" \/>\n<meta name=\"twitter:creator\" content=\"@Bodegas_Protos\" \/>\n<meta name=\"twitter:site\" content=\"@Bodegas_Protos\" \/>\n<meta name=\"twitter:label1\" content=\"Escrito por\" \/>\n\t<meta name=\"twitter:data1\" content=\"Bodegas Protos (F)\" \/>\n\t<meta name=\"twitter:label2\" content=\"Tiempo de lectura\" \/>\n\t<meta name=\"twitter:data2\" content=\"2 minutos\" \/>\n<script type=\"application\/ld+json\" class=\"yoast-schema-graph\">{\"@context\":\"https:\\\/\\\/schema.org\",\"@graph\":[{\"@type\":\"Article\",\"@id\":\"https:\\\/\\\/www.bodegasprotos.com\\\/es\\\/notas-de-prensa\\\/premio-internacional-para-el-brindis-solidario-de-bodegas-protos\\\/#article\",\"isPartOf\":{\"@id\":\"https:\\\/\\\/www.bodegasprotos.com\\\/es\\\/notas-de-prensa\\\/premio-internacional-para-el-brindis-solidario-de-bodegas-protos\\\/\"},\"author\":{\"name\":\"Bodegas Protos (F)\",\"@id\":\"https:\\\/\\\/www.bodegasprotos.com\\\/es\\\/#\\\/schema\\\/person\\\/6cb69a08afa14171755cee0df7d20027\"},\"headline\":\"PREMIO INTERNACIONAL PARA EL BRINDIS SOLIDARIO DE BODEGAS PROTOS\",\"datePublished\":\"2016-03-31T22:00:00+00:00\",\"dateModified\":\"2020-01-31T10:25:06+00:00\",\"mainEntityOfPage\":{\"@id\":\"https:\\\/\\\/www.bodegasprotos.com\\\/es\\\/notas-de-prensa\\\/premio-internacional-para-el-brindis-solidario-de-bodegas-protos\\\/\"},\"wordCount\":376,\"publisher\":{\"@id\":\"https:\\\/\\\/www.bodegasprotos.com\\\/es\\\/#organization\"},\"keywords\":[\"Brindis Solidario\",\"Notas de Prensa\"],\"articleSection\":[\"Notas de Prensa\"],\"inLanguage\":\"es\"},{\"@type\":\"WebPage\",\"@id\":\"https:\\\/\\\/www.bodegasprotos.com\\\/es\\\/notas-de-prensa\\\/premio-internacional-para-el-brindis-solidario-de-bodegas-protos\\\/\",\"url\":\"https:\\\/\\\/www.bodegasprotos.com\\\/es\\\/notas-de-prensa\\\/premio-internacional-para-el-brindis-solidario-de-bodegas-protos\\\/\",\"name\":\"Bodegas Protos PREMIO INTERNACIONAL PARA EL BRINDIS SOLIDARIO DE BODEGAS PROTOS\",\"isPartOf\":{\"@id\":\"https:\\\/\\\/www.bodegasprotos.com\\\/es\\\/#website\"},\"datePublished\":\"2016-03-31T22:00:00+00:00\",\"dateModified\":\"2020-01-31T10:25:06+00:00\",\"description\":\"Los prestigiosos Wine Marketing Awards reconocen el amplio alcance conseguido por la iniciativa en los medios de comunicaci\u00f3n. La original e ...\",\"breadcrumb\":{\"@id\":\"https:\\\/\\\/www.bodegasprotos.com\\\/es\\\/notas-de-prensa\\\/premio-internacional-para-el-brindis-solidario-de-bodegas-protos\\\/#breadcrumb\"},\"inLanguage\":\"es\",\"potentialAction\":[{\"@type\":\"ReadAction\",\"target\":[\"https:\\\/\\\/www.bodegasprotos.com\\\/es\\\/notas-de-prensa\\\/premio-internacional-para-el-brindis-solidario-de-bodegas-protos\\\/\"]}]},{\"@type\":\"BreadcrumbList\",\"@id\":\"https:\\\/\\\/www.bodegasprotos.com\\\/es\\\/notas-de-prensa\\\/premio-internacional-para-el-brindis-solidario-de-bodegas-protos\\\/#breadcrumb\",\"itemListElement\":[{\"@type\":\"ListItem\",\"position\":1,\"name\":\"Portada\",\"item\":\"https:\\\/\\\/www.bodegasprotos.com\\\/es\\\/\"},{\"@type\":\"ListItem\",\"position\":2,\"name\":\"PREMIO INTERNACIONAL PARA EL BRINDIS SOLIDARIO DE BODEGAS PROTOS\"}]},{\"@type\":\"WebSite\",\"@id\":\"https:\\\/\\\/www.bodegasprotos.com\\\/es\\\/#website\",\"url\":\"https:\\\/\\\/www.bodegasprotos.com\\\/es\\\/\",\"name\":\"Bodegas Protos\",\"description\":\"Vinos de la Denominaci\u00f3n de Origen Ribera del Duero, Rueda y Cigales\",\"publisher\":{\"@id\":\"https:\\\/\\\/www.bodegasprotos.com\\\/es\\\/#organization\"},\"potentialAction\":[{\"@type\":\"SearchAction\",\"target\":{\"@type\":\"EntryPoint\",\"urlTemplate\":\"https:\\\/\\\/www.bodegasprotos.com\\\/es\\\/?s={search_term_string}\"},\"query-input\":{\"@type\":\"PropertyValueSpecification\",\"valueRequired\":true,\"valueName\":\"search_term_string\"}}],\"inLanguage\":\"es\"},{\"@type\":\"Organization\",\"@id\":\"https:\\\/\\\/www.bodegasprotos.com\\\/es\\\/#organization\",\"name\":\"Bodegas Protos\",\"url\":\"https:\\\/\\\/www.bodegasprotos.com\\\/es\\\/\",\"logo\":{\"@type\":\"ImageObject\",\"inLanguage\":\"es\",\"@id\":\"https:\\\/\\\/www.bodegasprotos.com\\\/es\\\/#\\\/schema\\\/logo\\\/image\\\/\",\"url\":\"https:\\\/\\\/www.bodegasprotos.com\\\/wp-content\\\/uploads\\\/2024\\\/06\\\/PROTOS-LOGOS-VERSIONES-13.png\",\"contentUrl\":\"https:\\\/\\\/www.bodegasprotos.com\\\/wp-content\\\/uploads\\\/2024\\\/06\\\/PROTOS-LOGOS-VERSIONES-13.png\",\"width\":2362,\"height\":2362,\"caption\":\"Bodegas Protos\"},\"image\":{\"@id\":\"https:\\\/\\\/www.bodegasprotos.com\\\/es\\\/#\\\/schema\\\/logo\\\/image\\\/\"},\"sameAs\":[\"https:\\\/\\\/www.facebook.com\\\/BodegasProtos\",\"https:\\\/\\\/x.com\\\/Bodegas_Protos\",\"https:\\\/\\\/www.instagram.com\\\/bodegasprotosoficial\\\/\",\"https:\\\/\\\/www.linkedin.com\\\/company\\\/bodegasprotos\\\/\",\"https:\\\/\\\/pinterest.com\\\/BodegasProtos\\\/\",\"http:\\\/\\\/www.youtube.com\\\/user\\\/BodegasProtos\",\"https:\\\/\\\/es.wikipedia.org\\\/wiki\\\/Bodegas_Protos\"]},{\"@type\":\"Person\",\"@id\":\"https:\\\/\\\/www.bodegasprotos.com\\\/es\\\/#\\\/schema\\\/person\\\/6cb69a08afa14171755cee0df7d20027\",\"name\":\"Bodegas Protos (F)\",\"image\":{\"@type\":\"ImageObject\",\"inLanguage\":\"es\",\"@id\":\"https:\\\/\\\/secure.gravatar.com\\\/avatar\\\/cc613a9fd2ee203f402357c1b4aa2b7c041016cbf1eab1e41bde410b2ebd7f94?s=96&d=mm&r=g\",\"url\":\"https:\\\/\\\/secure.gravatar.com\\\/avatar\\\/cc613a9fd2ee203f402357c1b4aa2b7c041016cbf1eab1e41bde410b2ebd7f94?s=96&d=mm&r=g\",\"contentUrl\":\"https:\\\/\\\/secure.gravatar.com\\\/avatar\\\/cc613a9fd2ee203f402357c1b4aa2b7c041016cbf1eab1e41bde410b2ebd7f94?s=96&d=mm&r=g\",\"caption\":\"Bodegas Protos (F)\"},\"sameAs\":[\"https:\\\/\\\/www.bodegasprotos.com\"]}]}<\/script>\n<!-- \/ Yoast SEO plugin. -->","yoast_head_json":{"title":"Bodegas Protos PREMIO INTERNACIONAL PARA EL BRINDIS SOLIDARIO DE BODEGAS PROTOS","description":"Los prestigiosos Wine Marketing Awards reconocen el amplio alcance conseguido por la iniciativa en los medios de comunicaci\u00f3n. La original e ...","robots":{"index":"index","follow":"follow","max-snippet":"max-snippet:-1","max-image-preview":"max-image-preview:large","max-video-preview":"max-video-preview:-1"},"canonical":"https:\/\/www.bodegasprotos.com\/es\/notas-de-prensa\/premio-internacional-para-el-brindis-solidario-de-bodegas-protos\/","og_locale":"es_ES","og_type":"article","og_title":"PREMIO INTERNACIONAL PARA EL BRINDIS SOLIDARIO DE BODEGAS PROTOS","og_description":"Los prestigiosos Wine Marketing Awards reconocen el amplio alcance conseguido por la iniciativa en los medios de comunicaci\u00f3n. La original e ...","og_url":"https:\/\/www.bodegasprotos.com\/es\/notas-de-prensa\/premio-internacional-para-el-brindis-solidario-de-bodegas-protos\/","og_site_name":"Bodegas Protos","article_publisher":"https:\/\/www.facebook.com\/BodegasProtos","article_published_time":"2016-03-31T22:00:00+00:00","article_modified_time":"2020-01-31T10:25:06+00:00","og_image":[{"url":"https:\/\/www.bodegasprotos.com\/galeria\/minni_not_591_1.jpg","type":"","width":"","height":""}],"author":"Bodegas Protos (F)","twitter_card":"summary_large_image","twitter_title":"PREMIO INTERNACIONAL PARA EL BRINDIS SOLIDARIO DE BODEGAS PROTOS","twitter_creator":"@Bodegas_Protos","twitter_site":"@Bodegas_Protos","twitter_misc":{"Escrito por":"Bodegas Protos (F)","Tiempo de lectura":"2 minutos"},"schema":{"@context":"https:\/\/schema.org","@graph":[{"@type":"Article","@id":"https:\/\/www.bodegasprotos.com\/es\/notas-de-prensa\/premio-internacional-para-el-brindis-solidario-de-bodegas-protos\/#article","isPartOf":{"@id":"https:\/\/www.bodegasprotos.com\/es\/notas-de-prensa\/premio-internacional-para-el-brindis-solidario-de-bodegas-protos\/"},"author":{"name":"Bodegas Protos (F)","@id":"https:\/\/www.bodegasprotos.com\/es\/#\/schema\/person\/6cb69a08afa14171755cee0df7d20027"},"headline":"PREMIO INTERNACIONAL PARA EL BRINDIS SOLIDARIO DE BODEGAS PROTOS","datePublished":"2016-03-31T22:00:00+00:00","dateModified":"2020-01-31T10:25:06+00:00","mainEntityOfPage":{"@id":"https:\/\/www.bodegasprotos.com\/es\/notas-de-prensa\/premio-internacional-para-el-brindis-solidario-de-bodegas-protos\/"},"wordCount":376,"publisher":{"@id":"https:\/\/www.bodegasprotos.com\/es\/#organization"},"keywords":["Brindis Solidario","Notas de Prensa"],"articleSection":["Notas de Prensa"],"inLanguage":"es"},{"@type":"WebPage","@id":"https:\/\/www.bodegasprotos.com\/es\/notas-de-prensa\/premio-internacional-para-el-brindis-solidario-de-bodegas-protos\/","url":"https:\/\/www.bodegasprotos.com\/es\/notas-de-prensa\/premio-internacional-para-el-brindis-solidario-de-bodegas-protos\/","name":"Bodegas Protos PREMIO INTERNACIONAL PARA EL BRINDIS SOLIDARIO DE BODEGAS PROTOS","isPartOf":{"@id":"https:\/\/www.bodegasprotos.com\/es\/#website"},"datePublished":"2016-03-31T22:00:00+00:00","dateModified":"2020-01-31T10:25:06+00:00","description":"Los prestigiosos Wine Marketing Awards reconocen el amplio alcance conseguido por la iniciativa en los medios de comunicaci\u00f3n. La original e ...","breadcrumb":{"@id":"https:\/\/www.bodegasprotos.com\/es\/notas-de-prensa\/premio-internacional-para-el-brindis-solidario-de-bodegas-protos\/#breadcrumb"},"inLanguage":"es","potentialAction":[{"@type":"ReadAction","target":["https:\/\/www.bodegasprotos.com\/es\/notas-de-prensa\/premio-internacional-para-el-brindis-solidario-de-bodegas-protos\/"]}]},{"@type":"BreadcrumbList","@id":"https:\/\/www.bodegasprotos.com\/es\/notas-de-prensa\/premio-internacional-para-el-brindis-solidario-de-bodegas-protos\/#breadcrumb","itemListElement":[{"@type":"ListItem","position":1,"name":"Portada","item":"https:\/\/www.bodegasprotos.com\/es\/"},{"@type":"ListItem","position":2,"name":"PREMIO INTERNACIONAL PARA EL BRINDIS SOLIDARIO DE BODEGAS PROTOS"}]},{"@type":"WebSite","@id":"https:\/\/www.bodegasprotos.com\/es\/#website","url":"https:\/\/www.bodegasprotos.com\/es\/","name":"Bodegas Protos","description":"Vinos de la Denominaci\u00f3n de Origen Ribera del Duero, Rueda y Cigales","publisher":{"@id":"https:\/\/www.bodegasprotos.com\/es\/#organization"},"potentialAction":[{"@type":"SearchAction","target":{"@type":"EntryPoint","urlTemplate":"https:\/\/www.bodegasprotos.com\/es\/?s={search_term_string}"},"query-input":{"@type":"PropertyValueSpecification","valueRequired":true,"valueName":"search_term_string"}}],"inLanguage":"es"},{"@type":"Organization","@id":"https:\/\/www.bodegasprotos.com\/es\/#organization","name":"Bodegas Protos","url":"https:\/\/www.bodegasprotos.com\/es\/","logo":{"@type":"ImageObject","inLanguage":"es","@id":"https:\/\/www.bodegasprotos.com\/es\/#\/schema\/logo\/image\/","url":"https:\/\/www.bodegasprotos.com\/wp-content\/uploads\/2024\/06\/PROTOS-LOGOS-VERSIONES-13.png","contentUrl":"https:\/\/www.bodegasprotos.com\/wp-content\/uploads\/2024\/06\/PROTOS-LOGOS-VERSIONES-13.png","width":2362,"height":2362,"caption":"Bodegas Protos"},"image":{"@id":"https:\/\/www.bodegasprotos.com\/es\/#\/schema\/logo\/image\/"},"sameAs":["https:\/\/www.facebook.com\/BodegasProtos","https:\/\/x.com\/Bodegas_Protos","https:\/\/www.instagram.com\/bodegasprotosoficial\/","https:\/\/www.linkedin.com\/company\/bodegasprotos\/","https:\/\/pinterest.com\/BodegasProtos\/","http:\/\/www.youtube.com\/user\/BodegasProtos","https:\/\/es.wikipedia.org\/wiki\/Bodegas_Protos"]},{"@type":"Person","@id":"https:\/\/www.bodegasprotos.com\/es\/#\/schema\/person\/6cb69a08afa14171755cee0df7d20027","name":"Bodegas Protos (F)","image":{"@type":"ImageObject","inLanguage":"es","@id":"https:\/\/secure.gravatar.com\/avatar\/cc613a9fd2ee203f402357c1b4aa2b7c041016cbf1eab1e41bde410b2ebd7f94?s=96&d=mm&r=g","url":"https:\/\/secure.gravatar.com\/avatar\/cc613a9fd2ee203f402357c1b4aa2b7c041016cbf1eab1e41bde410b2ebd7f94?s=96&d=mm&r=g","contentUrl":"https:\/\/secure.gravatar.com\/avatar\/cc613a9fd2ee203f402357c1b4aa2b7c041016cbf1eab1e41bde410b2ebd7f94?s=96&d=mm&r=g","caption":"Bodegas Protos (F)"},"sameAs":["https:\/\/www.bodegasprotos.com"]}]}},"_links":{"self":[{"href":"https:\/\/www.bodegasprotos.com\/es\/wp-json\/wp\/v2\/posts\/18880","targetHints":{"allow":["GET"]}}],"collection":[{"href":"https:\/\/www.bodegasprotos.com\/es\/wp-json\/wp\/v2\/posts"}],"about":[{"href":"https:\/\/www.bodegasprotos.com\/es\/wp-json\/wp\/v2\/types\/post"}],"author":[{"embeddable":true,"href":"https:\/\/www.bodegasprotos.com\/es\/wp-json\/wp\/v2\/users\/3"}],"replies":[{"embeddable":true,"href":"https:\/\/www.bodegasprotos.com\/es\/wp-json\/wp\/v2\/comments?post=18880"}],"version-history":[{"count":0,"href":"https:\/\/www.bodegasprotos.com\/es\/wp-json\/wp\/v2\/posts\/18880\/revisions"}],"wp:attachment":[{"href":"https:\/\/www.bodegasprotos.com\/es\/wp-json\/wp\/v2\/media?parent=18880"}],"wp:term":[{"taxonomy":"category","embeddable":true,"href":"https:\/\/www.bodegasprotos.com\/es\/wp-json\/wp\/v2\/categories?post=18880"},{"taxonomy":"post_tag","embeddable":true,"href":"https:\/\/www.bodegasprotos.com\/es\/wp-json\/wp\/v2\/tags?post=18880"}],"curies":[{"name":"wp","href":"https:\/\/api.w.org\/{rel}","templated":true}]}}