{"id":18876,"date":"2016-03-03T00:00:00","date_gmt":"2016-03-02T23:00:00","guid":{"rendered":"https:\/\/bodegasprotos.com\/2016\/03\/distinguido-medalla-oro-mundus-vini-94-puntos-guia-gourmets-llega-mercado-protos-crianza-2012\/"},"modified":"2020-01-28T10:29:28","modified_gmt":"2020-01-28T09:29:28","slug":"distinguido-con-la-medalla-de-oro-en-mundus-vini-y-con-94-puntos-en-la-guia-gourmets-llega-al-mercado-protos-crianza-2012","status":"publish","type":"post","link":"https:\/\/www.bodegasprotos.com\/es\/notas-de-prensa\/distinguido-con-la-medalla-de-oro-en-mundus-vini-y-con-94-puntos-en-la-guia-gourmets-llega-al-mercado-protos-crianza-2012\/","title":{"rendered":"DISTINGUIDO CON LA MEDALLA DE ORO EN MUNDUS VINI Y CON 94 PUNTOS EN LA GU\u00cdA GOURMETS, LLEGA AL MERCADO PROTOS CRIANZA 2012"},"content":{"rendered":"<div class=\"coldcha\"><a class=\"lytebox lytebox01\" href=\"\/galeria\/fotto_not_587_1.jpg\"><img decoding=\"async\" class=\"wp-image_587_1 size-medium\" src=\"\/galeria\/minni_not_587_1.jpg\" alt=\"DISTINGUIDO CON LA MEDALLA DE ORO EN MUNDUS VINI Y CON 94 PUNTOS EN LA GU\u00cdA GOURMETS, LLEGA AL MERCADO PROTOS CRIANZA 2012\" \/><\/a><\/div>\n<p><strong>La esperada a\u00f1ada ya est\u00e1 disponible en los puntos de venta habituales con nueva imagen y etiqueta<\/strong><br \/>\n<!--more--><\/p>\n<p><strong>Bodegas Protos<\/strong> comienza el a\u00f1o con paso firme lanzando al mercado la nueva a\u00f1ada del que puede considerarse su vino m\u00e1s emblem\u00e1tico y representativo, <strong>Protos Crianza 2012<\/strong>.\u00a0 Una apuesta segura para la bodega ribere\u00f1a al mantener los est\u00e1ndares de calidad en su producci\u00f3n y crianza que tantos \u00e9xitos ha hecho ganar a sus a\u00f1adas predecesoras. As\u00ed lo corroboran los dos reconocimientos logrados hasta el momento, medalla de oro en el certamen internacional Mundus Vini y 94 puntos en la prestigiosa Gu\u00eda Gourmet.<\/p>\n<p>Adem\u00e1s, la imagen de <strong>Protos Crianza 2012 <\/strong>ha evolucionado para adaptarse a las exigencias est\u00e9ticas del consumidor actual. Una etiqueta m\u00e1s limpia y elegante que conecta mejor con las tendencias del sector, pero que mantiene intactos elementos representativos de la legendaria bodega como son sus inconfundibles arcos abovedados.<\/p>\n<p><strong>Elaboraci\u00f3n y crianza<\/strong><\/p>\n<p>Elaborado exclusivamente con uva 100% tinta del pa\u00eds procedente de vi\u00f1edos de m\u00e1s de 25 a\u00f1os.<\/p>\n<p>Fermentaci\u00f3n alcoh\u00f3lica y maceraci\u00f3n en dep\u00f3sitos de acero inoxidable con control de temperatura entre 26\u00ba C y 28\u00ba C.<\/p>\n<p>Crianza de 14 meses en barrica \u00a0de roble americano y franc\u00e9s, y otros 12 en su propia botella.<\/p>\n<p><strong>Caracter\u00edsticas<\/strong><br \/>\nSu intenso color rojo picota con ribetes granates y destellos morados son caracter\u00edsticos del nuevo <strong>Protos Crianza 2012<\/strong>, propiedades de indican juventud.\u00a0 Nos encontramos ante un vino limpio y brillante. \u00a0En nariz es intenso y complejo, desprende aromas de frutos maduros, especias dulces, regaliz y agradables tostados. En boca resulta \u00a0amplio, estructurado y de gran carga frutal. Se reproducen las gratas sensaciones frutales citadas en nariz, acompa\u00f1adas por recuerdos de sus nobles maderas, muy bien integradas. Su final es persistente y muy arom\u00e1tico.<\/p>\n<p><strong>Maridaje<\/strong><\/p>\n<p>Id\u00f3neo para maridar con carnes rojas, carnes al horno, caza, embutidos, pescados, verduras, hortalizas \u00a0o quesos curados entre otros.\u00a0 Temperatura de servicio: 15 &#8211; 18 \u00ba C<\/p>\n","protected":false},"excerpt":{"rendered":"<p>La esperada a&ntilde;ada ya est&aacute; disponible en los puntos de venta habituales con nueva imagen y etiqueta &nbsp;<\/p>\n","protected":false},"author":3,"featured_media":0,"comment_status":"closed","ping_status":"closed","sticky":false,"template":"","format":"standard","meta":{"_acf_changed":false,"footnotes":""},"categories":[94],"tags":[106],"class_list":["post-18876","post","type-post","status-publish","format-standard","hentry","category-notas-de-prensa","tag-notas-de-prensa"],"acf":[],"yoast_head":"<!-- This site is optimized with the Yoast SEO plugin v27.5 - https:\/\/yoast.com\/product\/yoast-seo-wordpress\/ -->\n<title>Bodegas Protos DISTINGUIDO CON LA MEDALLA DE ORO EN MUNDUS VINI Y CON 94 PUNTOS EN LA GU\u00cdA GOURMETS, LLEGA AL MERCADO PROTOS CRIANZA 2012<\/title>\n<meta name=\"description\" content=\"La esperada a\u00f1ada ya est\u00e1 disponible en los puntos de venta habituales con nueva imagen y etiqueta \u00a0\" \/>\n<meta name=\"robots\" content=\"index, follow, max-snippet:-1, max-image-preview:large, max-video-preview:-1\" \/>\n<link rel=\"canonical\" href=\"https:\/\/www.bodegasprotos.com\/es\/notas-de-prensa\/distinguido-con-la-medalla-de-oro-en-mundus-vini-y-con-94-puntos-en-la-guia-gourmets-llega-al-mercado-protos-crianza-2012\/\" \/>\n<meta property=\"og:locale\" content=\"es_ES\" \/>\n<meta property=\"og:type\" content=\"article\" \/>\n<meta property=\"og:title\" content=\"DISTINGUIDO CON LA MEDALLA DE ORO EN MUNDUS VINI Y CON 94 PUNTOS EN LA GU\u00cdA GOURMETS, LLEGA AL MERCADO PROTOS CRIANZA 2012\" \/>\n<meta property=\"og:description\" content=\"La esperada a\u00f1ada ya est\u00e1 disponible en los puntos de venta habituales con nueva imagen y etiqueta \u00a0\" \/>\n<meta property=\"og:url\" content=\"https:\/\/www.bodegasprotos.com\/es\/notas-de-prensa\/distinguido-con-la-medalla-de-oro-en-mundus-vini-y-con-94-puntos-en-la-guia-gourmets-llega-al-mercado-protos-crianza-2012\/\" \/>\n<meta property=\"og:site_name\" content=\"Bodegas Protos\" \/>\n<meta property=\"article:publisher\" content=\"https:\/\/www.facebook.com\/BodegasProtos\" \/>\n<meta property=\"article:published_time\" content=\"2016-03-02T23:00:00+00:00\" \/>\n<meta property=\"article:modified_time\" content=\"2020-01-28T09:29:28+00:00\" \/>\n<meta property=\"og:image\" content=\"https:\/\/www.bodegasprotos.com\/galeria\/minni_not_587_1.jpg\" \/>\n<meta name=\"author\" content=\"Bodegas Protos (F)\" \/>\n<meta name=\"twitter:card\" content=\"summary_large_image\" \/>\n<meta name=\"twitter:title\" content=\"DISTINGUIDO CON LA MEDALLA DE ORO EN MUNDUS VINI Y CON 94 PUNTOS EN LA GU\u00cdA GOURMETS, LLEGA AL MERCADO PROTOS CRIANZA 2012\" \/>\n<meta name=\"twitter:creator\" content=\"@Bodegas_Protos\" \/>\n<meta name=\"twitter:site\" content=\"@Bodegas_Protos\" \/>\n<meta name=\"twitter:label1\" content=\"Escrito por\" \/>\n\t<meta name=\"twitter:data1\" content=\"Bodegas Protos (F)\" \/>\n\t<meta name=\"twitter:label2\" content=\"Tiempo de lectura\" \/>\n\t<meta name=\"twitter:data2\" content=\"2 minutos\" \/>\n<script type=\"application\/ld+json\" class=\"yoast-schema-graph\">{\"@context\":\"https:\\\/\\\/schema.org\",\"@graph\":[{\"@type\":\"Article\",\"@id\":\"https:\\\/\\\/www.bodegasprotos.com\\\/es\\\/notas-de-prensa\\\/distinguido-con-la-medalla-de-oro-en-mundus-vini-y-con-94-puntos-en-la-guia-gourmets-llega-al-mercado-protos-crianza-2012\\\/#article\",\"isPartOf\":{\"@id\":\"https:\\\/\\\/www.bodegasprotos.com\\\/es\\\/notas-de-prensa\\\/distinguido-con-la-medalla-de-oro-en-mundus-vini-y-con-94-puntos-en-la-guia-gourmets-llega-al-mercado-protos-crianza-2012\\\/\"},\"author\":{\"name\":\"Bodegas Protos (F)\",\"@id\":\"https:\\\/\\\/www.bodegasprotos.com\\\/es\\\/#\\\/schema\\\/person\\\/6cb69a08afa14171755cee0df7d20027\"},\"headline\":\"DISTINGUIDO CON LA MEDALLA DE ORO EN MUNDUS VINI Y CON 94 PUNTOS EN LA GU\u00cdA GOURMETS, LLEGA AL MERCADO PROTOS CRIANZA 2012\",\"datePublished\":\"2016-03-02T23:00:00+00:00\",\"dateModified\":\"2020-01-28T09:29:28+00:00\",\"mainEntityOfPage\":{\"@id\":\"https:\\\/\\\/www.bodegasprotos.com\\\/es\\\/notas-de-prensa\\\/distinguido-con-la-medalla-de-oro-en-mundus-vini-y-con-94-puntos-en-la-guia-gourmets-llega-al-mercado-protos-crianza-2012\\\/\"},\"wordCount\":352,\"publisher\":{\"@id\":\"https:\\\/\\\/www.bodegasprotos.com\\\/es\\\/#organization\"},\"keywords\":[\"Notas de Prensa\"],\"articleSection\":[\"Notas de Prensa\"],\"inLanguage\":\"es\"},{\"@type\":\"WebPage\",\"@id\":\"https:\\\/\\\/www.bodegasprotos.com\\\/es\\\/notas-de-prensa\\\/distinguido-con-la-medalla-de-oro-en-mundus-vini-y-con-94-puntos-en-la-guia-gourmets-llega-al-mercado-protos-crianza-2012\\\/\",\"url\":\"https:\\\/\\\/www.bodegasprotos.com\\\/es\\\/notas-de-prensa\\\/distinguido-con-la-medalla-de-oro-en-mundus-vini-y-con-94-puntos-en-la-guia-gourmets-llega-al-mercado-protos-crianza-2012\\\/\",\"name\":\"Bodegas Protos DISTINGUIDO CON LA MEDALLA DE ORO EN MUNDUS VINI Y CON 94 PUNTOS EN LA GU\u00cdA GOURMETS, LLEGA AL MERCADO PROTOS CRIANZA 2012\",\"isPartOf\":{\"@id\":\"https:\\\/\\\/www.bodegasprotos.com\\\/es\\\/#website\"},\"datePublished\":\"2016-03-02T23:00:00+00:00\",\"dateModified\":\"2020-01-28T09:29:28+00:00\",\"description\":\"La esperada a\u00f1ada ya est\u00e1 disponible en los puntos de venta habituales con nueva imagen y etiqueta \u00a0\",\"breadcrumb\":{\"@id\":\"https:\\\/\\\/www.bodegasprotos.com\\\/es\\\/notas-de-prensa\\\/distinguido-con-la-medalla-de-oro-en-mundus-vini-y-con-94-puntos-en-la-guia-gourmets-llega-al-mercado-protos-crianza-2012\\\/#breadcrumb\"},\"inLanguage\":\"es\",\"potentialAction\":[{\"@type\":\"ReadAction\",\"target\":[\"https:\\\/\\\/www.bodegasprotos.com\\\/es\\\/notas-de-prensa\\\/distinguido-con-la-medalla-de-oro-en-mundus-vini-y-con-94-puntos-en-la-guia-gourmets-llega-al-mercado-protos-crianza-2012\\\/\"]}]},{\"@type\":\"BreadcrumbList\",\"@id\":\"https:\\\/\\\/www.bodegasprotos.com\\\/es\\\/notas-de-prensa\\\/distinguido-con-la-medalla-de-oro-en-mundus-vini-y-con-94-puntos-en-la-guia-gourmets-llega-al-mercado-protos-crianza-2012\\\/#breadcrumb\",\"itemListElement\":[{\"@type\":\"ListItem\",\"position\":1,\"name\":\"Portada\",\"item\":\"https:\\\/\\\/www.bodegasprotos.com\\\/es\\\/\"},{\"@type\":\"ListItem\",\"position\":2,\"name\":\"DISTINGUIDO CON LA MEDALLA DE ORO EN MUNDUS VINI Y CON 94 PUNTOS EN LA GU\u00cdA GOURMETS, LLEGA AL MERCADO PROTOS CRIANZA 2012\"}]},{\"@type\":\"WebSite\",\"@id\":\"https:\\\/\\\/www.bodegasprotos.com\\\/es\\\/#website\",\"url\":\"https:\\\/\\\/www.bodegasprotos.com\\\/es\\\/\",\"name\":\"Bodegas Protos\",\"description\":\"Vinos de la Denominaci\u00f3n de Origen Ribera del Duero, Rueda y Cigales\",\"publisher\":{\"@id\":\"https:\\\/\\\/www.bodegasprotos.com\\\/es\\\/#organization\"},\"potentialAction\":[{\"@type\":\"SearchAction\",\"target\":{\"@type\":\"EntryPoint\",\"urlTemplate\":\"https:\\\/\\\/www.bodegasprotos.com\\\/es\\\/?s={search_term_string}\"},\"query-input\":{\"@type\":\"PropertyValueSpecification\",\"valueRequired\":true,\"valueName\":\"search_term_string\"}}],\"inLanguage\":\"es\"},{\"@type\":\"Organization\",\"@id\":\"https:\\\/\\\/www.bodegasprotos.com\\\/es\\\/#organization\",\"name\":\"Bodegas Protos\",\"url\":\"https:\\\/\\\/www.bodegasprotos.com\\\/es\\\/\",\"logo\":{\"@type\":\"ImageObject\",\"inLanguage\":\"es\",\"@id\":\"https:\\\/\\\/www.bodegasprotos.com\\\/es\\\/#\\\/schema\\\/logo\\\/image\\\/\",\"url\":\"https:\\\/\\\/www.bodegasprotos.com\\\/wp-content\\\/uploads\\\/2024\\\/06\\\/PROTOS-LOGOS-VERSIONES-13.png\",\"contentUrl\":\"https:\\\/\\\/www.bodegasprotos.com\\\/wp-content\\\/uploads\\\/2024\\\/06\\\/PROTOS-LOGOS-VERSIONES-13.png\",\"width\":2362,\"height\":2362,\"caption\":\"Bodegas Protos\"},\"image\":{\"@id\":\"https:\\\/\\\/www.bodegasprotos.com\\\/es\\\/#\\\/schema\\\/logo\\\/image\\\/\"},\"sameAs\":[\"https:\\\/\\\/www.facebook.com\\\/BodegasProtos\",\"https:\\\/\\\/x.com\\\/Bodegas_Protos\",\"https:\\\/\\\/www.instagram.com\\\/bodegasprotosoficial\\\/\",\"https:\\\/\\\/www.linkedin.com\\\/company\\\/bodegasprotos\\\/\",\"https:\\\/\\\/pinterest.com\\\/BodegasProtos\\\/\",\"http:\\\/\\\/www.youtube.com\\\/user\\\/BodegasProtos\",\"https:\\\/\\\/es.wikipedia.org\\\/wiki\\\/Bodegas_Protos\"]},{\"@type\":\"Person\",\"@id\":\"https:\\\/\\\/www.bodegasprotos.com\\\/es\\\/#\\\/schema\\\/person\\\/6cb69a08afa14171755cee0df7d20027\",\"name\":\"Bodegas Protos (F)\",\"image\":{\"@type\":\"ImageObject\",\"inLanguage\":\"es\",\"@id\":\"https:\\\/\\\/secure.gravatar.com\\\/avatar\\\/cc613a9fd2ee203f402357c1b4aa2b7c041016cbf1eab1e41bde410b2ebd7f94?s=96&d=mm&r=g\",\"url\":\"https:\\\/\\\/secure.gravatar.com\\\/avatar\\\/cc613a9fd2ee203f402357c1b4aa2b7c041016cbf1eab1e41bde410b2ebd7f94?s=96&d=mm&r=g\",\"contentUrl\":\"https:\\\/\\\/secure.gravatar.com\\\/avatar\\\/cc613a9fd2ee203f402357c1b4aa2b7c041016cbf1eab1e41bde410b2ebd7f94?s=96&d=mm&r=g\",\"caption\":\"Bodegas Protos (F)\"},\"sameAs\":[\"https:\\\/\\\/www.bodegasprotos.com\"]}]}<\/script>\n<!-- \/ Yoast SEO plugin. -->","yoast_head_json":{"title":"Bodegas Protos DISTINGUIDO CON LA MEDALLA DE ORO EN MUNDUS VINI Y CON 94 PUNTOS EN LA GU\u00cdA GOURMETS, LLEGA AL MERCADO PROTOS CRIANZA 2012","description":"La esperada a\u00f1ada ya est\u00e1 disponible en los puntos de venta habituales con nueva imagen y etiqueta \u00a0","robots":{"index":"index","follow":"follow","max-snippet":"max-snippet:-1","max-image-preview":"max-image-preview:large","max-video-preview":"max-video-preview:-1"},"canonical":"https:\/\/www.bodegasprotos.com\/es\/notas-de-prensa\/distinguido-con-la-medalla-de-oro-en-mundus-vini-y-con-94-puntos-en-la-guia-gourmets-llega-al-mercado-protos-crianza-2012\/","og_locale":"es_ES","og_type":"article","og_title":"DISTINGUIDO CON LA MEDALLA DE ORO EN MUNDUS VINI Y CON 94 PUNTOS EN LA GU\u00cdA GOURMETS, LLEGA AL MERCADO PROTOS CRIANZA 2012","og_description":"La esperada a\u00f1ada ya est\u00e1 disponible en los puntos de venta habituales con nueva imagen y etiqueta \u00a0","og_url":"https:\/\/www.bodegasprotos.com\/es\/notas-de-prensa\/distinguido-con-la-medalla-de-oro-en-mundus-vini-y-con-94-puntos-en-la-guia-gourmets-llega-al-mercado-protos-crianza-2012\/","og_site_name":"Bodegas Protos","article_publisher":"https:\/\/www.facebook.com\/BodegasProtos","article_published_time":"2016-03-02T23:00:00+00:00","article_modified_time":"2020-01-28T09:29:28+00:00","og_image":[{"url":"https:\/\/www.bodegasprotos.com\/galeria\/minni_not_587_1.jpg","type":"","width":"","height":""}],"author":"Bodegas Protos (F)","twitter_card":"summary_large_image","twitter_title":"DISTINGUIDO CON LA MEDALLA DE ORO EN MUNDUS VINI Y CON 94 PUNTOS EN LA GU\u00cdA GOURMETS, LLEGA AL MERCADO PROTOS CRIANZA 2012","twitter_creator":"@Bodegas_Protos","twitter_site":"@Bodegas_Protos","twitter_misc":{"Escrito por":"Bodegas Protos (F)","Tiempo de lectura":"2 minutos"},"schema":{"@context":"https:\/\/schema.org","@graph":[{"@type":"Article","@id":"https:\/\/www.bodegasprotos.com\/es\/notas-de-prensa\/distinguido-con-la-medalla-de-oro-en-mundus-vini-y-con-94-puntos-en-la-guia-gourmets-llega-al-mercado-protos-crianza-2012\/#article","isPartOf":{"@id":"https:\/\/www.bodegasprotos.com\/es\/notas-de-prensa\/distinguido-con-la-medalla-de-oro-en-mundus-vini-y-con-94-puntos-en-la-guia-gourmets-llega-al-mercado-protos-crianza-2012\/"},"author":{"name":"Bodegas Protos (F)","@id":"https:\/\/www.bodegasprotos.com\/es\/#\/schema\/person\/6cb69a08afa14171755cee0df7d20027"},"headline":"DISTINGUIDO CON LA MEDALLA DE ORO EN MUNDUS VINI Y CON 94 PUNTOS EN LA GU\u00cdA GOURMETS, LLEGA AL MERCADO PROTOS CRIANZA 2012","datePublished":"2016-03-02T23:00:00+00:00","dateModified":"2020-01-28T09:29:28+00:00","mainEntityOfPage":{"@id":"https:\/\/www.bodegasprotos.com\/es\/notas-de-prensa\/distinguido-con-la-medalla-de-oro-en-mundus-vini-y-con-94-puntos-en-la-guia-gourmets-llega-al-mercado-protos-crianza-2012\/"},"wordCount":352,"publisher":{"@id":"https:\/\/www.bodegasprotos.com\/es\/#organization"},"keywords":["Notas de Prensa"],"articleSection":["Notas de Prensa"],"inLanguage":"es"},{"@type":"WebPage","@id":"https:\/\/www.bodegasprotos.com\/es\/notas-de-prensa\/distinguido-con-la-medalla-de-oro-en-mundus-vini-y-con-94-puntos-en-la-guia-gourmets-llega-al-mercado-protos-crianza-2012\/","url":"https:\/\/www.bodegasprotos.com\/es\/notas-de-prensa\/distinguido-con-la-medalla-de-oro-en-mundus-vini-y-con-94-puntos-en-la-guia-gourmets-llega-al-mercado-protos-crianza-2012\/","name":"Bodegas Protos DISTINGUIDO CON LA MEDALLA DE ORO EN MUNDUS VINI Y CON 94 PUNTOS EN LA GU\u00cdA GOURMETS, LLEGA AL MERCADO PROTOS CRIANZA 2012","isPartOf":{"@id":"https:\/\/www.bodegasprotos.com\/es\/#website"},"datePublished":"2016-03-02T23:00:00+00:00","dateModified":"2020-01-28T09:29:28+00:00","description":"La esperada a\u00f1ada ya est\u00e1 disponible en los puntos de venta habituales con nueva imagen y etiqueta \u00a0","breadcrumb":{"@id":"https:\/\/www.bodegasprotos.com\/es\/notas-de-prensa\/distinguido-con-la-medalla-de-oro-en-mundus-vini-y-con-94-puntos-en-la-guia-gourmets-llega-al-mercado-protos-crianza-2012\/#breadcrumb"},"inLanguage":"es","potentialAction":[{"@type":"ReadAction","target":["https:\/\/www.bodegasprotos.com\/es\/notas-de-prensa\/distinguido-con-la-medalla-de-oro-en-mundus-vini-y-con-94-puntos-en-la-guia-gourmets-llega-al-mercado-protos-crianza-2012\/"]}]},{"@type":"BreadcrumbList","@id":"https:\/\/www.bodegasprotos.com\/es\/notas-de-prensa\/distinguido-con-la-medalla-de-oro-en-mundus-vini-y-con-94-puntos-en-la-guia-gourmets-llega-al-mercado-protos-crianza-2012\/#breadcrumb","itemListElement":[{"@type":"ListItem","position":1,"name":"Portada","item":"https:\/\/www.bodegasprotos.com\/es\/"},{"@type":"ListItem","position":2,"name":"DISTINGUIDO CON LA MEDALLA DE ORO EN MUNDUS VINI Y CON 94 PUNTOS EN LA GU\u00cdA GOURMETS, LLEGA AL MERCADO PROTOS CRIANZA 2012"}]},{"@type":"WebSite","@id":"https:\/\/www.bodegasprotos.com\/es\/#website","url":"https:\/\/www.bodegasprotos.com\/es\/","name":"Bodegas Protos","description":"Vinos de la Denominaci\u00f3n de Origen Ribera del Duero, Rueda y Cigales","publisher":{"@id":"https:\/\/www.bodegasprotos.com\/es\/#organization"},"potentialAction":[{"@type":"SearchAction","target":{"@type":"EntryPoint","urlTemplate":"https:\/\/www.bodegasprotos.com\/es\/?s={search_term_string}"},"query-input":{"@type":"PropertyValueSpecification","valueRequired":true,"valueName":"search_term_string"}}],"inLanguage":"es"},{"@type":"Organization","@id":"https:\/\/www.bodegasprotos.com\/es\/#organization","name":"Bodegas Protos","url":"https:\/\/www.bodegasprotos.com\/es\/","logo":{"@type":"ImageObject","inLanguage":"es","@id":"https:\/\/www.bodegasprotos.com\/es\/#\/schema\/logo\/image\/","url":"https:\/\/www.bodegasprotos.com\/wp-content\/uploads\/2024\/06\/PROTOS-LOGOS-VERSIONES-13.png","contentUrl":"https:\/\/www.bodegasprotos.com\/wp-content\/uploads\/2024\/06\/PROTOS-LOGOS-VERSIONES-13.png","width":2362,"height":2362,"caption":"Bodegas Protos"},"image":{"@id":"https:\/\/www.bodegasprotos.com\/es\/#\/schema\/logo\/image\/"},"sameAs":["https:\/\/www.facebook.com\/BodegasProtos","https:\/\/x.com\/Bodegas_Protos","https:\/\/www.instagram.com\/bodegasprotosoficial\/","https:\/\/www.linkedin.com\/company\/bodegasprotos\/","https:\/\/pinterest.com\/BodegasProtos\/","http:\/\/www.youtube.com\/user\/BodegasProtos","https:\/\/es.wikipedia.org\/wiki\/Bodegas_Protos"]},{"@type":"Person","@id":"https:\/\/www.bodegasprotos.com\/es\/#\/schema\/person\/6cb69a08afa14171755cee0df7d20027","name":"Bodegas Protos (F)","image":{"@type":"ImageObject","inLanguage":"es","@id":"https:\/\/secure.gravatar.com\/avatar\/cc613a9fd2ee203f402357c1b4aa2b7c041016cbf1eab1e41bde410b2ebd7f94?s=96&d=mm&r=g","url":"https:\/\/secure.gravatar.com\/avatar\/cc613a9fd2ee203f402357c1b4aa2b7c041016cbf1eab1e41bde410b2ebd7f94?s=96&d=mm&r=g","contentUrl":"https:\/\/secure.gravatar.com\/avatar\/cc613a9fd2ee203f402357c1b4aa2b7c041016cbf1eab1e41bde410b2ebd7f94?s=96&d=mm&r=g","caption":"Bodegas Protos (F)"},"sameAs":["https:\/\/www.bodegasprotos.com"]}]}},"_links":{"self":[{"href":"https:\/\/www.bodegasprotos.com\/es\/wp-json\/wp\/v2\/posts\/18876","targetHints":{"allow":["GET"]}}],"collection":[{"href":"https:\/\/www.bodegasprotos.com\/es\/wp-json\/wp\/v2\/posts"}],"about":[{"href":"https:\/\/www.bodegasprotos.com\/es\/wp-json\/wp\/v2\/types\/post"}],"author":[{"embeddable":true,"href":"https:\/\/www.bodegasprotos.com\/es\/wp-json\/wp\/v2\/users\/3"}],"replies":[{"embeddable":true,"href":"https:\/\/www.bodegasprotos.com\/es\/wp-json\/wp\/v2\/comments?post=18876"}],"version-history":[{"count":0,"href":"https:\/\/www.bodegasprotos.com\/es\/wp-json\/wp\/v2\/posts\/18876\/revisions"}],"wp:attachment":[{"href":"https:\/\/www.bodegasprotos.com\/es\/wp-json\/wp\/v2\/media?parent=18876"}],"wp:term":[{"taxonomy":"category","embeddable":true,"href":"https:\/\/www.bodegasprotos.com\/es\/wp-json\/wp\/v2\/categories?post=18876"},{"taxonomy":"post_tag","embeddable":true,"href":"https:\/\/www.bodegasprotos.com\/es\/wp-json\/wp\/v2\/tags?post=18876"}],"curies":[{"name":"wp","href":"https:\/\/api.w.org\/{rel}","templated":true}]}}