{"id":18864,"date":"2015-11-18T00:00:00","date_gmt":"2015-11-17T23:00:00","guid":{"rendered":"https:\/\/bodegasprotos.com\/2015\/11\/almadeprotos-seduce-madrid-barcelona-evento-donde-armonizo-vino-gastronomia-musica-autor\/"},"modified":"2020-01-23T11:46:00","modified_gmt":"2020-01-23T10:46:00","slug":"almadeprotos-seduce-en-madrid-y-barcelona-con-un-evento-donde-se-armonizo-vino-gastronomia-y-musica-de-autor","status":"publish","type":"post","link":"https:\/\/www.bodegasprotos.com\/es\/notas-de-prensa\/almadeprotos-seduce-en-madrid-y-barcelona-con-un-evento-donde-se-armonizo-vino-gastronomia-y-musica-de-autor\/","title":{"rendered":"#AlmadeProtos seduce en Madrid y Barcelona con un evento donde se armoniz\u00f3 vino, gastronom\u00eda y m\u00fasica de autor"},"content":{"rendered":"<div class=\"coldcha\"><a class=\"lytebox lytebox01\" href=\"\/galeria\/fotto_not_575_1.jpg\"><img decoding=\"async\" class=\"wp-image_575_1 size-medium\" src=\"\/galeria\/minni_not_575_1.jpg\" alt=\"#AlmadeProtos seduce en Madrid y Barcelona con un evento donde se armoniz\u00f3 vino, gastronom\u00eda y m\u00fasica de autor\" \/><\/a><\/div>\n<p>El\u00a0mi\u00e9rcoles 18 de Noviembre, <strong>Bodegas Protos<\/strong> celebr\u00f3\u00a0en Madrid su tercera cita de la experiencia <strong>#AlmadeProtos<\/strong>, donde la bodega est\u00e1 mostrando de una forma especial a los mejores bloggers de vino y gastronom\u00eda todo aquello que la hace \u00fanica y que ha convertido a esta bodega icono de los vinos de Ribera del Duero en <strong>referente nacional<\/strong> e internacional del vino espa\u00f1ol.<\/p>\n<p>En esta ocasi\u00f3n, <strong>#AlmadeProtos<\/strong> consisti\u00f3\u00a0en un viaje por los sentidos, donde se cataron entre otros los vinos m\u00e1s emblem\u00e1ticos de la bodega, como el <strong>Protos Selecci\u00f3n 2001, Protos Gran Reserva 2006, Protos Reserva 2011 y Grajo Viejo 2012<\/strong>; y se armonizaron\u00a0con las canciones del cantautor <strong>Miguel Dantart<\/strong> (<a href=\"http:\/\/www.migueldantart.es\/\">www.migueldantart.es<\/a>), que acaba de presentar su quinto trabajo de estudio \u201cAtl\u00e1ntida\u201d. Los vinos m\u00e1s j\u00f3venes y frescos de <strong>Protos<\/strong> se enlazaron con los temas m\u00e1s alegres del cantautor de ascendencia pe\u00f1afielense, muy ligado al sector del vino y a<strong> Bodegas Protos<\/strong>, para pasar a armonizar con sus temas m\u00e1s reflexivos los vinos m\u00e1s sofisticados e intensos de la bodega. Un momento de reflexi\u00f3n donde estuvo muy presente el <strong>#AlmadeProtos<\/strong>.<\/p>\n<p>Posteriormente, Matias Smith, el propietario y chef del <strong>Restaurante Metro Bistro<\/strong> donde se celebr\u00f3\u00a0esta experiencia, puso\u00a0el broche de oro con su propuesta gastron\u00f3mica de varios platos que armonizaron con los vinos de la bodega. Texturas y aromas dise\u00f1ados a medida para esta experiencia marcaron el final del evento.<\/p>\n<p>Vino, gastronom\u00eda y m\u00fasica de autor se entrelazaron\u00a0de esta manera de forma brillante para transmitir el #AlmadeProtos a los mejores bloggers del sector.<\/p>\n","protected":false},"excerpt":{"rendered":"<p>El&nbsp;mi&eacute;rcoles 18 de Noviembre, Bodegas Protos celebr&oacute;&nbsp;en Madrid su tercera cita de la experiencia #AlmadeProtos, donde la bodega est&aacute; mostrando de una forma especial a los mejores bloggers de vino y gastronom&iacute;a todo aquello que la hace &uacute;nica y que ha convertido a esta bodega icono de los vinos de Ribera del Duero en referente nacional e internacional &#8230;<\/p>\n","protected":false},"author":3,"featured_media":0,"comment_status":"closed","ping_status":"closed","sticky":false,"template":"","format":"standard","meta":{"_acf_changed":false,"footnotes":""},"categories":[94],"tags":[106],"class_list":["post-18864","post","type-post","status-publish","format-standard","hentry","category-notas-de-prensa","tag-notas-de-prensa"],"acf":[],"yoast_head":"<!-- This site is optimized with the Yoast SEO plugin v27.5 - https:\/\/yoast.com\/product\/yoast-seo-wordpress\/ -->\n<title>Bodegas Protos #AlmadeProtos seduce en Madrid y Barcelona con un evento donde se armoniz\u00f3 vino, gastronom\u00eda y m\u00fasica de autor<\/title>\n<meta name=\"description\" content=\"El\u00a0mi\u00e9rcoles 18 de Noviembre, Bodegas Protos celebr\u00f3\u00a0en Madrid su tercera cita de la experiencia #AlmadeProtos, donde la ...\" \/>\n<meta name=\"robots\" content=\"index, follow, max-snippet:-1, max-image-preview:large, max-video-preview:-1\" \/>\n<link rel=\"canonical\" href=\"https:\/\/www.bodegasprotos.com\/es\/notas-de-prensa\/almadeprotos-seduce-en-madrid-y-barcelona-con-un-evento-donde-se-armonizo-vino-gastronomia-y-musica-de-autor\/\" \/>\n<meta property=\"og:locale\" content=\"es_ES\" \/>\n<meta property=\"og:type\" content=\"article\" \/>\n<meta property=\"og:title\" content=\"#AlmadeProtos seduce en Madrid y Barcelona con un evento donde se armoniz\u00f3 vino, gastronom\u00eda y m\u00fasica de autor\" \/>\n<meta property=\"og:description\" content=\"El\u00a0mi\u00e9rcoles 18 de Noviembre, Bodegas Protos celebr\u00f3\u00a0en Madrid su tercera cita de la experiencia #AlmadeProtos, donde la ...\" \/>\n<meta property=\"og:url\" content=\"https:\/\/www.bodegasprotos.com\/es\/notas-de-prensa\/almadeprotos-seduce-en-madrid-y-barcelona-con-un-evento-donde-se-armonizo-vino-gastronomia-y-musica-de-autor\/\" \/>\n<meta property=\"og:site_name\" content=\"Bodegas Protos\" \/>\n<meta property=\"article:publisher\" content=\"https:\/\/www.facebook.com\/BodegasProtos\" \/>\n<meta property=\"article:published_time\" content=\"2015-11-17T23:00:00+00:00\" \/>\n<meta property=\"article:modified_time\" content=\"2020-01-23T10:46:00+00:00\" \/>\n<meta property=\"og:image\" content=\"https:\/\/www.bodegasprotos.com\/galeria\/minni_not_575_1.jpg\" \/>\n<meta name=\"author\" content=\"Bodegas Protos (F)\" \/>\n<meta name=\"twitter:card\" content=\"summary_large_image\" \/>\n<meta name=\"twitter:title\" content=\"#AlmadeProtos seduce en Madrid y Barcelona con un evento donde se armoniz\u00f3 vino, gastronom\u00eda y m\u00fasica de autor\" \/>\n<meta name=\"twitter:creator\" content=\"@Bodegas_Protos\" \/>\n<meta name=\"twitter:site\" content=\"@Bodegas_Protos\" \/>\n<meta name=\"twitter:label1\" content=\"Escrito por\" \/>\n\t<meta name=\"twitter:data1\" content=\"Bodegas Protos (F)\" \/>\n\t<meta name=\"twitter:label2\" content=\"Tiempo de lectura\" \/>\n\t<meta name=\"twitter:data2\" content=\"1 minuto\" \/>\n<script type=\"application\/ld+json\" class=\"yoast-schema-graph\">{\"@context\":\"https:\\\/\\\/schema.org\",\"@graph\":[{\"@type\":\"Article\",\"@id\":\"https:\\\/\\\/www.bodegasprotos.com\\\/es\\\/notas-de-prensa\\\/almadeprotos-seduce-en-madrid-y-barcelona-con-un-evento-donde-se-armonizo-vino-gastronomia-y-musica-de-autor\\\/#article\",\"isPartOf\":{\"@id\":\"https:\\\/\\\/www.bodegasprotos.com\\\/es\\\/notas-de-prensa\\\/almadeprotos-seduce-en-madrid-y-barcelona-con-un-evento-donde-se-armonizo-vino-gastronomia-y-musica-de-autor\\\/\"},\"author\":{\"name\":\"Bodegas Protos (F)\",\"@id\":\"https:\\\/\\\/www.bodegasprotos.com\\\/es\\\/#\\\/schema\\\/person\\\/6cb69a08afa14171755cee0df7d20027\"},\"headline\":\"#AlmadeProtos seduce en Madrid y Barcelona con un evento donde se armoniz\u00f3 vino, gastronom\u00eda y m\u00fasica de autor\",\"datePublished\":\"2015-11-17T23:00:00+00:00\",\"dateModified\":\"2020-01-23T10:46:00+00:00\",\"mainEntityOfPage\":{\"@id\":\"https:\\\/\\\/www.bodegasprotos.com\\\/es\\\/notas-de-prensa\\\/almadeprotos-seduce-en-madrid-y-barcelona-con-un-evento-donde-se-armonizo-vino-gastronomia-y-musica-de-autor\\\/\"},\"wordCount\":291,\"publisher\":{\"@id\":\"https:\\\/\\\/www.bodegasprotos.com\\\/es\\\/#organization\"},\"keywords\":[\"Notas de Prensa\"],\"articleSection\":[\"Notas de Prensa\"],\"inLanguage\":\"es\"},{\"@type\":\"WebPage\",\"@id\":\"https:\\\/\\\/www.bodegasprotos.com\\\/es\\\/notas-de-prensa\\\/almadeprotos-seduce-en-madrid-y-barcelona-con-un-evento-donde-se-armonizo-vino-gastronomia-y-musica-de-autor\\\/\",\"url\":\"https:\\\/\\\/www.bodegasprotos.com\\\/es\\\/notas-de-prensa\\\/almadeprotos-seduce-en-madrid-y-barcelona-con-un-evento-donde-se-armonizo-vino-gastronomia-y-musica-de-autor\\\/\",\"name\":\"Bodegas Protos #AlmadeProtos seduce en Madrid y Barcelona con un evento donde se armoniz\u00f3 vino, gastronom\u00eda y m\u00fasica de autor\",\"isPartOf\":{\"@id\":\"https:\\\/\\\/www.bodegasprotos.com\\\/es\\\/#website\"},\"datePublished\":\"2015-11-17T23:00:00+00:00\",\"dateModified\":\"2020-01-23T10:46:00+00:00\",\"description\":\"El\u00a0mi\u00e9rcoles 18 de Noviembre, Bodegas Protos celebr\u00f3\u00a0en Madrid su tercera cita de la experiencia #AlmadeProtos, donde la ...\",\"breadcrumb\":{\"@id\":\"https:\\\/\\\/www.bodegasprotos.com\\\/es\\\/notas-de-prensa\\\/almadeprotos-seduce-en-madrid-y-barcelona-con-un-evento-donde-se-armonizo-vino-gastronomia-y-musica-de-autor\\\/#breadcrumb\"},\"inLanguage\":\"es\",\"potentialAction\":[{\"@type\":\"ReadAction\",\"target\":[\"https:\\\/\\\/www.bodegasprotos.com\\\/es\\\/notas-de-prensa\\\/almadeprotos-seduce-en-madrid-y-barcelona-con-un-evento-donde-se-armonizo-vino-gastronomia-y-musica-de-autor\\\/\"]}]},{\"@type\":\"BreadcrumbList\",\"@id\":\"https:\\\/\\\/www.bodegasprotos.com\\\/es\\\/notas-de-prensa\\\/almadeprotos-seduce-en-madrid-y-barcelona-con-un-evento-donde-se-armonizo-vino-gastronomia-y-musica-de-autor\\\/#breadcrumb\",\"itemListElement\":[{\"@type\":\"ListItem\",\"position\":1,\"name\":\"Portada\",\"item\":\"https:\\\/\\\/www.bodegasprotos.com\\\/es\\\/\"},{\"@type\":\"ListItem\",\"position\":2,\"name\":\"#AlmadeProtos seduce en Madrid y Barcelona con un evento donde se armoniz\u00f3 vino, gastronom\u00eda y m\u00fasica de autor\"}]},{\"@type\":\"WebSite\",\"@id\":\"https:\\\/\\\/www.bodegasprotos.com\\\/es\\\/#website\",\"url\":\"https:\\\/\\\/www.bodegasprotos.com\\\/es\\\/\",\"name\":\"Bodegas Protos\",\"description\":\"Vinos de la Denominaci\u00f3n de Origen Ribera del Duero, Rueda y Cigales\",\"publisher\":{\"@id\":\"https:\\\/\\\/www.bodegasprotos.com\\\/es\\\/#organization\"},\"potentialAction\":[{\"@type\":\"SearchAction\",\"target\":{\"@type\":\"EntryPoint\",\"urlTemplate\":\"https:\\\/\\\/www.bodegasprotos.com\\\/es\\\/?s={search_term_string}\"},\"query-input\":{\"@type\":\"PropertyValueSpecification\",\"valueRequired\":true,\"valueName\":\"search_term_string\"}}],\"inLanguage\":\"es\"},{\"@type\":\"Organization\",\"@id\":\"https:\\\/\\\/www.bodegasprotos.com\\\/es\\\/#organization\",\"name\":\"Bodegas Protos\",\"url\":\"https:\\\/\\\/www.bodegasprotos.com\\\/es\\\/\",\"logo\":{\"@type\":\"ImageObject\",\"inLanguage\":\"es\",\"@id\":\"https:\\\/\\\/www.bodegasprotos.com\\\/es\\\/#\\\/schema\\\/logo\\\/image\\\/\",\"url\":\"https:\\\/\\\/www.bodegasprotos.com\\\/wp-content\\\/uploads\\\/2024\\\/06\\\/PROTOS-LOGOS-VERSIONES-13.png\",\"contentUrl\":\"https:\\\/\\\/www.bodegasprotos.com\\\/wp-content\\\/uploads\\\/2024\\\/06\\\/PROTOS-LOGOS-VERSIONES-13.png\",\"width\":2362,\"height\":2362,\"caption\":\"Bodegas Protos\"},\"image\":{\"@id\":\"https:\\\/\\\/www.bodegasprotos.com\\\/es\\\/#\\\/schema\\\/logo\\\/image\\\/\"},\"sameAs\":[\"https:\\\/\\\/www.facebook.com\\\/BodegasProtos\",\"https:\\\/\\\/x.com\\\/Bodegas_Protos\",\"https:\\\/\\\/www.instagram.com\\\/bodegasprotosoficial\\\/\",\"https:\\\/\\\/www.linkedin.com\\\/company\\\/bodegasprotos\\\/\",\"https:\\\/\\\/pinterest.com\\\/BodegasProtos\\\/\",\"http:\\\/\\\/www.youtube.com\\\/user\\\/BodegasProtos\",\"https:\\\/\\\/es.wikipedia.org\\\/wiki\\\/Bodegas_Protos\"]},{\"@type\":\"Person\",\"@id\":\"https:\\\/\\\/www.bodegasprotos.com\\\/es\\\/#\\\/schema\\\/person\\\/6cb69a08afa14171755cee0df7d20027\",\"name\":\"Bodegas Protos (F)\",\"image\":{\"@type\":\"ImageObject\",\"inLanguage\":\"es\",\"@id\":\"https:\\\/\\\/secure.gravatar.com\\\/avatar\\\/cc613a9fd2ee203f402357c1b4aa2b7c041016cbf1eab1e41bde410b2ebd7f94?s=96&d=mm&r=g\",\"url\":\"https:\\\/\\\/secure.gravatar.com\\\/avatar\\\/cc613a9fd2ee203f402357c1b4aa2b7c041016cbf1eab1e41bde410b2ebd7f94?s=96&d=mm&r=g\",\"contentUrl\":\"https:\\\/\\\/secure.gravatar.com\\\/avatar\\\/cc613a9fd2ee203f402357c1b4aa2b7c041016cbf1eab1e41bde410b2ebd7f94?s=96&d=mm&r=g\",\"caption\":\"Bodegas Protos (F)\"},\"sameAs\":[\"https:\\\/\\\/www.bodegasprotos.com\"]}]}<\/script>\n<!-- \/ Yoast SEO plugin. -->","yoast_head_json":{"title":"Bodegas Protos #AlmadeProtos seduce en Madrid y Barcelona con un evento donde se armoniz\u00f3 vino, gastronom\u00eda y m\u00fasica de autor","description":"El\u00a0mi\u00e9rcoles 18 de Noviembre, Bodegas Protos celebr\u00f3\u00a0en Madrid su tercera cita de la experiencia #AlmadeProtos, donde la ...","robots":{"index":"index","follow":"follow","max-snippet":"max-snippet:-1","max-image-preview":"max-image-preview:large","max-video-preview":"max-video-preview:-1"},"canonical":"https:\/\/www.bodegasprotos.com\/es\/notas-de-prensa\/almadeprotos-seduce-en-madrid-y-barcelona-con-un-evento-donde-se-armonizo-vino-gastronomia-y-musica-de-autor\/","og_locale":"es_ES","og_type":"article","og_title":"#AlmadeProtos seduce en Madrid y Barcelona con un evento donde se armoniz\u00f3 vino, gastronom\u00eda y m\u00fasica de autor","og_description":"El\u00a0mi\u00e9rcoles 18 de Noviembre, Bodegas Protos celebr\u00f3\u00a0en Madrid su tercera cita de la experiencia #AlmadeProtos, donde la ...","og_url":"https:\/\/www.bodegasprotos.com\/es\/notas-de-prensa\/almadeprotos-seduce-en-madrid-y-barcelona-con-un-evento-donde-se-armonizo-vino-gastronomia-y-musica-de-autor\/","og_site_name":"Bodegas Protos","article_publisher":"https:\/\/www.facebook.com\/BodegasProtos","article_published_time":"2015-11-17T23:00:00+00:00","article_modified_time":"2020-01-23T10:46:00+00:00","og_image":[{"url":"https:\/\/www.bodegasprotos.com\/galeria\/minni_not_575_1.jpg","type":"","width":"","height":""}],"author":"Bodegas Protos (F)","twitter_card":"summary_large_image","twitter_title":"#AlmadeProtos seduce en Madrid y Barcelona con un evento donde se armoniz\u00f3 vino, gastronom\u00eda y m\u00fasica de autor","twitter_creator":"@Bodegas_Protos","twitter_site":"@Bodegas_Protos","twitter_misc":{"Escrito por":"Bodegas Protos (F)","Tiempo de lectura":"1 minuto"},"schema":{"@context":"https:\/\/schema.org","@graph":[{"@type":"Article","@id":"https:\/\/www.bodegasprotos.com\/es\/notas-de-prensa\/almadeprotos-seduce-en-madrid-y-barcelona-con-un-evento-donde-se-armonizo-vino-gastronomia-y-musica-de-autor\/#article","isPartOf":{"@id":"https:\/\/www.bodegasprotos.com\/es\/notas-de-prensa\/almadeprotos-seduce-en-madrid-y-barcelona-con-un-evento-donde-se-armonizo-vino-gastronomia-y-musica-de-autor\/"},"author":{"name":"Bodegas Protos (F)","@id":"https:\/\/www.bodegasprotos.com\/es\/#\/schema\/person\/6cb69a08afa14171755cee0df7d20027"},"headline":"#AlmadeProtos seduce en Madrid y Barcelona con un evento donde se armoniz\u00f3 vino, gastronom\u00eda y m\u00fasica de autor","datePublished":"2015-11-17T23:00:00+00:00","dateModified":"2020-01-23T10:46:00+00:00","mainEntityOfPage":{"@id":"https:\/\/www.bodegasprotos.com\/es\/notas-de-prensa\/almadeprotos-seduce-en-madrid-y-barcelona-con-un-evento-donde-se-armonizo-vino-gastronomia-y-musica-de-autor\/"},"wordCount":291,"publisher":{"@id":"https:\/\/www.bodegasprotos.com\/es\/#organization"},"keywords":["Notas de Prensa"],"articleSection":["Notas de Prensa"],"inLanguage":"es"},{"@type":"WebPage","@id":"https:\/\/www.bodegasprotos.com\/es\/notas-de-prensa\/almadeprotos-seduce-en-madrid-y-barcelona-con-un-evento-donde-se-armonizo-vino-gastronomia-y-musica-de-autor\/","url":"https:\/\/www.bodegasprotos.com\/es\/notas-de-prensa\/almadeprotos-seduce-en-madrid-y-barcelona-con-un-evento-donde-se-armonizo-vino-gastronomia-y-musica-de-autor\/","name":"Bodegas Protos #AlmadeProtos seduce en Madrid y Barcelona con un evento donde se armoniz\u00f3 vino, gastronom\u00eda y m\u00fasica de autor","isPartOf":{"@id":"https:\/\/www.bodegasprotos.com\/es\/#website"},"datePublished":"2015-11-17T23:00:00+00:00","dateModified":"2020-01-23T10:46:00+00:00","description":"El\u00a0mi\u00e9rcoles 18 de Noviembre, Bodegas Protos celebr\u00f3\u00a0en Madrid su tercera cita de la experiencia #AlmadeProtos, donde la ...","breadcrumb":{"@id":"https:\/\/www.bodegasprotos.com\/es\/notas-de-prensa\/almadeprotos-seduce-en-madrid-y-barcelona-con-un-evento-donde-se-armonizo-vino-gastronomia-y-musica-de-autor\/#breadcrumb"},"inLanguage":"es","potentialAction":[{"@type":"ReadAction","target":["https:\/\/www.bodegasprotos.com\/es\/notas-de-prensa\/almadeprotos-seduce-en-madrid-y-barcelona-con-un-evento-donde-se-armonizo-vino-gastronomia-y-musica-de-autor\/"]}]},{"@type":"BreadcrumbList","@id":"https:\/\/www.bodegasprotos.com\/es\/notas-de-prensa\/almadeprotos-seduce-en-madrid-y-barcelona-con-un-evento-donde-se-armonizo-vino-gastronomia-y-musica-de-autor\/#breadcrumb","itemListElement":[{"@type":"ListItem","position":1,"name":"Portada","item":"https:\/\/www.bodegasprotos.com\/es\/"},{"@type":"ListItem","position":2,"name":"#AlmadeProtos seduce en Madrid y Barcelona con un evento donde se armoniz\u00f3 vino, gastronom\u00eda y m\u00fasica de autor"}]},{"@type":"WebSite","@id":"https:\/\/www.bodegasprotos.com\/es\/#website","url":"https:\/\/www.bodegasprotos.com\/es\/","name":"Bodegas Protos","description":"Vinos de la Denominaci\u00f3n de Origen Ribera del Duero, Rueda y Cigales","publisher":{"@id":"https:\/\/www.bodegasprotos.com\/es\/#organization"},"potentialAction":[{"@type":"SearchAction","target":{"@type":"EntryPoint","urlTemplate":"https:\/\/www.bodegasprotos.com\/es\/?s={search_term_string}"},"query-input":{"@type":"PropertyValueSpecification","valueRequired":true,"valueName":"search_term_string"}}],"inLanguage":"es"},{"@type":"Organization","@id":"https:\/\/www.bodegasprotos.com\/es\/#organization","name":"Bodegas Protos","url":"https:\/\/www.bodegasprotos.com\/es\/","logo":{"@type":"ImageObject","inLanguage":"es","@id":"https:\/\/www.bodegasprotos.com\/es\/#\/schema\/logo\/image\/","url":"https:\/\/www.bodegasprotos.com\/wp-content\/uploads\/2024\/06\/PROTOS-LOGOS-VERSIONES-13.png","contentUrl":"https:\/\/www.bodegasprotos.com\/wp-content\/uploads\/2024\/06\/PROTOS-LOGOS-VERSIONES-13.png","width":2362,"height":2362,"caption":"Bodegas Protos"},"image":{"@id":"https:\/\/www.bodegasprotos.com\/es\/#\/schema\/logo\/image\/"},"sameAs":["https:\/\/www.facebook.com\/BodegasProtos","https:\/\/x.com\/Bodegas_Protos","https:\/\/www.instagram.com\/bodegasprotosoficial\/","https:\/\/www.linkedin.com\/company\/bodegasprotos\/","https:\/\/pinterest.com\/BodegasProtos\/","http:\/\/www.youtube.com\/user\/BodegasProtos","https:\/\/es.wikipedia.org\/wiki\/Bodegas_Protos"]},{"@type":"Person","@id":"https:\/\/www.bodegasprotos.com\/es\/#\/schema\/person\/6cb69a08afa14171755cee0df7d20027","name":"Bodegas Protos (F)","image":{"@type":"ImageObject","inLanguage":"es","@id":"https:\/\/secure.gravatar.com\/avatar\/cc613a9fd2ee203f402357c1b4aa2b7c041016cbf1eab1e41bde410b2ebd7f94?s=96&d=mm&r=g","url":"https:\/\/secure.gravatar.com\/avatar\/cc613a9fd2ee203f402357c1b4aa2b7c041016cbf1eab1e41bde410b2ebd7f94?s=96&d=mm&r=g","contentUrl":"https:\/\/secure.gravatar.com\/avatar\/cc613a9fd2ee203f402357c1b4aa2b7c041016cbf1eab1e41bde410b2ebd7f94?s=96&d=mm&r=g","caption":"Bodegas Protos (F)"},"sameAs":["https:\/\/www.bodegasprotos.com"]}]}},"_links":{"self":[{"href":"https:\/\/www.bodegasprotos.com\/es\/wp-json\/wp\/v2\/posts\/18864","targetHints":{"allow":["GET"]}}],"collection":[{"href":"https:\/\/www.bodegasprotos.com\/es\/wp-json\/wp\/v2\/posts"}],"about":[{"href":"https:\/\/www.bodegasprotos.com\/es\/wp-json\/wp\/v2\/types\/post"}],"author":[{"embeddable":true,"href":"https:\/\/www.bodegasprotos.com\/es\/wp-json\/wp\/v2\/users\/3"}],"replies":[{"embeddable":true,"href":"https:\/\/www.bodegasprotos.com\/es\/wp-json\/wp\/v2\/comments?post=18864"}],"version-history":[{"count":0,"href":"https:\/\/www.bodegasprotos.com\/es\/wp-json\/wp\/v2\/posts\/18864\/revisions"}],"wp:attachment":[{"href":"https:\/\/www.bodegasprotos.com\/es\/wp-json\/wp\/v2\/media?parent=18864"}],"wp:term":[{"taxonomy":"category","embeddable":true,"href":"https:\/\/www.bodegasprotos.com\/es\/wp-json\/wp\/v2\/categories?post=18864"},{"taxonomy":"post_tag","embeddable":true,"href":"https:\/\/www.bodegasprotos.com\/es\/wp-json\/wp\/v2\/tags?post=18864"}],"curies":[{"name":"wp","href":"https:\/\/api.w.org\/{rel}","templated":true}]}}