{"id":18824,"date":"2015-02-13T00:00:00","date_gmt":"2015-02-12T23:00:00","guid":{"rendered":"https:\/\/bodegasprotos.com\/2015\/02\/protos-verdejo-2014-protos-reserva-2010-obtienen-marca-saborea-espana\/"},"modified":"2019-12-11T16:29:15","modified_gmt":"2019-12-11T15:29:15","slug":"protos-verdejo-2014-y-protos-reserva-2010-obtienen-la-marca-saborea-espana","status":"publish","type":"post","link":"https:\/\/www.bodegasprotos.com\/es\/notas-de-prensa\/protos-verdejo-2014-y-protos-reserva-2010-obtienen-la-marca-saborea-espana\/","title":{"rendered":"PROTOS VERDEJO 2014 Y PROTOS RESERVA 2010  OBTIENEN LA MARCA \u201cSABOREA ESPA\u00d1A\u201d"},"content":{"rendered":"<div class=\"coldcha\"><a class=\"lytebox lytebox01\" href=\"\/galeria\/fotto_not_535_1.jpg\"><img decoding=\"async\" class=\"wp-image_535_1 size-medium\" src=\"\/galeria\/minni_not_535_1.jpg\" alt=\"PROTOS VERDEJO 2014 Y PROTOS RESERVA 2010 OBTIENEN LA MARCA \u201cSABOREA ESPA\u00d1A\u201d\" \/><\/a><\/div>\n<p><strong>Protos ha sido la \u00fanica bodega galardonada en la segunda cata de productos alimentarios de la marca Saborea Espa\u00f1a<\/strong><\/p>\n<p><!--more--><\/p>\n<p>Una vez m\u00e1s los vinos de <strong>Bodegas Protos<\/strong> conquistan los paladares de los grandes chefs del panorama gastron\u00f3mico nacional.\u00a0 En esta ocasi\u00f3n, <strong>Protos Verdejo <\/strong>y <strong>Protos Reserva 2010 <\/strong>han sido los vinos que han encandilado al jurado de la segunda edici\u00f3n de la cata Saborea Espa\u00f1a, todos ellos miembros de la Federaci\u00f3n de Cocineros y Resposteros (FACYRE).<\/p>\n<p>En el evento, que tuvo lugar el martes 3 de febrero dentro de la cumbre Madrid Fusi\u00f3n, se cataron un total de 20 productos procedentes de 6 productores de diferentes regiones de la geograf\u00eda espa\u00f1ola como Valladolid, Madrid, Menorca y La Rioja. Entre todos ellos, los \u00fanicos vinos reconocidos con la distinci\u00f3n fueron los de la bodega vallisoletana<strong>. <\/strong><\/p>\n<p>La frescura y las notas frutales de<strong> Protos Verdejo <\/strong>han sido, casi con seguridad, las razones que han llevado a este blanco de rueda a alzarse con el galard\u00f3n. Por su parte <strong>Protos Reserva 2010, <\/strong>un consagrado vino que proyecta la actitud \u201cSer Primero\u201d\u00a0 de la bodega, destaca por ser intenso, amplio y estructurado.<\/p>\n<p>El distintivo, fruto de un acuerdo entre Saborea Espa\u00f1a y Goormeet, naci\u00f3 con el objetivo de convertirse en un reconocimiento de calidad y origen para los productos agroalimentarios espa\u00f1oles, reforzando adem\u00e1s el posicionamiento internacional de estos productos y ayudando en las estrategias de exportaci\u00f3n.<\/p>\n","protected":false},"excerpt":{"rendered":"<p>Protos ha sido la &uacute;nica bodega galardonada en la segunda cata de productos alimentarios de la marca Saborea Espa&ntilde;a<\/p>\n","protected":false},"author":3,"featured_media":0,"comment_status":"closed","ping_status":"closed","sticky":false,"template":"","format":"standard","meta":{"_acf_changed":false,"footnotes":""},"categories":[94],"tags":[106],"class_list":["post-18824","post","type-post","status-publish","format-standard","hentry","category-notas-de-prensa","tag-notas-de-prensa"],"acf":[],"yoast_head":"<!-- This site is optimized with the Yoast SEO plugin v27.5 - https:\/\/yoast.com\/product\/yoast-seo-wordpress\/ -->\n<title>Bodegas Protos PROTOS VERDEJO 2014 Y PROTOS RESERVA 2010 OBTIENEN LA MARCA \u201cSABOREA ESPA\u00d1A\u201d<\/title>\n<meta name=\"description\" content=\"Protos ha sido la \u00fanica bodega galardonada en la segunda cata de productos alimentarios de la marca Saborea Espa\u00f1a ...\" \/>\n<meta name=\"robots\" content=\"index, follow, max-snippet:-1, max-image-preview:large, max-video-preview:-1\" \/>\n<link rel=\"canonical\" href=\"https:\/\/www.bodegasprotos.com\/es\/notas-de-prensa\/protos-verdejo-2014-y-protos-reserva-2010-obtienen-la-marca-saborea-espana\/\" \/>\n<meta property=\"og:locale\" content=\"es_ES\" \/>\n<meta property=\"og:type\" content=\"article\" \/>\n<meta property=\"og:title\" content=\"PROTOS VERDEJO 2014 Y PROTOS RESERVA 2010 OBTIENEN LA MARCA \u201cSABOREA ESPA\u00d1A\u201d\" \/>\n<meta property=\"og:description\" content=\"Protos ha sido la \u00fanica bodega galardonada en la segunda cata de productos alimentarios de la marca Saborea Espa\u00f1a ...\" \/>\n<meta property=\"og:url\" content=\"https:\/\/www.bodegasprotos.com\/es\/notas-de-prensa\/protos-verdejo-2014-y-protos-reserva-2010-obtienen-la-marca-saborea-espana\/\" \/>\n<meta property=\"og:site_name\" content=\"Bodegas Protos\" \/>\n<meta property=\"article:publisher\" content=\"https:\/\/www.facebook.com\/BodegasProtos\" \/>\n<meta property=\"article:published_time\" content=\"2015-02-12T23:00:00+00:00\" \/>\n<meta property=\"article:modified_time\" content=\"2019-12-11T15:29:15+00:00\" \/>\n<meta property=\"og:image\" content=\"https:\/\/www.bodegasprotos.com\/galeria\/minni_not_535_1.jpg\" \/>\n<meta name=\"author\" content=\"Bodegas Protos (F)\" \/>\n<meta name=\"twitter:card\" content=\"summary_large_image\" \/>\n<meta name=\"twitter:title\" content=\"PROTOS VERDEJO 2014 Y PROTOS RESERVA 2010 OBTIENEN LA MARCA \u201cSABOREA ESPA\u00d1A\u201d\" \/>\n<meta name=\"twitter:creator\" content=\"@Bodegas_Protos\" \/>\n<meta name=\"twitter:site\" content=\"@Bodegas_Protos\" \/>\n<meta name=\"twitter:label1\" content=\"Escrito por\" \/>\n\t<meta name=\"twitter:data1\" content=\"Bodegas Protos (F)\" \/>\n\t<meta name=\"twitter:label2\" content=\"Tiempo de lectura\" \/>\n\t<meta name=\"twitter:data2\" content=\"1 minuto\" \/>\n<script type=\"application\/ld+json\" class=\"yoast-schema-graph\">{\"@context\":\"https:\\\/\\\/schema.org\",\"@graph\":[{\"@type\":\"Article\",\"@id\":\"https:\\\/\\\/www.bodegasprotos.com\\\/es\\\/notas-de-prensa\\\/protos-verdejo-2014-y-protos-reserva-2010-obtienen-la-marca-saborea-espana\\\/#article\",\"isPartOf\":{\"@id\":\"https:\\\/\\\/www.bodegasprotos.com\\\/es\\\/notas-de-prensa\\\/protos-verdejo-2014-y-protos-reserva-2010-obtienen-la-marca-saborea-espana\\\/\"},\"author\":{\"name\":\"Bodegas Protos (F)\",\"@id\":\"https:\\\/\\\/www.bodegasprotos.com\\\/es\\\/#\\\/schema\\\/person\\\/6cb69a08afa14171755cee0df7d20027\"},\"headline\":\"PROTOS VERDEJO 2014 Y PROTOS RESERVA 2010 OBTIENEN LA MARCA \u201cSABOREA ESPA\u00d1A\u201d\",\"datePublished\":\"2015-02-12T23:00:00+00:00\",\"dateModified\":\"2019-12-11T15:29:15+00:00\",\"mainEntityOfPage\":{\"@id\":\"https:\\\/\\\/www.bodegasprotos.com\\\/es\\\/notas-de-prensa\\\/protos-verdejo-2014-y-protos-reserva-2010-obtienen-la-marca-saborea-espana\\\/\"},\"wordCount\":254,\"publisher\":{\"@id\":\"https:\\\/\\\/www.bodegasprotos.com\\\/es\\\/#organization\"},\"keywords\":[\"Notas de Prensa\"],\"articleSection\":[\"Notas de Prensa\"],\"inLanguage\":\"es\"},{\"@type\":\"WebPage\",\"@id\":\"https:\\\/\\\/www.bodegasprotos.com\\\/es\\\/notas-de-prensa\\\/protos-verdejo-2014-y-protos-reserva-2010-obtienen-la-marca-saborea-espana\\\/\",\"url\":\"https:\\\/\\\/www.bodegasprotos.com\\\/es\\\/notas-de-prensa\\\/protos-verdejo-2014-y-protos-reserva-2010-obtienen-la-marca-saborea-espana\\\/\",\"name\":\"Bodegas Protos PROTOS VERDEJO 2014 Y PROTOS RESERVA 2010 OBTIENEN LA MARCA \u201cSABOREA ESPA\u00d1A\u201d\",\"isPartOf\":{\"@id\":\"https:\\\/\\\/www.bodegasprotos.com\\\/es\\\/#website\"},\"datePublished\":\"2015-02-12T23:00:00+00:00\",\"dateModified\":\"2019-12-11T15:29:15+00:00\",\"description\":\"Protos ha sido la \u00fanica bodega galardonada en la segunda cata de productos alimentarios de la marca Saborea Espa\u00f1a ...\",\"breadcrumb\":{\"@id\":\"https:\\\/\\\/www.bodegasprotos.com\\\/es\\\/notas-de-prensa\\\/protos-verdejo-2014-y-protos-reserva-2010-obtienen-la-marca-saborea-espana\\\/#breadcrumb\"},\"inLanguage\":\"es\",\"potentialAction\":[{\"@type\":\"ReadAction\",\"target\":[\"https:\\\/\\\/www.bodegasprotos.com\\\/es\\\/notas-de-prensa\\\/protos-verdejo-2014-y-protos-reserva-2010-obtienen-la-marca-saborea-espana\\\/\"]}]},{\"@type\":\"BreadcrumbList\",\"@id\":\"https:\\\/\\\/www.bodegasprotos.com\\\/es\\\/notas-de-prensa\\\/protos-verdejo-2014-y-protos-reserva-2010-obtienen-la-marca-saborea-espana\\\/#breadcrumb\",\"itemListElement\":[{\"@type\":\"ListItem\",\"position\":1,\"name\":\"Portada\",\"item\":\"https:\\\/\\\/www.bodegasprotos.com\\\/es\\\/\"},{\"@type\":\"ListItem\",\"position\":2,\"name\":\"PROTOS VERDEJO 2014 Y PROTOS RESERVA 2010 OBTIENEN LA MARCA \u201cSABOREA ESPA\u00d1A\u201d\"}]},{\"@type\":\"WebSite\",\"@id\":\"https:\\\/\\\/www.bodegasprotos.com\\\/es\\\/#website\",\"url\":\"https:\\\/\\\/www.bodegasprotos.com\\\/es\\\/\",\"name\":\"Bodegas Protos\",\"description\":\"Vinos de la Denominaci\u00f3n de Origen Ribera del Duero, Rueda y Cigales\",\"publisher\":{\"@id\":\"https:\\\/\\\/www.bodegasprotos.com\\\/es\\\/#organization\"},\"potentialAction\":[{\"@type\":\"SearchAction\",\"target\":{\"@type\":\"EntryPoint\",\"urlTemplate\":\"https:\\\/\\\/www.bodegasprotos.com\\\/es\\\/?s={search_term_string}\"},\"query-input\":{\"@type\":\"PropertyValueSpecification\",\"valueRequired\":true,\"valueName\":\"search_term_string\"}}],\"inLanguage\":\"es\"},{\"@type\":\"Organization\",\"@id\":\"https:\\\/\\\/www.bodegasprotos.com\\\/es\\\/#organization\",\"name\":\"Bodegas Protos\",\"url\":\"https:\\\/\\\/www.bodegasprotos.com\\\/es\\\/\",\"logo\":{\"@type\":\"ImageObject\",\"inLanguage\":\"es\",\"@id\":\"https:\\\/\\\/www.bodegasprotos.com\\\/es\\\/#\\\/schema\\\/logo\\\/image\\\/\",\"url\":\"https:\\\/\\\/www.bodegasprotos.com\\\/wp-content\\\/uploads\\\/2024\\\/06\\\/PROTOS-LOGOS-VERSIONES-13.png\",\"contentUrl\":\"https:\\\/\\\/www.bodegasprotos.com\\\/wp-content\\\/uploads\\\/2024\\\/06\\\/PROTOS-LOGOS-VERSIONES-13.png\",\"width\":2362,\"height\":2362,\"caption\":\"Bodegas Protos\"},\"image\":{\"@id\":\"https:\\\/\\\/www.bodegasprotos.com\\\/es\\\/#\\\/schema\\\/logo\\\/image\\\/\"},\"sameAs\":[\"https:\\\/\\\/www.facebook.com\\\/BodegasProtos\",\"https:\\\/\\\/x.com\\\/Bodegas_Protos\",\"https:\\\/\\\/www.instagram.com\\\/bodegasprotosoficial\\\/\",\"https:\\\/\\\/www.linkedin.com\\\/company\\\/bodegasprotos\\\/\",\"https:\\\/\\\/pinterest.com\\\/BodegasProtos\\\/\",\"http:\\\/\\\/www.youtube.com\\\/user\\\/BodegasProtos\",\"https:\\\/\\\/es.wikipedia.org\\\/wiki\\\/Bodegas_Protos\"]},{\"@type\":\"Person\",\"@id\":\"https:\\\/\\\/www.bodegasprotos.com\\\/es\\\/#\\\/schema\\\/person\\\/6cb69a08afa14171755cee0df7d20027\",\"name\":\"Bodegas Protos (F)\",\"image\":{\"@type\":\"ImageObject\",\"inLanguage\":\"es\",\"@id\":\"https:\\\/\\\/secure.gravatar.com\\\/avatar\\\/cc613a9fd2ee203f402357c1b4aa2b7c041016cbf1eab1e41bde410b2ebd7f94?s=96&d=mm&r=g\",\"url\":\"https:\\\/\\\/secure.gravatar.com\\\/avatar\\\/cc613a9fd2ee203f402357c1b4aa2b7c041016cbf1eab1e41bde410b2ebd7f94?s=96&d=mm&r=g\",\"contentUrl\":\"https:\\\/\\\/secure.gravatar.com\\\/avatar\\\/cc613a9fd2ee203f402357c1b4aa2b7c041016cbf1eab1e41bde410b2ebd7f94?s=96&d=mm&r=g\",\"caption\":\"Bodegas Protos (F)\"},\"sameAs\":[\"https:\\\/\\\/www.bodegasprotos.com\"]}]}<\/script>\n<!-- \/ Yoast SEO plugin. -->","yoast_head_json":{"title":"Bodegas Protos PROTOS VERDEJO 2014 Y PROTOS RESERVA 2010 OBTIENEN LA MARCA \u201cSABOREA ESPA\u00d1A\u201d","description":"Protos ha sido la \u00fanica bodega galardonada en la segunda cata de productos alimentarios de la marca Saborea Espa\u00f1a ...","robots":{"index":"index","follow":"follow","max-snippet":"max-snippet:-1","max-image-preview":"max-image-preview:large","max-video-preview":"max-video-preview:-1"},"canonical":"https:\/\/www.bodegasprotos.com\/es\/notas-de-prensa\/protos-verdejo-2014-y-protos-reserva-2010-obtienen-la-marca-saborea-espana\/","og_locale":"es_ES","og_type":"article","og_title":"PROTOS VERDEJO 2014 Y PROTOS RESERVA 2010 OBTIENEN LA MARCA \u201cSABOREA ESPA\u00d1A\u201d","og_description":"Protos ha sido la \u00fanica bodega galardonada en la segunda cata de productos alimentarios de la marca Saborea Espa\u00f1a ...","og_url":"https:\/\/www.bodegasprotos.com\/es\/notas-de-prensa\/protos-verdejo-2014-y-protos-reserva-2010-obtienen-la-marca-saborea-espana\/","og_site_name":"Bodegas Protos","article_publisher":"https:\/\/www.facebook.com\/BodegasProtos","article_published_time":"2015-02-12T23:00:00+00:00","article_modified_time":"2019-12-11T15:29:15+00:00","og_image":[{"url":"https:\/\/www.bodegasprotos.com\/galeria\/minni_not_535_1.jpg","type":"","width":"","height":""}],"author":"Bodegas Protos (F)","twitter_card":"summary_large_image","twitter_title":"PROTOS VERDEJO 2014 Y PROTOS RESERVA 2010 OBTIENEN LA MARCA \u201cSABOREA ESPA\u00d1A\u201d","twitter_creator":"@Bodegas_Protos","twitter_site":"@Bodegas_Protos","twitter_misc":{"Escrito por":"Bodegas Protos (F)","Tiempo de lectura":"1 minuto"},"schema":{"@context":"https:\/\/schema.org","@graph":[{"@type":"Article","@id":"https:\/\/www.bodegasprotos.com\/es\/notas-de-prensa\/protos-verdejo-2014-y-protos-reserva-2010-obtienen-la-marca-saborea-espana\/#article","isPartOf":{"@id":"https:\/\/www.bodegasprotos.com\/es\/notas-de-prensa\/protos-verdejo-2014-y-protos-reserva-2010-obtienen-la-marca-saborea-espana\/"},"author":{"name":"Bodegas Protos (F)","@id":"https:\/\/www.bodegasprotos.com\/es\/#\/schema\/person\/6cb69a08afa14171755cee0df7d20027"},"headline":"PROTOS VERDEJO 2014 Y PROTOS RESERVA 2010 OBTIENEN LA MARCA \u201cSABOREA ESPA\u00d1A\u201d","datePublished":"2015-02-12T23:00:00+00:00","dateModified":"2019-12-11T15:29:15+00:00","mainEntityOfPage":{"@id":"https:\/\/www.bodegasprotos.com\/es\/notas-de-prensa\/protos-verdejo-2014-y-protos-reserva-2010-obtienen-la-marca-saborea-espana\/"},"wordCount":254,"publisher":{"@id":"https:\/\/www.bodegasprotos.com\/es\/#organization"},"keywords":["Notas de Prensa"],"articleSection":["Notas de Prensa"],"inLanguage":"es"},{"@type":"WebPage","@id":"https:\/\/www.bodegasprotos.com\/es\/notas-de-prensa\/protos-verdejo-2014-y-protos-reserva-2010-obtienen-la-marca-saborea-espana\/","url":"https:\/\/www.bodegasprotos.com\/es\/notas-de-prensa\/protos-verdejo-2014-y-protos-reserva-2010-obtienen-la-marca-saborea-espana\/","name":"Bodegas Protos PROTOS VERDEJO 2014 Y PROTOS RESERVA 2010 OBTIENEN LA MARCA \u201cSABOREA ESPA\u00d1A\u201d","isPartOf":{"@id":"https:\/\/www.bodegasprotos.com\/es\/#website"},"datePublished":"2015-02-12T23:00:00+00:00","dateModified":"2019-12-11T15:29:15+00:00","description":"Protos ha sido la \u00fanica bodega galardonada en la segunda cata de productos alimentarios de la marca Saborea Espa\u00f1a ...","breadcrumb":{"@id":"https:\/\/www.bodegasprotos.com\/es\/notas-de-prensa\/protos-verdejo-2014-y-protos-reserva-2010-obtienen-la-marca-saborea-espana\/#breadcrumb"},"inLanguage":"es","potentialAction":[{"@type":"ReadAction","target":["https:\/\/www.bodegasprotos.com\/es\/notas-de-prensa\/protos-verdejo-2014-y-protos-reserva-2010-obtienen-la-marca-saborea-espana\/"]}]},{"@type":"BreadcrumbList","@id":"https:\/\/www.bodegasprotos.com\/es\/notas-de-prensa\/protos-verdejo-2014-y-protos-reserva-2010-obtienen-la-marca-saborea-espana\/#breadcrumb","itemListElement":[{"@type":"ListItem","position":1,"name":"Portada","item":"https:\/\/www.bodegasprotos.com\/es\/"},{"@type":"ListItem","position":2,"name":"PROTOS VERDEJO 2014 Y PROTOS RESERVA 2010 OBTIENEN LA MARCA \u201cSABOREA ESPA\u00d1A\u201d"}]},{"@type":"WebSite","@id":"https:\/\/www.bodegasprotos.com\/es\/#website","url":"https:\/\/www.bodegasprotos.com\/es\/","name":"Bodegas Protos","description":"Vinos de la Denominaci\u00f3n de Origen Ribera del Duero, Rueda y Cigales","publisher":{"@id":"https:\/\/www.bodegasprotos.com\/es\/#organization"},"potentialAction":[{"@type":"SearchAction","target":{"@type":"EntryPoint","urlTemplate":"https:\/\/www.bodegasprotos.com\/es\/?s={search_term_string}"},"query-input":{"@type":"PropertyValueSpecification","valueRequired":true,"valueName":"search_term_string"}}],"inLanguage":"es"},{"@type":"Organization","@id":"https:\/\/www.bodegasprotos.com\/es\/#organization","name":"Bodegas Protos","url":"https:\/\/www.bodegasprotos.com\/es\/","logo":{"@type":"ImageObject","inLanguage":"es","@id":"https:\/\/www.bodegasprotos.com\/es\/#\/schema\/logo\/image\/","url":"https:\/\/www.bodegasprotos.com\/wp-content\/uploads\/2024\/06\/PROTOS-LOGOS-VERSIONES-13.png","contentUrl":"https:\/\/www.bodegasprotos.com\/wp-content\/uploads\/2024\/06\/PROTOS-LOGOS-VERSIONES-13.png","width":2362,"height":2362,"caption":"Bodegas Protos"},"image":{"@id":"https:\/\/www.bodegasprotos.com\/es\/#\/schema\/logo\/image\/"},"sameAs":["https:\/\/www.facebook.com\/BodegasProtos","https:\/\/x.com\/Bodegas_Protos","https:\/\/www.instagram.com\/bodegasprotosoficial\/","https:\/\/www.linkedin.com\/company\/bodegasprotos\/","https:\/\/pinterest.com\/BodegasProtos\/","http:\/\/www.youtube.com\/user\/BodegasProtos","https:\/\/es.wikipedia.org\/wiki\/Bodegas_Protos"]},{"@type":"Person","@id":"https:\/\/www.bodegasprotos.com\/es\/#\/schema\/person\/6cb69a08afa14171755cee0df7d20027","name":"Bodegas Protos (F)","image":{"@type":"ImageObject","inLanguage":"es","@id":"https:\/\/secure.gravatar.com\/avatar\/cc613a9fd2ee203f402357c1b4aa2b7c041016cbf1eab1e41bde410b2ebd7f94?s=96&d=mm&r=g","url":"https:\/\/secure.gravatar.com\/avatar\/cc613a9fd2ee203f402357c1b4aa2b7c041016cbf1eab1e41bde410b2ebd7f94?s=96&d=mm&r=g","contentUrl":"https:\/\/secure.gravatar.com\/avatar\/cc613a9fd2ee203f402357c1b4aa2b7c041016cbf1eab1e41bde410b2ebd7f94?s=96&d=mm&r=g","caption":"Bodegas Protos (F)"},"sameAs":["https:\/\/www.bodegasprotos.com"]}]}},"_links":{"self":[{"href":"https:\/\/www.bodegasprotos.com\/es\/wp-json\/wp\/v2\/posts\/18824","targetHints":{"allow":["GET"]}}],"collection":[{"href":"https:\/\/www.bodegasprotos.com\/es\/wp-json\/wp\/v2\/posts"}],"about":[{"href":"https:\/\/www.bodegasprotos.com\/es\/wp-json\/wp\/v2\/types\/post"}],"author":[{"embeddable":true,"href":"https:\/\/www.bodegasprotos.com\/es\/wp-json\/wp\/v2\/users\/3"}],"replies":[{"embeddable":true,"href":"https:\/\/www.bodegasprotos.com\/es\/wp-json\/wp\/v2\/comments?post=18824"}],"version-history":[{"count":0,"href":"https:\/\/www.bodegasprotos.com\/es\/wp-json\/wp\/v2\/posts\/18824\/revisions"}],"wp:attachment":[{"href":"https:\/\/www.bodegasprotos.com\/es\/wp-json\/wp\/v2\/media?parent=18824"}],"wp:term":[{"taxonomy":"category","embeddable":true,"href":"https:\/\/www.bodegasprotos.com\/es\/wp-json\/wp\/v2\/categories?post=18824"},{"taxonomy":"post_tag","embeddable":true,"href":"https:\/\/www.bodegasprotos.com\/es\/wp-json\/wp\/v2\/tags?post=18824"}],"curies":[{"name":"wp","href":"https:\/\/api.w.org\/{rel}","templated":true}]}}